{"id":87456,"date":"2022-05-16T14:38:46","date_gmt":"2022-05-16T13:38:46","guid":{"rendered":"https:\/\/www.copealcoy.es\/?p=87456"},"modified":"2022-05-17T15:13:05","modified_gmt":"2022-05-17T14:13:05","slug":"asi-celebrara-alcoy-el-dia-internacional-de-los-museos","status":"publish","type":"post","link":"https:\/\/www.copealcoy.es\/es\/asi-celebrara-alcoy-el-dia-internacional-de-los-museos\/","title":{"rendered":"As\u00ed celebrar\u00e1 Alcoy el D\u00eda Internacional de los Museos"},"content":{"rendered":"<p style=\"text-align: justify;\">Alcoy ha preparado de nuevo <strong>una completa programaci\u00f3n<\/strong> para celebrar el <strong>D\u00eda Internacional de los Museos<\/strong>, una efem\u00e9ride que <strong>se recuerda cada 18 de mayo<\/strong>. La ciudad <strong>ha apostado por trasladar las actividades al fin de semana<\/strong> con el fin de <strong>atraer a un mayor n\u00famero de personas<\/strong> seg\u00fan han asegurado desde el \u00e1rea de Turismo del Consistorio.<\/p>\n<p style=\"text-align: justify;\">Hay que destacar que espacios como <strong>el Museu Alcoi\u00e0 de la Festa (MAF)<\/strong>, <strong>el Refugio de Cervantes<\/strong>, <strong>el Museo Explora<\/strong>, <strong>el MUBOMA<\/strong>,<strong> el IVAM-CADA<\/strong> o <strong>el Museo Arqueol\u00f3gico Camil Visdeo<\/strong> volver\u00e1n a tener jornada de puertas de puertas abiertas para que los visitantes<strong> puedan conocer de cerca toda su oferta<\/strong>. Adem\u00e1s algunos de ellos <strong>presentar\u00e1n propuestas musicales, juegos, iniciativas para los m\u00e1s peque\u00f1os o visitas guiadas. Una de las novedades la encontraremos en el mencionado Refugio de Cervantes<\/strong> &#8220;<em>quienes pasen por aqu\u00ed tendr\u00e1n a su alcance una visita virtual, en 360 grados, por otros dos refugios de Alcoy que actualmente no se pueden visitar porque son inaccesibles. Se trata de los que est\u00e1n ubicados en La Beniata y en La Glorieta. La intenci\u00f3n es ampliar esta posibilidad de cara a los pr\u00f3ximo a\u00f1os<\/em>&#8220;, ha dicho al respecto <strong>Lorena Zamorano<\/strong>; la edil de Turismo en el Consistorio de nuestra ciudad.<\/p>\n<p style=\"text-align: justify;\">Recordar que <strong>la entrada a los museos ser\u00e1 gratuita<\/strong> y tan solo ser\u00e1 necesaria<strong> la inscripci\u00f3n previa<\/strong> para una actividad. Se trata de<strong> la visita a las Pinturas Rupestres de La Sarga<\/strong> organizada para el domingo 22 a las 10, 11, 12 y 13h. Todo el<strong> programa de acto<\/strong>s lo puedes consultar <a href=\"https:\/\/www.alcoyturismo.com\/esdev\/521\/dia-internacional-de-los-museos.html\"><strong><span style=\"color: #3366ff;\">aqu\u00ed<\/span><\/strong><\/a>:<\/p>\n","protected":false},"excerpt":{"rendered":"<p>Alcoy ha preparado de nuevo una completa programaci\u00f3n para celebrar el D\u00eda Internacional de los Museos, una efem\u00e9ride que se&#8230;<\/p>\n","protected":false},"author":1,"featured_media":87457,"comment_status":"open","ping_status":"open","sticky":false,"template":"","format":"standard","meta":{"footnotes":""},"categories":[6909,97,78,75],"tags":[1494,5945,4180,1796,514],"class_list":["post-87456","post","type-post","status-publish","format-standard","has-post-thumbnail","hentry","category-actualidad","category-alcoy","category-fiestaycultura","category-noticias","tag-alcoy","tag-celebracion","tag-dia-internacional-de-los-museos","tag-lorena-zamorano","tag-turismo"],"yoast_head":"<!-- This site is optimized with the Yoast SEO plugin v27.3 - https:\/\/yoast.com\/product\/yoast-seo-wordpress\/ -->\n<title>As\u00ed celebrar\u00e1 Alcoy el D\u00eda Internacional de los Museos - COPE Alcoy<\/title>\n<meta name=\"robots\" content=\"index, follow, max-snippet:-1, max-image-preview:large, max-video-preview:-1\" \/>\n<link rel=\"canonical\" href=\"https:\/\/www.copealcoy.es\/es\/asi-celebrara-alcoy-el-dia-internacional-de-los-museos\/\" \/>\n<meta property=\"og:locale\" content=\"es_ES\" \/>\n<meta property=\"og:type\" content=\"article\" \/>\n<meta property=\"og:title\" content=\"As\u00ed celebrar\u00e1 Alcoy el D\u00eda Internacional de los Museos - COPE Alcoy\" \/>\n<meta property=\"og:description\" content=\"Alcoy ha preparado de nuevo una completa programaci\u00f3n para celebrar el D\u00eda Internacional de los Museos, una efem\u00e9ride que se...\" \/>\n<meta property=\"og:url\" content=\"https:\/\/www.copealcoy.es\/es\/asi-celebrara-alcoy-el-dia-internacional-de-los-museos\/\" \/>\n<meta property=\"og:site_name\" content=\"COPE Alcoy\" \/>\n<meta property=\"article:published_time\" content=\"2022-05-16T13:38:46+00:00\" \/>\n<meta property=\"article:modified_time\" content=\"2022-05-17T14:13:05+00:00\" \/>\n<meta property=\"og:image\" content=\"https:\/\/www.copealcoy.es\/wp-content\/uploads\/2022\/05\/fOTO-D-ELA-RODA-DE-PREMSA-Dia-Internacional-dels-Museus-Alcoi.jpg\" \/>\n\t<meta property=\"og:image:width\" content=\"1440\" \/>\n\t<meta property=\"og:image:height\" content=\"960\" \/>\n\t<meta property=\"og:image:type\" content=\"image\/jpeg\" \/>\n<meta name=\"author\" content=\"Cope Alcoy\" \/>\n<meta name=\"twitter:label1\" content=\"Escrito por\" \/>\n\t<meta name=\"twitter:data1\" content=\"Cope Alcoy\" \/>\n\t<meta name=\"twitter:label2\" content=\"Tiempo de lectura\" \/>\n\t<meta name=\"twitter:data2\" content=\"2 minutos\" \/>\n<script type=\"application\/ld+json\" class=\"yoast-schema-graph\">{\"@context\":\"https:\\\/\\\/schema.org\",\"@graph\":[{\"@type\":\"Article\",\"@id\":\"https:\\\/\\\/www.copealcoy.es\\\/es\\\/asi-celebrara-alcoy-el-dia-internacional-de-los-museos\\\/#article\",\"isPartOf\":{\"@id\":\"https:\\\/\\\/www.copealcoy.es\\\/es\\\/asi-celebrara-alcoy-el-dia-internacional-de-los-museos\\\/\"},\"author\":{\"name\":\"Cope Alcoy\",\"@id\":\"https:\\\/\\\/www.copealcoy.es\\\/es\\\/#\\\/schema\\\/person\\\/e777c87fa024e57d40170af9df39882c\"},\"headline\":\"As\u00ed celebrar\u00e1 Alcoy el D\u00eda Internacional de los Museos\",\"datePublished\":\"2022-05-16T13:38:46+00:00\",\"dateModified\":\"2022-05-17T14:13:05+00:00\",\"mainEntityOfPage\":{\"@id\":\"https:\\\/\\\/www.copealcoy.es\\\/es\\\/asi-celebrara-alcoy-el-dia-internacional-de-los-museos\\\/\"},\"wordCount\":281,\"commentCount\":0,\"image\":{\"@id\":\"https:\\\/\\\/www.copealcoy.es\\\/es\\\/asi-celebrara-alcoy-el-dia-internacional-de-los-museos\\\/#primaryimage\"},\"thumbnailUrl\":\"https:\\\/\\\/www.copealcoy.es\\\/wp-content\\\/uploads\\\/2022\\\/05\\\/fOTO-D-ELA-RODA-DE-PREMSA-Dia-Internacional-dels-Museus-Alcoi.jpg\",\"keywords\":[\"Alcoy\",\"celebraci\u00f3n\",\"D\u00eda Internacional de los Museos\",\"Lorena Zamorano\",\"Turismo\"],\"articleSection\":[\"Actualidad\",\"Alcoy\",\"Fiesta y Cultura\",\"Noticias\"],\"inLanguage\":\"es\"},{\"@type\":\"WebPage\",\"@id\":\"https:\\\/\\\/www.copealcoy.es\\\/es\\\/asi-celebrara-alcoy-el-dia-internacional-de-los-museos\\\/\",\"url\":\"https:\\\/\\\/www.copealcoy.es\\\/es\\\/asi-celebrara-alcoy-el-dia-internacional-de-los-museos\\\/\",\"name\":\"As\u00ed celebrar\u00e1 Alcoy el D\u00eda Internacional de los Museos - COPE Alcoy\",\"isPartOf\":{\"@id\":\"https:\\\/\\\/www.copealcoy.es\\\/es\\\/#website\"},\"primaryImageOfPage\":{\"@id\":\"https:\\\/\\\/www.copealcoy.es\\\/es\\\/asi-celebrara-alcoy-el-dia-internacional-de-los-museos\\\/#primaryimage\"},\"image\":{\"@id\":\"https:\\\/\\\/www.copealcoy.es\\\/es\\\/asi-celebrara-alcoy-el-dia-internacional-de-los-museos\\\/#primaryimage\"},\"thumbnailUrl\":\"https:\\\/\\\/www.copealcoy.es\\\/wp-content\\\/uploads\\\/2022\\\/05\\\/fOTO-D-ELA-RODA-DE-PREMSA-Dia-Internacional-dels-Museus-Alcoi.jpg\",\"datePublished\":\"2022-05-16T13:38:46+00:00\",\"dateModified\":\"2022-05-17T14:13:05+00:00\",\"author\":{\"@id\":\"https:\\\/\\\/www.copealcoy.es\\\/es\\\/#\\\/schema\\\/person\\\/e777c87fa024e57d40170af9df39882c\"},\"breadcrumb\":{\"@id\":\"https:\\\/\\\/www.copealcoy.es\\\/es\\\/asi-celebrara-alcoy-el-dia-internacional-de-los-museos\\\/#breadcrumb\"},\"inLanguage\":\"es\",\"potentialAction\":[{\"@type\":\"ReadAction\",\"target\":[\"https:\\\/\\\/www.copealcoy.es\\\/es\\\/asi-celebrara-alcoy-el-dia-internacional-de-los-museos\\\/\"]}]},{\"@type\":\"ImageObject\",\"inLanguage\":\"es\",\"@id\":\"https:\\\/\\\/www.copealcoy.es\\\/es\\\/asi-celebrara-alcoy-el-dia-internacional-de-los-museos\\\/#primaryimage\",\"url\":\"https:\\\/\\\/www.copealcoy.es\\\/wp-content\\\/uploads\\\/2022\\\/05\\\/fOTO-D-ELA-RODA-DE-PREMSA-Dia-Internacional-dels-Museus-Alcoi.jpg\",\"contentUrl\":\"https:\\\/\\\/www.copealcoy.es\\\/wp-content\\\/uploads\\\/2022\\\/05\\\/fOTO-D-ELA-RODA-DE-PREMSA-Dia-Internacional-dels-Museus-Alcoi.jpg\",\"width\":1440,\"height\":960},{\"@type\":\"BreadcrumbList\",\"@id\":\"https:\\\/\\\/www.copealcoy.es\\\/es\\\/asi-celebrara-alcoy-el-dia-internacional-de-los-museos\\\/#breadcrumb\",\"itemListElement\":[{\"@type\":\"ListItem\",\"position\":1,\"name\":\"Portada\",\"item\":\"https:\\\/\\\/www.copealcoy.es\\\/es\\\/\"},{\"@type\":\"ListItem\",\"position\":2,\"name\":\"As\u00ed celebrar\u00e1 Alcoy el D\u00eda Internacional de los Museos\"}]},{\"@type\":\"WebSite\",\"@id\":\"https:\\\/\\\/www.copealcoy.es\\\/es\\\/#website\",\"url\":\"https:\\\/\\\/www.copealcoy.es\\\/es\\\/\",\"name\":\"COPE Alcoy\",\"description\":\"Emisora COPE de radio local con emisi\u00f3n online. Pont de Sant Jordi 8-10 03803 Alcoy\",\"potentialAction\":[{\"@type\":\"SearchAction\",\"target\":{\"@type\":\"EntryPoint\",\"urlTemplate\":\"https:\\\/\\\/www.copealcoy.es\\\/es\\\/?s={search_term_string}\"},\"query-input\":{\"@type\":\"PropertyValueSpecification\",\"valueRequired\":true,\"valueName\":\"search_term_string\"}}],\"inLanguage\":\"es\"},{\"@type\":\"Person\",\"@id\":\"https:\\\/\\\/www.copealcoy.es\\\/es\\\/#\\\/schema\\\/person\\\/e777c87fa024e57d40170af9df39882c\",\"name\":\"Cope Alcoy\",\"image\":{\"@type\":\"ImageObject\",\"inLanguage\":\"es\",\"@id\":\"https:\\\/\\\/secure.gravatar.com\\\/avatar\\\/bb65d0283347e303893ba14f0692005417c1e0e690a325a4c5d8bb2b3943ee14?s=96&d=mm&r=g\",\"url\":\"https:\\\/\\\/secure.gravatar.com\\\/avatar\\\/bb65d0283347e303893ba14f0692005417c1e0e690a325a4c5d8bb2b3943ee14?s=96&d=mm&r=g\",\"contentUrl\":\"https:\\\/\\\/secure.gravatar.com\\\/avatar\\\/bb65d0283347e303893ba14f0692005417c1e0e690a325a4c5d8bb2b3943ee14?s=96&d=mm&r=g\",\"caption\":\"Cope Alcoy\"}}]}<\/script>\n<!-- \/ Yoast SEO plugin. -->","yoast_head_json":{"title":"As\u00ed celebrar\u00e1 Alcoy el D\u00eda Internacional de los Museos - COPE Alcoy","robots":{"index":"index","follow":"follow","max-snippet":"max-snippet:-1","max-image-preview":"max-image-preview:large","max-video-preview":"max-video-preview:-1"},"canonical":"https:\/\/www.copealcoy.es\/es\/asi-celebrara-alcoy-el-dia-internacional-de-los-museos\/","og_locale":"es_ES","og_type":"article","og_title":"As\u00ed celebrar\u00e1 Alcoy el D\u00eda Internacional de los Museos - COPE Alcoy","og_description":"Alcoy ha preparado de nuevo una completa programaci\u00f3n para celebrar el D\u00eda Internacional de los Museos, una efem\u00e9ride que se...","og_url":"https:\/\/www.copealcoy.es\/es\/asi-celebrara-alcoy-el-dia-internacional-de-los-museos\/","og_site_name":"COPE Alcoy","article_published_time":"2022-05-16T13:38:46+00:00","article_modified_time":"2022-05-17T14:13:05+00:00","og_image":[{"width":1440,"height":960,"url":"https:\/\/www.copealcoy.es\/wp-content\/uploads\/2022\/05\/fOTO-D-ELA-RODA-DE-PREMSA-Dia-Internacional-dels-Museus-Alcoi.jpg","type":"image\/jpeg"}],"author":"Cope Alcoy","twitter_misc":{"Escrito por":"Cope Alcoy","Tiempo de lectura":"2 minutos"},"schema":{"@context":"https:\/\/schema.org","@graph":[{"@type":"Article","@id":"https:\/\/www.copealcoy.es\/es\/asi-celebrara-alcoy-el-dia-internacional-de-los-museos\/#article","isPartOf":{"@id":"https:\/\/www.copealcoy.es\/es\/asi-celebrara-alcoy-el-dia-internacional-de-los-museos\/"},"author":{"name":"Cope Alcoy","@id":"https:\/\/www.copealcoy.es\/es\/#\/schema\/person\/e777c87fa024e57d40170af9df39882c"},"headline":"As\u00ed celebrar\u00e1 Alcoy el D\u00eda Internacional de los Museos","datePublished":"2022-05-16T13:38:46+00:00","dateModified":"2022-05-17T14:13:05+00:00","mainEntityOfPage":{"@id":"https:\/\/www.copealcoy.es\/es\/asi-celebrara-alcoy-el-dia-internacional-de-los-museos\/"},"wordCount":281,"commentCount":0,"image":{"@id":"https:\/\/www.copealcoy.es\/es\/asi-celebrara-alcoy-el-dia-internacional-de-los-museos\/#primaryimage"},"thumbnailUrl":"https:\/\/www.copealcoy.es\/wp-content\/uploads\/2022\/05\/fOTO-D-ELA-RODA-DE-PREMSA-Dia-Internacional-dels-Museus-Alcoi.jpg","keywords":["Alcoy","celebraci\u00f3n","D\u00eda Internacional de los Museos","Lorena Zamorano","Turismo"],"articleSection":["Actualidad","Alcoy","Fiesta y Cultura","Noticias"],"inLanguage":"es"},{"@type":"WebPage","@id":"https:\/\/www.copealcoy.es\/es\/asi-celebrara-alcoy-el-dia-internacional-de-los-museos\/","url":"https:\/\/www.copealcoy.es\/es\/asi-celebrara-alcoy-el-dia-internacional-de-los-museos\/","name":"As\u00ed celebrar\u00e1 Alcoy el D\u00eda Internacional de los Museos - COPE Alcoy","isPartOf":{"@id":"https:\/\/www.copealcoy.es\/es\/#website"},"primaryImageOfPage":{"@id":"https:\/\/www.copealcoy.es\/es\/asi-celebrara-alcoy-el-dia-internacional-de-los-museos\/#primaryimage"},"image":{"@id":"https:\/\/www.copealcoy.es\/es\/asi-celebrara-alcoy-el-dia-internacional-de-los-museos\/#primaryimage"},"thumbnailUrl":"https:\/\/www.copealcoy.es\/wp-content\/uploads\/2022\/05\/fOTO-D-ELA-RODA-DE-PREMSA-Dia-Internacional-dels-Museus-Alcoi.jpg","datePublished":"2022-05-16T13:38:46+00:00","dateModified":"2022-05-17T14:13:05+00:00","author":{"@id":"https:\/\/www.copealcoy.es\/es\/#\/schema\/person\/e777c87fa024e57d40170af9df39882c"},"breadcrumb":{"@id":"https:\/\/www.copealcoy.es\/es\/asi-celebrara-alcoy-el-dia-internacional-de-los-museos\/#breadcrumb"},"inLanguage":"es","potentialAction":[{"@type":"ReadAction","target":["https:\/\/www.copealcoy.es\/es\/asi-celebrara-alcoy-el-dia-internacional-de-los-museos\/"]}]},{"@type":"ImageObject","inLanguage":"es","@id":"https:\/\/www.copealcoy.es\/es\/asi-celebrara-alcoy-el-dia-internacional-de-los-museos\/#primaryimage","url":"https:\/\/www.copealcoy.es\/wp-content\/uploads\/2022\/05\/fOTO-D-ELA-RODA-DE-PREMSA-Dia-Internacional-dels-Museus-Alcoi.jpg","contentUrl":"https:\/\/www.copealcoy.es\/wp-content\/uploads\/2022\/05\/fOTO-D-ELA-RODA-DE-PREMSA-Dia-Internacional-dels-Museus-Alcoi.jpg","width":1440,"height":960},{"@type":"BreadcrumbList","@id":"https:\/\/www.copealcoy.es\/es\/asi-celebrara-alcoy-el-dia-internacional-de-los-museos\/#breadcrumb","itemListElement":[{"@type":"ListItem","position":1,"name":"Portada","item":"https:\/\/www.copealcoy.es\/es\/"},{"@type":"ListItem","position":2,"name":"As\u00ed celebrar\u00e1 Alcoy el D\u00eda Internacional de los Museos"}]},{"@type":"WebSite","@id":"https:\/\/www.copealcoy.es\/es\/#website","url":"https:\/\/www.copealcoy.es\/es\/","name":"COPE Alcoy","description":"Emisora COPE de radio local con emisi\u00f3n online. Pont de Sant Jordi 8-10 03803 Alcoy","potentialAction":[{"@type":"SearchAction","target":{"@type":"EntryPoint","urlTemplate":"https:\/\/www.copealcoy.es\/es\/?s={search_term_string}"},"query-input":{"@type":"PropertyValueSpecification","valueRequired":true,"valueName":"search_term_string"}}],"inLanguage":"es"},{"@type":"Person","@id":"https:\/\/www.copealcoy.es\/es\/#\/schema\/person\/e777c87fa024e57d40170af9df39882c","name":"Cope Alcoy","image":{"@type":"ImageObject","inLanguage":"es","@id":"https:\/\/secure.gravatar.com\/avatar\/bb65d0283347e303893ba14f0692005417c1e0e690a325a4c5d8bb2b3943ee14?s=96&d=mm&r=g","url":"https:\/\/secure.gravatar.com\/avatar\/bb65d0283347e303893ba14f0692005417c1e0e690a325a4c5d8bb2b3943ee14?s=96&d=mm&r=g","contentUrl":"https:\/\/secure.gravatar.com\/avatar\/bb65d0283347e303893ba14f0692005417c1e0e690a325a4c5d8bb2b3943ee14?s=96&d=mm&r=g","caption":"Cope Alcoy"}}]}},"_links":{"self":[{"href":"https:\/\/www.copealcoy.es\/es\/wp-json\/wp\/v2\/posts\/87456","targetHints":{"allow":["GET"]}}],"collection":[{"href":"https:\/\/www.copealcoy.es\/es\/wp-json\/wp\/v2\/posts"}],"about":[{"href":"https:\/\/www.copealcoy.es\/es\/wp-json\/wp\/v2\/types\/post"}],"author":[{"embeddable":true,"href":"https:\/\/www.copealcoy.es\/es\/wp-json\/wp\/v2\/users\/1"}],"replies":[{"embeddable":true,"href":"https:\/\/www.copealcoy.es\/es\/wp-json\/wp\/v2\/comments?post=87456"}],"version-history":[{"count":0,"href":"https:\/\/www.copealcoy.es\/es\/wp-json\/wp\/v2\/posts\/87456\/revisions"}],"wp:featuredmedia":[{"embeddable":true,"href":"https:\/\/www.copealcoy.es\/es\/wp-json\/wp\/v2\/media\/87457"}],"wp:attachment":[{"href":"https:\/\/www.copealcoy.es\/es\/wp-json\/wp\/v2\/media?parent=87456"}],"wp:term":[{"taxonomy":"category","embeddable":true,"href":"https:\/\/www.copealcoy.es\/es\/wp-json\/wp\/v2\/categories?post=87456"},{"taxonomy":"post_tag","embeddable":true,"href":"https:\/\/www.copealcoy.es\/es\/wp-json\/wp\/v2\/tags?post=87456"}],"curies":[{"name":"wp","href":"https:\/\/api.w.org\/{rel}","templated":true}]}}