{"id":87428,"date":"2022-05-16T10:43:06","date_gmt":"2022-05-16T09:43:06","guid":{"rendered":"https:\/\/www.copealcoy.es\/?p=87428"},"modified":"2022-05-16T15:38:03","modified_gmt":"2022-05-16T14:38:03","slug":"accidente-en-la-a7-a-la-altura-de-ibi-con-4-vehiculos-implicados","status":"publish","type":"post","link":"https:\/\/www.copealcoy.es\/es\/accidente-en-la-a7-a-la-altura-de-ibi-con-4-vehiculos-implicados\/","title":{"rendered":"Accidente en la A7 a la altura de Ibi con 4 veh\u00edculos implicados"},"content":{"rendered":"<p style=\"text-align: justify;\">Efectivos del<strong> Consorcio Provincial de Bomberos de la Diputaci\u00f3n de Alicante<\/strong> han intervenido esta tarde en <strong>un accidente que se ha producido en el kil\u00f3metro 463 de la Autov\u00eda A7<\/strong>, a la altura de Ibi y en el sentido a Valencia. En el mismo, seg\u00fan la informaci\u00f3n facilitada, <strong>se han visto implicados hasta cuatro veh\u00edculos<\/strong>.<\/p>\n<p style=\"text-align: justify;\">El siniestro <strong>provoc\u00f3 importantes retenciones<\/strong> y la hora de aviso del mismo <strong>fue en torno a las 15:29h del mediod\u00eda<\/strong>, terminando los Bomberos las tareas de rescate <strong>poco antes de las siete de la tarde<\/strong>. Adem\u00e1s <strong>fueron excarcelados tres ocupantes<\/strong> mientras que <strong>una mujer fue trasladada al Hospital con fractura abierta en las piernas<\/strong>.<\/p>\n<p style=\"text-align: justify;\">En los trabajos de excarcelaci\u00f3n <strong>trabajaron un helic\u00f3ptero 09 de la Generalitat Valenciana<\/strong>,<strong> una ambulancia de Servicio Vital B\u00e1sico (SVP)<\/strong> y otra del<strong> SAMU<\/strong>. Respecto a los Bomberos <strong>acudieron una unidad mando jefatura con una bomba rural pesada, dos furgones de salvamentos varios, un sargento, un cabo y seis agentes de los parques de Cocentaina e Ibi<\/strong>.<\/p>\n","protected":false},"excerpt":{"rendered":"<p>Efectivos del Consorcio Provincial de Bomberos de la Diputaci\u00f3n de Alicante han intervenido esta tarde en un accidente que se&#8230;<\/p>\n","protected":false},"author":1,"featured_media":87429,"comment_status":"open","ping_status":"open","sticky":false,"template":"","format":"standard","meta":{"footnotes":""},"categories":[98,75],"tags":[3566,873,190,12729,474],"class_list":["post-87428","post","type-post","status-publish","format-standard","has-post-thumbnail","hentry","category-comarcas","category-noticias","tag-a7","tag-accidente","tag-autovia","tag-bomberos-diputacion-alicante","tag-ibi"],"yoast_head":"<!-- This site is optimized with the Yoast SEO plugin v27.3 - https:\/\/yoast.com\/product\/yoast-seo-wordpress\/ -->\n<title>Accidente en la A7 a la altura de Ibi con 4 veh\u00edculos implicados - COPE Alcoy<\/title>\n<meta name=\"robots\" content=\"index, follow, max-snippet:-1, max-image-preview:large, max-video-preview:-1\" \/>\n<link rel=\"canonical\" href=\"https:\/\/www.copealcoy.es\/es\/accidente-en-la-a7-a-la-altura-de-ibi-con-4-vehiculos-implicados\/\" \/>\n<meta property=\"og:locale\" content=\"es_ES\" \/>\n<meta property=\"og:type\" content=\"article\" \/>\n<meta property=\"og:title\" content=\"Accidente en la A7 a la altura de Ibi con 4 veh\u00edculos implicados - COPE Alcoy\" \/>\n<meta property=\"og:description\" content=\"Efectivos del Consorcio Provincial de Bomberos de la Diputaci\u00f3n de Alicante han intervenido esta tarde en un accidente que se...\" \/>\n<meta property=\"og:url\" content=\"https:\/\/www.copealcoy.es\/es\/accidente-en-la-a7-a-la-altura-de-ibi-con-4-vehiculos-implicados\/\" \/>\n<meta property=\"og:site_name\" content=\"COPE Alcoy\" \/>\n<meta property=\"article:published_time\" content=\"2022-05-16T09:43:06+00:00\" \/>\n<meta property=\"article:modified_time\" content=\"2022-05-16T14:38:03+00:00\" \/>\n<meta property=\"og:image\" content=\"https:\/\/www.copealcoy.es\/wp-content\/uploads\/2022\/05\/CF3EA7GAGZEDBFBE7IVIGMZQFU.jpg\" \/>\n\t<meta property=\"og:image:width\" content=\"650\" \/>\n\t<meta property=\"og:image:height\" content=\"488\" \/>\n\t<meta property=\"og:image:type\" content=\"image\/jpeg\" \/>\n<meta name=\"author\" content=\"Cope Alcoy\" \/>\n<meta name=\"twitter:label1\" content=\"Escrito por\" \/>\n\t<meta name=\"twitter:data1\" content=\"Cope Alcoy\" \/>\n\t<meta name=\"twitter:label2\" content=\"Tiempo de lectura\" \/>\n\t<meta name=\"twitter:data2\" content=\"1 minuto\" \/>\n<script type=\"application\/ld+json\" class=\"yoast-schema-graph\">{\"@context\":\"https:\\\/\\\/schema.org\",\"@graph\":[{\"@type\":\"Article\",\"@id\":\"https:\\\/\\\/www.copealcoy.es\\\/es\\\/accidente-en-la-a7-a-la-altura-de-ibi-con-4-vehiculos-implicados\\\/#article\",\"isPartOf\":{\"@id\":\"https:\\\/\\\/www.copealcoy.es\\\/es\\\/accidente-en-la-a7-a-la-altura-de-ibi-con-4-vehiculos-implicados\\\/\"},\"author\":{\"name\":\"Cope Alcoy\",\"@id\":\"https:\\\/\\\/www.copealcoy.es\\\/es\\\/#\\\/schema\\\/person\\\/e777c87fa024e57d40170af9df39882c\"},\"headline\":\"Accidente en la A7 a la altura de Ibi con 4 veh\u00edculos implicados\",\"datePublished\":\"2022-05-16T09:43:06+00:00\",\"dateModified\":\"2022-05-16T14:38:03+00:00\",\"mainEntityOfPage\":{\"@id\":\"https:\\\/\\\/www.copealcoy.es\\\/es\\\/accidente-en-la-a7-a-la-altura-de-ibi-con-4-vehiculos-implicados\\\/\"},\"wordCount\":188,\"commentCount\":0,\"image\":{\"@id\":\"https:\\\/\\\/www.copealcoy.es\\\/es\\\/accidente-en-la-a7-a-la-altura-de-ibi-con-4-vehiculos-implicados\\\/#primaryimage\"},\"thumbnailUrl\":\"https:\\\/\\\/www.copealcoy.es\\\/wp-content\\\/uploads\\\/2022\\\/05\\\/CF3EA7GAGZEDBFBE7IVIGMZQFU.jpg\",\"keywords\":[\"A7\",\"Accidente\",\"Autov\u00eda\",\"Bomberos Diputaci\u00f3n Alicante\",\"Ibi\"],\"articleSection\":[\"Comarcas\",\"Noticias\"],\"inLanguage\":\"es\"},{\"@type\":\"WebPage\",\"@id\":\"https:\\\/\\\/www.copealcoy.es\\\/es\\\/accidente-en-la-a7-a-la-altura-de-ibi-con-4-vehiculos-implicados\\\/\",\"url\":\"https:\\\/\\\/www.copealcoy.es\\\/es\\\/accidente-en-la-a7-a-la-altura-de-ibi-con-4-vehiculos-implicados\\\/\",\"name\":\"Accidente en la A7 a la altura de Ibi con 4 veh\u00edculos implicados - COPE Alcoy\",\"isPartOf\":{\"@id\":\"https:\\\/\\\/www.copealcoy.es\\\/es\\\/#website\"},\"primaryImageOfPage\":{\"@id\":\"https:\\\/\\\/www.copealcoy.es\\\/es\\\/accidente-en-la-a7-a-la-altura-de-ibi-con-4-vehiculos-implicados\\\/#primaryimage\"},\"image\":{\"@id\":\"https:\\\/\\\/www.copealcoy.es\\\/es\\\/accidente-en-la-a7-a-la-altura-de-ibi-con-4-vehiculos-implicados\\\/#primaryimage\"},\"thumbnailUrl\":\"https:\\\/\\\/www.copealcoy.es\\\/wp-content\\\/uploads\\\/2022\\\/05\\\/CF3EA7GAGZEDBFBE7IVIGMZQFU.jpg\",\"datePublished\":\"2022-05-16T09:43:06+00:00\",\"dateModified\":\"2022-05-16T14:38:03+00:00\",\"author\":{\"@id\":\"https:\\\/\\\/www.copealcoy.es\\\/es\\\/#\\\/schema\\\/person\\\/e777c87fa024e57d40170af9df39882c\"},\"breadcrumb\":{\"@id\":\"https:\\\/\\\/www.copealcoy.es\\\/es\\\/accidente-en-la-a7-a-la-altura-de-ibi-con-4-vehiculos-implicados\\\/#breadcrumb\"},\"inLanguage\":\"es\",\"potentialAction\":[{\"@type\":\"ReadAction\",\"target\":[\"https:\\\/\\\/www.copealcoy.es\\\/es\\\/accidente-en-la-a7-a-la-altura-de-ibi-con-4-vehiculos-implicados\\\/\"]}]},{\"@type\":\"ImageObject\",\"inLanguage\":\"es\",\"@id\":\"https:\\\/\\\/www.copealcoy.es\\\/es\\\/accidente-en-la-a7-a-la-altura-de-ibi-con-4-vehiculos-implicados\\\/#primaryimage\",\"url\":\"https:\\\/\\\/www.copealcoy.es\\\/wp-content\\\/uploads\\\/2022\\\/05\\\/CF3EA7GAGZEDBFBE7IVIGMZQFU.jpg\",\"contentUrl\":\"https:\\\/\\\/www.copealcoy.es\\\/wp-content\\\/uploads\\\/2022\\\/05\\\/CF3EA7GAGZEDBFBE7IVIGMZQFU.jpg\",\"width\":650,\"height\":488},{\"@type\":\"BreadcrumbList\",\"@id\":\"https:\\\/\\\/www.copealcoy.es\\\/es\\\/accidente-en-la-a7-a-la-altura-de-ibi-con-4-vehiculos-implicados\\\/#breadcrumb\",\"itemListElement\":[{\"@type\":\"ListItem\",\"position\":1,\"name\":\"Portada\",\"item\":\"https:\\\/\\\/www.copealcoy.es\\\/es\\\/\"},{\"@type\":\"ListItem\",\"position\":2,\"name\":\"Accidente en la A7 a la altura de Ibi con 4 veh\u00edculos implicados\"}]},{\"@type\":\"WebSite\",\"@id\":\"https:\\\/\\\/www.copealcoy.es\\\/es\\\/#website\",\"url\":\"https:\\\/\\\/www.copealcoy.es\\\/es\\\/\",\"name\":\"COPE Alcoy\",\"description\":\"Emisora COPE de radio local con emisi\u00f3n online. Pont de Sant Jordi 8-10 03803 Alcoy\",\"potentialAction\":[{\"@type\":\"SearchAction\",\"target\":{\"@type\":\"EntryPoint\",\"urlTemplate\":\"https:\\\/\\\/www.copealcoy.es\\\/es\\\/?s={search_term_string}\"},\"query-input\":{\"@type\":\"PropertyValueSpecification\",\"valueRequired\":true,\"valueName\":\"search_term_string\"}}],\"inLanguage\":\"es\"},{\"@type\":\"Person\",\"@id\":\"https:\\\/\\\/www.copealcoy.es\\\/es\\\/#\\\/schema\\\/person\\\/e777c87fa024e57d40170af9df39882c\",\"name\":\"Cope Alcoy\",\"image\":{\"@type\":\"ImageObject\",\"inLanguage\":\"es\",\"@id\":\"https:\\\/\\\/secure.gravatar.com\\\/avatar\\\/bb65d0283347e303893ba14f0692005417c1e0e690a325a4c5d8bb2b3943ee14?s=96&d=mm&r=g\",\"url\":\"https:\\\/\\\/secure.gravatar.com\\\/avatar\\\/bb65d0283347e303893ba14f0692005417c1e0e690a325a4c5d8bb2b3943ee14?s=96&d=mm&r=g\",\"contentUrl\":\"https:\\\/\\\/secure.gravatar.com\\\/avatar\\\/bb65d0283347e303893ba14f0692005417c1e0e690a325a4c5d8bb2b3943ee14?s=96&d=mm&r=g\",\"caption\":\"Cope Alcoy\"}}]}<\/script>\n<!-- \/ Yoast SEO plugin. -->","yoast_head_json":{"title":"Accidente en la A7 a la altura de Ibi con 4 veh\u00edculos implicados - COPE Alcoy","robots":{"index":"index","follow":"follow","max-snippet":"max-snippet:-1","max-image-preview":"max-image-preview:large","max-video-preview":"max-video-preview:-1"},"canonical":"https:\/\/www.copealcoy.es\/es\/accidente-en-la-a7-a-la-altura-de-ibi-con-4-vehiculos-implicados\/","og_locale":"es_ES","og_type":"article","og_title":"Accidente en la A7 a la altura de Ibi con 4 veh\u00edculos implicados - COPE Alcoy","og_description":"Efectivos del Consorcio Provincial de Bomberos de la Diputaci\u00f3n de Alicante han intervenido esta tarde en un accidente que se...","og_url":"https:\/\/www.copealcoy.es\/es\/accidente-en-la-a7-a-la-altura-de-ibi-con-4-vehiculos-implicados\/","og_site_name":"COPE Alcoy","article_published_time":"2022-05-16T09:43:06+00:00","article_modified_time":"2022-05-16T14:38:03+00:00","og_image":[{"width":650,"height":488,"url":"https:\/\/www.copealcoy.es\/wp-content\/uploads\/2022\/05\/CF3EA7GAGZEDBFBE7IVIGMZQFU.jpg","type":"image\/jpeg"}],"author":"Cope Alcoy","twitter_misc":{"Escrito por":"Cope Alcoy","Tiempo de lectura":"1 minuto"},"schema":{"@context":"https:\/\/schema.org","@graph":[{"@type":"Article","@id":"https:\/\/www.copealcoy.es\/es\/accidente-en-la-a7-a-la-altura-de-ibi-con-4-vehiculos-implicados\/#article","isPartOf":{"@id":"https:\/\/www.copealcoy.es\/es\/accidente-en-la-a7-a-la-altura-de-ibi-con-4-vehiculos-implicados\/"},"author":{"name":"Cope Alcoy","@id":"https:\/\/www.copealcoy.es\/es\/#\/schema\/person\/e777c87fa024e57d40170af9df39882c"},"headline":"Accidente en la A7 a la altura de Ibi con 4 veh\u00edculos implicados","datePublished":"2022-05-16T09:43:06+00:00","dateModified":"2022-05-16T14:38:03+00:00","mainEntityOfPage":{"@id":"https:\/\/www.copealcoy.es\/es\/accidente-en-la-a7-a-la-altura-de-ibi-con-4-vehiculos-implicados\/"},"wordCount":188,"commentCount":0,"image":{"@id":"https:\/\/www.copealcoy.es\/es\/accidente-en-la-a7-a-la-altura-de-ibi-con-4-vehiculos-implicados\/#primaryimage"},"thumbnailUrl":"https:\/\/www.copealcoy.es\/wp-content\/uploads\/2022\/05\/CF3EA7GAGZEDBFBE7IVIGMZQFU.jpg","keywords":["A7","Accidente","Autov\u00eda","Bomberos Diputaci\u00f3n Alicante","Ibi"],"articleSection":["Comarcas","Noticias"],"inLanguage":"es"},{"@type":"WebPage","@id":"https:\/\/www.copealcoy.es\/es\/accidente-en-la-a7-a-la-altura-de-ibi-con-4-vehiculos-implicados\/","url":"https:\/\/www.copealcoy.es\/es\/accidente-en-la-a7-a-la-altura-de-ibi-con-4-vehiculos-implicados\/","name":"Accidente en la A7 a la altura de Ibi con 4 veh\u00edculos implicados - COPE Alcoy","isPartOf":{"@id":"https:\/\/www.copealcoy.es\/es\/#website"},"primaryImageOfPage":{"@id":"https:\/\/www.copealcoy.es\/es\/accidente-en-la-a7-a-la-altura-de-ibi-con-4-vehiculos-implicados\/#primaryimage"},"image":{"@id":"https:\/\/www.copealcoy.es\/es\/accidente-en-la-a7-a-la-altura-de-ibi-con-4-vehiculos-implicados\/#primaryimage"},"thumbnailUrl":"https:\/\/www.copealcoy.es\/wp-content\/uploads\/2022\/05\/CF3EA7GAGZEDBFBE7IVIGMZQFU.jpg","datePublished":"2022-05-16T09:43:06+00:00","dateModified":"2022-05-16T14:38:03+00:00","author":{"@id":"https:\/\/www.copealcoy.es\/es\/#\/schema\/person\/e777c87fa024e57d40170af9df39882c"},"breadcrumb":{"@id":"https:\/\/www.copealcoy.es\/es\/accidente-en-la-a7-a-la-altura-de-ibi-con-4-vehiculos-implicados\/#breadcrumb"},"inLanguage":"es","potentialAction":[{"@type":"ReadAction","target":["https:\/\/www.copealcoy.es\/es\/accidente-en-la-a7-a-la-altura-de-ibi-con-4-vehiculos-implicados\/"]}]},{"@type":"ImageObject","inLanguage":"es","@id":"https:\/\/www.copealcoy.es\/es\/accidente-en-la-a7-a-la-altura-de-ibi-con-4-vehiculos-implicados\/#primaryimage","url":"https:\/\/www.copealcoy.es\/wp-content\/uploads\/2022\/05\/CF3EA7GAGZEDBFBE7IVIGMZQFU.jpg","contentUrl":"https:\/\/www.copealcoy.es\/wp-content\/uploads\/2022\/05\/CF3EA7GAGZEDBFBE7IVIGMZQFU.jpg","width":650,"height":488},{"@type":"BreadcrumbList","@id":"https:\/\/www.copealcoy.es\/es\/accidente-en-la-a7-a-la-altura-de-ibi-con-4-vehiculos-implicados\/#breadcrumb","itemListElement":[{"@type":"ListItem","position":1,"name":"Portada","item":"https:\/\/www.copealcoy.es\/es\/"},{"@type":"ListItem","position":2,"name":"Accidente en la A7 a la altura de Ibi con 4 veh\u00edculos implicados"}]},{"@type":"WebSite","@id":"https:\/\/www.copealcoy.es\/es\/#website","url":"https:\/\/www.copealcoy.es\/es\/","name":"COPE Alcoy","description":"Emisora COPE de radio local con emisi\u00f3n online. Pont de Sant Jordi 8-10 03803 Alcoy","potentialAction":[{"@type":"SearchAction","target":{"@type":"EntryPoint","urlTemplate":"https:\/\/www.copealcoy.es\/es\/?s={search_term_string}"},"query-input":{"@type":"PropertyValueSpecification","valueRequired":true,"valueName":"search_term_string"}}],"inLanguage":"es"},{"@type":"Person","@id":"https:\/\/www.copealcoy.es\/es\/#\/schema\/person\/e777c87fa024e57d40170af9df39882c","name":"Cope Alcoy","image":{"@type":"ImageObject","inLanguage":"es","@id":"https:\/\/secure.gravatar.com\/avatar\/bb65d0283347e303893ba14f0692005417c1e0e690a325a4c5d8bb2b3943ee14?s=96&d=mm&r=g","url":"https:\/\/secure.gravatar.com\/avatar\/bb65d0283347e303893ba14f0692005417c1e0e690a325a4c5d8bb2b3943ee14?s=96&d=mm&r=g","contentUrl":"https:\/\/secure.gravatar.com\/avatar\/bb65d0283347e303893ba14f0692005417c1e0e690a325a4c5d8bb2b3943ee14?s=96&d=mm&r=g","caption":"Cope Alcoy"}}]}},"_links":{"self":[{"href":"https:\/\/www.copealcoy.es\/es\/wp-json\/wp\/v2\/posts\/87428","targetHints":{"allow":["GET"]}}],"collection":[{"href":"https:\/\/www.copealcoy.es\/es\/wp-json\/wp\/v2\/posts"}],"about":[{"href":"https:\/\/www.copealcoy.es\/es\/wp-json\/wp\/v2\/types\/post"}],"author":[{"embeddable":true,"href":"https:\/\/www.copealcoy.es\/es\/wp-json\/wp\/v2\/users\/1"}],"replies":[{"embeddable":true,"href":"https:\/\/www.copealcoy.es\/es\/wp-json\/wp\/v2\/comments?post=87428"}],"version-history":[{"count":0,"href":"https:\/\/www.copealcoy.es\/es\/wp-json\/wp\/v2\/posts\/87428\/revisions"}],"wp:featuredmedia":[{"embeddable":true,"href":"https:\/\/www.copealcoy.es\/es\/wp-json\/wp\/v2\/media\/87429"}],"wp:attachment":[{"href":"https:\/\/www.copealcoy.es\/es\/wp-json\/wp\/v2\/media?parent=87428"}],"wp:term":[{"taxonomy":"category","embeddable":true,"href":"https:\/\/www.copealcoy.es\/es\/wp-json\/wp\/v2\/categories?post=87428"},{"taxonomy":"post_tag","embeddable":true,"href":"https:\/\/www.copealcoy.es\/es\/wp-json\/wp\/v2\/tags?post=87428"}],"curies":[{"name":"wp","href":"https:\/\/api.w.org\/{rel}","templated":true}]}}