{"id":87394,"date":"2022-05-14T14:20:26","date_gmt":"2022-05-14T13:20:26","guid":{"rendered":"https:\/\/www.copealcoy.es\/?p=87394"},"modified":"2022-05-15T14:40:28","modified_gmt":"2022-05-15T13:40:28","slug":"estos-son-los-nuevos-nombres-del-consell","status":"publish","type":"post","link":"https:\/\/www.copealcoy.es\/es\/estos-son-los-nuevos-nombres-del-consell\/","title":{"rendered":"Estos son los nuevos nombres del Consell"},"content":{"rendered":"<p style=\"text-align: justify;\">El Presidente de la Generalitat, <strong>Ximo Puig<\/strong>, ha dado a conocer este s\u00e1bado la <strong>composici\u00f3n del nuevo Consell,<\/strong>\u00a0un gobierno &#8220;r<em>enovado<\/em>&#8221; para &#8220;<strong>relanzar la Comunitat Valenciana en un a\u00f1o decisivo<\/strong>&#8220;, que incluye <strong>nombres que hasta ahora estaban en el segundo escal\u00f3n del Ejecutivo<\/strong>, una <strong>recolocaci\u00f3n dentro de las consellerias<\/strong> y <strong>una figura hasta ahora ajena a la pol\u00edtica<\/strong>.<\/p>\n<p style=\"text-align: justify;\">Este \u00faltimo caso es el del nuevo C<strong>onseller de Sanidad Universal,\u00a0<\/strong><strong>Miguel M\u00ednguez<\/strong>, que es una figura independiente y de perfil profesional, actual jefe de servicio del hospital Cl\u00ednico de Val\u00e8ncia, investigador principal del Incliva y profesor titular en la Facultad de Medicina.<\/p>\n<p style=\"text-align: justify;\">El President ha destacado que M\u00ednguez tendr\u00e1 como principal cometido al frente de Sanidad <strong>ejecutar la mayor reforma de la Sanidad P\u00fablica Valenciana<\/strong>, as\u00ed como <strong>impulsar el Plan de infraestructuras sanitarias &#8216;Cr\u00e8ixer&#8217; y modernizar la atenci\u00f3n al ciudadano<\/strong>. Sustituye a<strong>\u00a0Ana Barcel\u00f3<\/strong>, que pasa a ser la<strong>\u00a0s\u00edndica del PSPV en Les Corts<\/strong>.<\/p>\n<p style=\"text-align: justify;\">La\u00a0<strong>Conselleria de Hacienda\u00a0y Modelo Econ\u00f3mico<\/strong> estar\u00e1 dirigida por\u00a0<strong>Arcadi Espa\u00f1a<\/strong>, hasta ahora titular de Pol\u00edtica Territorial, Obras P\u00fablicas y Movilidad, que &#8220;<em>llega a una Conselleria que ha conseguido aprobar en siete a\u00f1os siete presupuestos en tiempo y forma<\/em>&#8221; bajo la direcci\u00f3n del socialista Vicent Soler.<\/p>\n<p style=\"text-align: justify;\">En el nuevo escenario post-pandemia, Puig ha destacado que esta Conselleria <strong>va a potenciar el cambio de modelo econ\u00f3mico y adquirir un papel fundamental en la reactivaci\u00f3n econ\u00f3mica, la ejecuci\u00f3n de los fondos europeos, y la transformaci\u00f3n del tejido productivo valenciano<\/strong>.<\/p>\n<p style=\"text-align: justify;\">La hasta Secretaria Auton\u00f3mica de Econom\u00eda Sostenible, <strong>Rebeca Torr\u00f3, sucede a Arcadi Espa\u00f1a<\/strong>\u00a0al frente de la Conselleria de Pol\u00edtica Territorial, Obras P\u00fablicas y Movilidad.<\/p>\n<p style=\"text-align: justify;\">De ella, Puig ha destacado su &#8220;<em>papel clave<\/em>&#8221; en el desembarco de Volkswagen en Sagunt. En ese sentido, el President ha destacado la contribuci\u00f3n de la Consellera en convertir Parc Sagunto en una plataforma de &#8220;<em>macro-inversione<\/em>s&#8221;, y su apuesta por la eficiencia y la sostenibilidad para &#8220;<em>revolucionar<\/em>&#8221; la movilidad en las grandes \u00e1reas metropolitanas.<\/p>\n<p style=\"text-align: justify;\">Respecto a su nuevo impulso, el President Pol\u00edtica Territorial ha indicado que deber\u00e1 convertirse en un &#8220;<em>activo dinamizador de la econom\u00eda<\/em>&#8220;, con m\u00e1s obra p\u00fablica, y en &#8220;<em>un actor principal de la sostenibilidad<\/em>&#8220;, con m\u00e1s transporte p\u00fablico y una nueva log\u00edstica.<\/p>\n<p style=\"text-align: justify;\">Al frente de la\u00a0<strong>Conselleria de Educaci\u00f3n, Cultura y Deporte se situar\u00e1 Raquel Tamarit<\/strong>, hasta ahora Secretaria Auton\u00f3mica de Cultura.<\/p>\n<p style=\"text-align: justify;\">A su vez, se confirma tambi\u00e9n que la exdirectora general de Universidades,<strong>\u00a0Josefina Bueno<\/strong>, es la nueva <strong>Consellera de Innovaci\u00f3n, Universidades y Sociedad Digital<\/strong>, cargo que hasta ahora ocupaba Carolina Pascual. Puig ha resaltado que Bueno dirigir\u00e1 una Conselleria &#8220;c<em>lave para este periodo de transformaci\u00f3n<\/em>&#8221; que se abre en la Comunitat Valenciana, en el que el \u00e1mbito de la Innovaci\u00f3n constituir\u00e1 una &#8220;<em>palanca transformadora<\/em>&#8221; para modernizar empresas, especialmente pymes; adaptar la formaci\u00f3n a la nueva realidad laboral, y promover la ciencia con la nueva ley valenciana La Conselleria, ha destacado, &#8220;<em>ya ha conseguido convertir Alicante en un gran cl\u00faster innovador<\/em>&#8221; y ha impulsado la formaci\u00f3n universitaria duplicando las becas y rebajando las tasas m\u00e1s de un 20%.<\/p>\n<p style=\"text-align: justify;\">Estos cinco nombres se unen al equipo de gobierno que ya conforman la Consellera de Justicia, Interior y Administraci\u00f3n P\u00fablica, <strong>Gabriela Bravo<\/strong> &#8211;\u00fanico departamento en manos de los socialistas sin cambios&#8211;; la Vicepresidenta y Consellera de Igualdad y Pol\u00edticas Inclusivas, <strong>M\u00f3nica Oltra<\/strong> (Comprom\u00eds); el Conseller de Econom\u00eda Sostenible, <strong>Rafael Climent<\/strong> (Comprom\u00eds); la Consellera de Agricultura, Desarrollo Rural, Emergencia Clim\u00e1tica, <strong>Mireia Moll\u00e1<\/strong> (Comprom\u00eds); el Vicepresidente Segundo y Conseller de Vivienda y Arquitectura Bioclim\u00e1tica, <strong>H\u00e9ctor Illueca<\/strong> (Unidas Podemos) y la Consellera de Participaci\u00f3n, Transparencia, Cooperaci\u00f3n y Calidad Democr\u00e1tica,<strong> Rosa P\u00e9rez-Garijo<\/strong>.<\/p>\n<p><strong><span style=\"color: #0000ff;\">Mayor\u00eda para las mujeres y la provincia de Valencia\u00a0<\/span><\/strong><\/p>\n<p style=\"text-align: justify;\">De esta forma el Consell <strong>queda compuesto por siete mujeres &#8211;una m\u00e1s que antes&#8211; y cinco hombres<\/strong>. Es la primera vez que el Gobierno Auton\u00f3mica est\u00e1 formado mayoritariamente por mujeres.<\/p>\n<p style=\"text-align: justify;\">En el plano territorial, <strong>el \u00fanico representante de la provincia de Castell\u00f3n que queda en el seno del gobierno valenciano es el President<\/strong>. <strong>Valencia<\/strong> est\u00e1 representada por ocho Consellers y <strong>Alicante<\/strong> por tres. Y es que, <strong>entre las nuevas incorporaciones<\/strong>, Miguel M\u00ednguez es natural de Teruel pero desarrolla su vida personal y profesional en Valencia, Josefina Bueno en Alicante y Tamarit y Torr\u00f3 son de Valencia.<\/p>\n","protected":false},"excerpt":{"rendered":"<p>El Presidente de la Generalitat, Ximo Puig, ha dado a conocer este s\u00e1bado la composici\u00f3n del nuevo Consell,\u00a0un gobierno &#8220;renovado&#8221;&#8230;<\/p>\n","protected":false},"author":1,"featured_media":70029,"comment_status":"open","ping_status":"open","sticky":false,"template":"","format":"standard","meta":{"footnotes":""},"categories":[6909,75,79,125],"tags":[479,994,12723,4719,1728],"class_list":["post-87394","post","type-post","status-publish","format-standard","has-post-thumbnail","hentry","category-actualidad","category-noticias","category-politicayeconomia","category-portada","tag-consell","tag-generalitat-valenciana","tag-nuevos-consellers","tag-remodelacion","tag-ximo-puig"],"yoast_head":"<!-- This site is optimized with the Yoast SEO plugin v27.3 - https:\/\/yoast.com\/product\/yoast-seo-wordpress\/ -->\n<title>Estos son los nuevos nombres del Consell - COPE Alcoy<\/title>\n<meta name=\"robots\" content=\"index, follow, max-snippet:-1, max-image-preview:large, max-video-preview:-1\" \/>\n<link rel=\"canonical\" href=\"https:\/\/www.copealcoy.es\/es\/estos-son-los-nuevos-nombres-del-consell\/\" \/>\n<meta property=\"og:locale\" content=\"es_ES\" \/>\n<meta property=\"og:type\" content=\"article\" \/>\n<meta property=\"og:title\" content=\"Estos son los nuevos nombres del Consell - COPE Alcoy\" \/>\n<meta property=\"og:description\" content=\"El Presidente de la Generalitat, Ximo Puig, ha dado a conocer este s\u00e1bado la composici\u00f3n del nuevo Consell,\u00a0un gobierno &#8220;renovado&#8221;...\" \/>\n<meta property=\"og:url\" content=\"https:\/\/www.copealcoy.es\/es\/estos-son-los-nuevos-nombres-del-consell\/\" \/>\n<meta property=\"og:site_name\" content=\"COPE Alcoy\" \/>\n<meta property=\"article:published_time\" content=\"2022-05-14T13:20:26+00:00\" \/>\n<meta property=\"article:modified_time\" content=\"2022-05-15T13:40:28+00:00\" \/>\n<meta property=\"og:image\" content=\"https:\/\/www.copealcoy.es\/wp-content\/uploads\/2021\/01\/palaugeneralitat-k80G-624x385@Las-Provincias.jpg\" \/>\n\t<meta property=\"og:image:width\" content=\"623\" \/>\n\t<meta property=\"og:image:height\" content=\"385\" \/>\n\t<meta property=\"og:image:type\" content=\"image\/jpeg\" \/>\n<meta name=\"author\" content=\"Cope Alcoy\" \/>\n<meta name=\"twitter:label1\" content=\"Escrito por\" \/>\n\t<meta name=\"twitter:data1\" content=\"Cope Alcoy\" \/>\n\t<meta name=\"twitter:label2\" content=\"Tiempo de lectura\" \/>\n\t<meta name=\"twitter:data2\" content=\"4 minutos\" \/>\n<script type=\"application\/ld+json\" class=\"yoast-schema-graph\">{\"@context\":\"https:\\\/\\\/schema.org\",\"@graph\":[{\"@type\":\"Article\",\"@id\":\"https:\\\/\\\/www.copealcoy.es\\\/es\\\/estos-son-los-nuevos-nombres-del-consell\\\/#article\",\"isPartOf\":{\"@id\":\"https:\\\/\\\/www.copealcoy.es\\\/es\\\/estos-son-los-nuevos-nombres-del-consell\\\/\"},\"author\":{\"name\":\"Cope Alcoy\",\"@id\":\"https:\\\/\\\/www.copealcoy.es\\\/es\\\/#\\\/schema\\\/person\\\/e777c87fa024e57d40170af9df39882c\"},\"headline\":\"Estos son los nuevos nombres del Consell\",\"datePublished\":\"2022-05-14T13:20:26+00:00\",\"dateModified\":\"2022-05-15T13:40:28+00:00\",\"mainEntityOfPage\":{\"@id\":\"https:\\\/\\\/www.copealcoy.es\\\/es\\\/estos-son-los-nuevos-nombres-del-consell\\\/\"},\"wordCount\":767,\"commentCount\":0,\"image\":{\"@id\":\"https:\\\/\\\/www.copealcoy.es\\\/es\\\/estos-son-los-nuevos-nombres-del-consell\\\/#primaryimage\"},\"thumbnailUrl\":\"https:\\\/\\\/www.copealcoy.es\\\/wp-content\\\/uploads\\\/2021\\\/01\\\/palaugeneralitat-k80G-624x385@Las-Provincias.jpg\",\"keywords\":[\"Consell\",\"Generalitat Valenciana\",\"nuevos consellers\",\"remodelaci\u00f3n\",\"Ximo Puig\"],\"articleSection\":[\"Actualidad\",\"Noticias\",\"Pol\u00edtica y Econom\u00eda\",\"Portada\"],\"inLanguage\":\"es\"},{\"@type\":\"WebPage\",\"@id\":\"https:\\\/\\\/www.copealcoy.es\\\/es\\\/estos-son-los-nuevos-nombres-del-consell\\\/\",\"url\":\"https:\\\/\\\/www.copealcoy.es\\\/es\\\/estos-son-los-nuevos-nombres-del-consell\\\/\",\"name\":\"Estos son los nuevos nombres del Consell - COPE Alcoy\",\"isPartOf\":{\"@id\":\"https:\\\/\\\/www.copealcoy.es\\\/es\\\/#website\"},\"primaryImageOfPage\":{\"@id\":\"https:\\\/\\\/www.copealcoy.es\\\/es\\\/estos-son-los-nuevos-nombres-del-consell\\\/#primaryimage\"},\"image\":{\"@id\":\"https:\\\/\\\/www.copealcoy.es\\\/es\\\/estos-son-los-nuevos-nombres-del-consell\\\/#primaryimage\"},\"thumbnailUrl\":\"https:\\\/\\\/www.copealcoy.es\\\/wp-content\\\/uploads\\\/2021\\\/01\\\/palaugeneralitat-k80G-624x385@Las-Provincias.jpg\",\"datePublished\":\"2022-05-14T13:20:26+00:00\",\"dateModified\":\"2022-05-15T13:40:28+00:00\",\"author\":{\"@id\":\"https:\\\/\\\/www.copealcoy.es\\\/es\\\/#\\\/schema\\\/person\\\/e777c87fa024e57d40170af9df39882c\"},\"breadcrumb\":{\"@id\":\"https:\\\/\\\/www.copealcoy.es\\\/es\\\/estos-son-los-nuevos-nombres-del-consell\\\/#breadcrumb\"},\"inLanguage\":\"es\",\"potentialAction\":[{\"@type\":\"ReadAction\",\"target\":[\"https:\\\/\\\/www.copealcoy.es\\\/es\\\/estos-son-los-nuevos-nombres-del-consell\\\/\"]}]},{\"@type\":\"ImageObject\",\"inLanguage\":\"es\",\"@id\":\"https:\\\/\\\/www.copealcoy.es\\\/es\\\/estos-son-los-nuevos-nombres-del-consell\\\/#primaryimage\",\"url\":\"https:\\\/\\\/www.copealcoy.es\\\/wp-content\\\/uploads\\\/2021\\\/01\\\/palaugeneralitat-k80G-624x385@Las-Provincias.jpg\",\"contentUrl\":\"https:\\\/\\\/www.copealcoy.es\\\/wp-content\\\/uploads\\\/2021\\\/01\\\/palaugeneralitat-k80G-624x385@Las-Provincias.jpg\",\"width\":623,\"height\":385},{\"@type\":\"BreadcrumbList\",\"@id\":\"https:\\\/\\\/www.copealcoy.es\\\/es\\\/estos-son-los-nuevos-nombres-del-consell\\\/#breadcrumb\",\"itemListElement\":[{\"@type\":\"ListItem\",\"position\":1,\"name\":\"Portada\",\"item\":\"https:\\\/\\\/www.copealcoy.es\\\/es\\\/\"},{\"@type\":\"ListItem\",\"position\":2,\"name\":\"Estos son los nuevos nombres del Consell\"}]},{\"@type\":\"WebSite\",\"@id\":\"https:\\\/\\\/www.copealcoy.es\\\/es\\\/#website\",\"url\":\"https:\\\/\\\/www.copealcoy.es\\\/es\\\/\",\"name\":\"COPE Alcoy\",\"description\":\"Emisora COPE de radio local con emisi\u00f3n online. Pont de Sant Jordi 8-10 03803 Alcoy\",\"potentialAction\":[{\"@type\":\"SearchAction\",\"target\":{\"@type\":\"EntryPoint\",\"urlTemplate\":\"https:\\\/\\\/www.copealcoy.es\\\/es\\\/?s={search_term_string}\"},\"query-input\":{\"@type\":\"PropertyValueSpecification\",\"valueRequired\":true,\"valueName\":\"search_term_string\"}}],\"inLanguage\":\"es\"},{\"@type\":\"Person\",\"@id\":\"https:\\\/\\\/www.copealcoy.es\\\/es\\\/#\\\/schema\\\/person\\\/e777c87fa024e57d40170af9df39882c\",\"name\":\"Cope Alcoy\",\"image\":{\"@type\":\"ImageObject\",\"inLanguage\":\"es\",\"@id\":\"https:\\\/\\\/secure.gravatar.com\\\/avatar\\\/bb65d0283347e303893ba14f0692005417c1e0e690a325a4c5d8bb2b3943ee14?s=96&d=mm&r=g\",\"url\":\"https:\\\/\\\/secure.gravatar.com\\\/avatar\\\/bb65d0283347e303893ba14f0692005417c1e0e690a325a4c5d8bb2b3943ee14?s=96&d=mm&r=g\",\"contentUrl\":\"https:\\\/\\\/secure.gravatar.com\\\/avatar\\\/bb65d0283347e303893ba14f0692005417c1e0e690a325a4c5d8bb2b3943ee14?s=96&d=mm&r=g\",\"caption\":\"Cope Alcoy\"}}]}<\/script>\n<!-- \/ Yoast SEO plugin. -->","yoast_head_json":{"title":"Estos son los nuevos nombres del Consell - COPE Alcoy","robots":{"index":"index","follow":"follow","max-snippet":"max-snippet:-1","max-image-preview":"max-image-preview:large","max-video-preview":"max-video-preview:-1"},"canonical":"https:\/\/www.copealcoy.es\/es\/estos-son-los-nuevos-nombres-del-consell\/","og_locale":"es_ES","og_type":"article","og_title":"Estos son los nuevos nombres del Consell - COPE Alcoy","og_description":"El Presidente de la Generalitat, Ximo Puig, ha dado a conocer este s\u00e1bado la composici\u00f3n del nuevo Consell,\u00a0un gobierno &#8220;renovado&#8221;...","og_url":"https:\/\/www.copealcoy.es\/es\/estos-son-los-nuevos-nombres-del-consell\/","og_site_name":"COPE Alcoy","article_published_time":"2022-05-14T13:20:26+00:00","article_modified_time":"2022-05-15T13:40:28+00:00","og_image":[{"width":623,"height":385,"url":"https:\/\/www.copealcoy.es\/wp-content\/uploads\/2021\/01\/palaugeneralitat-k80G-624x385@Las-Provincias.jpg","type":"image\/jpeg"}],"author":"Cope Alcoy","twitter_misc":{"Escrito por":"Cope Alcoy","Tiempo de lectura":"4 minutos"},"schema":{"@context":"https:\/\/schema.org","@graph":[{"@type":"Article","@id":"https:\/\/www.copealcoy.es\/es\/estos-son-los-nuevos-nombres-del-consell\/#article","isPartOf":{"@id":"https:\/\/www.copealcoy.es\/es\/estos-son-los-nuevos-nombres-del-consell\/"},"author":{"name":"Cope Alcoy","@id":"https:\/\/www.copealcoy.es\/es\/#\/schema\/person\/e777c87fa024e57d40170af9df39882c"},"headline":"Estos son los nuevos nombres del Consell","datePublished":"2022-05-14T13:20:26+00:00","dateModified":"2022-05-15T13:40:28+00:00","mainEntityOfPage":{"@id":"https:\/\/www.copealcoy.es\/es\/estos-son-los-nuevos-nombres-del-consell\/"},"wordCount":767,"commentCount":0,"image":{"@id":"https:\/\/www.copealcoy.es\/es\/estos-son-los-nuevos-nombres-del-consell\/#primaryimage"},"thumbnailUrl":"https:\/\/www.copealcoy.es\/wp-content\/uploads\/2021\/01\/palaugeneralitat-k80G-624x385@Las-Provincias.jpg","keywords":["Consell","Generalitat Valenciana","nuevos consellers","remodelaci\u00f3n","Ximo Puig"],"articleSection":["Actualidad","Noticias","Pol\u00edtica y Econom\u00eda","Portada"],"inLanguage":"es"},{"@type":"WebPage","@id":"https:\/\/www.copealcoy.es\/es\/estos-son-los-nuevos-nombres-del-consell\/","url":"https:\/\/www.copealcoy.es\/es\/estos-son-los-nuevos-nombres-del-consell\/","name":"Estos son los nuevos nombres del Consell - COPE Alcoy","isPartOf":{"@id":"https:\/\/www.copealcoy.es\/es\/#website"},"primaryImageOfPage":{"@id":"https:\/\/www.copealcoy.es\/es\/estos-son-los-nuevos-nombres-del-consell\/#primaryimage"},"image":{"@id":"https:\/\/www.copealcoy.es\/es\/estos-son-los-nuevos-nombres-del-consell\/#primaryimage"},"thumbnailUrl":"https:\/\/www.copealcoy.es\/wp-content\/uploads\/2021\/01\/palaugeneralitat-k80G-624x385@Las-Provincias.jpg","datePublished":"2022-05-14T13:20:26+00:00","dateModified":"2022-05-15T13:40:28+00:00","author":{"@id":"https:\/\/www.copealcoy.es\/es\/#\/schema\/person\/e777c87fa024e57d40170af9df39882c"},"breadcrumb":{"@id":"https:\/\/www.copealcoy.es\/es\/estos-son-los-nuevos-nombres-del-consell\/#breadcrumb"},"inLanguage":"es","potentialAction":[{"@type":"ReadAction","target":["https:\/\/www.copealcoy.es\/es\/estos-son-los-nuevos-nombres-del-consell\/"]}]},{"@type":"ImageObject","inLanguage":"es","@id":"https:\/\/www.copealcoy.es\/es\/estos-son-los-nuevos-nombres-del-consell\/#primaryimage","url":"https:\/\/www.copealcoy.es\/wp-content\/uploads\/2021\/01\/palaugeneralitat-k80G-624x385@Las-Provincias.jpg","contentUrl":"https:\/\/www.copealcoy.es\/wp-content\/uploads\/2021\/01\/palaugeneralitat-k80G-624x385@Las-Provincias.jpg","width":623,"height":385},{"@type":"BreadcrumbList","@id":"https:\/\/www.copealcoy.es\/es\/estos-son-los-nuevos-nombres-del-consell\/#breadcrumb","itemListElement":[{"@type":"ListItem","position":1,"name":"Portada","item":"https:\/\/www.copealcoy.es\/es\/"},{"@type":"ListItem","position":2,"name":"Estos son los nuevos nombres del Consell"}]},{"@type":"WebSite","@id":"https:\/\/www.copealcoy.es\/es\/#website","url":"https:\/\/www.copealcoy.es\/es\/","name":"COPE Alcoy","description":"Emisora COPE de radio local con emisi\u00f3n online. Pont de Sant Jordi 8-10 03803 Alcoy","potentialAction":[{"@type":"SearchAction","target":{"@type":"EntryPoint","urlTemplate":"https:\/\/www.copealcoy.es\/es\/?s={search_term_string}"},"query-input":{"@type":"PropertyValueSpecification","valueRequired":true,"valueName":"search_term_string"}}],"inLanguage":"es"},{"@type":"Person","@id":"https:\/\/www.copealcoy.es\/es\/#\/schema\/person\/e777c87fa024e57d40170af9df39882c","name":"Cope Alcoy","image":{"@type":"ImageObject","inLanguage":"es","@id":"https:\/\/secure.gravatar.com\/avatar\/bb65d0283347e303893ba14f0692005417c1e0e690a325a4c5d8bb2b3943ee14?s=96&d=mm&r=g","url":"https:\/\/secure.gravatar.com\/avatar\/bb65d0283347e303893ba14f0692005417c1e0e690a325a4c5d8bb2b3943ee14?s=96&d=mm&r=g","contentUrl":"https:\/\/secure.gravatar.com\/avatar\/bb65d0283347e303893ba14f0692005417c1e0e690a325a4c5d8bb2b3943ee14?s=96&d=mm&r=g","caption":"Cope Alcoy"}}]}},"_links":{"self":[{"href":"https:\/\/www.copealcoy.es\/es\/wp-json\/wp\/v2\/posts\/87394","targetHints":{"allow":["GET"]}}],"collection":[{"href":"https:\/\/www.copealcoy.es\/es\/wp-json\/wp\/v2\/posts"}],"about":[{"href":"https:\/\/www.copealcoy.es\/es\/wp-json\/wp\/v2\/types\/post"}],"author":[{"embeddable":true,"href":"https:\/\/www.copealcoy.es\/es\/wp-json\/wp\/v2\/users\/1"}],"replies":[{"embeddable":true,"href":"https:\/\/www.copealcoy.es\/es\/wp-json\/wp\/v2\/comments?post=87394"}],"version-history":[{"count":0,"href":"https:\/\/www.copealcoy.es\/es\/wp-json\/wp\/v2\/posts\/87394\/revisions"}],"wp:featuredmedia":[{"embeddable":true,"href":"https:\/\/www.copealcoy.es\/es\/wp-json\/wp\/v2\/media\/70029"}],"wp:attachment":[{"href":"https:\/\/www.copealcoy.es\/es\/wp-json\/wp\/v2\/media?parent=87394"}],"wp:term":[{"taxonomy":"category","embeddable":true,"href":"https:\/\/www.copealcoy.es\/es\/wp-json\/wp\/v2\/categories?post=87394"},{"taxonomy":"post_tag","embeddable":true,"href":"https:\/\/www.copealcoy.es\/es\/wp-json\/wp\/v2\/tags?post=87394"}],"curies":[{"name":"wp","href":"https:\/\/api.w.org\/{rel}","templated":true}]}}