{"id":87361,"date":"2022-05-13T12:12:08","date_gmt":"2022-05-13T11:12:08","guid":{"rendered":"https:\/\/www.copealcoy.es\/?p=87361"},"modified":"2022-05-13T14:00:29","modified_gmt":"2022-05-13T13:00:29","slug":"detenido-en-alcoy-por-acosar-a-una-mujer-y-ocasionarle-danos-en-su-vehiculo","status":"publish","type":"post","link":"https:\/\/www.copealcoy.es\/es\/detenido-en-alcoy-por-acosar-a-una-mujer-y-ocasionarle-danos-en-su-vehiculo\/","title":{"rendered":"Detenido en Alcoy por acosar a una mujer y ocasionarle da\u00f1os en su veh\u00edculo"},"content":{"rendered":"<p style=\"text-align: justify;\">La Polic\u00eda Nacional ha informado de <strong>la detenci\u00f3n en Alcoy de un var\u00f3n de 37 a\u00f1os de edad<\/strong>, de nacionalidad espa\u00f1ola, por un <strong>delito de acoso<\/strong> <strong>a una mujer<\/strong> tras conocerla a trav\u00e9s de la redes sociales. Los hechos <strong>tuvieron lugar entre los meses de enero y abril<\/strong> del presente a\u00f1o tal y como han destacado desde el cuerpo policial.<\/p>\n<p style=\"text-align: justify;\">Seg\u00fan informan los agentes, <strong>la mujer no quiso volver a verse con el propio detenido despu\u00e9s de una primera cita<\/strong> y este sigui\u00f3 insistiendo en forzar un encuentro pese a las negativas de la v\u00edctima. Adem\u00e1s , el individuo\u00a0<strong>se personaba constantemente en el lugar de trabajo de la chica<\/strong>, llegando incluso a apuntarse a ofertas laborales para intentar de esta manera <strong>mantener la proximidad y el contacto con ella<\/strong>. Tras una breve pausa en los conatos de contacto del arrestado con la mencionada v\u00edctima, que parec\u00edan indicar que hab\u00eda cesado en su actitud obsesiva, <strong>esta comenz\u00f3 a sufrir da\u00f1os en su veh\u00edculo de manera continua<\/strong>. En dos ocasiones iniciales, cuando la perjudicada sali\u00f3 de su trabajo, <strong>se encontr\u00f3 con los neum\u00e1ticos intencionadamente pinchados<\/strong> y despu\u00e9s <strong>volvi\u00f3 a sufrir m\u00e1s da\u00f1os\u00a0<\/strong>tanto cuando ten\u00eda el coche estacionado en el garaje como en aparcamiento donde lo dejaba para trabajar.<\/p>\n<p style=\"text-align: justify;\">Gracias a la colaboraci\u00f3n ciudadana, y a la exhaustiva investigaci\u00f3n realizada por la Polic\u00eda Nacional, <strong>se consigui\u00f3 detener al individuo<\/strong>, el cual ten\u00eda\u00a0<strong>\u00a0una orden de alejamiento vigente desde el a\u00f1o 2015 por hechos similares<\/strong>. El arrestado, <strong>fue puesto a disposici\u00f3n del Juzgado de Instrucci\u00f3n de guardia de Alcoy<\/strong>, decretando su titular, la puesta en libertad con cargos del investigado y adoptando como medida cautelar una orden de alejamiento hacia la v\u00edctima.<\/p>\n","protected":false},"excerpt":{"rendered":"<p>La Polic\u00eda Nacional ha informado de la detenci\u00f3n en Alcoy de un var\u00f3n de 37 a\u00f1os de edad, de nacionalidad&#8230;<\/p>\n","protected":false},"author":1,"featured_media":18764,"comment_status":"open","ping_status":"open","sticky":false,"template":"","format":"standard","meta":{"footnotes":""},"categories":[6909,97,75,125],"tags":[8336,1494,189,1393,792,1836,386],"class_list":["post-87361","post","type-post","status-publish","format-standard","has-post-thumbnail","hentry","category-actualidad","category-alcoy","category-noticias","category-portada","tag-acoso","tag-alcoy","tag-danos","tag-detencion","tag-mujer","tag-policia-nacional","tag-vehiculos"],"yoast_head":"<!-- This site is optimized with the Yoast SEO plugin v27.3 - https:\/\/yoast.com\/product\/yoast-seo-wordpress\/ -->\n<title>Detenido en Alcoy por acosar a una mujer y ocasionarle da\u00f1os en su veh\u00edculo - COPE Alcoy<\/title>\n<meta name=\"robots\" content=\"index, follow, max-snippet:-1, max-image-preview:large, max-video-preview:-1\" \/>\n<link rel=\"canonical\" href=\"https:\/\/www.copealcoy.es\/es\/detenido-en-alcoy-por-acosar-a-una-mujer-y-ocasionarle-danos-en-su-vehiculo\/\" \/>\n<meta property=\"og:locale\" content=\"es_ES\" \/>\n<meta property=\"og:type\" content=\"article\" \/>\n<meta property=\"og:title\" content=\"Detenido en Alcoy por acosar a una mujer y ocasionarle da\u00f1os en su veh\u00edculo - COPE Alcoy\" \/>\n<meta property=\"og:description\" content=\"La Polic\u00eda Nacional ha informado de la detenci\u00f3n en Alcoy de un var\u00f3n de 37 a\u00f1os de edad, de nacionalidad...\" \/>\n<meta property=\"og:url\" content=\"https:\/\/www.copealcoy.es\/es\/detenido-en-alcoy-por-acosar-a-una-mujer-y-ocasionarle-danos-en-su-vehiculo\/\" \/>\n<meta property=\"og:site_name\" content=\"COPE Alcoy\" \/>\n<meta property=\"article:published_time\" content=\"2022-05-13T11:12:08+00:00\" \/>\n<meta property=\"article:modified_time\" content=\"2022-05-13T13:00:29+00:00\" \/>\n<meta property=\"og:image\" content=\"https:\/\/www.copealcoy.es\/wp-content\/uploads\/2016\/02\/050037ae8aeef3f2c32f90780844f0ff-e1643303615309.jpg\" \/>\n\t<meta property=\"og:image:width\" content=\"574\" \/>\n\t<meta property=\"og:image:height\" content=\"320\" \/>\n\t<meta property=\"og:image:type\" content=\"image\/jpeg\" \/>\n<meta name=\"author\" content=\"Cope Alcoy\" \/>\n<meta name=\"twitter:label1\" content=\"Escrito por\" \/>\n\t<meta name=\"twitter:data1\" content=\"Cope Alcoy\" \/>\n\t<meta name=\"twitter:label2\" content=\"Tiempo de lectura\" \/>\n\t<meta name=\"twitter:data2\" content=\"2 minutos\" \/>\n<script type=\"application\/ld+json\" class=\"yoast-schema-graph\">{\"@context\":\"https:\\\/\\\/schema.org\",\"@graph\":[{\"@type\":\"Article\",\"@id\":\"https:\\\/\\\/www.copealcoy.es\\\/es\\\/detenido-en-alcoy-por-acosar-a-una-mujer-y-ocasionarle-danos-en-su-vehiculo\\\/#article\",\"isPartOf\":{\"@id\":\"https:\\\/\\\/www.copealcoy.es\\\/es\\\/detenido-en-alcoy-por-acosar-a-una-mujer-y-ocasionarle-danos-en-su-vehiculo\\\/\"},\"author\":{\"name\":\"Cope Alcoy\",\"@id\":\"https:\\\/\\\/www.copealcoy.es\\\/es\\\/#\\\/schema\\\/person\\\/e777c87fa024e57d40170af9df39882c\"},\"headline\":\"Detenido en Alcoy por acosar a una mujer y ocasionarle da\u00f1os en su veh\u00edculo\",\"datePublished\":\"2022-05-13T11:12:08+00:00\",\"dateModified\":\"2022-05-13T13:00:29+00:00\",\"mainEntityOfPage\":{\"@id\":\"https:\\\/\\\/www.copealcoy.es\\\/es\\\/detenido-en-alcoy-por-acosar-a-una-mujer-y-ocasionarle-danos-en-su-vehiculo\\\/\"},\"wordCount\":322,\"commentCount\":0,\"image\":{\"@id\":\"https:\\\/\\\/www.copealcoy.es\\\/es\\\/detenido-en-alcoy-por-acosar-a-una-mujer-y-ocasionarle-danos-en-su-vehiculo\\\/#primaryimage\"},\"thumbnailUrl\":\"https:\\\/\\\/www.copealcoy.es\\\/wp-content\\\/uploads\\\/2016\\\/02\\\/050037ae8aeef3f2c32f90780844f0ff-e1643303615309.jpg\",\"keywords\":[\"acoso\",\"Alcoy\",\"Da\u00f1os\",\"detenci\u00f3n\",\"Mujer\",\"Polic\u00eda Nacional\",\"Veh\u00edculos\"],\"articleSection\":[\"Actualidad\",\"Alcoy\",\"Noticias\",\"Portada\"],\"inLanguage\":\"es\"},{\"@type\":\"WebPage\",\"@id\":\"https:\\\/\\\/www.copealcoy.es\\\/es\\\/detenido-en-alcoy-por-acosar-a-una-mujer-y-ocasionarle-danos-en-su-vehiculo\\\/\",\"url\":\"https:\\\/\\\/www.copealcoy.es\\\/es\\\/detenido-en-alcoy-por-acosar-a-una-mujer-y-ocasionarle-danos-en-su-vehiculo\\\/\",\"name\":\"Detenido en Alcoy por acosar a una mujer y ocasionarle da\u00f1os en su veh\u00edculo - COPE Alcoy\",\"isPartOf\":{\"@id\":\"https:\\\/\\\/www.copealcoy.es\\\/es\\\/#website\"},\"primaryImageOfPage\":{\"@id\":\"https:\\\/\\\/www.copealcoy.es\\\/es\\\/detenido-en-alcoy-por-acosar-a-una-mujer-y-ocasionarle-danos-en-su-vehiculo\\\/#primaryimage\"},\"image\":{\"@id\":\"https:\\\/\\\/www.copealcoy.es\\\/es\\\/detenido-en-alcoy-por-acosar-a-una-mujer-y-ocasionarle-danos-en-su-vehiculo\\\/#primaryimage\"},\"thumbnailUrl\":\"https:\\\/\\\/www.copealcoy.es\\\/wp-content\\\/uploads\\\/2016\\\/02\\\/050037ae8aeef3f2c32f90780844f0ff-e1643303615309.jpg\",\"datePublished\":\"2022-05-13T11:12:08+00:00\",\"dateModified\":\"2022-05-13T13:00:29+00:00\",\"author\":{\"@id\":\"https:\\\/\\\/www.copealcoy.es\\\/es\\\/#\\\/schema\\\/person\\\/e777c87fa024e57d40170af9df39882c\"},\"breadcrumb\":{\"@id\":\"https:\\\/\\\/www.copealcoy.es\\\/es\\\/detenido-en-alcoy-por-acosar-a-una-mujer-y-ocasionarle-danos-en-su-vehiculo\\\/#breadcrumb\"},\"inLanguage\":\"es\",\"potentialAction\":[{\"@type\":\"ReadAction\",\"target\":[\"https:\\\/\\\/www.copealcoy.es\\\/es\\\/detenido-en-alcoy-por-acosar-a-una-mujer-y-ocasionarle-danos-en-su-vehiculo\\\/\"]}]},{\"@type\":\"ImageObject\",\"inLanguage\":\"es\",\"@id\":\"https:\\\/\\\/www.copealcoy.es\\\/es\\\/detenido-en-alcoy-por-acosar-a-una-mujer-y-ocasionarle-danos-en-su-vehiculo\\\/#primaryimage\",\"url\":\"https:\\\/\\\/www.copealcoy.es\\\/wp-content\\\/uploads\\\/2016\\\/02\\\/050037ae8aeef3f2c32f90780844f0ff-e1643303615309.jpg\",\"contentUrl\":\"https:\\\/\\\/www.copealcoy.es\\\/wp-content\\\/uploads\\\/2016\\\/02\\\/050037ae8aeef3f2c32f90780844f0ff-e1643303615309.jpg\",\"width\":574,\"height\":320,\"caption\":\"Comisar\u00eda de la Polic\u00eda en Alcoy \\\/ Foto: Diario El Nostre\"},{\"@type\":\"BreadcrumbList\",\"@id\":\"https:\\\/\\\/www.copealcoy.es\\\/es\\\/detenido-en-alcoy-por-acosar-a-una-mujer-y-ocasionarle-danos-en-su-vehiculo\\\/#breadcrumb\",\"itemListElement\":[{\"@type\":\"ListItem\",\"position\":1,\"name\":\"Portada\",\"item\":\"https:\\\/\\\/www.copealcoy.es\\\/es\\\/\"},{\"@type\":\"ListItem\",\"position\":2,\"name\":\"Detenido en Alcoy por acosar a una mujer y ocasionarle da\u00f1os en su veh\u00edculo\"}]},{\"@type\":\"WebSite\",\"@id\":\"https:\\\/\\\/www.copealcoy.es\\\/es\\\/#website\",\"url\":\"https:\\\/\\\/www.copealcoy.es\\\/es\\\/\",\"name\":\"COPE Alcoy\",\"description\":\"Emisora COPE de radio local con emisi\u00f3n online. Pont de Sant Jordi 8-10 03803 Alcoy\",\"potentialAction\":[{\"@type\":\"SearchAction\",\"target\":{\"@type\":\"EntryPoint\",\"urlTemplate\":\"https:\\\/\\\/www.copealcoy.es\\\/es\\\/?s={search_term_string}\"},\"query-input\":{\"@type\":\"PropertyValueSpecification\",\"valueRequired\":true,\"valueName\":\"search_term_string\"}}],\"inLanguage\":\"es\"},{\"@type\":\"Person\",\"@id\":\"https:\\\/\\\/www.copealcoy.es\\\/es\\\/#\\\/schema\\\/person\\\/e777c87fa024e57d40170af9df39882c\",\"name\":\"Cope Alcoy\",\"image\":{\"@type\":\"ImageObject\",\"inLanguage\":\"es\",\"@id\":\"https:\\\/\\\/secure.gravatar.com\\\/avatar\\\/bb65d0283347e303893ba14f0692005417c1e0e690a325a4c5d8bb2b3943ee14?s=96&d=mm&r=g\",\"url\":\"https:\\\/\\\/secure.gravatar.com\\\/avatar\\\/bb65d0283347e303893ba14f0692005417c1e0e690a325a4c5d8bb2b3943ee14?s=96&d=mm&r=g\",\"contentUrl\":\"https:\\\/\\\/secure.gravatar.com\\\/avatar\\\/bb65d0283347e303893ba14f0692005417c1e0e690a325a4c5d8bb2b3943ee14?s=96&d=mm&r=g\",\"caption\":\"Cope Alcoy\"}}]}<\/script>\n<!-- \/ Yoast SEO plugin. -->","yoast_head_json":{"title":"Detenido en Alcoy por acosar a una mujer y ocasionarle da\u00f1os en su veh\u00edculo - COPE Alcoy","robots":{"index":"index","follow":"follow","max-snippet":"max-snippet:-1","max-image-preview":"max-image-preview:large","max-video-preview":"max-video-preview:-1"},"canonical":"https:\/\/www.copealcoy.es\/es\/detenido-en-alcoy-por-acosar-a-una-mujer-y-ocasionarle-danos-en-su-vehiculo\/","og_locale":"es_ES","og_type":"article","og_title":"Detenido en Alcoy por acosar a una mujer y ocasionarle da\u00f1os en su veh\u00edculo - COPE Alcoy","og_description":"La Polic\u00eda Nacional ha informado de la detenci\u00f3n en Alcoy de un var\u00f3n de 37 a\u00f1os de edad, de nacionalidad...","og_url":"https:\/\/www.copealcoy.es\/es\/detenido-en-alcoy-por-acosar-a-una-mujer-y-ocasionarle-danos-en-su-vehiculo\/","og_site_name":"COPE Alcoy","article_published_time":"2022-05-13T11:12:08+00:00","article_modified_time":"2022-05-13T13:00:29+00:00","og_image":[{"width":574,"height":320,"url":"https:\/\/www.copealcoy.es\/wp-content\/uploads\/2016\/02\/050037ae8aeef3f2c32f90780844f0ff-e1643303615309.jpg","type":"image\/jpeg"}],"author":"Cope Alcoy","twitter_misc":{"Escrito por":"Cope Alcoy","Tiempo de lectura":"2 minutos"},"schema":{"@context":"https:\/\/schema.org","@graph":[{"@type":"Article","@id":"https:\/\/www.copealcoy.es\/es\/detenido-en-alcoy-por-acosar-a-una-mujer-y-ocasionarle-danos-en-su-vehiculo\/#article","isPartOf":{"@id":"https:\/\/www.copealcoy.es\/es\/detenido-en-alcoy-por-acosar-a-una-mujer-y-ocasionarle-danos-en-su-vehiculo\/"},"author":{"name":"Cope Alcoy","@id":"https:\/\/www.copealcoy.es\/es\/#\/schema\/person\/e777c87fa024e57d40170af9df39882c"},"headline":"Detenido en Alcoy por acosar a una mujer y ocasionarle da\u00f1os en su veh\u00edculo","datePublished":"2022-05-13T11:12:08+00:00","dateModified":"2022-05-13T13:00:29+00:00","mainEntityOfPage":{"@id":"https:\/\/www.copealcoy.es\/es\/detenido-en-alcoy-por-acosar-a-una-mujer-y-ocasionarle-danos-en-su-vehiculo\/"},"wordCount":322,"commentCount":0,"image":{"@id":"https:\/\/www.copealcoy.es\/es\/detenido-en-alcoy-por-acosar-a-una-mujer-y-ocasionarle-danos-en-su-vehiculo\/#primaryimage"},"thumbnailUrl":"https:\/\/www.copealcoy.es\/wp-content\/uploads\/2016\/02\/050037ae8aeef3f2c32f90780844f0ff-e1643303615309.jpg","keywords":["acoso","Alcoy","Da\u00f1os","detenci\u00f3n","Mujer","Polic\u00eda Nacional","Veh\u00edculos"],"articleSection":["Actualidad","Alcoy","Noticias","Portada"],"inLanguage":"es"},{"@type":"WebPage","@id":"https:\/\/www.copealcoy.es\/es\/detenido-en-alcoy-por-acosar-a-una-mujer-y-ocasionarle-danos-en-su-vehiculo\/","url":"https:\/\/www.copealcoy.es\/es\/detenido-en-alcoy-por-acosar-a-una-mujer-y-ocasionarle-danos-en-su-vehiculo\/","name":"Detenido en Alcoy por acosar a una mujer y ocasionarle da\u00f1os en su veh\u00edculo - COPE Alcoy","isPartOf":{"@id":"https:\/\/www.copealcoy.es\/es\/#website"},"primaryImageOfPage":{"@id":"https:\/\/www.copealcoy.es\/es\/detenido-en-alcoy-por-acosar-a-una-mujer-y-ocasionarle-danos-en-su-vehiculo\/#primaryimage"},"image":{"@id":"https:\/\/www.copealcoy.es\/es\/detenido-en-alcoy-por-acosar-a-una-mujer-y-ocasionarle-danos-en-su-vehiculo\/#primaryimage"},"thumbnailUrl":"https:\/\/www.copealcoy.es\/wp-content\/uploads\/2016\/02\/050037ae8aeef3f2c32f90780844f0ff-e1643303615309.jpg","datePublished":"2022-05-13T11:12:08+00:00","dateModified":"2022-05-13T13:00:29+00:00","author":{"@id":"https:\/\/www.copealcoy.es\/es\/#\/schema\/person\/e777c87fa024e57d40170af9df39882c"},"breadcrumb":{"@id":"https:\/\/www.copealcoy.es\/es\/detenido-en-alcoy-por-acosar-a-una-mujer-y-ocasionarle-danos-en-su-vehiculo\/#breadcrumb"},"inLanguage":"es","potentialAction":[{"@type":"ReadAction","target":["https:\/\/www.copealcoy.es\/es\/detenido-en-alcoy-por-acosar-a-una-mujer-y-ocasionarle-danos-en-su-vehiculo\/"]}]},{"@type":"ImageObject","inLanguage":"es","@id":"https:\/\/www.copealcoy.es\/es\/detenido-en-alcoy-por-acosar-a-una-mujer-y-ocasionarle-danos-en-su-vehiculo\/#primaryimage","url":"https:\/\/www.copealcoy.es\/wp-content\/uploads\/2016\/02\/050037ae8aeef3f2c32f90780844f0ff-e1643303615309.jpg","contentUrl":"https:\/\/www.copealcoy.es\/wp-content\/uploads\/2016\/02\/050037ae8aeef3f2c32f90780844f0ff-e1643303615309.jpg","width":574,"height":320,"caption":"Comisar\u00eda de la Polic\u00eda en Alcoy \/ Foto: Diario El Nostre"},{"@type":"BreadcrumbList","@id":"https:\/\/www.copealcoy.es\/es\/detenido-en-alcoy-por-acosar-a-una-mujer-y-ocasionarle-danos-en-su-vehiculo\/#breadcrumb","itemListElement":[{"@type":"ListItem","position":1,"name":"Portada","item":"https:\/\/www.copealcoy.es\/es\/"},{"@type":"ListItem","position":2,"name":"Detenido en Alcoy por acosar a una mujer y ocasionarle da\u00f1os en su veh\u00edculo"}]},{"@type":"WebSite","@id":"https:\/\/www.copealcoy.es\/es\/#website","url":"https:\/\/www.copealcoy.es\/es\/","name":"COPE Alcoy","description":"Emisora COPE de radio local con emisi\u00f3n online. Pont de Sant Jordi 8-10 03803 Alcoy","potentialAction":[{"@type":"SearchAction","target":{"@type":"EntryPoint","urlTemplate":"https:\/\/www.copealcoy.es\/es\/?s={search_term_string}"},"query-input":{"@type":"PropertyValueSpecification","valueRequired":true,"valueName":"search_term_string"}}],"inLanguage":"es"},{"@type":"Person","@id":"https:\/\/www.copealcoy.es\/es\/#\/schema\/person\/e777c87fa024e57d40170af9df39882c","name":"Cope Alcoy","image":{"@type":"ImageObject","inLanguage":"es","@id":"https:\/\/secure.gravatar.com\/avatar\/bb65d0283347e303893ba14f0692005417c1e0e690a325a4c5d8bb2b3943ee14?s=96&d=mm&r=g","url":"https:\/\/secure.gravatar.com\/avatar\/bb65d0283347e303893ba14f0692005417c1e0e690a325a4c5d8bb2b3943ee14?s=96&d=mm&r=g","contentUrl":"https:\/\/secure.gravatar.com\/avatar\/bb65d0283347e303893ba14f0692005417c1e0e690a325a4c5d8bb2b3943ee14?s=96&d=mm&r=g","caption":"Cope Alcoy"}}]}},"_links":{"self":[{"href":"https:\/\/www.copealcoy.es\/es\/wp-json\/wp\/v2\/posts\/87361","targetHints":{"allow":["GET"]}}],"collection":[{"href":"https:\/\/www.copealcoy.es\/es\/wp-json\/wp\/v2\/posts"}],"about":[{"href":"https:\/\/www.copealcoy.es\/es\/wp-json\/wp\/v2\/types\/post"}],"author":[{"embeddable":true,"href":"https:\/\/www.copealcoy.es\/es\/wp-json\/wp\/v2\/users\/1"}],"replies":[{"embeddable":true,"href":"https:\/\/www.copealcoy.es\/es\/wp-json\/wp\/v2\/comments?post=87361"}],"version-history":[{"count":0,"href":"https:\/\/www.copealcoy.es\/es\/wp-json\/wp\/v2\/posts\/87361\/revisions"}],"wp:featuredmedia":[{"embeddable":true,"href":"https:\/\/www.copealcoy.es\/es\/wp-json\/wp\/v2\/media\/18764"}],"wp:attachment":[{"href":"https:\/\/www.copealcoy.es\/es\/wp-json\/wp\/v2\/media?parent=87361"}],"wp:term":[{"taxonomy":"category","embeddable":true,"href":"https:\/\/www.copealcoy.es\/es\/wp-json\/wp\/v2\/categories?post=87361"},{"taxonomy":"post_tag","embeddable":true,"href":"https:\/\/www.copealcoy.es\/es\/wp-json\/wp\/v2\/tags?post=87361"}],"curies":[{"name":"wp","href":"https:\/\/api.w.org\/{rel}","templated":true}]}}