{"id":87339,"date":"2022-05-12T07:20:50","date_gmt":"2022-05-12T06:20:50","guid":{"rendered":"https:\/\/www.copealcoy.es\/?p=87339"},"modified":"2022-05-12T16:27:26","modified_gmt":"2022-05-12T15:27:26","slug":"puig-anunciara-els-canvis-en-el-consell-aquest-cap-de-setmana","status":"publish","type":"post","link":"https:\/\/www.copealcoy.es\/es\/puig-anunciara-els-canvis-en-el-consell-aquest-cap-de-setmana\/","title":{"rendered":"Puig anunciar\u00e0 els canvis en el Consell aquest cap de setmana"},"content":{"rendered":"<p style=\"text-align: justify;\">El President de la Generalitat, <strong>Ximo Puig<\/strong>, t\u00e9 previst anunciar aquest cap de setmana <strong>els canvis que introduir\u00e0 en el Govern Valenci\u00e0<\/strong>\u00a0per a l&#8217;\u00faltim any que queda de legislatura, mentre que <strong>dilluns tindran lloc els actes de presa de possessi\u00f3<\/strong> dels nous consellers o conselleres.<\/p>\n<p style=\"text-align: justify;\">Aix\u00ed ho ha anunciat aquest dijous la Televisi\u00f3 Valenciana \u00c0 Punt, al mateix temps que ha recordat que <strong>el ple setmanal del Consell d&#8217;aquest divendres<\/strong> ser\u00e0 l&#8217;\u00faltim que se celebrar\u00e0 amb la composici\u00f3 actual, la mateixa que es va iniciar aquesta legislatura, al juny de 2019, i <strong>on \u00fanicament s&#8217;ha substitu\u00eft Rub\u00e9n Mart\u00ednez\u00a0Dalmau\u00a0per H\u00e9ctor Illueca<\/strong> en la vicepresid\u00e8ncia segona, en mans de\u00a0Unides\u00a0Podem.<\/p>\n<p style=\"text-align: justify;\">La remodelaci\u00f3 del Consell que est\u00e0 ultimant Puig <strong>\u00e9s la primera que executar\u00e0 en els set anys al capdavant del Govern Valenci\u00e0<\/strong>, ja que durant aquesta legislatura i mitja nom\u00e9s s&#8217;han dut a terme substitucions puntuals i segons ha assenyalat busca donar un nou impuls a l&#8217;executiu l&#8217;any que queda fins a les eleccions.<\/p>\n<p style=\"text-align: justify;\"><strong>La ren\u00fancia de Manolo Mata com a\u00a0s\u00edndic\u00a0socialista en les Corts<\/strong>\u00a0per a centrar-se en la defensa jur\u00eddica d&#8217;un dels investigats del\u00a0cas Assut, ha sigut el moviment que ha desencadenat <strong>una crisi de govern<\/strong> que inicialment s&#8217;esperava que afectara nom\u00e9s les conselleries gestionades pels socialistes i que finalment <strong>afectar\u00e0 tamb\u00e9 la Conselleria amb m\u00e9s pressupost de les que dirigeix Comprom\u00eds<\/strong>, la d&#8217;Educaci\u00f3.<\/p>\n<p style=\"text-align: justify;\">Aix\u00ed,\u00a0<strong>el Conseller d&#8217;Educaci\u00f3, Cultura i Esport, Vicent Marz\u00e0, va anunciar p\u00fablicament aquest dimecres per sorpresa la seua decisi\u00f3 de deixar el Consell\u00a0<\/strong>per a centrar-se en la labor de partit en Comprom\u00eds, i\u00a0en el seu lloc la coalici\u00f3<strong> ha proposat que el substitu\u00efsca l&#8217;actual secret\u00e0ria auton\u00f2mica de Cultura i Esport<\/strong>, Raquel Tamarit.<\/p>\n<p style=\"text-align: justify;\">Marz\u00e0 <strong>acudir\u00e0 encara aquest divendres al Ple del Consell<\/strong>, at\u00e9s que fins que no es publique en el Diari Oficial de la Generalitat Valenciana (DOGV) el decret del President amb el seu cessament continua formant part d&#8217;executiu valenci\u00e0.<\/p>\n","protected":false},"excerpt":{"rendered":"<p>El President de la Generalitat, Ximo Puig, t\u00e9 previst anunciar aquest cap de setmana els canvis que introduir\u00e0 en el&#8230;<\/p>\n","protected":false},"author":1,"featured_media":75594,"comment_status":"open","ping_status":"open","sticky":false,"template":"","format":"standard","meta":{"footnotes":""},"categories":[98,75],"tags":[1768,479,12716,12715,1728],"class_list":["post-87339","post","type-post","status-publish","format-standard","has-post-thumbnail","hentry","category-comarcas","category-noticias","tag-comunitat-valenciana","tag-consell","tag-govern-valencia","tag-remodelacio","tag-ximo-puig"],"yoast_head":"<!-- This site is optimized with the Yoast SEO plugin v27.3 - https:\/\/yoast.com\/product\/yoast-seo-wordpress\/ -->\n<title>Puig anunciar\u00e0 els canvis en el Consell aquest cap de setmana - COPE Alcoy<\/title>\n<meta name=\"robots\" content=\"index, follow, max-snippet:-1, max-image-preview:large, max-video-preview:-1\" \/>\n<link rel=\"canonical\" href=\"https:\/\/www.copealcoy.es\/es\/puig-anunciara-els-canvis-en-el-consell-aquest-cap-de-setmana\/\" \/>\n<meta property=\"og:locale\" content=\"es_ES\" \/>\n<meta property=\"og:type\" content=\"article\" \/>\n<meta property=\"og:title\" content=\"Puig anunciar\u00e0 els canvis en el Consell aquest cap de setmana - COPE Alcoy\" \/>\n<meta property=\"og:description\" content=\"El President de la Generalitat, Ximo Puig, t\u00e9 previst anunciar aquest cap de setmana els canvis que introduir\u00e0 en el...\" \/>\n<meta property=\"og:url\" content=\"https:\/\/www.copealcoy.es\/es\/puig-anunciara-els-canvis-en-el-consell-aquest-cap-de-setmana\/\" \/>\n<meta property=\"og:site_name\" content=\"COPE Alcoy\" \/>\n<meta property=\"article:published_time\" content=\"2022-05-12T06:20:50+00:00\" \/>\n<meta property=\"article:modified_time\" content=\"2022-05-12T15:27:26+00:00\" \/>\n<meta property=\"og:image\" content=\"https:\/\/www.copealcoy.es\/wp-content\/uploads\/2021\/07\/1625740248295-e1625763075790.jpg\" \/>\n\t<meta property=\"og:image:width\" content=\"976\" \/>\n\t<meta property=\"og:image:height\" content=\"466\" \/>\n\t<meta property=\"og:image:type\" content=\"image\/jpeg\" \/>\n<meta name=\"author\" content=\"Cope Alcoy\" \/>\n<meta name=\"twitter:label1\" content=\"Escrito por\" \/>\n\t<meta name=\"twitter:data1\" content=\"Cope Alcoy\" \/>\n\t<meta name=\"twitter:label2\" content=\"Tiempo de lectura\" \/>\n\t<meta name=\"twitter:data2\" content=\"2 minutos\" \/>\n<script type=\"application\/ld+json\" class=\"yoast-schema-graph\">{\"@context\":\"https:\\\/\\\/schema.org\",\"@graph\":[{\"@type\":\"Article\",\"@id\":\"https:\\\/\\\/www.copealcoy.es\\\/es\\\/puig-anunciara-els-canvis-en-el-consell-aquest-cap-de-setmana\\\/#article\",\"isPartOf\":{\"@id\":\"https:\\\/\\\/www.copealcoy.es\\\/es\\\/puig-anunciara-els-canvis-en-el-consell-aquest-cap-de-setmana\\\/\"},\"author\":{\"name\":\"Cope Alcoy\",\"@id\":\"https:\\\/\\\/www.copealcoy.es\\\/es\\\/#\\\/schema\\\/person\\\/e777c87fa024e57d40170af9df39882c\"},\"headline\":\"Puig anunciar\u00e0 els canvis en el Consell aquest cap de setmana\",\"datePublished\":\"2022-05-12T06:20:50+00:00\",\"dateModified\":\"2022-05-12T15:27:26+00:00\",\"mainEntityOfPage\":{\"@id\":\"https:\\\/\\\/www.copealcoy.es\\\/es\\\/puig-anunciara-els-canvis-en-el-consell-aquest-cap-de-setmana\\\/\"},\"wordCount\":362,\"commentCount\":0,\"image\":{\"@id\":\"https:\\\/\\\/www.copealcoy.es\\\/es\\\/puig-anunciara-els-canvis-en-el-consell-aquest-cap-de-setmana\\\/#primaryimage\"},\"thumbnailUrl\":\"https:\\\/\\\/www.copealcoy.es\\\/wp-content\\\/uploads\\\/2021\\\/07\\\/1625740248295-e1625763075790.jpg\",\"keywords\":[\"Comunitat Valenciana\",\"Consell\",\"govern valenci\u00e0\",\"remodelaci\u00f3\",\"Ximo Puig\"],\"articleSection\":[\"Comarcas\",\"Noticias\"],\"inLanguage\":\"es\"},{\"@type\":\"WebPage\",\"@id\":\"https:\\\/\\\/www.copealcoy.es\\\/es\\\/puig-anunciara-els-canvis-en-el-consell-aquest-cap-de-setmana\\\/\",\"url\":\"https:\\\/\\\/www.copealcoy.es\\\/es\\\/puig-anunciara-els-canvis-en-el-consell-aquest-cap-de-setmana\\\/\",\"name\":\"Puig anunciar\u00e0 els canvis en el Consell aquest cap de setmana - COPE Alcoy\",\"isPartOf\":{\"@id\":\"https:\\\/\\\/www.copealcoy.es\\\/es\\\/#website\"},\"primaryImageOfPage\":{\"@id\":\"https:\\\/\\\/www.copealcoy.es\\\/es\\\/puig-anunciara-els-canvis-en-el-consell-aquest-cap-de-setmana\\\/#primaryimage\"},\"image\":{\"@id\":\"https:\\\/\\\/www.copealcoy.es\\\/es\\\/puig-anunciara-els-canvis-en-el-consell-aquest-cap-de-setmana\\\/#primaryimage\"},\"thumbnailUrl\":\"https:\\\/\\\/www.copealcoy.es\\\/wp-content\\\/uploads\\\/2021\\\/07\\\/1625740248295-e1625763075790.jpg\",\"datePublished\":\"2022-05-12T06:20:50+00:00\",\"dateModified\":\"2022-05-12T15:27:26+00:00\",\"author\":{\"@id\":\"https:\\\/\\\/www.copealcoy.es\\\/es\\\/#\\\/schema\\\/person\\\/e777c87fa024e57d40170af9df39882c\"},\"breadcrumb\":{\"@id\":\"https:\\\/\\\/www.copealcoy.es\\\/es\\\/puig-anunciara-els-canvis-en-el-consell-aquest-cap-de-setmana\\\/#breadcrumb\"},\"inLanguage\":\"es\",\"potentialAction\":[{\"@type\":\"ReadAction\",\"target\":[\"https:\\\/\\\/www.copealcoy.es\\\/es\\\/puig-anunciara-els-canvis-en-el-consell-aquest-cap-de-setmana\\\/\"]}]},{\"@type\":\"ImageObject\",\"inLanguage\":\"es\",\"@id\":\"https:\\\/\\\/www.copealcoy.es\\\/es\\\/puig-anunciara-els-canvis-en-el-consell-aquest-cap-de-setmana\\\/#primaryimage\",\"url\":\"https:\\\/\\\/www.copealcoy.es\\\/wp-content\\\/uploads\\\/2021\\\/07\\\/1625740248295-e1625763075790.jpg\",\"contentUrl\":\"https:\\\/\\\/www.copealcoy.es\\\/wp-content\\\/uploads\\\/2021\\\/07\\\/1625740248295-e1625763075790.jpg\",\"width\":976,\"height\":466},{\"@type\":\"BreadcrumbList\",\"@id\":\"https:\\\/\\\/www.copealcoy.es\\\/es\\\/puig-anunciara-els-canvis-en-el-consell-aquest-cap-de-setmana\\\/#breadcrumb\",\"itemListElement\":[{\"@type\":\"ListItem\",\"position\":1,\"name\":\"Portada\",\"item\":\"https:\\\/\\\/www.copealcoy.es\\\/es\\\/\"},{\"@type\":\"ListItem\",\"position\":2,\"name\":\"Puig anunciar\u00e0 els canvis en el Consell aquest cap de setmana\"}]},{\"@type\":\"WebSite\",\"@id\":\"https:\\\/\\\/www.copealcoy.es\\\/es\\\/#website\",\"url\":\"https:\\\/\\\/www.copealcoy.es\\\/es\\\/\",\"name\":\"COPE Alcoy\",\"description\":\"Emisora COPE de radio local con emisi\u00f3n online. Pont de Sant Jordi 8-10 03803 Alcoy\",\"potentialAction\":[{\"@type\":\"SearchAction\",\"target\":{\"@type\":\"EntryPoint\",\"urlTemplate\":\"https:\\\/\\\/www.copealcoy.es\\\/es\\\/?s={search_term_string}\"},\"query-input\":{\"@type\":\"PropertyValueSpecification\",\"valueRequired\":true,\"valueName\":\"search_term_string\"}}],\"inLanguage\":\"es\"},{\"@type\":\"Person\",\"@id\":\"https:\\\/\\\/www.copealcoy.es\\\/es\\\/#\\\/schema\\\/person\\\/e777c87fa024e57d40170af9df39882c\",\"name\":\"Cope Alcoy\",\"image\":{\"@type\":\"ImageObject\",\"inLanguage\":\"es\",\"@id\":\"https:\\\/\\\/secure.gravatar.com\\\/avatar\\\/bb65d0283347e303893ba14f0692005417c1e0e690a325a4c5d8bb2b3943ee14?s=96&d=mm&r=g\",\"url\":\"https:\\\/\\\/secure.gravatar.com\\\/avatar\\\/bb65d0283347e303893ba14f0692005417c1e0e690a325a4c5d8bb2b3943ee14?s=96&d=mm&r=g\",\"contentUrl\":\"https:\\\/\\\/secure.gravatar.com\\\/avatar\\\/bb65d0283347e303893ba14f0692005417c1e0e690a325a4c5d8bb2b3943ee14?s=96&d=mm&r=g\",\"caption\":\"Cope Alcoy\"}}]}<\/script>\n<!-- \/ Yoast SEO plugin. -->","yoast_head_json":{"title":"Puig anunciar\u00e0 els canvis en el Consell aquest cap de setmana - COPE Alcoy","robots":{"index":"index","follow":"follow","max-snippet":"max-snippet:-1","max-image-preview":"max-image-preview:large","max-video-preview":"max-video-preview:-1"},"canonical":"https:\/\/www.copealcoy.es\/es\/puig-anunciara-els-canvis-en-el-consell-aquest-cap-de-setmana\/","og_locale":"es_ES","og_type":"article","og_title":"Puig anunciar\u00e0 els canvis en el Consell aquest cap de setmana - COPE Alcoy","og_description":"El President de la Generalitat, Ximo Puig, t\u00e9 previst anunciar aquest cap de setmana els canvis que introduir\u00e0 en el...","og_url":"https:\/\/www.copealcoy.es\/es\/puig-anunciara-els-canvis-en-el-consell-aquest-cap-de-setmana\/","og_site_name":"COPE Alcoy","article_published_time":"2022-05-12T06:20:50+00:00","article_modified_time":"2022-05-12T15:27:26+00:00","og_image":[{"width":976,"height":466,"url":"https:\/\/www.copealcoy.es\/wp-content\/uploads\/2021\/07\/1625740248295-e1625763075790.jpg","type":"image\/jpeg"}],"author":"Cope Alcoy","twitter_misc":{"Escrito por":"Cope Alcoy","Tiempo de lectura":"2 minutos"},"schema":{"@context":"https:\/\/schema.org","@graph":[{"@type":"Article","@id":"https:\/\/www.copealcoy.es\/es\/puig-anunciara-els-canvis-en-el-consell-aquest-cap-de-setmana\/#article","isPartOf":{"@id":"https:\/\/www.copealcoy.es\/es\/puig-anunciara-els-canvis-en-el-consell-aquest-cap-de-setmana\/"},"author":{"name":"Cope Alcoy","@id":"https:\/\/www.copealcoy.es\/es\/#\/schema\/person\/e777c87fa024e57d40170af9df39882c"},"headline":"Puig anunciar\u00e0 els canvis en el Consell aquest cap de setmana","datePublished":"2022-05-12T06:20:50+00:00","dateModified":"2022-05-12T15:27:26+00:00","mainEntityOfPage":{"@id":"https:\/\/www.copealcoy.es\/es\/puig-anunciara-els-canvis-en-el-consell-aquest-cap-de-setmana\/"},"wordCount":362,"commentCount":0,"image":{"@id":"https:\/\/www.copealcoy.es\/es\/puig-anunciara-els-canvis-en-el-consell-aquest-cap-de-setmana\/#primaryimage"},"thumbnailUrl":"https:\/\/www.copealcoy.es\/wp-content\/uploads\/2021\/07\/1625740248295-e1625763075790.jpg","keywords":["Comunitat Valenciana","Consell","govern valenci\u00e0","remodelaci\u00f3","Ximo Puig"],"articleSection":["Comarcas","Noticias"],"inLanguage":"es"},{"@type":"WebPage","@id":"https:\/\/www.copealcoy.es\/es\/puig-anunciara-els-canvis-en-el-consell-aquest-cap-de-setmana\/","url":"https:\/\/www.copealcoy.es\/es\/puig-anunciara-els-canvis-en-el-consell-aquest-cap-de-setmana\/","name":"Puig anunciar\u00e0 els canvis en el Consell aquest cap de setmana - COPE Alcoy","isPartOf":{"@id":"https:\/\/www.copealcoy.es\/es\/#website"},"primaryImageOfPage":{"@id":"https:\/\/www.copealcoy.es\/es\/puig-anunciara-els-canvis-en-el-consell-aquest-cap-de-setmana\/#primaryimage"},"image":{"@id":"https:\/\/www.copealcoy.es\/es\/puig-anunciara-els-canvis-en-el-consell-aquest-cap-de-setmana\/#primaryimage"},"thumbnailUrl":"https:\/\/www.copealcoy.es\/wp-content\/uploads\/2021\/07\/1625740248295-e1625763075790.jpg","datePublished":"2022-05-12T06:20:50+00:00","dateModified":"2022-05-12T15:27:26+00:00","author":{"@id":"https:\/\/www.copealcoy.es\/es\/#\/schema\/person\/e777c87fa024e57d40170af9df39882c"},"breadcrumb":{"@id":"https:\/\/www.copealcoy.es\/es\/puig-anunciara-els-canvis-en-el-consell-aquest-cap-de-setmana\/#breadcrumb"},"inLanguage":"es","potentialAction":[{"@type":"ReadAction","target":["https:\/\/www.copealcoy.es\/es\/puig-anunciara-els-canvis-en-el-consell-aquest-cap-de-setmana\/"]}]},{"@type":"ImageObject","inLanguage":"es","@id":"https:\/\/www.copealcoy.es\/es\/puig-anunciara-els-canvis-en-el-consell-aquest-cap-de-setmana\/#primaryimage","url":"https:\/\/www.copealcoy.es\/wp-content\/uploads\/2021\/07\/1625740248295-e1625763075790.jpg","contentUrl":"https:\/\/www.copealcoy.es\/wp-content\/uploads\/2021\/07\/1625740248295-e1625763075790.jpg","width":976,"height":466},{"@type":"BreadcrumbList","@id":"https:\/\/www.copealcoy.es\/es\/puig-anunciara-els-canvis-en-el-consell-aquest-cap-de-setmana\/#breadcrumb","itemListElement":[{"@type":"ListItem","position":1,"name":"Portada","item":"https:\/\/www.copealcoy.es\/es\/"},{"@type":"ListItem","position":2,"name":"Puig anunciar\u00e0 els canvis en el Consell aquest cap de setmana"}]},{"@type":"WebSite","@id":"https:\/\/www.copealcoy.es\/es\/#website","url":"https:\/\/www.copealcoy.es\/es\/","name":"COPE Alcoy","description":"Emisora COPE de radio local con emisi\u00f3n online. Pont de Sant Jordi 8-10 03803 Alcoy","potentialAction":[{"@type":"SearchAction","target":{"@type":"EntryPoint","urlTemplate":"https:\/\/www.copealcoy.es\/es\/?s={search_term_string}"},"query-input":{"@type":"PropertyValueSpecification","valueRequired":true,"valueName":"search_term_string"}}],"inLanguage":"es"},{"@type":"Person","@id":"https:\/\/www.copealcoy.es\/es\/#\/schema\/person\/e777c87fa024e57d40170af9df39882c","name":"Cope Alcoy","image":{"@type":"ImageObject","inLanguage":"es","@id":"https:\/\/secure.gravatar.com\/avatar\/bb65d0283347e303893ba14f0692005417c1e0e690a325a4c5d8bb2b3943ee14?s=96&d=mm&r=g","url":"https:\/\/secure.gravatar.com\/avatar\/bb65d0283347e303893ba14f0692005417c1e0e690a325a4c5d8bb2b3943ee14?s=96&d=mm&r=g","contentUrl":"https:\/\/secure.gravatar.com\/avatar\/bb65d0283347e303893ba14f0692005417c1e0e690a325a4c5d8bb2b3943ee14?s=96&d=mm&r=g","caption":"Cope Alcoy"}}]}},"_links":{"self":[{"href":"https:\/\/www.copealcoy.es\/es\/wp-json\/wp\/v2\/posts\/87339","targetHints":{"allow":["GET"]}}],"collection":[{"href":"https:\/\/www.copealcoy.es\/es\/wp-json\/wp\/v2\/posts"}],"about":[{"href":"https:\/\/www.copealcoy.es\/es\/wp-json\/wp\/v2\/types\/post"}],"author":[{"embeddable":true,"href":"https:\/\/www.copealcoy.es\/es\/wp-json\/wp\/v2\/users\/1"}],"replies":[{"embeddable":true,"href":"https:\/\/www.copealcoy.es\/es\/wp-json\/wp\/v2\/comments?post=87339"}],"version-history":[{"count":0,"href":"https:\/\/www.copealcoy.es\/es\/wp-json\/wp\/v2\/posts\/87339\/revisions"}],"wp:featuredmedia":[{"embeddable":true,"href":"https:\/\/www.copealcoy.es\/es\/wp-json\/wp\/v2\/media\/75594"}],"wp:attachment":[{"href":"https:\/\/www.copealcoy.es\/es\/wp-json\/wp\/v2\/media?parent=87339"}],"wp:term":[{"taxonomy":"category","embeddable":true,"href":"https:\/\/www.copealcoy.es\/es\/wp-json\/wp\/v2\/categories?post=87339"},{"taxonomy":"post_tag","embeddable":true,"href":"https:\/\/www.copealcoy.es\/es\/wp-json\/wp\/v2\/tags?post=87339"}],"curies":[{"name":"wp","href":"https:\/\/api.w.org\/{rel}","templated":true}]}}