{"id":87280,"date":"2022-05-11T10:23:54","date_gmt":"2022-05-11T09:23:54","guid":{"rendered":"https:\/\/www.copealcoy.es\/?p=87280"},"modified":"2022-05-11T10:32:22","modified_gmt":"2022-05-11T09:32:22","slug":"vicent-marza-deja-la-conselleria-de-educacion","status":"publish","type":"post","link":"https:\/\/www.copealcoy.es\/es\/vicent-marza-deja-la-conselleria-de-educacion\/","title":{"rendered":"Vicent Marz\u00e0 deja la Conseller\u00eda de Educaci\u00f3n"},"content":{"rendered":"<p style=\"text-align: justify;\">El Conseller de Educaci\u00f3n, Cultura y Deporte, <strong>Vicent Marz\u00e0<\/strong>, va a dejar su cargo en el Consell con el fin de <strong>centrarse en la labor de diputado auton\u00f3mico y en su partido<\/strong>, M\u00e9s Comprom\u00eds, a falta de un a\u00f1o para las elecciones auton\u00f3micas.<\/p>\n<p style=\"text-align: justify;\">Seg\u00fan han informado desde COPE VALENCIA, la decisi\u00f3n de dejar la Conselleria de Educaci\u00f3n, Cultura y Deporte, de la que Marz\u00e0 <strong>ha sido responsable desde la primera legislatura<\/strong> del pacto del Bot\u00e0nic, en 2015, supone un <em>&#8220;movimiento estrat\u00e9gico&#8221;<\/em>\u00a0destinado a <strong>fortalecer la coalici\u00f3n<\/strong> para las elecciones auton\u00f3micas de 2023. Fuentes pr\u00f3ximas a Comprom\u00eds indican que <strong>la Conselleria de la Avenida Campanar<\/strong> es un departamento que implica <em>&#8220;un nivel de exigencia del 200%&#8221;<\/em>, lo que dificulta <strong>poder compaginarlo con el fortalecimiento del principal partido de la coalici\u00f3n Comprom\u00eds<\/strong> que ahora se busca aplicar.<\/p>\n<p style=\"text-align: justify;\">El de Vicent Marz\u00e0 <strong>fue uno de los nombres que son\u00f3 para sustituir a Fran Ferri como s\u00edndic de Comprom\u00eds en Les Corts<\/strong> cuando este anunci\u00f3 el pasado mes de diciembre la renuncia a su esca\u00f1o en Les Corts para regresar a la actividad privada, si bien finalmente se nombr\u00f3 para ese puesto a la diputada Papi Robles. La renuncia de Marz\u00e0 <strong>ha saltado por sorpresa cuando en los \u00faltimos d\u00edas se viene especulando sobre la remodelaci\u00f3n del Consell<\/strong> que va a aplicar el president, Ximo Puig, tras la renuncia de Manolo Mata al cargo de s\u00edndic socialista en Les Corts, y que en un principio se esperaba que solo afectara a las Consellerias que gestionan los socialistas.<\/p>\n<p style=\"text-align: justify;\">La <strong>Conselleria de Educaci\u00f3n, Cultura y Deporte<\/strong> es una de las cuatro nombradas por Comprom\u00eds, que tambi\u00e9n tiene en el Consell la vicepresidencia y Conselleria de Igualdad y Pol\u00edticas Inclusivas (M\u00f3nica Oltra), la Conselleria de Econom\u00eda (Rafa Climent) y la de Agricultura y Medio Ambiente (Mireia Moll\u00e0).<\/p>\n","protected":false},"excerpt":{"rendered":"<p>El Conseller de Educaci\u00f3n, Cultura y Deporte, Vicent Marz\u00e0, va a dejar su cargo en el Consell con el fin&#8230;<\/p>\n","protected":false},"author":1,"featured_media":15424,"comment_status":"open","ping_status":"open","sticky":false,"template":"","format":"standard","meta":{"footnotes":""},"categories":[6909,75,79],"tags":[479,4377,2219,1728],"class_list":["post-87280","post","type-post","status-publish","format-standard","has-post-thumbnail","hentry","category-actualidad","category-noticias","category-politicayeconomia","tag-consell","tag-dimision","tag-vicent-marza","tag-ximo-puig"],"yoast_head":"<!-- This site is optimized with the Yoast SEO plugin v27.3 - https:\/\/yoast.com\/product\/yoast-seo-wordpress\/ -->\n<title>Vicent Marz\u00e0 deja la Conseller\u00eda de Educaci\u00f3n - COPE Alcoy<\/title>\n<meta name=\"robots\" content=\"index, follow, max-snippet:-1, max-image-preview:large, max-video-preview:-1\" \/>\n<link rel=\"canonical\" href=\"https:\/\/www.copealcoy.es\/es\/vicent-marza-deja-la-conselleria-de-educacion\/\" \/>\n<meta property=\"og:locale\" content=\"es_ES\" \/>\n<meta property=\"og:type\" content=\"article\" \/>\n<meta property=\"og:title\" content=\"Vicent Marz\u00e0 deja la Conseller\u00eda de Educaci\u00f3n - COPE Alcoy\" \/>\n<meta property=\"og:description\" content=\"El Conseller de Educaci\u00f3n, Cultura y Deporte, Vicent Marz\u00e0, va a dejar su cargo en el Consell con el fin...\" \/>\n<meta property=\"og:url\" content=\"https:\/\/www.copealcoy.es\/es\/vicent-marza-deja-la-conselleria-de-educacion\/\" \/>\n<meta property=\"og:site_name\" content=\"COPE Alcoy\" \/>\n<meta property=\"article:published_time\" content=\"2022-05-11T09:23:54+00:00\" \/>\n<meta property=\"article:modified_time\" content=\"2022-05-11T09:32:22+00:00\" \/>\n<meta property=\"og:image\" content=\"https:\/\/www.copealcoy.es\/wp-content\/uploads\/2015\/09\/XarxaLlibres.jpg\" \/>\n\t<meta property=\"og:image:width\" content=\"1090\" \/>\n\t<meta property=\"og:image:height\" content=\"681\" \/>\n\t<meta property=\"og:image:type\" content=\"image\/jpeg\" \/>\n<meta name=\"author\" content=\"Cope Alcoy\" \/>\n<meta name=\"twitter:label1\" content=\"Escrito por\" \/>\n\t<meta name=\"twitter:data1\" content=\"Cope Alcoy\" \/>\n\t<meta name=\"twitter:label2\" content=\"Tiempo de lectura\" \/>\n\t<meta name=\"twitter:data2\" content=\"2 minutos\" \/>\n<script type=\"application\/ld+json\" class=\"yoast-schema-graph\">{\"@context\":\"https:\\\/\\\/schema.org\",\"@graph\":[{\"@type\":\"Article\",\"@id\":\"https:\\\/\\\/www.copealcoy.es\\\/es\\\/vicent-marza-deja-la-conselleria-de-educacion\\\/#article\",\"isPartOf\":{\"@id\":\"https:\\\/\\\/www.copealcoy.es\\\/es\\\/vicent-marza-deja-la-conselleria-de-educacion\\\/\"},\"author\":{\"name\":\"Cope Alcoy\",\"@id\":\"https:\\\/\\\/www.copealcoy.es\\\/es\\\/#\\\/schema\\\/person\\\/e777c87fa024e57d40170af9df39882c\"},\"headline\":\"Vicent Marz\u00e0 deja la Conseller\u00eda de Educaci\u00f3n\",\"datePublished\":\"2022-05-11T09:23:54+00:00\",\"dateModified\":\"2022-05-11T09:32:22+00:00\",\"mainEntityOfPage\":{\"@id\":\"https:\\\/\\\/www.copealcoy.es\\\/es\\\/vicent-marza-deja-la-conselleria-de-educacion\\\/\"},\"wordCount\":335,\"commentCount\":0,\"image\":{\"@id\":\"https:\\\/\\\/www.copealcoy.es\\\/es\\\/vicent-marza-deja-la-conselleria-de-educacion\\\/#primaryimage\"},\"thumbnailUrl\":\"https:\\\/\\\/www.copealcoy.es\\\/wp-content\\\/uploads\\\/2015\\\/09\\\/XarxaLlibres.jpg\",\"keywords\":[\"Consell\",\"dimisi\u00f3n\",\"Vicent Marz\u00e0\",\"Ximo Puig\"],\"articleSection\":[\"Actualidad\",\"Noticias\",\"Pol\u00edtica y Econom\u00eda\"],\"inLanguage\":\"es\"},{\"@type\":\"WebPage\",\"@id\":\"https:\\\/\\\/www.copealcoy.es\\\/es\\\/vicent-marza-deja-la-conselleria-de-educacion\\\/\",\"url\":\"https:\\\/\\\/www.copealcoy.es\\\/es\\\/vicent-marza-deja-la-conselleria-de-educacion\\\/\",\"name\":\"Vicent Marz\u00e0 deja la Conseller\u00eda de Educaci\u00f3n - COPE Alcoy\",\"isPartOf\":{\"@id\":\"https:\\\/\\\/www.copealcoy.es\\\/es\\\/#website\"},\"primaryImageOfPage\":{\"@id\":\"https:\\\/\\\/www.copealcoy.es\\\/es\\\/vicent-marza-deja-la-conselleria-de-educacion\\\/#primaryimage\"},\"image\":{\"@id\":\"https:\\\/\\\/www.copealcoy.es\\\/es\\\/vicent-marza-deja-la-conselleria-de-educacion\\\/#primaryimage\"},\"thumbnailUrl\":\"https:\\\/\\\/www.copealcoy.es\\\/wp-content\\\/uploads\\\/2015\\\/09\\\/XarxaLlibres.jpg\",\"datePublished\":\"2022-05-11T09:23:54+00:00\",\"dateModified\":\"2022-05-11T09:32:22+00:00\",\"author\":{\"@id\":\"https:\\\/\\\/www.copealcoy.es\\\/es\\\/#\\\/schema\\\/person\\\/e777c87fa024e57d40170af9df39882c\"},\"breadcrumb\":{\"@id\":\"https:\\\/\\\/www.copealcoy.es\\\/es\\\/vicent-marza-deja-la-conselleria-de-educacion\\\/#breadcrumb\"},\"inLanguage\":\"es\",\"potentialAction\":[{\"@type\":\"ReadAction\",\"target\":[\"https:\\\/\\\/www.copealcoy.es\\\/es\\\/vicent-marza-deja-la-conselleria-de-educacion\\\/\"]}]},{\"@type\":\"ImageObject\",\"inLanguage\":\"es\",\"@id\":\"https:\\\/\\\/www.copealcoy.es\\\/es\\\/vicent-marza-deja-la-conselleria-de-educacion\\\/#primaryimage\",\"url\":\"https:\\\/\\\/www.copealcoy.es\\\/wp-content\\\/uploads\\\/2015\\\/09\\\/XarxaLlibres.jpg\",\"contentUrl\":\"https:\\\/\\\/www.copealcoy.es\\\/wp-content\\\/uploads\\\/2015\\\/09\\\/XarxaLlibres.jpg\",\"width\":1090,\"height\":681,\"caption\":\"Ximo Puig junto al Conseller de Educaci\u00f3n, Vicent Marz\u00e0\"},{\"@type\":\"BreadcrumbList\",\"@id\":\"https:\\\/\\\/www.copealcoy.es\\\/es\\\/vicent-marza-deja-la-conselleria-de-educacion\\\/#breadcrumb\",\"itemListElement\":[{\"@type\":\"ListItem\",\"position\":1,\"name\":\"Portada\",\"item\":\"https:\\\/\\\/www.copealcoy.es\\\/es\\\/\"},{\"@type\":\"ListItem\",\"position\":2,\"name\":\"Vicent Marz\u00e0 deja la Conseller\u00eda de Educaci\u00f3n\"}]},{\"@type\":\"WebSite\",\"@id\":\"https:\\\/\\\/www.copealcoy.es\\\/es\\\/#website\",\"url\":\"https:\\\/\\\/www.copealcoy.es\\\/es\\\/\",\"name\":\"COPE Alcoy\",\"description\":\"Emisora COPE de radio local con emisi\u00f3n online. Pont de Sant Jordi 8-10 03803 Alcoy\",\"potentialAction\":[{\"@type\":\"SearchAction\",\"target\":{\"@type\":\"EntryPoint\",\"urlTemplate\":\"https:\\\/\\\/www.copealcoy.es\\\/es\\\/?s={search_term_string}\"},\"query-input\":{\"@type\":\"PropertyValueSpecification\",\"valueRequired\":true,\"valueName\":\"search_term_string\"}}],\"inLanguage\":\"es\"},{\"@type\":\"Person\",\"@id\":\"https:\\\/\\\/www.copealcoy.es\\\/es\\\/#\\\/schema\\\/person\\\/e777c87fa024e57d40170af9df39882c\",\"name\":\"Cope Alcoy\",\"image\":{\"@type\":\"ImageObject\",\"inLanguage\":\"es\",\"@id\":\"https:\\\/\\\/secure.gravatar.com\\\/avatar\\\/bb65d0283347e303893ba14f0692005417c1e0e690a325a4c5d8bb2b3943ee14?s=96&d=mm&r=g\",\"url\":\"https:\\\/\\\/secure.gravatar.com\\\/avatar\\\/bb65d0283347e303893ba14f0692005417c1e0e690a325a4c5d8bb2b3943ee14?s=96&d=mm&r=g\",\"contentUrl\":\"https:\\\/\\\/secure.gravatar.com\\\/avatar\\\/bb65d0283347e303893ba14f0692005417c1e0e690a325a4c5d8bb2b3943ee14?s=96&d=mm&r=g\",\"caption\":\"Cope Alcoy\"}}]}<\/script>\n<!-- \/ Yoast SEO plugin. -->","yoast_head_json":{"title":"Vicent Marz\u00e0 deja la Conseller\u00eda de Educaci\u00f3n - COPE Alcoy","robots":{"index":"index","follow":"follow","max-snippet":"max-snippet:-1","max-image-preview":"max-image-preview:large","max-video-preview":"max-video-preview:-1"},"canonical":"https:\/\/www.copealcoy.es\/es\/vicent-marza-deja-la-conselleria-de-educacion\/","og_locale":"es_ES","og_type":"article","og_title":"Vicent Marz\u00e0 deja la Conseller\u00eda de Educaci\u00f3n - COPE Alcoy","og_description":"El Conseller de Educaci\u00f3n, Cultura y Deporte, Vicent Marz\u00e0, va a dejar su cargo en el Consell con el fin...","og_url":"https:\/\/www.copealcoy.es\/es\/vicent-marza-deja-la-conselleria-de-educacion\/","og_site_name":"COPE Alcoy","article_published_time":"2022-05-11T09:23:54+00:00","article_modified_time":"2022-05-11T09:32:22+00:00","og_image":[{"width":1090,"height":681,"url":"https:\/\/www.copealcoy.es\/wp-content\/uploads\/2015\/09\/XarxaLlibres.jpg","type":"image\/jpeg"}],"author":"Cope Alcoy","twitter_misc":{"Escrito por":"Cope Alcoy","Tiempo de lectura":"2 minutos"},"schema":{"@context":"https:\/\/schema.org","@graph":[{"@type":"Article","@id":"https:\/\/www.copealcoy.es\/es\/vicent-marza-deja-la-conselleria-de-educacion\/#article","isPartOf":{"@id":"https:\/\/www.copealcoy.es\/es\/vicent-marza-deja-la-conselleria-de-educacion\/"},"author":{"name":"Cope Alcoy","@id":"https:\/\/www.copealcoy.es\/es\/#\/schema\/person\/e777c87fa024e57d40170af9df39882c"},"headline":"Vicent Marz\u00e0 deja la Conseller\u00eda de Educaci\u00f3n","datePublished":"2022-05-11T09:23:54+00:00","dateModified":"2022-05-11T09:32:22+00:00","mainEntityOfPage":{"@id":"https:\/\/www.copealcoy.es\/es\/vicent-marza-deja-la-conselleria-de-educacion\/"},"wordCount":335,"commentCount":0,"image":{"@id":"https:\/\/www.copealcoy.es\/es\/vicent-marza-deja-la-conselleria-de-educacion\/#primaryimage"},"thumbnailUrl":"https:\/\/www.copealcoy.es\/wp-content\/uploads\/2015\/09\/XarxaLlibres.jpg","keywords":["Consell","dimisi\u00f3n","Vicent Marz\u00e0","Ximo Puig"],"articleSection":["Actualidad","Noticias","Pol\u00edtica y Econom\u00eda"],"inLanguage":"es"},{"@type":"WebPage","@id":"https:\/\/www.copealcoy.es\/es\/vicent-marza-deja-la-conselleria-de-educacion\/","url":"https:\/\/www.copealcoy.es\/es\/vicent-marza-deja-la-conselleria-de-educacion\/","name":"Vicent Marz\u00e0 deja la Conseller\u00eda de Educaci\u00f3n - COPE Alcoy","isPartOf":{"@id":"https:\/\/www.copealcoy.es\/es\/#website"},"primaryImageOfPage":{"@id":"https:\/\/www.copealcoy.es\/es\/vicent-marza-deja-la-conselleria-de-educacion\/#primaryimage"},"image":{"@id":"https:\/\/www.copealcoy.es\/es\/vicent-marza-deja-la-conselleria-de-educacion\/#primaryimage"},"thumbnailUrl":"https:\/\/www.copealcoy.es\/wp-content\/uploads\/2015\/09\/XarxaLlibres.jpg","datePublished":"2022-05-11T09:23:54+00:00","dateModified":"2022-05-11T09:32:22+00:00","author":{"@id":"https:\/\/www.copealcoy.es\/es\/#\/schema\/person\/e777c87fa024e57d40170af9df39882c"},"breadcrumb":{"@id":"https:\/\/www.copealcoy.es\/es\/vicent-marza-deja-la-conselleria-de-educacion\/#breadcrumb"},"inLanguage":"es","potentialAction":[{"@type":"ReadAction","target":["https:\/\/www.copealcoy.es\/es\/vicent-marza-deja-la-conselleria-de-educacion\/"]}]},{"@type":"ImageObject","inLanguage":"es","@id":"https:\/\/www.copealcoy.es\/es\/vicent-marza-deja-la-conselleria-de-educacion\/#primaryimage","url":"https:\/\/www.copealcoy.es\/wp-content\/uploads\/2015\/09\/XarxaLlibres.jpg","contentUrl":"https:\/\/www.copealcoy.es\/wp-content\/uploads\/2015\/09\/XarxaLlibres.jpg","width":1090,"height":681,"caption":"Ximo Puig junto al Conseller de Educaci\u00f3n, Vicent Marz\u00e0"},{"@type":"BreadcrumbList","@id":"https:\/\/www.copealcoy.es\/es\/vicent-marza-deja-la-conselleria-de-educacion\/#breadcrumb","itemListElement":[{"@type":"ListItem","position":1,"name":"Portada","item":"https:\/\/www.copealcoy.es\/es\/"},{"@type":"ListItem","position":2,"name":"Vicent Marz\u00e0 deja la Conseller\u00eda de Educaci\u00f3n"}]},{"@type":"WebSite","@id":"https:\/\/www.copealcoy.es\/es\/#website","url":"https:\/\/www.copealcoy.es\/es\/","name":"COPE Alcoy","description":"Emisora COPE de radio local con emisi\u00f3n online. Pont de Sant Jordi 8-10 03803 Alcoy","potentialAction":[{"@type":"SearchAction","target":{"@type":"EntryPoint","urlTemplate":"https:\/\/www.copealcoy.es\/es\/?s={search_term_string}"},"query-input":{"@type":"PropertyValueSpecification","valueRequired":true,"valueName":"search_term_string"}}],"inLanguage":"es"},{"@type":"Person","@id":"https:\/\/www.copealcoy.es\/es\/#\/schema\/person\/e777c87fa024e57d40170af9df39882c","name":"Cope Alcoy","image":{"@type":"ImageObject","inLanguage":"es","@id":"https:\/\/secure.gravatar.com\/avatar\/bb65d0283347e303893ba14f0692005417c1e0e690a325a4c5d8bb2b3943ee14?s=96&d=mm&r=g","url":"https:\/\/secure.gravatar.com\/avatar\/bb65d0283347e303893ba14f0692005417c1e0e690a325a4c5d8bb2b3943ee14?s=96&d=mm&r=g","contentUrl":"https:\/\/secure.gravatar.com\/avatar\/bb65d0283347e303893ba14f0692005417c1e0e690a325a4c5d8bb2b3943ee14?s=96&d=mm&r=g","caption":"Cope Alcoy"}}]}},"_links":{"self":[{"href":"https:\/\/www.copealcoy.es\/es\/wp-json\/wp\/v2\/posts\/87280","targetHints":{"allow":["GET"]}}],"collection":[{"href":"https:\/\/www.copealcoy.es\/es\/wp-json\/wp\/v2\/posts"}],"about":[{"href":"https:\/\/www.copealcoy.es\/es\/wp-json\/wp\/v2\/types\/post"}],"author":[{"embeddable":true,"href":"https:\/\/www.copealcoy.es\/es\/wp-json\/wp\/v2\/users\/1"}],"replies":[{"embeddable":true,"href":"https:\/\/www.copealcoy.es\/es\/wp-json\/wp\/v2\/comments?post=87280"}],"version-history":[{"count":0,"href":"https:\/\/www.copealcoy.es\/es\/wp-json\/wp\/v2\/posts\/87280\/revisions"}],"wp:featuredmedia":[{"embeddable":true,"href":"https:\/\/www.copealcoy.es\/es\/wp-json\/wp\/v2\/media\/15424"}],"wp:attachment":[{"href":"https:\/\/www.copealcoy.es\/es\/wp-json\/wp\/v2\/media?parent=87280"}],"wp:term":[{"taxonomy":"category","embeddable":true,"href":"https:\/\/www.copealcoy.es\/es\/wp-json\/wp\/v2\/categories?post=87280"},{"taxonomy":"post_tag","embeddable":true,"href":"https:\/\/www.copealcoy.es\/es\/wp-json\/wp\/v2\/tags?post=87280"}],"curies":[{"name":"wp","href":"https:\/\/api.w.org\/{rel}","templated":true}]}}