{"id":8725,"date":"2014-12-02T15:18:59","date_gmt":"2014-12-02T15:18:59","guid":{"rendered":"http:\/\/copealcoi.es\/new\/?p=8725"},"modified":"2014-12-02T15:20:41","modified_gmt":"2014-12-02T15:20:41","slug":"primer-paso-para-la-peatonalizacion-del-centro","status":"publish","type":"post","link":"https:\/\/www.copealcoy.es\/es\/primer-paso-para-la-peatonalizacion-del-centro\/","title":{"rendered":"Primer paso para la peatonalizaci\u00f3n del Centro"},"content":{"rendered":"<p style=\"text-align: justify;\">El Ayuntamiento de Alcoy, los comerciantes y tambi\u00e9n los hosteleros del Centro han conseguido alcanzar un acuerdo para dar un primer paso de cara a esa futura peatonalizaci\u00f3n de la barriada. Tal y como te avanz\u00f3 Cope\u00a0Alcoy hace unas semanas una de las medidas planteadas ha sido la limitaci\u00f3n de la velocidad de los veh\u00edculos que pasen por la zona a 20Km por hora. Por otra parte a partir del d\u00eda 12 de diciembre la calle San Lorenzo pasar\u00e1 estar restringida al tr\u00e1fico rodado cada semana desde las 17:30h del viernes y hasta la madrugada del domingo al lunes. De esta forma solo tendr\u00e1n prioridad de paso los servicios de emergencia. Para estas dos acciones se colocar\u00e1 en los pr\u00f3ximos d\u00edas la se\u00f1alizaci\u00f3n correspondiente en las v\u00edas afectadas por estas modificaciones.<\/p>\n<p style=\"text-align: justify;\">La edil de Comercio, Mar\u00eda Llopis, ha comentado al respecto que tras muchas reuniones entre los agentes implicados ha habido un principio de consenso &#8220;no esta,os hablando de cerrar a cal i canto el Centro pero si de tomar medidas paulatinas que hagan de esta zona de la ciudad un espacio amable para disfrutar de las compras, los comercios y la hosteler\u00eda&#8221;, a\u00f1ade.<\/p>\n<p style=\"text-align: justify;\">Finalmente indicar que tambi\u00e9n se contemplan otras propuestas como la limpieza y habilitaci\u00f3n de solares para aparcamientos y un incremento de la vigilancia policial en la zona, algo que han reclamado en numerosas ocasiones los vecinos.<\/p>\n","protected":false},"excerpt":{"rendered":"<p>El Ayuntamiento de Alcoy, los comerciantes y tambi\u00e9n los hosteleros del Centro han conseguido alcanzar un acuerdo para dar un&#8230;<\/p>\n","protected":false},"author":1,"featured_media":8726,"comment_status":"open","ping_status":"open","sticky":false,"template":"","format":"standard","meta":{"footnotes":""},"categories":[97,75,79],"tags":[1494,295,294,296],"class_list":["post-8725","post","type-post","status-publish","format-standard","has-post-thumbnail","hentry","category-alcoy","category-noticias","category-politicayeconomia","tag-alcoy","tag-centro","tag-peatonalizacion","tag-primer-paso"],"yoast_head":"<!-- This site is optimized with the Yoast SEO plugin v27.3 - https:\/\/yoast.com\/product\/yoast-seo-wordpress\/ -->\n<title>Primer paso para la peatonalizaci\u00f3n del Centro - COPE Alcoy<\/title>\n<meta name=\"robots\" content=\"index, follow, max-snippet:-1, max-image-preview:large, max-video-preview:-1\" \/>\n<link rel=\"canonical\" href=\"https:\/\/www.copealcoy.es\/es\/primer-paso-para-la-peatonalizacion-del-centro\/\" \/>\n<meta property=\"og:locale\" content=\"es_ES\" \/>\n<meta property=\"og:type\" content=\"article\" \/>\n<meta property=\"og:title\" content=\"Primer paso para la peatonalizaci\u00f3n del Centro - COPE Alcoy\" \/>\n<meta property=\"og:description\" content=\"El Ayuntamiento de Alcoy, los comerciantes y tambi\u00e9n los hosteleros del Centro han conseguido alcanzar un acuerdo para dar un...\" \/>\n<meta property=\"og:url\" content=\"https:\/\/www.copealcoy.es\/es\/primer-paso-para-la-peatonalizacion-del-centro\/\" \/>\n<meta property=\"og:site_name\" content=\"COPE Alcoy\" \/>\n<meta property=\"article:published_time\" content=\"2014-12-02T15:18:59+00:00\" \/>\n<meta property=\"article:modified_time\" content=\"2014-12-02T15:20:41+00:00\" \/>\n<meta property=\"og:image\" content=\"https:\/\/www.copealcoy.es\/wp-content\/uploads\/2014\/12\/image9.jpg\" \/>\n\t<meta property=\"og:image:width\" content=\"2592\" \/>\n\t<meta property=\"og:image:height\" content=\"1944\" \/>\n\t<meta property=\"og:image:type\" content=\"image\/jpeg\" \/>\n<meta name=\"author\" content=\"Cope Alcoy\" \/>\n<meta name=\"twitter:label1\" content=\"Escrito por\" \/>\n\t<meta name=\"twitter:data1\" content=\"Cope Alcoy\" \/>\n\t<meta name=\"twitter:label2\" content=\"Tiempo de lectura\" \/>\n\t<meta name=\"twitter:data2\" content=\"1 minuto\" \/>\n<script type=\"application\/ld+json\" class=\"yoast-schema-graph\">{\"@context\":\"https:\\\/\\\/schema.org\",\"@graph\":[{\"@type\":\"Article\",\"@id\":\"https:\\\/\\\/www.copealcoy.es\\\/es\\\/primer-paso-para-la-peatonalizacion-del-centro\\\/#article\",\"isPartOf\":{\"@id\":\"https:\\\/\\\/www.copealcoy.es\\\/es\\\/primer-paso-para-la-peatonalizacion-del-centro\\\/\"},\"author\":{\"name\":\"Cope Alcoy\",\"@id\":\"https:\\\/\\\/www.copealcoy.es\\\/es\\\/#\\\/schema\\\/person\\\/e777c87fa024e57d40170af9df39882c\"},\"headline\":\"Primer paso para la peatonalizaci\u00f3n del Centro\",\"datePublished\":\"2014-12-02T15:18:59+00:00\",\"dateModified\":\"2014-12-02T15:20:41+00:00\",\"mainEntityOfPage\":{\"@id\":\"https:\\\/\\\/www.copealcoy.es\\\/es\\\/primer-paso-para-la-peatonalizacion-del-centro\\\/\"},\"wordCount\":256,\"commentCount\":0,\"image\":{\"@id\":\"https:\\\/\\\/www.copealcoy.es\\\/es\\\/primer-paso-para-la-peatonalizacion-del-centro\\\/#primaryimage\"},\"thumbnailUrl\":\"https:\\\/\\\/www.copealcoy.es\\\/wp-content\\\/uploads\\\/2014\\\/12\\\/image9.jpg\",\"keywords\":[\"Alcoy\",\"Centro\",\"Peatonalizaci\u00f3n\",\"Primer Paso\"],\"articleSection\":[\"Alcoy\",\"Noticias\",\"Pol\u00edtica y Econom\u00eda\"],\"inLanguage\":\"es\"},{\"@type\":\"WebPage\",\"@id\":\"https:\\\/\\\/www.copealcoy.es\\\/es\\\/primer-paso-para-la-peatonalizacion-del-centro\\\/\",\"url\":\"https:\\\/\\\/www.copealcoy.es\\\/es\\\/primer-paso-para-la-peatonalizacion-del-centro\\\/\",\"name\":\"Primer paso para la peatonalizaci\u00f3n del Centro - COPE Alcoy\",\"isPartOf\":{\"@id\":\"https:\\\/\\\/www.copealcoy.es\\\/es\\\/#website\"},\"primaryImageOfPage\":{\"@id\":\"https:\\\/\\\/www.copealcoy.es\\\/es\\\/primer-paso-para-la-peatonalizacion-del-centro\\\/#primaryimage\"},\"image\":{\"@id\":\"https:\\\/\\\/www.copealcoy.es\\\/es\\\/primer-paso-para-la-peatonalizacion-del-centro\\\/#primaryimage\"},\"thumbnailUrl\":\"https:\\\/\\\/www.copealcoy.es\\\/wp-content\\\/uploads\\\/2014\\\/12\\\/image9.jpg\",\"datePublished\":\"2014-12-02T15:18:59+00:00\",\"dateModified\":\"2014-12-02T15:20:41+00:00\",\"author\":{\"@id\":\"https:\\\/\\\/www.copealcoy.es\\\/es\\\/#\\\/schema\\\/person\\\/e777c87fa024e57d40170af9df39882c\"},\"breadcrumb\":{\"@id\":\"https:\\\/\\\/www.copealcoy.es\\\/es\\\/primer-paso-para-la-peatonalizacion-del-centro\\\/#breadcrumb\"},\"inLanguage\":\"es\",\"potentialAction\":[{\"@type\":\"ReadAction\",\"target\":[\"https:\\\/\\\/www.copealcoy.es\\\/es\\\/primer-paso-para-la-peatonalizacion-del-centro\\\/\"]}]},{\"@type\":\"ImageObject\",\"inLanguage\":\"es\",\"@id\":\"https:\\\/\\\/www.copealcoy.es\\\/es\\\/primer-paso-para-la-peatonalizacion-del-centro\\\/#primaryimage\",\"url\":\"https:\\\/\\\/www.copealcoy.es\\\/wp-content\\\/uploads\\\/2014\\\/12\\\/image9.jpg\",\"contentUrl\":\"https:\\\/\\\/www.copealcoy.es\\\/wp-content\\\/uploads\\\/2014\\\/12\\\/image9.jpg\",\"width\":1440,\"height\":1080,\"caption\":\"Las medidas para regular el tr\u00e1fico empezaron a aplicarse en diciembre\"},{\"@type\":\"BreadcrumbList\",\"@id\":\"https:\\\/\\\/www.copealcoy.es\\\/es\\\/primer-paso-para-la-peatonalizacion-del-centro\\\/#breadcrumb\",\"itemListElement\":[{\"@type\":\"ListItem\",\"position\":1,\"name\":\"Portada\",\"item\":\"https:\\\/\\\/www.copealcoy.es\\\/es\\\/\"},{\"@type\":\"ListItem\",\"position\":2,\"name\":\"Primer paso para la peatonalizaci\u00f3n del Centro\"}]},{\"@type\":\"WebSite\",\"@id\":\"https:\\\/\\\/www.copealcoy.es\\\/es\\\/#website\",\"url\":\"https:\\\/\\\/www.copealcoy.es\\\/es\\\/\",\"name\":\"COPE Alcoy\",\"description\":\"Emisora COPE de radio local con emisi\u00f3n online. Pont de Sant Jordi 8-10 03803 Alcoy\",\"potentialAction\":[{\"@type\":\"SearchAction\",\"target\":{\"@type\":\"EntryPoint\",\"urlTemplate\":\"https:\\\/\\\/www.copealcoy.es\\\/es\\\/?s={search_term_string}\"},\"query-input\":{\"@type\":\"PropertyValueSpecification\",\"valueRequired\":true,\"valueName\":\"search_term_string\"}}],\"inLanguage\":\"es\"},{\"@type\":\"Person\",\"@id\":\"https:\\\/\\\/www.copealcoy.es\\\/es\\\/#\\\/schema\\\/person\\\/e777c87fa024e57d40170af9df39882c\",\"name\":\"Cope Alcoy\",\"image\":{\"@type\":\"ImageObject\",\"inLanguage\":\"es\",\"@id\":\"https:\\\/\\\/secure.gravatar.com\\\/avatar\\\/bb65d0283347e303893ba14f0692005417c1e0e690a325a4c5d8bb2b3943ee14?s=96&d=mm&r=g\",\"url\":\"https:\\\/\\\/secure.gravatar.com\\\/avatar\\\/bb65d0283347e303893ba14f0692005417c1e0e690a325a4c5d8bb2b3943ee14?s=96&d=mm&r=g\",\"contentUrl\":\"https:\\\/\\\/secure.gravatar.com\\\/avatar\\\/bb65d0283347e303893ba14f0692005417c1e0e690a325a4c5d8bb2b3943ee14?s=96&d=mm&r=g\",\"caption\":\"Cope Alcoy\"}}]}<\/script>\n<!-- \/ Yoast SEO plugin. -->","yoast_head_json":{"title":"Primer paso para la peatonalizaci\u00f3n del Centro - COPE Alcoy","robots":{"index":"index","follow":"follow","max-snippet":"max-snippet:-1","max-image-preview":"max-image-preview:large","max-video-preview":"max-video-preview:-1"},"canonical":"https:\/\/www.copealcoy.es\/es\/primer-paso-para-la-peatonalizacion-del-centro\/","og_locale":"es_ES","og_type":"article","og_title":"Primer paso para la peatonalizaci\u00f3n del Centro - COPE Alcoy","og_description":"El Ayuntamiento de Alcoy, los comerciantes y tambi\u00e9n los hosteleros del Centro han conseguido alcanzar un acuerdo para dar un...","og_url":"https:\/\/www.copealcoy.es\/es\/primer-paso-para-la-peatonalizacion-del-centro\/","og_site_name":"COPE Alcoy","article_published_time":"2014-12-02T15:18:59+00:00","article_modified_time":"2014-12-02T15:20:41+00:00","og_image":[{"width":2592,"height":1944,"url":"https:\/\/www.copealcoy.es\/wp-content\/uploads\/2014\/12\/image9.jpg","type":"image\/jpeg"}],"author":"Cope Alcoy","twitter_misc":{"Escrito por":"Cope Alcoy","Tiempo de lectura":"1 minuto"},"schema":{"@context":"https:\/\/schema.org","@graph":[{"@type":"Article","@id":"https:\/\/www.copealcoy.es\/es\/primer-paso-para-la-peatonalizacion-del-centro\/#article","isPartOf":{"@id":"https:\/\/www.copealcoy.es\/es\/primer-paso-para-la-peatonalizacion-del-centro\/"},"author":{"name":"Cope Alcoy","@id":"https:\/\/www.copealcoy.es\/es\/#\/schema\/person\/e777c87fa024e57d40170af9df39882c"},"headline":"Primer paso para la peatonalizaci\u00f3n del Centro","datePublished":"2014-12-02T15:18:59+00:00","dateModified":"2014-12-02T15:20:41+00:00","mainEntityOfPage":{"@id":"https:\/\/www.copealcoy.es\/es\/primer-paso-para-la-peatonalizacion-del-centro\/"},"wordCount":256,"commentCount":0,"image":{"@id":"https:\/\/www.copealcoy.es\/es\/primer-paso-para-la-peatonalizacion-del-centro\/#primaryimage"},"thumbnailUrl":"https:\/\/www.copealcoy.es\/wp-content\/uploads\/2014\/12\/image9.jpg","keywords":["Alcoy","Centro","Peatonalizaci\u00f3n","Primer Paso"],"articleSection":["Alcoy","Noticias","Pol\u00edtica y Econom\u00eda"],"inLanguage":"es"},{"@type":"WebPage","@id":"https:\/\/www.copealcoy.es\/es\/primer-paso-para-la-peatonalizacion-del-centro\/","url":"https:\/\/www.copealcoy.es\/es\/primer-paso-para-la-peatonalizacion-del-centro\/","name":"Primer paso para la peatonalizaci\u00f3n del Centro - COPE Alcoy","isPartOf":{"@id":"https:\/\/www.copealcoy.es\/es\/#website"},"primaryImageOfPage":{"@id":"https:\/\/www.copealcoy.es\/es\/primer-paso-para-la-peatonalizacion-del-centro\/#primaryimage"},"image":{"@id":"https:\/\/www.copealcoy.es\/es\/primer-paso-para-la-peatonalizacion-del-centro\/#primaryimage"},"thumbnailUrl":"https:\/\/www.copealcoy.es\/wp-content\/uploads\/2014\/12\/image9.jpg","datePublished":"2014-12-02T15:18:59+00:00","dateModified":"2014-12-02T15:20:41+00:00","author":{"@id":"https:\/\/www.copealcoy.es\/es\/#\/schema\/person\/e777c87fa024e57d40170af9df39882c"},"breadcrumb":{"@id":"https:\/\/www.copealcoy.es\/es\/primer-paso-para-la-peatonalizacion-del-centro\/#breadcrumb"},"inLanguage":"es","potentialAction":[{"@type":"ReadAction","target":["https:\/\/www.copealcoy.es\/es\/primer-paso-para-la-peatonalizacion-del-centro\/"]}]},{"@type":"ImageObject","inLanguage":"es","@id":"https:\/\/www.copealcoy.es\/es\/primer-paso-para-la-peatonalizacion-del-centro\/#primaryimage","url":"https:\/\/www.copealcoy.es\/wp-content\/uploads\/2014\/12\/image9.jpg","contentUrl":"https:\/\/www.copealcoy.es\/wp-content\/uploads\/2014\/12\/image9.jpg","width":1440,"height":1080,"caption":"Las medidas para regular el tr\u00e1fico empezaron a aplicarse en diciembre"},{"@type":"BreadcrumbList","@id":"https:\/\/www.copealcoy.es\/es\/primer-paso-para-la-peatonalizacion-del-centro\/#breadcrumb","itemListElement":[{"@type":"ListItem","position":1,"name":"Portada","item":"https:\/\/www.copealcoy.es\/es\/"},{"@type":"ListItem","position":2,"name":"Primer paso para la peatonalizaci\u00f3n del Centro"}]},{"@type":"WebSite","@id":"https:\/\/www.copealcoy.es\/es\/#website","url":"https:\/\/www.copealcoy.es\/es\/","name":"COPE Alcoy","description":"Emisora COPE de radio local con emisi\u00f3n online. Pont de Sant Jordi 8-10 03803 Alcoy","potentialAction":[{"@type":"SearchAction","target":{"@type":"EntryPoint","urlTemplate":"https:\/\/www.copealcoy.es\/es\/?s={search_term_string}"},"query-input":{"@type":"PropertyValueSpecification","valueRequired":true,"valueName":"search_term_string"}}],"inLanguage":"es"},{"@type":"Person","@id":"https:\/\/www.copealcoy.es\/es\/#\/schema\/person\/e777c87fa024e57d40170af9df39882c","name":"Cope Alcoy","image":{"@type":"ImageObject","inLanguage":"es","@id":"https:\/\/secure.gravatar.com\/avatar\/bb65d0283347e303893ba14f0692005417c1e0e690a325a4c5d8bb2b3943ee14?s=96&d=mm&r=g","url":"https:\/\/secure.gravatar.com\/avatar\/bb65d0283347e303893ba14f0692005417c1e0e690a325a4c5d8bb2b3943ee14?s=96&d=mm&r=g","contentUrl":"https:\/\/secure.gravatar.com\/avatar\/bb65d0283347e303893ba14f0692005417c1e0e690a325a4c5d8bb2b3943ee14?s=96&d=mm&r=g","caption":"Cope Alcoy"}}]}},"_links":{"self":[{"href":"https:\/\/www.copealcoy.es\/es\/wp-json\/wp\/v2\/posts\/8725","targetHints":{"allow":["GET"]}}],"collection":[{"href":"https:\/\/www.copealcoy.es\/es\/wp-json\/wp\/v2\/posts"}],"about":[{"href":"https:\/\/www.copealcoy.es\/es\/wp-json\/wp\/v2\/types\/post"}],"author":[{"embeddable":true,"href":"https:\/\/www.copealcoy.es\/es\/wp-json\/wp\/v2\/users\/1"}],"replies":[{"embeddable":true,"href":"https:\/\/www.copealcoy.es\/es\/wp-json\/wp\/v2\/comments?post=8725"}],"version-history":[{"count":0,"href":"https:\/\/www.copealcoy.es\/es\/wp-json\/wp\/v2\/posts\/8725\/revisions"}],"wp:featuredmedia":[{"embeddable":true,"href":"https:\/\/www.copealcoy.es\/es\/wp-json\/wp\/v2\/media\/8726"}],"wp:attachment":[{"href":"https:\/\/www.copealcoy.es\/es\/wp-json\/wp\/v2\/media?parent=8725"}],"wp:term":[{"taxonomy":"category","embeddable":true,"href":"https:\/\/www.copealcoy.es\/es\/wp-json\/wp\/v2\/categories?post=8725"},{"taxonomy":"post_tag","embeddable":true,"href":"https:\/\/www.copealcoy.es\/es\/wp-json\/wp\/v2\/tags?post=8725"}],"curies":[{"name":"wp","href":"https:\/\/api.w.org\/{rel}","templated":true}]}}