{"id":87222,"date":"2022-05-10T10:44:16","date_gmt":"2022-05-10T09:44:16","guid":{"rendered":"https:\/\/www.copealcoy.es\/?p=87222"},"modified":"2022-05-11T10:12:20","modified_gmt":"2022-05-11T09:12:20","slug":"emotivo-homenaje-a-la-virgen-de-los-desamparados","status":"publish","type":"post","link":"https:\/\/www.copealcoy.es\/es\/emotivo-homenaje-a-la-virgen-de-los-desamparados\/","title":{"rendered":"Emotivo homenaje a la Virgen de los Desamparados"},"content":{"rendered":"<p style=\"text-align: justify;\">El <strong>segundo fin de semana del mes de mayo<\/strong> se celebra la <strong>festividad de la Virgen de los Desamparados<\/strong>, patrona de la Di\u00f3cesis de Valencia y tambi\u00e9n de la Comunidad Valenciana. Adem\u00e1s esta jornada <strong>marc\u00f3 este a\u00f1o el inicio de un A\u00f1o Santo Jubilar<\/strong> para conmemorar el <strong>I Centenario de la Coronaci\u00f3n de la Mare de D\u00e9u<\/strong> que se recordar\u00e1 el pr\u00f3ximo a\u00f1o 2023.<\/p>\n<p style=\"text-align: justify;\">La Geperudeta es tambi\u00e9n la patrona de Muro y por este motivo <strong>se organizaron varios actos en su honor<\/strong> el pasado fin de semana dentro de las Fiestas de Moros y Cristianos. El s\u00e1bado por la ma\u00f1ana tuvo lugar en la ermita <strong>la tradicional misa que le dedican las clavariesas y los clavarios<\/strong> a la Virgen de los Desamparados mientras que al finalizar <strong>se dispar\u00f3 una estruendosa &#8216;masclet\u00e0&#8217;<\/strong> en las inmediaciones del templo. Por la noche, al concluir la Entrada Mora, <strong>volvi\u00f3 a celebrarse la procesi\u00f3n de &#8216;la baix\u00e0&#8217;<\/strong> en su formato habitual y en la misma se acompa\u00f1\u00f3 a la imagen de la patrona desde la mencionada ermita hasta la Parroquia de San Juan Bautista. All\u00ed permanecer\u00e1 toda la semana y <strong>se realizar\u00e1n diferentes cultos en su honor<\/strong>.<\/p>\n<p style=\"text-align: justify;\">Ya el domingo tuvo lugar por la ma\u00f1ana <strong>la ofrenda floral<\/strong>, con la participaci\u00f3n de todas las Filaes, y seguidamente se llev\u00f3 a cabo <strong>la Misa Mayor<\/strong> oficiada por el Obispo Don Salvador Gim\u00e9nez Valls; natural de este municipio del Comtat. Tambi\u00e9n <strong>se dispar\u00f3 una &#8216;masclet\u00e0&#8217;<\/strong> al finalizar y por la noche, despu\u00e9s de la Entrada Cristiana, <strong>numerosos fieles acompa\u00f1aron a la Mare de D\u00e9u en la solemne procesi\u00f3n<\/strong> del d\u00eda de su festividad.<\/p>\n<p style=\"text-align: justify;\">Los actos religiosos de las Fiestas de Moros y Cristianos de Muro <strong>terminar\u00e1n el fin de semana que viene<\/strong>. Ser\u00e1 con <strong>la &#8216;puj\u00e0&#8217; de la Virgen<\/strong> que materializar\u00e1 el retorno de la patrona a su ermita en la que se venera durante todo el a\u00f1o.<\/p>\n","protected":false},"excerpt":{"rendered":"<p>El segundo fin de semana del mes de mayo se celebra la festividad de la Virgen de los Desamparados, patrona&#8230;<\/p>\n","protected":false},"author":1,"featured_media":87223,"comment_status":"open","ping_status":"open","sticky":false,"template":"","format":"standard","meta":{"footnotes":""},"categories":[98,75],"tags":[2001,135,915,2230],"class_list":["post-87222","post","type-post","status-publish","format-standard","has-post-thumbnail","hentry","category-comarcas","category-noticias","tag-fiestas-de-moros-y-cristianos","tag-muro","tag-procesiones","tag-virgen-de-los-desamparados"],"yoast_head":"<!-- This site is optimized with the Yoast SEO plugin v27.3 - https:\/\/yoast.com\/product\/yoast-seo-wordpress\/ -->\n<title>Emotivo homenaje a la Virgen de los Desamparados - COPE Alcoy<\/title>\n<meta name=\"robots\" content=\"index, follow, max-snippet:-1, max-image-preview:large, max-video-preview:-1\" \/>\n<link rel=\"canonical\" href=\"https:\/\/www.copealcoy.es\/es\/emotivo-homenaje-a-la-virgen-de-los-desamparados\/\" \/>\n<meta property=\"og:locale\" content=\"es_ES\" \/>\n<meta property=\"og:type\" content=\"article\" \/>\n<meta property=\"og:title\" content=\"Emotivo homenaje a la Virgen de los Desamparados - COPE Alcoy\" \/>\n<meta property=\"og:description\" content=\"El segundo fin de semana del mes de mayo se celebra la festividad de la Virgen de los Desamparados, patrona...\" \/>\n<meta property=\"og:url\" content=\"https:\/\/www.copealcoy.es\/es\/emotivo-homenaje-a-la-virgen-de-los-desamparados\/\" \/>\n<meta property=\"og:site_name\" content=\"COPE Alcoy\" \/>\n<meta property=\"article:published_time\" content=\"2022-05-10T09:44:16+00:00\" \/>\n<meta property=\"article:modified_time\" content=\"2022-05-11T09:12:20+00:00\" \/>\n<meta property=\"og:image\" content=\"https:\/\/www.copealcoy.es\/wp-content\/uploads\/2022\/05\/unnamed-14-scaled-e1652193820537.jpg\" \/>\n\t<meta property=\"og:image:width\" content=\"640\" \/>\n\t<meta property=\"og:image:height\" content=\"365\" \/>\n\t<meta property=\"og:image:type\" content=\"image\/jpeg\" \/>\n<meta name=\"author\" content=\"Cope Alcoy\" \/>\n<meta name=\"twitter:label1\" content=\"Escrito por\" \/>\n\t<meta name=\"twitter:data1\" content=\"Cope Alcoy\" \/>\n\t<meta name=\"twitter:label2\" content=\"Tiempo de lectura\" \/>\n\t<meta name=\"twitter:data2\" content=\"2 minutos\" \/>\n<script type=\"application\/ld+json\" class=\"yoast-schema-graph\">{\"@context\":\"https:\\\/\\\/schema.org\",\"@graph\":[{\"@type\":\"Article\",\"@id\":\"https:\\\/\\\/www.copealcoy.es\\\/es\\\/emotivo-homenaje-a-la-virgen-de-los-desamparados\\\/#article\",\"isPartOf\":{\"@id\":\"https:\\\/\\\/www.copealcoy.es\\\/es\\\/emotivo-homenaje-a-la-virgen-de-los-desamparados\\\/\"},\"author\":{\"name\":\"Cope Alcoy\",\"@id\":\"https:\\\/\\\/www.copealcoy.es\\\/es\\\/#\\\/schema\\\/person\\\/e777c87fa024e57d40170af9df39882c\"},\"headline\":\"Emotivo homenaje a la Virgen de los Desamparados\",\"datePublished\":\"2022-05-10T09:44:16+00:00\",\"dateModified\":\"2022-05-11T09:12:20+00:00\",\"mainEntityOfPage\":{\"@id\":\"https:\\\/\\\/www.copealcoy.es\\\/es\\\/emotivo-homenaje-a-la-virgen-de-los-desamparados\\\/\"},\"wordCount\":344,\"commentCount\":0,\"image\":{\"@id\":\"https:\\\/\\\/www.copealcoy.es\\\/es\\\/emotivo-homenaje-a-la-virgen-de-los-desamparados\\\/#primaryimage\"},\"thumbnailUrl\":\"https:\\\/\\\/www.copealcoy.es\\\/wp-content\\\/uploads\\\/2022\\\/05\\\/unnamed-14-scaled-e1652193820537.jpg\",\"keywords\":[\"Fiestas de Moros y Cristianos\",\"Muro\",\"Procesiones\",\"Virgen de los Desamparados\"],\"articleSection\":[\"Comarcas\",\"Noticias\"],\"inLanguage\":\"es\"},{\"@type\":\"WebPage\",\"@id\":\"https:\\\/\\\/www.copealcoy.es\\\/es\\\/emotivo-homenaje-a-la-virgen-de-los-desamparados\\\/\",\"url\":\"https:\\\/\\\/www.copealcoy.es\\\/es\\\/emotivo-homenaje-a-la-virgen-de-los-desamparados\\\/\",\"name\":\"Emotivo homenaje a la Virgen de los Desamparados - COPE Alcoy\",\"isPartOf\":{\"@id\":\"https:\\\/\\\/www.copealcoy.es\\\/es\\\/#website\"},\"primaryImageOfPage\":{\"@id\":\"https:\\\/\\\/www.copealcoy.es\\\/es\\\/emotivo-homenaje-a-la-virgen-de-los-desamparados\\\/#primaryimage\"},\"image\":{\"@id\":\"https:\\\/\\\/www.copealcoy.es\\\/es\\\/emotivo-homenaje-a-la-virgen-de-los-desamparados\\\/#primaryimage\"},\"thumbnailUrl\":\"https:\\\/\\\/www.copealcoy.es\\\/wp-content\\\/uploads\\\/2022\\\/05\\\/unnamed-14-scaled-e1652193820537.jpg\",\"datePublished\":\"2022-05-10T09:44:16+00:00\",\"dateModified\":\"2022-05-11T09:12:20+00:00\",\"author\":{\"@id\":\"https:\\\/\\\/www.copealcoy.es\\\/es\\\/#\\\/schema\\\/person\\\/e777c87fa024e57d40170af9df39882c\"},\"breadcrumb\":{\"@id\":\"https:\\\/\\\/www.copealcoy.es\\\/es\\\/emotivo-homenaje-a-la-virgen-de-los-desamparados\\\/#breadcrumb\"},\"inLanguage\":\"es\",\"potentialAction\":[{\"@type\":\"ReadAction\",\"target\":[\"https:\\\/\\\/www.copealcoy.es\\\/es\\\/emotivo-homenaje-a-la-virgen-de-los-desamparados\\\/\"]}]},{\"@type\":\"ImageObject\",\"inLanguage\":\"es\",\"@id\":\"https:\\\/\\\/www.copealcoy.es\\\/es\\\/emotivo-homenaje-a-la-virgen-de-los-desamparados\\\/#primaryimage\",\"url\":\"https:\\\/\\\/www.copealcoy.es\\\/wp-content\\\/uploads\\\/2022\\\/05\\\/unnamed-14-scaled-e1652193820537.jpg\",\"contentUrl\":\"https:\\\/\\\/www.copealcoy.es\\\/wp-content\\\/uploads\\\/2022\\\/05\\\/unnamed-14-scaled-e1652193820537.jpg\",\"width\":640,\"height\":365},{\"@type\":\"BreadcrumbList\",\"@id\":\"https:\\\/\\\/www.copealcoy.es\\\/es\\\/emotivo-homenaje-a-la-virgen-de-los-desamparados\\\/#breadcrumb\",\"itemListElement\":[{\"@type\":\"ListItem\",\"position\":1,\"name\":\"Portada\",\"item\":\"https:\\\/\\\/www.copealcoy.es\\\/es\\\/\"},{\"@type\":\"ListItem\",\"position\":2,\"name\":\"Emotivo homenaje a la Virgen de los Desamparados\"}]},{\"@type\":\"WebSite\",\"@id\":\"https:\\\/\\\/www.copealcoy.es\\\/es\\\/#website\",\"url\":\"https:\\\/\\\/www.copealcoy.es\\\/es\\\/\",\"name\":\"COPE Alcoy\",\"description\":\"Emisora COPE de radio local con emisi\u00f3n online. Pont de Sant Jordi 8-10 03803 Alcoy\",\"potentialAction\":[{\"@type\":\"SearchAction\",\"target\":{\"@type\":\"EntryPoint\",\"urlTemplate\":\"https:\\\/\\\/www.copealcoy.es\\\/es\\\/?s={search_term_string}\"},\"query-input\":{\"@type\":\"PropertyValueSpecification\",\"valueRequired\":true,\"valueName\":\"search_term_string\"}}],\"inLanguage\":\"es\"},{\"@type\":\"Person\",\"@id\":\"https:\\\/\\\/www.copealcoy.es\\\/es\\\/#\\\/schema\\\/person\\\/e777c87fa024e57d40170af9df39882c\",\"name\":\"Cope Alcoy\",\"image\":{\"@type\":\"ImageObject\",\"inLanguage\":\"es\",\"@id\":\"https:\\\/\\\/secure.gravatar.com\\\/avatar\\\/bb65d0283347e303893ba14f0692005417c1e0e690a325a4c5d8bb2b3943ee14?s=96&d=mm&r=g\",\"url\":\"https:\\\/\\\/secure.gravatar.com\\\/avatar\\\/bb65d0283347e303893ba14f0692005417c1e0e690a325a4c5d8bb2b3943ee14?s=96&d=mm&r=g\",\"contentUrl\":\"https:\\\/\\\/secure.gravatar.com\\\/avatar\\\/bb65d0283347e303893ba14f0692005417c1e0e690a325a4c5d8bb2b3943ee14?s=96&d=mm&r=g\",\"caption\":\"Cope Alcoy\"}}]}<\/script>\n<!-- \/ Yoast SEO plugin. -->","yoast_head_json":{"title":"Emotivo homenaje a la Virgen de los Desamparados - COPE Alcoy","robots":{"index":"index","follow":"follow","max-snippet":"max-snippet:-1","max-image-preview":"max-image-preview:large","max-video-preview":"max-video-preview:-1"},"canonical":"https:\/\/www.copealcoy.es\/es\/emotivo-homenaje-a-la-virgen-de-los-desamparados\/","og_locale":"es_ES","og_type":"article","og_title":"Emotivo homenaje a la Virgen de los Desamparados - COPE Alcoy","og_description":"El segundo fin de semana del mes de mayo se celebra la festividad de la Virgen de los Desamparados, patrona...","og_url":"https:\/\/www.copealcoy.es\/es\/emotivo-homenaje-a-la-virgen-de-los-desamparados\/","og_site_name":"COPE Alcoy","article_published_time":"2022-05-10T09:44:16+00:00","article_modified_time":"2022-05-11T09:12:20+00:00","og_image":[{"width":640,"height":365,"url":"https:\/\/www.copealcoy.es\/wp-content\/uploads\/2022\/05\/unnamed-14-scaled-e1652193820537.jpg","type":"image\/jpeg"}],"author":"Cope Alcoy","twitter_misc":{"Escrito por":"Cope Alcoy","Tiempo de lectura":"2 minutos"},"schema":{"@context":"https:\/\/schema.org","@graph":[{"@type":"Article","@id":"https:\/\/www.copealcoy.es\/es\/emotivo-homenaje-a-la-virgen-de-los-desamparados\/#article","isPartOf":{"@id":"https:\/\/www.copealcoy.es\/es\/emotivo-homenaje-a-la-virgen-de-los-desamparados\/"},"author":{"name":"Cope Alcoy","@id":"https:\/\/www.copealcoy.es\/es\/#\/schema\/person\/e777c87fa024e57d40170af9df39882c"},"headline":"Emotivo homenaje a la Virgen de los Desamparados","datePublished":"2022-05-10T09:44:16+00:00","dateModified":"2022-05-11T09:12:20+00:00","mainEntityOfPage":{"@id":"https:\/\/www.copealcoy.es\/es\/emotivo-homenaje-a-la-virgen-de-los-desamparados\/"},"wordCount":344,"commentCount":0,"image":{"@id":"https:\/\/www.copealcoy.es\/es\/emotivo-homenaje-a-la-virgen-de-los-desamparados\/#primaryimage"},"thumbnailUrl":"https:\/\/www.copealcoy.es\/wp-content\/uploads\/2022\/05\/unnamed-14-scaled-e1652193820537.jpg","keywords":["Fiestas de Moros y Cristianos","Muro","Procesiones","Virgen de los Desamparados"],"articleSection":["Comarcas","Noticias"],"inLanguage":"es"},{"@type":"WebPage","@id":"https:\/\/www.copealcoy.es\/es\/emotivo-homenaje-a-la-virgen-de-los-desamparados\/","url":"https:\/\/www.copealcoy.es\/es\/emotivo-homenaje-a-la-virgen-de-los-desamparados\/","name":"Emotivo homenaje a la Virgen de los Desamparados - COPE Alcoy","isPartOf":{"@id":"https:\/\/www.copealcoy.es\/es\/#website"},"primaryImageOfPage":{"@id":"https:\/\/www.copealcoy.es\/es\/emotivo-homenaje-a-la-virgen-de-los-desamparados\/#primaryimage"},"image":{"@id":"https:\/\/www.copealcoy.es\/es\/emotivo-homenaje-a-la-virgen-de-los-desamparados\/#primaryimage"},"thumbnailUrl":"https:\/\/www.copealcoy.es\/wp-content\/uploads\/2022\/05\/unnamed-14-scaled-e1652193820537.jpg","datePublished":"2022-05-10T09:44:16+00:00","dateModified":"2022-05-11T09:12:20+00:00","author":{"@id":"https:\/\/www.copealcoy.es\/es\/#\/schema\/person\/e777c87fa024e57d40170af9df39882c"},"breadcrumb":{"@id":"https:\/\/www.copealcoy.es\/es\/emotivo-homenaje-a-la-virgen-de-los-desamparados\/#breadcrumb"},"inLanguage":"es","potentialAction":[{"@type":"ReadAction","target":["https:\/\/www.copealcoy.es\/es\/emotivo-homenaje-a-la-virgen-de-los-desamparados\/"]}]},{"@type":"ImageObject","inLanguage":"es","@id":"https:\/\/www.copealcoy.es\/es\/emotivo-homenaje-a-la-virgen-de-los-desamparados\/#primaryimage","url":"https:\/\/www.copealcoy.es\/wp-content\/uploads\/2022\/05\/unnamed-14-scaled-e1652193820537.jpg","contentUrl":"https:\/\/www.copealcoy.es\/wp-content\/uploads\/2022\/05\/unnamed-14-scaled-e1652193820537.jpg","width":640,"height":365},{"@type":"BreadcrumbList","@id":"https:\/\/www.copealcoy.es\/es\/emotivo-homenaje-a-la-virgen-de-los-desamparados\/#breadcrumb","itemListElement":[{"@type":"ListItem","position":1,"name":"Portada","item":"https:\/\/www.copealcoy.es\/es\/"},{"@type":"ListItem","position":2,"name":"Emotivo homenaje a la Virgen de los Desamparados"}]},{"@type":"WebSite","@id":"https:\/\/www.copealcoy.es\/es\/#website","url":"https:\/\/www.copealcoy.es\/es\/","name":"COPE Alcoy","description":"Emisora COPE de radio local con emisi\u00f3n online. Pont de Sant Jordi 8-10 03803 Alcoy","potentialAction":[{"@type":"SearchAction","target":{"@type":"EntryPoint","urlTemplate":"https:\/\/www.copealcoy.es\/es\/?s={search_term_string}"},"query-input":{"@type":"PropertyValueSpecification","valueRequired":true,"valueName":"search_term_string"}}],"inLanguage":"es"},{"@type":"Person","@id":"https:\/\/www.copealcoy.es\/es\/#\/schema\/person\/e777c87fa024e57d40170af9df39882c","name":"Cope Alcoy","image":{"@type":"ImageObject","inLanguage":"es","@id":"https:\/\/secure.gravatar.com\/avatar\/bb65d0283347e303893ba14f0692005417c1e0e690a325a4c5d8bb2b3943ee14?s=96&d=mm&r=g","url":"https:\/\/secure.gravatar.com\/avatar\/bb65d0283347e303893ba14f0692005417c1e0e690a325a4c5d8bb2b3943ee14?s=96&d=mm&r=g","contentUrl":"https:\/\/secure.gravatar.com\/avatar\/bb65d0283347e303893ba14f0692005417c1e0e690a325a4c5d8bb2b3943ee14?s=96&d=mm&r=g","caption":"Cope Alcoy"}}]}},"_links":{"self":[{"href":"https:\/\/www.copealcoy.es\/es\/wp-json\/wp\/v2\/posts\/87222","targetHints":{"allow":["GET"]}}],"collection":[{"href":"https:\/\/www.copealcoy.es\/es\/wp-json\/wp\/v2\/posts"}],"about":[{"href":"https:\/\/www.copealcoy.es\/es\/wp-json\/wp\/v2\/types\/post"}],"author":[{"embeddable":true,"href":"https:\/\/www.copealcoy.es\/es\/wp-json\/wp\/v2\/users\/1"}],"replies":[{"embeddable":true,"href":"https:\/\/www.copealcoy.es\/es\/wp-json\/wp\/v2\/comments?post=87222"}],"version-history":[{"count":0,"href":"https:\/\/www.copealcoy.es\/es\/wp-json\/wp\/v2\/posts\/87222\/revisions"}],"wp:featuredmedia":[{"embeddable":true,"href":"https:\/\/www.copealcoy.es\/es\/wp-json\/wp\/v2\/media\/87223"}],"wp:attachment":[{"href":"https:\/\/www.copealcoy.es\/es\/wp-json\/wp\/v2\/media?parent=87222"}],"wp:term":[{"taxonomy":"category","embeddable":true,"href":"https:\/\/www.copealcoy.es\/es\/wp-json\/wp\/v2\/categories?post=87222"},{"taxonomy":"post_tag","embeddable":true,"href":"https:\/\/www.copealcoy.es\/es\/wp-json\/wp\/v2\/tags?post=87222"}],"curies":[{"name":"wp","href":"https:\/\/api.w.org\/{rel}","templated":true}]}}