{"id":87124,"date":"2022-05-09T08:17:46","date_gmt":"2022-05-09T07:17:46","guid":{"rendered":"https:\/\/www.copealcoy.es\/?p=87124"},"modified":"2022-05-09T13:16:15","modified_gmt":"2022-05-09T12:16:15","slug":"alcoy-registra-una-tendencia-a-la-baja-en-los-accidentes-de-trafico","status":"publish","type":"post","link":"https:\/\/www.copealcoy.es\/es\/alcoy-registra-una-tendencia-a-la-baja-en-los-accidentes-de-trafico\/","title":{"rendered":"Alcoy registra una tendencia a la baja en los accidentes de tr\u00e1fico"},"content":{"rendered":"<p style=\"text-align: justify;\">Los <strong>accidentes de tr\u00e1fico<\/strong> bajaron en Alcoy en los \u00faltimos cinco a\u00f1os <strong>seg\u00fan los datos aportados por el \u00e1rea de Seguridad del Consistorio<\/strong> de nuestra ciudad. Nuestra ciudad<strong> ha pasado de los 364 siniestros registrados en 2017 a los 231 del pasado ejercicio<\/strong>, de los cuales <strong>172 se saldaron con da\u00f1os materiales y 59 heridos<\/strong>. Al margen de esto, se tuvo que lamentar <strong>una v\u00edctima mortal<\/strong> durante cada uno de los \u00faltimos cuatro a\u00f1os.<\/p>\n<p style=\"text-align: justify;\">Los <strong>barrios con m\u00e1s accidentes<\/strong> son la <strong>Zona Norte<\/strong> (con 15 siniestros en la calle Valencia, 12 en la Avenida de la Hispanidad, ocho en la Avenida de Juan Gil Albert y cuatro en Tirant Lo Blanc el a\u00f1o pasado) y <strong>Santa Rosa<\/strong> (con 12 accidentes en la calle Santa Rosa y ocho en la calle Oliver). En la <strong>zona Ensanche<\/strong> se produjeron siete en la Avenida La Alameda-Camilo Sesto y calle Alzamora, respectivamente; y cinco en la calle Entenza. Los barrios que menos accidentes registran son<strong> la Zona Alta y el Centro<\/strong> de la ciudad. Por otra parte, <strong>las principales causas de los siniestros<\/strong> durante el a\u00f1o pasado fueron la falta de atenci\u00f3n\u00a0 (54 accidentes), la p\u00e9rdida de control (29) la colisi\u00f3n con fuga (24), las distracciones (17) y la distancia de seguridad (14). Tambi\u00e9n <strong>se registraron<\/strong> durante el a\u00f1o pasado 20 atropellos, de los que 18 se saldaron con heridos. A ello hay que a\u00f1adir que el 75% de estos siniestros fueron responsabilidad de quien conduc\u00eda y el 25% del peat\u00f3n. La <strong>franja de edad con m\u00e1s v\u00edctimas<\/strong> es la que abarca de 60 a 70 a\u00f1os &#8220;<em>aunque los datos son positivos, es evidente que ha habido un ligero repunte de la siniestralidad en los \u00faltimos a\u00f1os. No podemos bajar la guardia, debemos concienciarnos y respetar la normativa como conductores y peatones responsables<\/em>&#8220;, afirma el edil de Seguridad; <strong>Ra\u00fcl Llopis<\/strong>.<\/p>\n<p style=\"text-align: justify;\">Finalmente indicar que en 2021 <strong>se practicaron 924 controles de alcoholemia y drogas<\/strong>. En estos <strong>dieron positivo<\/strong> la mayor parte de las personas que se sometieron a los controles efectuados por la Polic\u00eda Local.<\/p>\n","protected":false},"excerpt":{"rendered":"<p>Los accidentes de tr\u00e1fico bajaron en Alcoy en los \u00faltimos cinco a\u00f1os seg\u00fan los datos aportados por el \u00e1rea de&#8230;<\/p>\n","protected":false},"author":1,"featured_media":87125,"comment_status":"open","ping_status":"open","sticky":false,"template":"","format":"standard","meta":{"footnotes":""},"categories":[6909,97,75,79],"tags":[4494,1494,430,1856],"class_list":["post-87124","post","type-post","status-publish","format-standard","has-post-thumbnail","hentry","category-actualidad","category-alcoy","category-noticias","category-politicayeconomia","tag-accidentes-de-trafico","tag-alcoy","tag-balance","tag-raul-llopis"],"yoast_head":"<!-- This site is optimized with the Yoast SEO plugin v27.3 - https:\/\/yoast.com\/product\/yoast-seo-wordpress\/ -->\n<title>Alcoy registra una tendencia a la baja en los accidentes de tr\u00e1fico - COPE Alcoy<\/title>\n<meta name=\"robots\" content=\"index, follow, max-snippet:-1, max-image-preview:large, max-video-preview:-1\" \/>\n<link rel=\"canonical\" href=\"https:\/\/www.copealcoy.es\/es\/alcoy-registra-una-tendencia-a-la-baja-en-los-accidentes-de-trafico\/\" \/>\n<meta property=\"og:locale\" content=\"es_ES\" \/>\n<meta property=\"og:type\" content=\"article\" \/>\n<meta property=\"og:title\" content=\"Alcoy registra una tendencia a la baja en los accidentes de tr\u00e1fico - COPE Alcoy\" \/>\n<meta property=\"og:description\" content=\"Los accidentes de tr\u00e1fico bajaron en Alcoy en los \u00faltimos cinco a\u00f1os seg\u00fan los datos aportados por el \u00e1rea de...\" \/>\n<meta property=\"og:url\" content=\"https:\/\/www.copealcoy.es\/es\/alcoy-registra-una-tendencia-a-la-baja-en-los-accidentes-de-trafico\/\" \/>\n<meta property=\"og:site_name\" content=\"COPE Alcoy\" \/>\n<meta property=\"article:published_time\" content=\"2022-05-09T07:17:46+00:00\" \/>\n<meta property=\"article:modified_time\" content=\"2022-05-09T12:16:15+00:00\" \/>\n<meta property=\"og:image\" content=\"https:\/\/www.copealcoy.es\/wp-content\/uploads\/2022\/05\/control.jpg\" \/>\n\t<meta property=\"og:image:width\" content=\"1555\" \/>\n\t<meta property=\"og:image:height\" content=\"918\" \/>\n\t<meta property=\"og:image:type\" content=\"image\/jpeg\" \/>\n<meta name=\"author\" content=\"Cope Alcoy\" \/>\n<meta name=\"twitter:label1\" content=\"Escrito por\" \/>\n\t<meta name=\"twitter:data1\" content=\"Cope Alcoy\" \/>\n\t<meta name=\"twitter:label2\" content=\"Tiempo de lectura\" \/>\n\t<meta name=\"twitter:data2\" content=\"2 minutos\" \/>\n<script type=\"application\/ld+json\" class=\"yoast-schema-graph\">{\"@context\":\"https:\\\/\\\/schema.org\",\"@graph\":[{\"@type\":\"Article\",\"@id\":\"https:\\\/\\\/www.copealcoy.es\\\/es\\\/alcoy-registra-una-tendencia-a-la-baja-en-los-accidentes-de-trafico\\\/#article\",\"isPartOf\":{\"@id\":\"https:\\\/\\\/www.copealcoy.es\\\/es\\\/alcoy-registra-una-tendencia-a-la-baja-en-los-accidentes-de-trafico\\\/\"},\"author\":{\"name\":\"Cope Alcoy\",\"@id\":\"https:\\\/\\\/www.copealcoy.es\\\/es\\\/#\\\/schema\\\/person\\\/e777c87fa024e57d40170af9df39882c\"},\"headline\":\"Alcoy registra una tendencia a la baja en los accidentes de tr\u00e1fico\",\"datePublished\":\"2022-05-09T07:17:46+00:00\",\"dateModified\":\"2022-05-09T12:16:15+00:00\",\"mainEntityOfPage\":{\"@id\":\"https:\\\/\\\/www.copealcoy.es\\\/es\\\/alcoy-registra-una-tendencia-a-la-baja-en-los-accidentes-de-trafico\\\/\"},\"wordCount\":355,\"commentCount\":0,\"image\":{\"@id\":\"https:\\\/\\\/www.copealcoy.es\\\/es\\\/alcoy-registra-una-tendencia-a-la-baja-en-los-accidentes-de-trafico\\\/#primaryimage\"},\"thumbnailUrl\":\"https:\\\/\\\/www.copealcoy.es\\\/wp-content\\\/uploads\\\/2022\\\/05\\\/control.jpg\",\"keywords\":[\"accidentes de tr\u00e1fico\",\"Alcoy\",\"Balance\",\"Ra\u00fcl Llopis\"],\"articleSection\":[\"Actualidad\",\"Alcoy\",\"Noticias\",\"Pol\u00edtica y Econom\u00eda\"],\"inLanguage\":\"es\"},{\"@type\":\"WebPage\",\"@id\":\"https:\\\/\\\/www.copealcoy.es\\\/es\\\/alcoy-registra-una-tendencia-a-la-baja-en-los-accidentes-de-trafico\\\/\",\"url\":\"https:\\\/\\\/www.copealcoy.es\\\/es\\\/alcoy-registra-una-tendencia-a-la-baja-en-los-accidentes-de-trafico\\\/\",\"name\":\"Alcoy registra una tendencia a la baja en los accidentes de tr\u00e1fico - COPE Alcoy\",\"isPartOf\":{\"@id\":\"https:\\\/\\\/www.copealcoy.es\\\/es\\\/#website\"},\"primaryImageOfPage\":{\"@id\":\"https:\\\/\\\/www.copealcoy.es\\\/es\\\/alcoy-registra-una-tendencia-a-la-baja-en-los-accidentes-de-trafico\\\/#primaryimage\"},\"image\":{\"@id\":\"https:\\\/\\\/www.copealcoy.es\\\/es\\\/alcoy-registra-una-tendencia-a-la-baja-en-los-accidentes-de-trafico\\\/#primaryimage\"},\"thumbnailUrl\":\"https:\\\/\\\/www.copealcoy.es\\\/wp-content\\\/uploads\\\/2022\\\/05\\\/control.jpg\",\"datePublished\":\"2022-05-09T07:17:46+00:00\",\"dateModified\":\"2022-05-09T12:16:15+00:00\",\"author\":{\"@id\":\"https:\\\/\\\/www.copealcoy.es\\\/es\\\/#\\\/schema\\\/person\\\/e777c87fa024e57d40170af9df39882c\"},\"breadcrumb\":{\"@id\":\"https:\\\/\\\/www.copealcoy.es\\\/es\\\/alcoy-registra-una-tendencia-a-la-baja-en-los-accidentes-de-trafico\\\/#breadcrumb\"},\"inLanguage\":\"es\",\"potentialAction\":[{\"@type\":\"ReadAction\",\"target\":[\"https:\\\/\\\/www.copealcoy.es\\\/es\\\/alcoy-registra-una-tendencia-a-la-baja-en-los-accidentes-de-trafico\\\/\"]}]},{\"@type\":\"ImageObject\",\"inLanguage\":\"es\",\"@id\":\"https:\\\/\\\/www.copealcoy.es\\\/es\\\/alcoy-registra-una-tendencia-a-la-baja-en-los-accidentes-de-trafico\\\/#primaryimage\",\"url\":\"https:\\\/\\\/www.copealcoy.es\\\/wp-content\\\/uploads\\\/2022\\\/05\\\/control.jpg\",\"contentUrl\":\"https:\\\/\\\/www.copealcoy.es\\\/wp-content\\\/uploads\\\/2022\\\/05\\\/control.jpg\",\"width\":1555,\"height\":918},{\"@type\":\"BreadcrumbList\",\"@id\":\"https:\\\/\\\/www.copealcoy.es\\\/es\\\/alcoy-registra-una-tendencia-a-la-baja-en-los-accidentes-de-trafico\\\/#breadcrumb\",\"itemListElement\":[{\"@type\":\"ListItem\",\"position\":1,\"name\":\"Portada\",\"item\":\"https:\\\/\\\/www.copealcoy.es\\\/es\\\/\"},{\"@type\":\"ListItem\",\"position\":2,\"name\":\"Alcoy registra una tendencia a la baja en los accidentes de tr\u00e1fico\"}]},{\"@type\":\"WebSite\",\"@id\":\"https:\\\/\\\/www.copealcoy.es\\\/es\\\/#website\",\"url\":\"https:\\\/\\\/www.copealcoy.es\\\/es\\\/\",\"name\":\"COPE Alcoy\",\"description\":\"Emisora COPE de radio local con emisi\u00f3n online. Pont de Sant Jordi 8-10 03803 Alcoy\",\"potentialAction\":[{\"@type\":\"SearchAction\",\"target\":{\"@type\":\"EntryPoint\",\"urlTemplate\":\"https:\\\/\\\/www.copealcoy.es\\\/es\\\/?s={search_term_string}\"},\"query-input\":{\"@type\":\"PropertyValueSpecification\",\"valueRequired\":true,\"valueName\":\"search_term_string\"}}],\"inLanguage\":\"es\"},{\"@type\":\"Person\",\"@id\":\"https:\\\/\\\/www.copealcoy.es\\\/es\\\/#\\\/schema\\\/person\\\/e777c87fa024e57d40170af9df39882c\",\"name\":\"Cope Alcoy\",\"image\":{\"@type\":\"ImageObject\",\"inLanguage\":\"es\",\"@id\":\"https:\\\/\\\/secure.gravatar.com\\\/avatar\\\/bb65d0283347e303893ba14f0692005417c1e0e690a325a4c5d8bb2b3943ee14?s=96&d=mm&r=g\",\"url\":\"https:\\\/\\\/secure.gravatar.com\\\/avatar\\\/bb65d0283347e303893ba14f0692005417c1e0e690a325a4c5d8bb2b3943ee14?s=96&d=mm&r=g\",\"contentUrl\":\"https:\\\/\\\/secure.gravatar.com\\\/avatar\\\/bb65d0283347e303893ba14f0692005417c1e0e690a325a4c5d8bb2b3943ee14?s=96&d=mm&r=g\",\"caption\":\"Cope Alcoy\"}}]}<\/script>\n<!-- \/ Yoast SEO plugin. -->","yoast_head_json":{"title":"Alcoy registra una tendencia a la baja en los accidentes de tr\u00e1fico - COPE Alcoy","robots":{"index":"index","follow":"follow","max-snippet":"max-snippet:-1","max-image-preview":"max-image-preview:large","max-video-preview":"max-video-preview:-1"},"canonical":"https:\/\/www.copealcoy.es\/es\/alcoy-registra-una-tendencia-a-la-baja-en-los-accidentes-de-trafico\/","og_locale":"es_ES","og_type":"article","og_title":"Alcoy registra una tendencia a la baja en los accidentes de tr\u00e1fico - COPE Alcoy","og_description":"Los accidentes de tr\u00e1fico bajaron en Alcoy en los \u00faltimos cinco a\u00f1os seg\u00fan los datos aportados por el \u00e1rea de...","og_url":"https:\/\/www.copealcoy.es\/es\/alcoy-registra-una-tendencia-a-la-baja-en-los-accidentes-de-trafico\/","og_site_name":"COPE Alcoy","article_published_time":"2022-05-09T07:17:46+00:00","article_modified_time":"2022-05-09T12:16:15+00:00","og_image":[{"width":1555,"height":918,"url":"https:\/\/www.copealcoy.es\/wp-content\/uploads\/2022\/05\/control.jpg","type":"image\/jpeg"}],"author":"Cope Alcoy","twitter_misc":{"Escrito por":"Cope Alcoy","Tiempo de lectura":"2 minutos"},"schema":{"@context":"https:\/\/schema.org","@graph":[{"@type":"Article","@id":"https:\/\/www.copealcoy.es\/es\/alcoy-registra-una-tendencia-a-la-baja-en-los-accidentes-de-trafico\/#article","isPartOf":{"@id":"https:\/\/www.copealcoy.es\/es\/alcoy-registra-una-tendencia-a-la-baja-en-los-accidentes-de-trafico\/"},"author":{"name":"Cope Alcoy","@id":"https:\/\/www.copealcoy.es\/es\/#\/schema\/person\/e777c87fa024e57d40170af9df39882c"},"headline":"Alcoy registra una tendencia a la baja en los accidentes de tr\u00e1fico","datePublished":"2022-05-09T07:17:46+00:00","dateModified":"2022-05-09T12:16:15+00:00","mainEntityOfPage":{"@id":"https:\/\/www.copealcoy.es\/es\/alcoy-registra-una-tendencia-a-la-baja-en-los-accidentes-de-trafico\/"},"wordCount":355,"commentCount":0,"image":{"@id":"https:\/\/www.copealcoy.es\/es\/alcoy-registra-una-tendencia-a-la-baja-en-los-accidentes-de-trafico\/#primaryimage"},"thumbnailUrl":"https:\/\/www.copealcoy.es\/wp-content\/uploads\/2022\/05\/control.jpg","keywords":["accidentes de tr\u00e1fico","Alcoy","Balance","Ra\u00fcl Llopis"],"articleSection":["Actualidad","Alcoy","Noticias","Pol\u00edtica y Econom\u00eda"],"inLanguage":"es"},{"@type":"WebPage","@id":"https:\/\/www.copealcoy.es\/es\/alcoy-registra-una-tendencia-a-la-baja-en-los-accidentes-de-trafico\/","url":"https:\/\/www.copealcoy.es\/es\/alcoy-registra-una-tendencia-a-la-baja-en-los-accidentes-de-trafico\/","name":"Alcoy registra una tendencia a la baja en los accidentes de tr\u00e1fico - COPE Alcoy","isPartOf":{"@id":"https:\/\/www.copealcoy.es\/es\/#website"},"primaryImageOfPage":{"@id":"https:\/\/www.copealcoy.es\/es\/alcoy-registra-una-tendencia-a-la-baja-en-los-accidentes-de-trafico\/#primaryimage"},"image":{"@id":"https:\/\/www.copealcoy.es\/es\/alcoy-registra-una-tendencia-a-la-baja-en-los-accidentes-de-trafico\/#primaryimage"},"thumbnailUrl":"https:\/\/www.copealcoy.es\/wp-content\/uploads\/2022\/05\/control.jpg","datePublished":"2022-05-09T07:17:46+00:00","dateModified":"2022-05-09T12:16:15+00:00","author":{"@id":"https:\/\/www.copealcoy.es\/es\/#\/schema\/person\/e777c87fa024e57d40170af9df39882c"},"breadcrumb":{"@id":"https:\/\/www.copealcoy.es\/es\/alcoy-registra-una-tendencia-a-la-baja-en-los-accidentes-de-trafico\/#breadcrumb"},"inLanguage":"es","potentialAction":[{"@type":"ReadAction","target":["https:\/\/www.copealcoy.es\/es\/alcoy-registra-una-tendencia-a-la-baja-en-los-accidentes-de-trafico\/"]}]},{"@type":"ImageObject","inLanguage":"es","@id":"https:\/\/www.copealcoy.es\/es\/alcoy-registra-una-tendencia-a-la-baja-en-los-accidentes-de-trafico\/#primaryimage","url":"https:\/\/www.copealcoy.es\/wp-content\/uploads\/2022\/05\/control.jpg","contentUrl":"https:\/\/www.copealcoy.es\/wp-content\/uploads\/2022\/05\/control.jpg","width":1555,"height":918},{"@type":"BreadcrumbList","@id":"https:\/\/www.copealcoy.es\/es\/alcoy-registra-una-tendencia-a-la-baja-en-los-accidentes-de-trafico\/#breadcrumb","itemListElement":[{"@type":"ListItem","position":1,"name":"Portada","item":"https:\/\/www.copealcoy.es\/es\/"},{"@type":"ListItem","position":2,"name":"Alcoy registra una tendencia a la baja en los accidentes de tr\u00e1fico"}]},{"@type":"WebSite","@id":"https:\/\/www.copealcoy.es\/es\/#website","url":"https:\/\/www.copealcoy.es\/es\/","name":"COPE Alcoy","description":"Emisora COPE de radio local con emisi\u00f3n online. Pont de Sant Jordi 8-10 03803 Alcoy","potentialAction":[{"@type":"SearchAction","target":{"@type":"EntryPoint","urlTemplate":"https:\/\/www.copealcoy.es\/es\/?s={search_term_string}"},"query-input":{"@type":"PropertyValueSpecification","valueRequired":true,"valueName":"search_term_string"}}],"inLanguage":"es"},{"@type":"Person","@id":"https:\/\/www.copealcoy.es\/es\/#\/schema\/person\/e777c87fa024e57d40170af9df39882c","name":"Cope Alcoy","image":{"@type":"ImageObject","inLanguage":"es","@id":"https:\/\/secure.gravatar.com\/avatar\/bb65d0283347e303893ba14f0692005417c1e0e690a325a4c5d8bb2b3943ee14?s=96&d=mm&r=g","url":"https:\/\/secure.gravatar.com\/avatar\/bb65d0283347e303893ba14f0692005417c1e0e690a325a4c5d8bb2b3943ee14?s=96&d=mm&r=g","contentUrl":"https:\/\/secure.gravatar.com\/avatar\/bb65d0283347e303893ba14f0692005417c1e0e690a325a4c5d8bb2b3943ee14?s=96&d=mm&r=g","caption":"Cope Alcoy"}}]}},"_links":{"self":[{"href":"https:\/\/www.copealcoy.es\/es\/wp-json\/wp\/v2\/posts\/87124","targetHints":{"allow":["GET"]}}],"collection":[{"href":"https:\/\/www.copealcoy.es\/es\/wp-json\/wp\/v2\/posts"}],"about":[{"href":"https:\/\/www.copealcoy.es\/es\/wp-json\/wp\/v2\/types\/post"}],"author":[{"embeddable":true,"href":"https:\/\/www.copealcoy.es\/es\/wp-json\/wp\/v2\/users\/1"}],"replies":[{"embeddable":true,"href":"https:\/\/www.copealcoy.es\/es\/wp-json\/wp\/v2\/comments?post=87124"}],"version-history":[{"count":0,"href":"https:\/\/www.copealcoy.es\/es\/wp-json\/wp\/v2\/posts\/87124\/revisions"}],"wp:featuredmedia":[{"embeddable":true,"href":"https:\/\/www.copealcoy.es\/es\/wp-json\/wp\/v2\/media\/87125"}],"wp:attachment":[{"href":"https:\/\/www.copealcoy.es\/es\/wp-json\/wp\/v2\/media?parent=87124"}],"wp:term":[{"taxonomy":"category","embeddable":true,"href":"https:\/\/www.copealcoy.es\/es\/wp-json\/wp\/v2\/categories?post=87124"},{"taxonomy":"post_tag","embeddable":true,"href":"https:\/\/www.copealcoy.es\/es\/wp-json\/wp\/v2\/tags?post=87124"}],"curies":[{"name":"wp","href":"https:\/\/api.w.org\/{rel}","templated":true}]}}