{"id":87059,"date":"2022-05-06T09:52:39","date_gmt":"2022-05-06T08:52:39","guid":{"rendered":"https:\/\/www.copealcoy.es\/?p=87059"},"modified":"2022-05-06T10:02:59","modified_gmt":"2022-05-06T09:02:59","slug":"el-localet-un-espai-dirigit-als-mes-joves-que-reobri-les-portes","status":"publish","type":"post","link":"https:\/\/www.copealcoy.es\/es\/el-localet-un-espai-dirigit-als-mes-joves-que-reobri-les-portes\/","title":{"rendered":"El &#8216;localet&#8217;, un espai dirigit als m\u00e9s joves que reobri les portes"},"content":{"rendered":"<p style=\"text-align: justify;\">Els m\u00e9s joves de Cocentaina <strong>tornaran a tindre un lloc d&#8217;oci i trobada per als caps de setmana<\/strong>. Es tracta del <strong>&#8216;<span class=\"hiddenSpellError\">localet<\/span>&#8216;<\/strong>, un espai ubicat a la Casa de la Joventut i que <strong>inclou jocs de taula, videoconsoles, futbol\u00ed, m\u00fasica o cinema<\/strong>.<\/p>\n<p style=\"text-align: justify;\">Aquest &#8216;<span class=\"hiddenSpellError\">localet<\/span>&#8216; <strong>obrir\u00e0 les portes els divendres de 17:<span class=\"hiddenGrammarError\">00h<\/span>\u00a0a 20:<span class=\"hiddenGrammarError\">00h<\/span>\u00a0de la vesprada i els dissabtes de 17:<span class=\"hiddenGrammarError\">00h<\/span>\u00a0a 21:<span class=\"hiddenGrammarError\">00h<\/span><\/strong>. A m\u00e9s inclour\u00e0 <strong>monitors i monitores<\/strong> que estaran amb els joves assistents a les activitats que s&#8217;organitzen. La programaci\u00f3 d\u2019activitats <strong>es pot consultar a les xarxes socials @cocentainajove<\/strong> &#8220;<em>l\u2019oci per a joves \u00e9s un tema que fa anys que est\u00e0 damunt de la taula. Hem creat aquest punt d&#8217;encontre per a resoldre la problem\u00e0tica d\u2019alternatives a fer els caps de setmana per part dels nostres joves. Esperem que els protagonistes facen propostes per convertir aquest espai en un lloc agradable on es troben a gust amb els amics i les amigues<\/em>&#8220;, afirma la regidora de Joventut;<strong> Maite Valls<\/strong>.<\/p>\n<p style=\"text-align: justify;\">Cal recordar que <strong>el &#8216;<span class=\"hiddenSpellError\">localet<\/span>&#8216; ja va funcionar anys enrere<\/strong> i <strong>va tindre molt bona acollida entre la poblaci\u00f3 jove<\/strong> de la Vila Comtal. Ara <strong>reobri les portes per convertir-se en una nova oferta d&#8217;oci<\/strong> dirigida a un p\u00fablic amb\u00a0ganes de passar-ho b\u00e9 amb les seues amistats.<\/p>\n","protected":false},"excerpt":{"rendered":"<p>Els m\u00e9s joves de Cocentaina tornaran a tindre un lloc d&#8217;oci i trobada per als caps de setmana. Es tracta&#8230;<\/p>\n","protected":false},"author":1,"featured_media":87060,"comment_status":"open","ping_status":"open","sticky":false,"template":"","format":"standard","meta":{"footnotes":""},"categories":[98,75],"tags":[7740,3584,12692,10920],"class_list":["post-87059","post","type-post","status-publish","format-standard","has-post-thumbnail","hentry","category-comarcas","category-noticias","tag-ajuntament-de-cocentaina","tag-casa-de-la-joventut","tag-localet","tag-maite-valls"],"yoast_head":"<!-- This site is optimized with the Yoast SEO plugin v27.3 - https:\/\/yoast.com\/product\/yoast-seo-wordpress\/ -->\n<title>El &#039;localet&#039;, un espai dirigit als m\u00e9s joves que reobri les portes - COPE Alcoy<\/title>\n<meta name=\"robots\" content=\"index, follow, max-snippet:-1, max-image-preview:large, max-video-preview:-1\" \/>\n<link rel=\"canonical\" href=\"https:\/\/www.copealcoy.es\/es\/el-localet-un-espai-dirigit-als-mes-joves-que-reobri-les-portes\/\" \/>\n<meta property=\"og:locale\" content=\"es_ES\" \/>\n<meta property=\"og:type\" content=\"article\" \/>\n<meta property=\"og:title\" content=\"El &#039;localet&#039;, un espai dirigit als m\u00e9s joves que reobri les portes - COPE Alcoy\" \/>\n<meta property=\"og:description\" content=\"Els m\u00e9s joves de Cocentaina tornaran a tindre un lloc d&#8217;oci i trobada per als caps de setmana. Es tracta...\" \/>\n<meta property=\"og:url\" content=\"https:\/\/www.copealcoy.es\/es\/el-localet-un-espai-dirigit-als-mes-joves-que-reobri-les-portes\/\" \/>\n<meta property=\"og:site_name\" content=\"COPE Alcoy\" \/>\n<meta property=\"article:published_time\" content=\"2022-05-06T08:52:39+00:00\" \/>\n<meta property=\"article:modified_time\" content=\"2022-05-06T09:02:59+00:00\" \/>\n<meta property=\"og:image\" content=\"https:\/\/www.copealcoy.es\/wp-content\/uploads\/2022\/05\/img_16686.jpg\" \/>\n\t<meta property=\"og:image:width\" content=\"670\" \/>\n\t<meta property=\"og:image:height\" content=\"377\" \/>\n\t<meta property=\"og:image:type\" content=\"image\/jpeg\" \/>\n<meta name=\"author\" content=\"Cope Alcoy\" \/>\n<meta name=\"twitter:label1\" content=\"Escrito por\" \/>\n\t<meta name=\"twitter:data1\" content=\"Cope Alcoy\" \/>\n\t<meta name=\"twitter:label2\" content=\"Tiempo de lectura\" \/>\n\t<meta name=\"twitter:data2\" content=\"1 minuto\" \/>\n<script type=\"application\/ld+json\" class=\"yoast-schema-graph\">{\"@context\":\"https:\\\/\\\/schema.org\",\"@graph\":[{\"@type\":\"Article\",\"@id\":\"https:\\\/\\\/www.copealcoy.es\\\/es\\\/el-localet-un-espai-dirigit-als-mes-joves-que-reobri-les-portes\\\/#article\",\"isPartOf\":{\"@id\":\"https:\\\/\\\/www.copealcoy.es\\\/es\\\/el-localet-un-espai-dirigit-als-mes-joves-que-reobri-les-portes\\\/\"},\"author\":{\"name\":\"Cope Alcoy\",\"@id\":\"https:\\\/\\\/www.copealcoy.es\\\/es\\\/#\\\/schema\\\/person\\\/e777c87fa024e57d40170af9df39882c\"},\"headline\":\"El &#8216;localet&#8217;, un espai dirigit als m\u00e9s joves que reobri les portes\",\"datePublished\":\"2022-05-06T08:52:39+00:00\",\"dateModified\":\"2022-05-06T09:02:59+00:00\",\"mainEntityOfPage\":{\"@id\":\"https:\\\/\\\/www.copealcoy.es\\\/es\\\/el-localet-un-espai-dirigit-als-mes-joves-que-reobri-les-portes\\\/\"},\"wordCount\":234,\"commentCount\":0,\"image\":{\"@id\":\"https:\\\/\\\/www.copealcoy.es\\\/es\\\/el-localet-un-espai-dirigit-als-mes-joves-que-reobri-les-portes\\\/#primaryimage\"},\"thumbnailUrl\":\"https:\\\/\\\/www.copealcoy.es\\\/wp-content\\\/uploads\\\/2022\\\/05\\\/img_16686.jpg\",\"keywords\":[\"Ajuntament de Cocentaina\",\"Casa de la Joventut\",\"localet\",\"Maite Valls\"],\"articleSection\":[\"Comarcas\",\"Noticias\"],\"inLanguage\":\"es\"},{\"@type\":\"WebPage\",\"@id\":\"https:\\\/\\\/www.copealcoy.es\\\/es\\\/el-localet-un-espai-dirigit-als-mes-joves-que-reobri-les-portes\\\/\",\"url\":\"https:\\\/\\\/www.copealcoy.es\\\/es\\\/el-localet-un-espai-dirigit-als-mes-joves-que-reobri-les-portes\\\/\",\"name\":\"El 'localet', un espai dirigit als m\u00e9s joves que reobri les portes - COPE Alcoy\",\"isPartOf\":{\"@id\":\"https:\\\/\\\/www.copealcoy.es\\\/es\\\/#website\"},\"primaryImageOfPage\":{\"@id\":\"https:\\\/\\\/www.copealcoy.es\\\/es\\\/el-localet-un-espai-dirigit-als-mes-joves-que-reobri-les-portes\\\/#primaryimage\"},\"image\":{\"@id\":\"https:\\\/\\\/www.copealcoy.es\\\/es\\\/el-localet-un-espai-dirigit-als-mes-joves-que-reobri-les-portes\\\/#primaryimage\"},\"thumbnailUrl\":\"https:\\\/\\\/www.copealcoy.es\\\/wp-content\\\/uploads\\\/2022\\\/05\\\/img_16686.jpg\",\"datePublished\":\"2022-05-06T08:52:39+00:00\",\"dateModified\":\"2022-05-06T09:02:59+00:00\",\"author\":{\"@id\":\"https:\\\/\\\/www.copealcoy.es\\\/es\\\/#\\\/schema\\\/person\\\/e777c87fa024e57d40170af9df39882c\"},\"breadcrumb\":{\"@id\":\"https:\\\/\\\/www.copealcoy.es\\\/es\\\/el-localet-un-espai-dirigit-als-mes-joves-que-reobri-les-portes\\\/#breadcrumb\"},\"inLanguage\":\"es\",\"potentialAction\":[{\"@type\":\"ReadAction\",\"target\":[\"https:\\\/\\\/www.copealcoy.es\\\/es\\\/el-localet-un-espai-dirigit-als-mes-joves-que-reobri-les-portes\\\/\"]}]},{\"@type\":\"ImageObject\",\"inLanguage\":\"es\",\"@id\":\"https:\\\/\\\/www.copealcoy.es\\\/es\\\/el-localet-un-espai-dirigit-als-mes-joves-que-reobri-les-portes\\\/#primaryimage\",\"url\":\"https:\\\/\\\/www.copealcoy.es\\\/wp-content\\\/uploads\\\/2022\\\/05\\\/img_16686.jpg\",\"contentUrl\":\"https:\\\/\\\/www.copealcoy.es\\\/wp-content\\\/uploads\\\/2022\\\/05\\\/img_16686.jpg\",\"width\":670,\"height\":377},{\"@type\":\"BreadcrumbList\",\"@id\":\"https:\\\/\\\/www.copealcoy.es\\\/es\\\/el-localet-un-espai-dirigit-als-mes-joves-que-reobri-les-portes\\\/#breadcrumb\",\"itemListElement\":[{\"@type\":\"ListItem\",\"position\":1,\"name\":\"Portada\",\"item\":\"https:\\\/\\\/www.copealcoy.es\\\/es\\\/\"},{\"@type\":\"ListItem\",\"position\":2,\"name\":\"El &#8216;localet&#8217;, un espai dirigit als m\u00e9s joves que reobri les portes\"}]},{\"@type\":\"WebSite\",\"@id\":\"https:\\\/\\\/www.copealcoy.es\\\/es\\\/#website\",\"url\":\"https:\\\/\\\/www.copealcoy.es\\\/es\\\/\",\"name\":\"COPE Alcoy\",\"description\":\"Emisora COPE de radio local con emisi\u00f3n online. Pont de Sant Jordi 8-10 03803 Alcoy\",\"potentialAction\":[{\"@type\":\"SearchAction\",\"target\":{\"@type\":\"EntryPoint\",\"urlTemplate\":\"https:\\\/\\\/www.copealcoy.es\\\/es\\\/?s={search_term_string}\"},\"query-input\":{\"@type\":\"PropertyValueSpecification\",\"valueRequired\":true,\"valueName\":\"search_term_string\"}}],\"inLanguage\":\"es\"},{\"@type\":\"Person\",\"@id\":\"https:\\\/\\\/www.copealcoy.es\\\/es\\\/#\\\/schema\\\/person\\\/e777c87fa024e57d40170af9df39882c\",\"name\":\"Cope Alcoy\",\"image\":{\"@type\":\"ImageObject\",\"inLanguage\":\"es\",\"@id\":\"https:\\\/\\\/secure.gravatar.com\\\/avatar\\\/bb65d0283347e303893ba14f0692005417c1e0e690a325a4c5d8bb2b3943ee14?s=96&d=mm&r=g\",\"url\":\"https:\\\/\\\/secure.gravatar.com\\\/avatar\\\/bb65d0283347e303893ba14f0692005417c1e0e690a325a4c5d8bb2b3943ee14?s=96&d=mm&r=g\",\"contentUrl\":\"https:\\\/\\\/secure.gravatar.com\\\/avatar\\\/bb65d0283347e303893ba14f0692005417c1e0e690a325a4c5d8bb2b3943ee14?s=96&d=mm&r=g\",\"caption\":\"Cope Alcoy\"}}]}<\/script>\n<!-- \/ Yoast SEO plugin. -->","yoast_head_json":{"title":"El 'localet', un espai dirigit als m\u00e9s joves que reobri les portes - COPE Alcoy","robots":{"index":"index","follow":"follow","max-snippet":"max-snippet:-1","max-image-preview":"max-image-preview:large","max-video-preview":"max-video-preview:-1"},"canonical":"https:\/\/www.copealcoy.es\/es\/el-localet-un-espai-dirigit-als-mes-joves-que-reobri-les-portes\/","og_locale":"es_ES","og_type":"article","og_title":"El 'localet', un espai dirigit als m\u00e9s joves que reobri les portes - COPE Alcoy","og_description":"Els m\u00e9s joves de Cocentaina tornaran a tindre un lloc d&#8217;oci i trobada per als caps de setmana. Es tracta...","og_url":"https:\/\/www.copealcoy.es\/es\/el-localet-un-espai-dirigit-als-mes-joves-que-reobri-les-portes\/","og_site_name":"COPE Alcoy","article_published_time":"2022-05-06T08:52:39+00:00","article_modified_time":"2022-05-06T09:02:59+00:00","og_image":[{"width":670,"height":377,"url":"https:\/\/www.copealcoy.es\/wp-content\/uploads\/2022\/05\/img_16686.jpg","type":"image\/jpeg"}],"author":"Cope Alcoy","twitter_misc":{"Escrito por":"Cope Alcoy","Tiempo de lectura":"1 minuto"},"schema":{"@context":"https:\/\/schema.org","@graph":[{"@type":"Article","@id":"https:\/\/www.copealcoy.es\/es\/el-localet-un-espai-dirigit-als-mes-joves-que-reobri-les-portes\/#article","isPartOf":{"@id":"https:\/\/www.copealcoy.es\/es\/el-localet-un-espai-dirigit-als-mes-joves-que-reobri-les-portes\/"},"author":{"name":"Cope Alcoy","@id":"https:\/\/www.copealcoy.es\/es\/#\/schema\/person\/e777c87fa024e57d40170af9df39882c"},"headline":"El &#8216;localet&#8217;, un espai dirigit als m\u00e9s joves que reobri les portes","datePublished":"2022-05-06T08:52:39+00:00","dateModified":"2022-05-06T09:02:59+00:00","mainEntityOfPage":{"@id":"https:\/\/www.copealcoy.es\/es\/el-localet-un-espai-dirigit-als-mes-joves-que-reobri-les-portes\/"},"wordCount":234,"commentCount":0,"image":{"@id":"https:\/\/www.copealcoy.es\/es\/el-localet-un-espai-dirigit-als-mes-joves-que-reobri-les-portes\/#primaryimage"},"thumbnailUrl":"https:\/\/www.copealcoy.es\/wp-content\/uploads\/2022\/05\/img_16686.jpg","keywords":["Ajuntament de Cocentaina","Casa de la Joventut","localet","Maite Valls"],"articleSection":["Comarcas","Noticias"],"inLanguage":"es"},{"@type":"WebPage","@id":"https:\/\/www.copealcoy.es\/es\/el-localet-un-espai-dirigit-als-mes-joves-que-reobri-les-portes\/","url":"https:\/\/www.copealcoy.es\/es\/el-localet-un-espai-dirigit-als-mes-joves-que-reobri-les-portes\/","name":"El 'localet', un espai dirigit als m\u00e9s joves que reobri les portes - COPE Alcoy","isPartOf":{"@id":"https:\/\/www.copealcoy.es\/es\/#website"},"primaryImageOfPage":{"@id":"https:\/\/www.copealcoy.es\/es\/el-localet-un-espai-dirigit-als-mes-joves-que-reobri-les-portes\/#primaryimage"},"image":{"@id":"https:\/\/www.copealcoy.es\/es\/el-localet-un-espai-dirigit-als-mes-joves-que-reobri-les-portes\/#primaryimage"},"thumbnailUrl":"https:\/\/www.copealcoy.es\/wp-content\/uploads\/2022\/05\/img_16686.jpg","datePublished":"2022-05-06T08:52:39+00:00","dateModified":"2022-05-06T09:02:59+00:00","author":{"@id":"https:\/\/www.copealcoy.es\/es\/#\/schema\/person\/e777c87fa024e57d40170af9df39882c"},"breadcrumb":{"@id":"https:\/\/www.copealcoy.es\/es\/el-localet-un-espai-dirigit-als-mes-joves-que-reobri-les-portes\/#breadcrumb"},"inLanguage":"es","potentialAction":[{"@type":"ReadAction","target":["https:\/\/www.copealcoy.es\/es\/el-localet-un-espai-dirigit-als-mes-joves-que-reobri-les-portes\/"]}]},{"@type":"ImageObject","inLanguage":"es","@id":"https:\/\/www.copealcoy.es\/es\/el-localet-un-espai-dirigit-als-mes-joves-que-reobri-les-portes\/#primaryimage","url":"https:\/\/www.copealcoy.es\/wp-content\/uploads\/2022\/05\/img_16686.jpg","contentUrl":"https:\/\/www.copealcoy.es\/wp-content\/uploads\/2022\/05\/img_16686.jpg","width":670,"height":377},{"@type":"BreadcrumbList","@id":"https:\/\/www.copealcoy.es\/es\/el-localet-un-espai-dirigit-als-mes-joves-que-reobri-les-portes\/#breadcrumb","itemListElement":[{"@type":"ListItem","position":1,"name":"Portada","item":"https:\/\/www.copealcoy.es\/es\/"},{"@type":"ListItem","position":2,"name":"El &#8216;localet&#8217;, un espai dirigit als m\u00e9s joves que reobri les portes"}]},{"@type":"WebSite","@id":"https:\/\/www.copealcoy.es\/es\/#website","url":"https:\/\/www.copealcoy.es\/es\/","name":"COPE Alcoy","description":"Emisora COPE de radio local con emisi\u00f3n online. Pont de Sant Jordi 8-10 03803 Alcoy","potentialAction":[{"@type":"SearchAction","target":{"@type":"EntryPoint","urlTemplate":"https:\/\/www.copealcoy.es\/es\/?s={search_term_string}"},"query-input":{"@type":"PropertyValueSpecification","valueRequired":true,"valueName":"search_term_string"}}],"inLanguage":"es"},{"@type":"Person","@id":"https:\/\/www.copealcoy.es\/es\/#\/schema\/person\/e777c87fa024e57d40170af9df39882c","name":"Cope Alcoy","image":{"@type":"ImageObject","inLanguage":"es","@id":"https:\/\/secure.gravatar.com\/avatar\/bb65d0283347e303893ba14f0692005417c1e0e690a325a4c5d8bb2b3943ee14?s=96&d=mm&r=g","url":"https:\/\/secure.gravatar.com\/avatar\/bb65d0283347e303893ba14f0692005417c1e0e690a325a4c5d8bb2b3943ee14?s=96&d=mm&r=g","contentUrl":"https:\/\/secure.gravatar.com\/avatar\/bb65d0283347e303893ba14f0692005417c1e0e690a325a4c5d8bb2b3943ee14?s=96&d=mm&r=g","caption":"Cope Alcoy"}}]}},"_links":{"self":[{"href":"https:\/\/www.copealcoy.es\/es\/wp-json\/wp\/v2\/posts\/87059","targetHints":{"allow":["GET"]}}],"collection":[{"href":"https:\/\/www.copealcoy.es\/es\/wp-json\/wp\/v2\/posts"}],"about":[{"href":"https:\/\/www.copealcoy.es\/es\/wp-json\/wp\/v2\/types\/post"}],"author":[{"embeddable":true,"href":"https:\/\/www.copealcoy.es\/es\/wp-json\/wp\/v2\/users\/1"}],"replies":[{"embeddable":true,"href":"https:\/\/www.copealcoy.es\/es\/wp-json\/wp\/v2\/comments?post=87059"}],"version-history":[{"count":0,"href":"https:\/\/www.copealcoy.es\/es\/wp-json\/wp\/v2\/posts\/87059\/revisions"}],"wp:featuredmedia":[{"embeddable":true,"href":"https:\/\/www.copealcoy.es\/es\/wp-json\/wp\/v2\/media\/87060"}],"wp:attachment":[{"href":"https:\/\/www.copealcoy.es\/es\/wp-json\/wp\/v2\/media?parent=87059"}],"wp:term":[{"taxonomy":"category","embeddable":true,"href":"https:\/\/www.copealcoy.es\/es\/wp-json\/wp\/v2\/categories?post=87059"},{"taxonomy":"post_tag","embeddable":true,"href":"https:\/\/www.copealcoy.es\/es\/wp-json\/wp\/v2\/tags?post=87059"}],"curies":[{"name":"wp","href":"https:\/\/api.w.org\/{rel}","templated":true}]}}