{"id":86995,"date":"2022-05-04T15:44:37","date_gmt":"2022-05-04T14:44:37","guid":{"rendered":"https:\/\/www.copealcoy.es\/?p=86995"},"modified":"2022-05-06T17:35:02","modified_gmt":"2022-05-06T16:35:02","slug":"avanza-la-recuperacion-de-la-via-verda-del-serpis","status":"publish","type":"post","link":"https:\/\/www.copealcoy.es\/es\/avanza-la-recuperacion-de-la-via-verda-del-serpis\/","title":{"rendered":"Avanza la recuperaci\u00f3n de la &#8216;Via Verda del Serpis&#8217;"},"content":{"rendered":"<p style=\"text-align: justify;\">La Conselleria de Pol\u00edtica Territorial, Obras P\u00fablicas y Movilidad continua con <strong>la recuperaci\u00f3n y adecuaci\u00f3n de la &#8216;V\u00eda Verda del Serpis&#8217;<\/strong>. Ahora mismo, seg\u00fan la informaci\u00f3n facilitada, <strong>se est\u00e1n redactando los proyectos de construcci\u00f3n del tramo entre Muro de Alcoy y Villalonga<\/strong> mientras que <strong>se ha sacado a licitaci\u00f3n la redacci\u00f3n del proyecto del itinerario ciclopeatonal Potries-Gandia<\/strong>. Este \u00faltimo abarca los municipios de Potries, Benifl\u00e1, Beiarj\u00f3, Almoines y Gandia.<\/p>\n<p style=\"text-align: justify;\">A trav\u00e9s del citado proyecto <strong>se pretende crear un itinerario ciclopeatonal continuo de aproximadamente 56 kil\u00f3metros, que recorrer\u00e1 once municipios de las comarcas de l\u2019Alcoi\u00e0, el Comtat y la Safor<\/strong>. El <strong>tramo entre Potries y Gandia<\/strong>, est\u00e1 previsto que comience en el l\u00edmite norte del casco urbano de Potries, y que continue despu\u00e9s por los caminos ya existentes hasta la CV-680. Aqu\u00ed\u00a0 la v\u00eda ciclopeatonal <strong>discurrir\u00e1 paralela a la carretera<\/strong> a su paso por los t\u00e9rminos municipales de Benifl\u00e1, Beniarj\u00f3 y Almoines. Adem\u00e1s, incluir\u00e1 <strong>el dise\u00f1o de una pasarela para salvar la AP-7, as\u00ed como el barranco que discurre paralelo<\/strong>. La v\u00eda ciclopeatonal <strong>continuar\u00e1 siguiendo el trazado de la CV-680<\/strong> hasta alcanzar de nuevo la antigua plataforma ferroviaria, enlazando con el paso inferior existente que cruza la N-332. El final de la actuaci\u00f3n enlazar\u00e1 con<strong> la pasarela\u00a0 que conecta con el centro urbano de Gandia<\/strong> &#8220;<em>estos itinerarios ciclopeatonales ofrecen a los valencianos y valencianas y a los muchos turistas que nos visitan corredores seguros, c\u00f3modos y accesibles, a la vez que fomentamos una conectividad m\u00e1s limpia y menos contaminante. Proteger y acondicionar las v\u00edas verdes de la Comunitat para potenciar el bienestar, el turismo sostenible y el respeto por el territorio y el medio ambiente<\/em>&#8220;, detalla el Conseller; <strong>Arcadi Espa\u00f1a<\/strong>.<\/p>\n<p style=\"text-align: justify;\">El proyecto <strong>se enmarca en la Xarxa d\u2019Itineraris no Motoritzats de la Comunitat Valenciana (XINM)<\/strong>. Este incluye <strong>la recuperaci\u00f3n de antiguos trazados ferroviarios en desuso<\/strong> para la adecuaci\u00f3n como v\u00edas verdes por su alto inter\u00e9s recreativo y deportivo y para potenciar una conexi\u00f3n sostenible entre localidades.<\/p>\n","protected":false},"excerpt":{"rendered":"<p>La Conselleria de Pol\u00edtica Territorial, Obras P\u00fablicas y Movilidad continua con la recuperaci\u00f3n y adecuaci\u00f3n de la &#8216;V\u00eda Verda del&#8230;<\/p>\n","protected":false},"author":1,"featured_media":86996,"comment_status":"open","ping_status":"open","sticky":false,"template":"","format":"standard","meta":{"footnotes":""},"categories":[98,75],"tags":[482,9251,237,8026,2068],"class_list":["post-86995","post","type-post","status-publish","format-standard","has-post-thumbnail","hentry","category-comarcas","category-noticias","tag-alcoia","tag-arcadi-espana","tag-comtat","tag-serpis","tag-via-verda"],"yoast_head":"<!-- This site is optimized with the Yoast SEO plugin v27.3 - https:\/\/yoast.com\/product\/yoast-seo-wordpress\/ -->\n<title>Avanza la recuperaci\u00f3n de la &#039;Via Verda del Serpis&#039; - COPE Alcoy<\/title>\n<meta name=\"robots\" content=\"index, follow, max-snippet:-1, max-image-preview:large, max-video-preview:-1\" \/>\n<link rel=\"canonical\" href=\"https:\/\/www.copealcoy.es\/es\/avanza-la-recuperacion-de-la-via-verda-del-serpis\/\" \/>\n<meta property=\"og:locale\" content=\"es_ES\" \/>\n<meta property=\"og:type\" content=\"article\" \/>\n<meta property=\"og:title\" content=\"Avanza la recuperaci\u00f3n de la &#039;Via Verda del Serpis&#039; - COPE Alcoy\" \/>\n<meta property=\"og:description\" content=\"La Conselleria de Pol\u00edtica Territorial, Obras P\u00fablicas y Movilidad continua con la recuperaci\u00f3n y adecuaci\u00f3n de la &#8216;V\u00eda Verda del...\" \/>\n<meta property=\"og:url\" content=\"https:\/\/www.copealcoy.es\/es\/avanza-la-recuperacion-de-la-via-verda-del-serpis\/\" \/>\n<meta property=\"og:site_name\" content=\"COPE Alcoy\" \/>\n<meta property=\"article:published_time\" content=\"2022-05-04T14:44:37+00:00\" \/>\n<meta property=\"article:modified_time\" content=\"2022-05-06T16:35:02+00:00\" \/>\n<meta property=\"og:image\" content=\"https:\/\/www.copealcoy.es\/wp-content\/uploads\/2022\/05\/220503_POL_foto_via_verde_serpis-scaled.jpg\" \/>\n\t<meta property=\"og:image:width\" content=\"1920\" \/>\n\t<meta property=\"og:image:height\" content=\"1080\" \/>\n\t<meta property=\"og:image:type\" content=\"image\/jpeg\" \/>\n<meta name=\"author\" content=\"Cope Alcoy\" \/>\n<meta name=\"twitter:label1\" content=\"Escrito por\" \/>\n\t<meta name=\"twitter:data1\" content=\"Cope Alcoy\" \/>\n\t<meta name=\"twitter:label2\" content=\"Tiempo de lectura\" \/>\n\t<meta name=\"twitter:data2\" content=\"2 minutos\" \/>\n<script type=\"application\/ld+json\" class=\"yoast-schema-graph\">{\"@context\":\"https:\\\/\\\/schema.org\",\"@graph\":[{\"@type\":\"Article\",\"@id\":\"https:\\\/\\\/www.copealcoy.es\\\/es\\\/avanza-la-recuperacion-de-la-via-verda-del-serpis\\\/#article\",\"isPartOf\":{\"@id\":\"https:\\\/\\\/www.copealcoy.es\\\/es\\\/avanza-la-recuperacion-de-la-via-verda-del-serpis\\\/\"},\"author\":{\"name\":\"Cope Alcoy\",\"@id\":\"https:\\\/\\\/www.copealcoy.es\\\/es\\\/#\\\/schema\\\/person\\\/e777c87fa024e57d40170af9df39882c\"},\"headline\":\"Avanza la recuperaci\u00f3n de la &#8216;Via Verda del Serpis&#8217;\",\"datePublished\":\"2022-05-04T14:44:37+00:00\",\"dateModified\":\"2022-05-06T16:35:02+00:00\",\"mainEntityOfPage\":{\"@id\":\"https:\\\/\\\/www.copealcoy.es\\\/es\\\/avanza-la-recuperacion-de-la-via-verda-del-serpis\\\/\"},\"wordCount\":366,\"commentCount\":0,\"image\":{\"@id\":\"https:\\\/\\\/www.copealcoy.es\\\/es\\\/avanza-la-recuperacion-de-la-via-verda-del-serpis\\\/#primaryimage\"},\"thumbnailUrl\":\"https:\\\/\\\/www.copealcoy.es\\\/wp-content\\\/uploads\\\/2022\\\/05\\\/220503_POL_foto_via_verde_serpis-scaled.jpg\",\"keywords\":[\"Alcoi\u00e0\",\"Arcadi Espa\u00f1a\",\"Comtat\",\"Serpis\",\"Via Verda\"],\"articleSection\":[\"Comarcas\",\"Noticias\"],\"inLanguage\":\"es\"},{\"@type\":\"WebPage\",\"@id\":\"https:\\\/\\\/www.copealcoy.es\\\/es\\\/avanza-la-recuperacion-de-la-via-verda-del-serpis\\\/\",\"url\":\"https:\\\/\\\/www.copealcoy.es\\\/es\\\/avanza-la-recuperacion-de-la-via-verda-del-serpis\\\/\",\"name\":\"Avanza la recuperaci\u00f3n de la 'Via Verda del Serpis' - COPE Alcoy\",\"isPartOf\":{\"@id\":\"https:\\\/\\\/www.copealcoy.es\\\/es\\\/#website\"},\"primaryImageOfPage\":{\"@id\":\"https:\\\/\\\/www.copealcoy.es\\\/es\\\/avanza-la-recuperacion-de-la-via-verda-del-serpis\\\/#primaryimage\"},\"image\":{\"@id\":\"https:\\\/\\\/www.copealcoy.es\\\/es\\\/avanza-la-recuperacion-de-la-via-verda-del-serpis\\\/#primaryimage\"},\"thumbnailUrl\":\"https:\\\/\\\/www.copealcoy.es\\\/wp-content\\\/uploads\\\/2022\\\/05\\\/220503_POL_foto_via_verde_serpis-scaled.jpg\",\"datePublished\":\"2022-05-04T14:44:37+00:00\",\"dateModified\":\"2022-05-06T16:35:02+00:00\",\"author\":{\"@id\":\"https:\\\/\\\/www.copealcoy.es\\\/es\\\/#\\\/schema\\\/person\\\/e777c87fa024e57d40170af9df39882c\"},\"breadcrumb\":{\"@id\":\"https:\\\/\\\/www.copealcoy.es\\\/es\\\/avanza-la-recuperacion-de-la-via-verda-del-serpis\\\/#breadcrumb\"},\"inLanguage\":\"es\",\"potentialAction\":[{\"@type\":\"ReadAction\",\"target\":[\"https:\\\/\\\/www.copealcoy.es\\\/es\\\/avanza-la-recuperacion-de-la-via-verda-del-serpis\\\/\"]}]},{\"@type\":\"ImageObject\",\"inLanguage\":\"es\",\"@id\":\"https:\\\/\\\/www.copealcoy.es\\\/es\\\/avanza-la-recuperacion-de-la-via-verda-del-serpis\\\/#primaryimage\",\"url\":\"https:\\\/\\\/www.copealcoy.es\\\/wp-content\\\/uploads\\\/2022\\\/05\\\/220503_POL_foto_via_verde_serpis-scaled.jpg\",\"contentUrl\":\"https:\\\/\\\/www.copealcoy.es\\\/wp-content\\\/uploads\\\/2022\\\/05\\\/220503_POL_foto_via_verde_serpis-scaled.jpg\",\"width\":1920,\"height\":1080},{\"@type\":\"BreadcrumbList\",\"@id\":\"https:\\\/\\\/www.copealcoy.es\\\/es\\\/avanza-la-recuperacion-de-la-via-verda-del-serpis\\\/#breadcrumb\",\"itemListElement\":[{\"@type\":\"ListItem\",\"position\":1,\"name\":\"Portada\",\"item\":\"https:\\\/\\\/www.copealcoy.es\\\/es\\\/\"},{\"@type\":\"ListItem\",\"position\":2,\"name\":\"Avanza la recuperaci\u00f3n de la &#8216;Via Verda del Serpis&#8217;\"}]},{\"@type\":\"WebSite\",\"@id\":\"https:\\\/\\\/www.copealcoy.es\\\/es\\\/#website\",\"url\":\"https:\\\/\\\/www.copealcoy.es\\\/es\\\/\",\"name\":\"COPE Alcoy\",\"description\":\"Emisora COPE de radio local con emisi\u00f3n online. Pont de Sant Jordi 8-10 03803 Alcoy\",\"potentialAction\":[{\"@type\":\"SearchAction\",\"target\":{\"@type\":\"EntryPoint\",\"urlTemplate\":\"https:\\\/\\\/www.copealcoy.es\\\/es\\\/?s={search_term_string}\"},\"query-input\":{\"@type\":\"PropertyValueSpecification\",\"valueRequired\":true,\"valueName\":\"search_term_string\"}}],\"inLanguage\":\"es\"},{\"@type\":\"Person\",\"@id\":\"https:\\\/\\\/www.copealcoy.es\\\/es\\\/#\\\/schema\\\/person\\\/e777c87fa024e57d40170af9df39882c\",\"name\":\"Cope Alcoy\",\"image\":{\"@type\":\"ImageObject\",\"inLanguage\":\"es\",\"@id\":\"https:\\\/\\\/secure.gravatar.com\\\/avatar\\\/bb65d0283347e303893ba14f0692005417c1e0e690a325a4c5d8bb2b3943ee14?s=96&d=mm&r=g\",\"url\":\"https:\\\/\\\/secure.gravatar.com\\\/avatar\\\/bb65d0283347e303893ba14f0692005417c1e0e690a325a4c5d8bb2b3943ee14?s=96&d=mm&r=g\",\"contentUrl\":\"https:\\\/\\\/secure.gravatar.com\\\/avatar\\\/bb65d0283347e303893ba14f0692005417c1e0e690a325a4c5d8bb2b3943ee14?s=96&d=mm&r=g\",\"caption\":\"Cope Alcoy\"}}]}<\/script>\n<!-- \/ Yoast SEO plugin. -->","yoast_head_json":{"title":"Avanza la recuperaci\u00f3n de la 'Via Verda del Serpis' - COPE Alcoy","robots":{"index":"index","follow":"follow","max-snippet":"max-snippet:-1","max-image-preview":"max-image-preview:large","max-video-preview":"max-video-preview:-1"},"canonical":"https:\/\/www.copealcoy.es\/es\/avanza-la-recuperacion-de-la-via-verda-del-serpis\/","og_locale":"es_ES","og_type":"article","og_title":"Avanza la recuperaci\u00f3n de la 'Via Verda del Serpis' - COPE Alcoy","og_description":"La Conselleria de Pol\u00edtica Territorial, Obras P\u00fablicas y Movilidad continua con la recuperaci\u00f3n y adecuaci\u00f3n de la &#8216;V\u00eda Verda del...","og_url":"https:\/\/www.copealcoy.es\/es\/avanza-la-recuperacion-de-la-via-verda-del-serpis\/","og_site_name":"COPE Alcoy","article_published_time":"2022-05-04T14:44:37+00:00","article_modified_time":"2022-05-06T16:35:02+00:00","og_image":[{"width":1920,"height":1080,"url":"https:\/\/www.copealcoy.es\/wp-content\/uploads\/2022\/05\/220503_POL_foto_via_verde_serpis-scaled.jpg","type":"image\/jpeg"}],"author":"Cope Alcoy","twitter_misc":{"Escrito por":"Cope Alcoy","Tiempo de lectura":"2 minutos"},"schema":{"@context":"https:\/\/schema.org","@graph":[{"@type":"Article","@id":"https:\/\/www.copealcoy.es\/es\/avanza-la-recuperacion-de-la-via-verda-del-serpis\/#article","isPartOf":{"@id":"https:\/\/www.copealcoy.es\/es\/avanza-la-recuperacion-de-la-via-verda-del-serpis\/"},"author":{"name":"Cope Alcoy","@id":"https:\/\/www.copealcoy.es\/es\/#\/schema\/person\/e777c87fa024e57d40170af9df39882c"},"headline":"Avanza la recuperaci\u00f3n de la &#8216;Via Verda del Serpis&#8217;","datePublished":"2022-05-04T14:44:37+00:00","dateModified":"2022-05-06T16:35:02+00:00","mainEntityOfPage":{"@id":"https:\/\/www.copealcoy.es\/es\/avanza-la-recuperacion-de-la-via-verda-del-serpis\/"},"wordCount":366,"commentCount":0,"image":{"@id":"https:\/\/www.copealcoy.es\/es\/avanza-la-recuperacion-de-la-via-verda-del-serpis\/#primaryimage"},"thumbnailUrl":"https:\/\/www.copealcoy.es\/wp-content\/uploads\/2022\/05\/220503_POL_foto_via_verde_serpis-scaled.jpg","keywords":["Alcoi\u00e0","Arcadi Espa\u00f1a","Comtat","Serpis","Via Verda"],"articleSection":["Comarcas","Noticias"],"inLanguage":"es"},{"@type":"WebPage","@id":"https:\/\/www.copealcoy.es\/es\/avanza-la-recuperacion-de-la-via-verda-del-serpis\/","url":"https:\/\/www.copealcoy.es\/es\/avanza-la-recuperacion-de-la-via-verda-del-serpis\/","name":"Avanza la recuperaci\u00f3n de la 'Via Verda del Serpis' - COPE Alcoy","isPartOf":{"@id":"https:\/\/www.copealcoy.es\/es\/#website"},"primaryImageOfPage":{"@id":"https:\/\/www.copealcoy.es\/es\/avanza-la-recuperacion-de-la-via-verda-del-serpis\/#primaryimage"},"image":{"@id":"https:\/\/www.copealcoy.es\/es\/avanza-la-recuperacion-de-la-via-verda-del-serpis\/#primaryimage"},"thumbnailUrl":"https:\/\/www.copealcoy.es\/wp-content\/uploads\/2022\/05\/220503_POL_foto_via_verde_serpis-scaled.jpg","datePublished":"2022-05-04T14:44:37+00:00","dateModified":"2022-05-06T16:35:02+00:00","author":{"@id":"https:\/\/www.copealcoy.es\/es\/#\/schema\/person\/e777c87fa024e57d40170af9df39882c"},"breadcrumb":{"@id":"https:\/\/www.copealcoy.es\/es\/avanza-la-recuperacion-de-la-via-verda-del-serpis\/#breadcrumb"},"inLanguage":"es","potentialAction":[{"@type":"ReadAction","target":["https:\/\/www.copealcoy.es\/es\/avanza-la-recuperacion-de-la-via-verda-del-serpis\/"]}]},{"@type":"ImageObject","inLanguage":"es","@id":"https:\/\/www.copealcoy.es\/es\/avanza-la-recuperacion-de-la-via-verda-del-serpis\/#primaryimage","url":"https:\/\/www.copealcoy.es\/wp-content\/uploads\/2022\/05\/220503_POL_foto_via_verde_serpis-scaled.jpg","contentUrl":"https:\/\/www.copealcoy.es\/wp-content\/uploads\/2022\/05\/220503_POL_foto_via_verde_serpis-scaled.jpg","width":1920,"height":1080},{"@type":"BreadcrumbList","@id":"https:\/\/www.copealcoy.es\/es\/avanza-la-recuperacion-de-la-via-verda-del-serpis\/#breadcrumb","itemListElement":[{"@type":"ListItem","position":1,"name":"Portada","item":"https:\/\/www.copealcoy.es\/es\/"},{"@type":"ListItem","position":2,"name":"Avanza la recuperaci\u00f3n de la &#8216;Via Verda del Serpis&#8217;"}]},{"@type":"WebSite","@id":"https:\/\/www.copealcoy.es\/es\/#website","url":"https:\/\/www.copealcoy.es\/es\/","name":"COPE Alcoy","description":"Emisora COPE de radio local con emisi\u00f3n online. Pont de Sant Jordi 8-10 03803 Alcoy","potentialAction":[{"@type":"SearchAction","target":{"@type":"EntryPoint","urlTemplate":"https:\/\/www.copealcoy.es\/es\/?s={search_term_string}"},"query-input":{"@type":"PropertyValueSpecification","valueRequired":true,"valueName":"search_term_string"}}],"inLanguage":"es"},{"@type":"Person","@id":"https:\/\/www.copealcoy.es\/es\/#\/schema\/person\/e777c87fa024e57d40170af9df39882c","name":"Cope Alcoy","image":{"@type":"ImageObject","inLanguage":"es","@id":"https:\/\/secure.gravatar.com\/avatar\/bb65d0283347e303893ba14f0692005417c1e0e690a325a4c5d8bb2b3943ee14?s=96&d=mm&r=g","url":"https:\/\/secure.gravatar.com\/avatar\/bb65d0283347e303893ba14f0692005417c1e0e690a325a4c5d8bb2b3943ee14?s=96&d=mm&r=g","contentUrl":"https:\/\/secure.gravatar.com\/avatar\/bb65d0283347e303893ba14f0692005417c1e0e690a325a4c5d8bb2b3943ee14?s=96&d=mm&r=g","caption":"Cope Alcoy"}}]}},"_links":{"self":[{"href":"https:\/\/www.copealcoy.es\/es\/wp-json\/wp\/v2\/posts\/86995","targetHints":{"allow":["GET"]}}],"collection":[{"href":"https:\/\/www.copealcoy.es\/es\/wp-json\/wp\/v2\/posts"}],"about":[{"href":"https:\/\/www.copealcoy.es\/es\/wp-json\/wp\/v2\/types\/post"}],"author":[{"embeddable":true,"href":"https:\/\/www.copealcoy.es\/es\/wp-json\/wp\/v2\/users\/1"}],"replies":[{"embeddable":true,"href":"https:\/\/www.copealcoy.es\/es\/wp-json\/wp\/v2\/comments?post=86995"}],"version-history":[{"count":0,"href":"https:\/\/www.copealcoy.es\/es\/wp-json\/wp\/v2\/posts\/86995\/revisions"}],"wp:featuredmedia":[{"embeddable":true,"href":"https:\/\/www.copealcoy.es\/es\/wp-json\/wp\/v2\/media\/86996"}],"wp:attachment":[{"href":"https:\/\/www.copealcoy.es\/es\/wp-json\/wp\/v2\/media?parent=86995"}],"wp:term":[{"taxonomy":"category","embeddable":true,"href":"https:\/\/www.copealcoy.es\/es\/wp-json\/wp\/v2\/categories?post=86995"},{"taxonomy":"post_tag","embeddable":true,"href":"https:\/\/www.copealcoy.es\/es\/wp-json\/wp\/v2\/tags?post=86995"}],"curies":[{"name":"wp","href":"https:\/\/api.w.org\/{rel}","templated":true}]}}