{"id":86841,"date":"2022-04-29T17:28:10","date_gmt":"2022-04-29T16:28:10","guid":{"rendered":"https:\/\/www.copealcoy.es\/?p=86841"},"modified":"2022-04-29T18:07:45","modified_gmt":"2022-04-29T17:07:45","slug":"el-pp-cuestiona-que-la-edil-zamorano-opte-a-una-bolsa-de-trabajo-del-ayuntamiento","status":"publish","type":"post","link":"https:\/\/www.copealcoy.es\/es\/el-pp-cuestiona-que-la-edil-zamorano-opte-a-una-bolsa-de-trabajo-del-ayuntamiento\/","title":{"rendered":"El PP cuestiona que la edil Zamorano opte a una bolsa de trabajo del Ayuntamiento"},"content":{"rendered":"<p style=\"text-align: justify;\">Ayer jueves <strong>comenz\u00f3 a desatarse la pol\u00e9mica<\/strong> despu\u00e9s de que ABC publicase que la edil del PSOE, <strong>Lorena Zamorano<\/strong>, aspira a <strong>una plaza de t\u00e9cnico administrativo en la bolsa de empleo del Ayuntamiento de Alcoy<\/strong>. Este proceso cuenta con <strong>una comisi\u00f3n de valoraci\u00f3n para elegir al candidato final y la misma la nombra el alcalde<\/strong>.<\/p>\n<p><span style=\"color: #0000ff;\"><strong>Para el PP es toda una falta de \u00e9tica<\/strong><\/span><\/p>\n<p style=\"text-align: justify;\">Desde el Partido Popular <strong>han cuestionado la decisi\u00f3n de Lorena Zamorano<\/strong> y ven la misma como <strong>una aut\u00e9ntica falta de \u00e9tica <\/strong>al mismo tiempo que aseguran que con este hecho <strong>la concejala demuestra<\/strong> &#8220;<em>estar m\u00e1s preocupada por tener una salida profesional que en gestionar los intereses de la ciudad<\/em>&#8220;. El portavoz de los populares <strong>pide explicaciones al Ejecutivo Local por lo que considera un claro conflicto de intereses<\/strong> &#8220;<em>es lo m\u00ednimo que puede hacer un alcalde que ya permiti\u00f3 a Zamorano seguir cobrando del Ayuntamiento pese a estar trabajando como secretaria en el Ayuntamiento de Muro de Alcoy. La concejala Zamorano forma parte de la Junta de Gobierno y ostenta la delegaci\u00f3n de Turismo y la responsabilidad de gestionar los Fondos Europeos para combatir las consecuencias de la pandemia. Por estas funciones percibe m\u00e1s de 50.000 euros anuales. \u00bfVa a conseguir recursos de Europa mientras estudia las oposiciones?<\/em>&#8220;, afirma <strong>Quique Ruiz<\/strong>.<\/p>\n<p><strong><span style=\"color: #0000ff;\">El PSOE dice que la decisi\u00f3n de Zamorano es legal<\/span><\/strong><\/p>\n<p style=\"text-align: justify;\">El Gobierno Local del PSOE <strong>ha salido al paso de las afirmaciones del Partido Popular<\/strong> y ha dejado claro que la decisi\u00f3n de la concejala Lorena Zamorano, referida a presentarse a estas oposiciones, <strong>se adapta totalmente<\/strong>. Los socialistas indican que <strong>el tribunal que evaluar\u00e1 a los candidatos es totalmente imparcial<\/strong> y se\u00f1alan que la edil <strong>no restar\u00e1 tiempo a sus obligaciones en el cargo mientras estudie<\/strong> &#8220;<em>Lorena Zamorano est\u00e1 al cien por cien en sus obligaciones como concejala, lo ha estado y lo estar\u00e1. Se trata de una persona con una grand\u00edsima capacidad de trabajo y est\u00e1 al frente de las concejal\u00edas de Turismo, Patrimonio Hist\u00f3rico y Contrataci\u00f3n, as\u00ed como de gestionar los fondos europeos, como tambi\u00e9n forma parte de la Junta de Gobierno, cumpliendo con todas y cada una de las obligaciones y de la gesti\u00f3n que requieren sus competencia<\/em>s&#8221;, ha matizado el portavoz del partido; <strong>Jordi Mart\u00ednez<\/strong>.<\/p>\n<p><span style=\"color: #0000ff;\"><strong>Comprom\u00eds tambi\u00e9n pide explicaciones al alcalde<\/strong><\/span><\/p>\n<p style=\"text-align: justify;\">Finalmente <strong>el Grupo Municipal de Comprom\u00eds ha destacado que el alcalde debe de dar explicaciones cuanto antes<\/strong> puesto que hechos como este <strong>ponen en cuesti\u00f3n la \u00e9tica del Ayuntamiento de Alcoy<\/strong>. Desde el partido <strong>piden m\u00e1xima transparencia al Ejecutivo Local de Franc\u00e9s<\/strong> &#8220;<em>como gobierno del cambio, con valores democr\u00e1ticos, se tienen que aclarar estas cosas, para evitar cualquier duda de comportamientos poco \u00e9ticos, que nos hacen recordar tiempos pasados donde el PP hac\u00eda y deshac\u00eda a voluntad<\/em>&#8220;, concluye el portavoz; M\u00e0rius Ivorra.<\/p>\n","protected":false},"excerpt":{"rendered":"<p>Ayer jueves comenz\u00f3 a desatarse la pol\u00e9mica despu\u00e9s de que ABC publicase que la edil del PSOE, Lorena Zamorano, aspira&#8230;<\/p>\n","protected":false},"author":1,"featured_media":76821,"comment_status":"open","ping_status":"open","sticky":false,"template":"","format":"standard","meta":{"footnotes":""},"categories":[6909,97,75,79],"tags":[1494,229,12671,152,1796,448,371],"class_list":["post-86841","post","type-post","status-publish","format-standard","has-post-thumbnail","hentry","category-actualidad","category-alcoy","category-noticias","category-politicayeconomia","tag-alcoy","tag-ayuntamiento","tag-bolsa-de-empleo","tag-compromis","tag-lorena-zamorano","tag-partido-popular","tag-psoe"],"yoast_head":"<!-- This site is optimized with the Yoast SEO plugin v27.3 - https:\/\/yoast.com\/product\/yoast-seo-wordpress\/ -->\n<title>El PP cuestiona que la edil Zamorano opte a una bolsa de trabajo del Ayuntamiento - COPE Alcoy<\/title>\n<meta name=\"robots\" content=\"index, follow, max-snippet:-1, max-image-preview:large, max-video-preview:-1\" \/>\n<link rel=\"canonical\" href=\"https:\/\/www.copealcoy.es\/es\/el-pp-cuestiona-que-la-edil-zamorano-opte-a-una-bolsa-de-trabajo-del-ayuntamiento\/\" \/>\n<meta property=\"og:locale\" content=\"es_ES\" \/>\n<meta property=\"og:type\" content=\"article\" \/>\n<meta property=\"og:title\" content=\"El PP cuestiona que la edil Zamorano opte a una bolsa de trabajo del Ayuntamiento - COPE Alcoy\" \/>\n<meta property=\"og:description\" content=\"Ayer jueves comenz\u00f3 a desatarse la pol\u00e9mica despu\u00e9s de que ABC publicase que la edil del PSOE, Lorena Zamorano, aspira...\" \/>\n<meta property=\"og:url\" content=\"https:\/\/www.copealcoy.es\/es\/el-pp-cuestiona-que-la-edil-zamorano-opte-a-una-bolsa-de-trabajo-del-ayuntamiento\/\" \/>\n<meta property=\"og:site_name\" content=\"COPE Alcoy\" \/>\n<meta property=\"article:published_time\" content=\"2022-04-29T16:28:10+00:00\" \/>\n<meta property=\"article:modified_time\" content=\"2022-04-29T17:07:45+00:00\" \/>\n<meta property=\"og:image\" content=\"https:\/\/www.copealcoy.es\/wp-content\/uploads\/2021\/08\/ajuntament-2-e1629909036832.jpg\" \/>\n\t<meta property=\"og:image:width\" content=\"960\" \/>\n\t<meta property=\"og:image:height\" content=\"532\" \/>\n\t<meta property=\"og:image:type\" content=\"image\/jpeg\" \/>\n<meta name=\"author\" content=\"Cope Alcoy\" \/>\n<meta name=\"twitter:label1\" content=\"Escrito por\" \/>\n\t<meta name=\"twitter:data1\" content=\"Cope Alcoy\" \/>\n\t<meta name=\"twitter:label2\" content=\"Tiempo de lectura\" \/>\n\t<meta name=\"twitter:data2\" content=\"3 minutos\" \/>\n<script type=\"application\/ld+json\" class=\"yoast-schema-graph\">{\"@context\":\"https:\\\/\\\/schema.org\",\"@graph\":[{\"@type\":\"Article\",\"@id\":\"https:\\\/\\\/www.copealcoy.es\\\/es\\\/el-pp-cuestiona-que-la-edil-zamorano-opte-a-una-bolsa-de-trabajo-del-ayuntamiento\\\/#article\",\"isPartOf\":{\"@id\":\"https:\\\/\\\/www.copealcoy.es\\\/es\\\/el-pp-cuestiona-que-la-edil-zamorano-opte-a-una-bolsa-de-trabajo-del-ayuntamiento\\\/\"},\"author\":{\"name\":\"Cope Alcoy\",\"@id\":\"https:\\\/\\\/www.copealcoy.es\\\/es\\\/#\\\/schema\\\/person\\\/e777c87fa024e57d40170af9df39882c\"},\"headline\":\"El PP cuestiona que la edil Zamorano opte a una bolsa de trabajo del Ayuntamiento\",\"datePublished\":\"2022-04-29T16:28:10+00:00\",\"dateModified\":\"2022-04-29T17:07:45+00:00\",\"mainEntityOfPage\":{\"@id\":\"https:\\\/\\\/www.copealcoy.es\\\/es\\\/el-pp-cuestiona-que-la-edil-zamorano-opte-a-una-bolsa-de-trabajo-del-ayuntamiento\\\/\"},\"wordCount\":507,\"commentCount\":0,\"image\":{\"@id\":\"https:\\\/\\\/www.copealcoy.es\\\/es\\\/el-pp-cuestiona-que-la-edil-zamorano-opte-a-una-bolsa-de-trabajo-del-ayuntamiento\\\/#primaryimage\"},\"thumbnailUrl\":\"https:\\\/\\\/www.copealcoy.es\\\/wp-content\\\/uploads\\\/2021\\\/08\\\/ajuntament-2-e1629909036832.jpg\",\"keywords\":[\"Alcoy\",\"Ayuntamiento\",\"bolsa de empleo\",\"Comprom\u00eds\",\"Lorena Zamorano\",\"Partido Popular\",\"PSOE\"],\"articleSection\":[\"Actualidad\",\"Alcoy\",\"Noticias\",\"Pol\u00edtica y Econom\u00eda\"],\"inLanguage\":\"es\"},{\"@type\":\"WebPage\",\"@id\":\"https:\\\/\\\/www.copealcoy.es\\\/es\\\/el-pp-cuestiona-que-la-edil-zamorano-opte-a-una-bolsa-de-trabajo-del-ayuntamiento\\\/\",\"url\":\"https:\\\/\\\/www.copealcoy.es\\\/es\\\/el-pp-cuestiona-que-la-edil-zamorano-opte-a-una-bolsa-de-trabajo-del-ayuntamiento\\\/\",\"name\":\"El PP cuestiona que la edil Zamorano opte a una bolsa de trabajo del Ayuntamiento - COPE Alcoy\",\"isPartOf\":{\"@id\":\"https:\\\/\\\/www.copealcoy.es\\\/es\\\/#website\"},\"primaryImageOfPage\":{\"@id\":\"https:\\\/\\\/www.copealcoy.es\\\/es\\\/el-pp-cuestiona-que-la-edil-zamorano-opte-a-una-bolsa-de-trabajo-del-ayuntamiento\\\/#primaryimage\"},\"image\":{\"@id\":\"https:\\\/\\\/www.copealcoy.es\\\/es\\\/el-pp-cuestiona-que-la-edil-zamorano-opte-a-una-bolsa-de-trabajo-del-ayuntamiento\\\/#primaryimage\"},\"thumbnailUrl\":\"https:\\\/\\\/www.copealcoy.es\\\/wp-content\\\/uploads\\\/2021\\\/08\\\/ajuntament-2-e1629909036832.jpg\",\"datePublished\":\"2022-04-29T16:28:10+00:00\",\"dateModified\":\"2022-04-29T17:07:45+00:00\",\"author\":{\"@id\":\"https:\\\/\\\/www.copealcoy.es\\\/es\\\/#\\\/schema\\\/person\\\/e777c87fa024e57d40170af9df39882c\"},\"breadcrumb\":{\"@id\":\"https:\\\/\\\/www.copealcoy.es\\\/es\\\/el-pp-cuestiona-que-la-edil-zamorano-opte-a-una-bolsa-de-trabajo-del-ayuntamiento\\\/#breadcrumb\"},\"inLanguage\":\"es\",\"potentialAction\":[{\"@type\":\"ReadAction\",\"target\":[\"https:\\\/\\\/www.copealcoy.es\\\/es\\\/el-pp-cuestiona-que-la-edil-zamorano-opte-a-una-bolsa-de-trabajo-del-ayuntamiento\\\/\"]}]},{\"@type\":\"ImageObject\",\"inLanguage\":\"es\",\"@id\":\"https:\\\/\\\/www.copealcoy.es\\\/es\\\/el-pp-cuestiona-que-la-edil-zamorano-opte-a-una-bolsa-de-trabajo-del-ayuntamiento\\\/#primaryimage\",\"url\":\"https:\\\/\\\/www.copealcoy.es\\\/wp-content\\\/uploads\\\/2021\\\/08\\\/ajuntament-2-e1629909036832.jpg\",\"contentUrl\":\"https:\\\/\\\/www.copealcoy.es\\\/wp-content\\\/uploads\\\/2021\\\/08\\\/ajuntament-2-e1629909036832.jpg\",\"width\":960,\"height\":532},{\"@type\":\"BreadcrumbList\",\"@id\":\"https:\\\/\\\/www.copealcoy.es\\\/es\\\/el-pp-cuestiona-que-la-edil-zamorano-opte-a-una-bolsa-de-trabajo-del-ayuntamiento\\\/#breadcrumb\",\"itemListElement\":[{\"@type\":\"ListItem\",\"position\":1,\"name\":\"Portada\",\"item\":\"https:\\\/\\\/www.copealcoy.es\\\/es\\\/\"},{\"@type\":\"ListItem\",\"position\":2,\"name\":\"El PP cuestiona que la edil Zamorano opte a una bolsa de trabajo del Ayuntamiento\"}]},{\"@type\":\"WebSite\",\"@id\":\"https:\\\/\\\/www.copealcoy.es\\\/es\\\/#website\",\"url\":\"https:\\\/\\\/www.copealcoy.es\\\/es\\\/\",\"name\":\"COPE Alcoy\",\"description\":\"Emisora COPE de radio local con emisi\u00f3n online. Pont de Sant Jordi 8-10 03803 Alcoy\",\"potentialAction\":[{\"@type\":\"SearchAction\",\"target\":{\"@type\":\"EntryPoint\",\"urlTemplate\":\"https:\\\/\\\/www.copealcoy.es\\\/es\\\/?s={search_term_string}\"},\"query-input\":{\"@type\":\"PropertyValueSpecification\",\"valueRequired\":true,\"valueName\":\"search_term_string\"}}],\"inLanguage\":\"es\"},{\"@type\":\"Person\",\"@id\":\"https:\\\/\\\/www.copealcoy.es\\\/es\\\/#\\\/schema\\\/person\\\/e777c87fa024e57d40170af9df39882c\",\"name\":\"Cope Alcoy\",\"image\":{\"@type\":\"ImageObject\",\"inLanguage\":\"es\",\"@id\":\"https:\\\/\\\/secure.gravatar.com\\\/avatar\\\/bb65d0283347e303893ba14f0692005417c1e0e690a325a4c5d8bb2b3943ee14?s=96&d=mm&r=g\",\"url\":\"https:\\\/\\\/secure.gravatar.com\\\/avatar\\\/bb65d0283347e303893ba14f0692005417c1e0e690a325a4c5d8bb2b3943ee14?s=96&d=mm&r=g\",\"contentUrl\":\"https:\\\/\\\/secure.gravatar.com\\\/avatar\\\/bb65d0283347e303893ba14f0692005417c1e0e690a325a4c5d8bb2b3943ee14?s=96&d=mm&r=g\",\"caption\":\"Cope Alcoy\"}}]}<\/script>\n<!-- \/ Yoast SEO plugin. -->","yoast_head_json":{"title":"El PP cuestiona que la edil Zamorano opte a una bolsa de trabajo del Ayuntamiento - COPE Alcoy","robots":{"index":"index","follow":"follow","max-snippet":"max-snippet:-1","max-image-preview":"max-image-preview:large","max-video-preview":"max-video-preview:-1"},"canonical":"https:\/\/www.copealcoy.es\/es\/el-pp-cuestiona-que-la-edil-zamorano-opte-a-una-bolsa-de-trabajo-del-ayuntamiento\/","og_locale":"es_ES","og_type":"article","og_title":"El PP cuestiona que la edil Zamorano opte a una bolsa de trabajo del Ayuntamiento - COPE Alcoy","og_description":"Ayer jueves comenz\u00f3 a desatarse la pol\u00e9mica despu\u00e9s de que ABC publicase que la edil del PSOE, Lorena Zamorano, aspira...","og_url":"https:\/\/www.copealcoy.es\/es\/el-pp-cuestiona-que-la-edil-zamorano-opte-a-una-bolsa-de-trabajo-del-ayuntamiento\/","og_site_name":"COPE Alcoy","article_published_time":"2022-04-29T16:28:10+00:00","article_modified_time":"2022-04-29T17:07:45+00:00","og_image":[{"width":960,"height":532,"url":"https:\/\/www.copealcoy.es\/wp-content\/uploads\/2021\/08\/ajuntament-2-e1629909036832.jpg","type":"image\/jpeg"}],"author":"Cope Alcoy","twitter_misc":{"Escrito por":"Cope Alcoy","Tiempo de lectura":"3 minutos"},"schema":{"@context":"https:\/\/schema.org","@graph":[{"@type":"Article","@id":"https:\/\/www.copealcoy.es\/es\/el-pp-cuestiona-que-la-edil-zamorano-opte-a-una-bolsa-de-trabajo-del-ayuntamiento\/#article","isPartOf":{"@id":"https:\/\/www.copealcoy.es\/es\/el-pp-cuestiona-que-la-edil-zamorano-opte-a-una-bolsa-de-trabajo-del-ayuntamiento\/"},"author":{"name":"Cope Alcoy","@id":"https:\/\/www.copealcoy.es\/es\/#\/schema\/person\/e777c87fa024e57d40170af9df39882c"},"headline":"El PP cuestiona que la edil Zamorano opte a una bolsa de trabajo del Ayuntamiento","datePublished":"2022-04-29T16:28:10+00:00","dateModified":"2022-04-29T17:07:45+00:00","mainEntityOfPage":{"@id":"https:\/\/www.copealcoy.es\/es\/el-pp-cuestiona-que-la-edil-zamorano-opte-a-una-bolsa-de-trabajo-del-ayuntamiento\/"},"wordCount":507,"commentCount":0,"image":{"@id":"https:\/\/www.copealcoy.es\/es\/el-pp-cuestiona-que-la-edil-zamorano-opte-a-una-bolsa-de-trabajo-del-ayuntamiento\/#primaryimage"},"thumbnailUrl":"https:\/\/www.copealcoy.es\/wp-content\/uploads\/2021\/08\/ajuntament-2-e1629909036832.jpg","keywords":["Alcoy","Ayuntamiento","bolsa de empleo","Comprom\u00eds","Lorena Zamorano","Partido Popular","PSOE"],"articleSection":["Actualidad","Alcoy","Noticias","Pol\u00edtica y Econom\u00eda"],"inLanguage":"es"},{"@type":"WebPage","@id":"https:\/\/www.copealcoy.es\/es\/el-pp-cuestiona-que-la-edil-zamorano-opte-a-una-bolsa-de-trabajo-del-ayuntamiento\/","url":"https:\/\/www.copealcoy.es\/es\/el-pp-cuestiona-que-la-edil-zamorano-opte-a-una-bolsa-de-trabajo-del-ayuntamiento\/","name":"El PP cuestiona que la edil Zamorano opte a una bolsa de trabajo del Ayuntamiento - COPE Alcoy","isPartOf":{"@id":"https:\/\/www.copealcoy.es\/es\/#website"},"primaryImageOfPage":{"@id":"https:\/\/www.copealcoy.es\/es\/el-pp-cuestiona-que-la-edil-zamorano-opte-a-una-bolsa-de-trabajo-del-ayuntamiento\/#primaryimage"},"image":{"@id":"https:\/\/www.copealcoy.es\/es\/el-pp-cuestiona-que-la-edil-zamorano-opte-a-una-bolsa-de-trabajo-del-ayuntamiento\/#primaryimage"},"thumbnailUrl":"https:\/\/www.copealcoy.es\/wp-content\/uploads\/2021\/08\/ajuntament-2-e1629909036832.jpg","datePublished":"2022-04-29T16:28:10+00:00","dateModified":"2022-04-29T17:07:45+00:00","author":{"@id":"https:\/\/www.copealcoy.es\/es\/#\/schema\/person\/e777c87fa024e57d40170af9df39882c"},"breadcrumb":{"@id":"https:\/\/www.copealcoy.es\/es\/el-pp-cuestiona-que-la-edil-zamorano-opte-a-una-bolsa-de-trabajo-del-ayuntamiento\/#breadcrumb"},"inLanguage":"es","potentialAction":[{"@type":"ReadAction","target":["https:\/\/www.copealcoy.es\/es\/el-pp-cuestiona-que-la-edil-zamorano-opte-a-una-bolsa-de-trabajo-del-ayuntamiento\/"]}]},{"@type":"ImageObject","inLanguage":"es","@id":"https:\/\/www.copealcoy.es\/es\/el-pp-cuestiona-que-la-edil-zamorano-opte-a-una-bolsa-de-trabajo-del-ayuntamiento\/#primaryimage","url":"https:\/\/www.copealcoy.es\/wp-content\/uploads\/2021\/08\/ajuntament-2-e1629909036832.jpg","contentUrl":"https:\/\/www.copealcoy.es\/wp-content\/uploads\/2021\/08\/ajuntament-2-e1629909036832.jpg","width":960,"height":532},{"@type":"BreadcrumbList","@id":"https:\/\/www.copealcoy.es\/es\/el-pp-cuestiona-que-la-edil-zamorano-opte-a-una-bolsa-de-trabajo-del-ayuntamiento\/#breadcrumb","itemListElement":[{"@type":"ListItem","position":1,"name":"Portada","item":"https:\/\/www.copealcoy.es\/es\/"},{"@type":"ListItem","position":2,"name":"El PP cuestiona que la edil Zamorano opte a una bolsa de trabajo del Ayuntamiento"}]},{"@type":"WebSite","@id":"https:\/\/www.copealcoy.es\/es\/#website","url":"https:\/\/www.copealcoy.es\/es\/","name":"COPE Alcoy","description":"Emisora COPE de radio local con emisi\u00f3n online. Pont de Sant Jordi 8-10 03803 Alcoy","potentialAction":[{"@type":"SearchAction","target":{"@type":"EntryPoint","urlTemplate":"https:\/\/www.copealcoy.es\/es\/?s={search_term_string}"},"query-input":{"@type":"PropertyValueSpecification","valueRequired":true,"valueName":"search_term_string"}}],"inLanguage":"es"},{"@type":"Person","@id":"https:\/\/www.copealcoy.es\/es\/#\/schema\/person\/e777c87fa024e57d40170af9df39882c","name":"Cope Alcoy","image":{"@type":"ImageObject","inLanguage":"es","@id":"https:\/\/secure.gravatar.com\/avatar\/bb65d0283347e303893ba14f0692005417c1e0e690a325a4c5d8bb2b3943ee14?s=96&d=mm&r=g","url":"https:\/\/secure.gravatar.com\/avatar\/bb65d0283347e303893ba14f0692005417c1e0e690a325a4c5d8bb2b3943ee14?s=96&d=mm&r=g","contentUrl":"https:\/\/secure.gravatar.com\/avatar\/bb65d0283347e303893ba14f0692005417c1e0e690a325a4c5d8bb2b3943ee14?s=96&d=mm&r=g","caption":"Cope Alcoy"}}]}},"_links":{"self":[{"href":"https:\/\/www.copealcoy.es\/es\/wp-json\/wp\/v2\/posts\/86841","targetHints":{"allow":["GET"]}}],"collection":[{"href":"https:\/\/www.copealcoy.es\/es\/wp-json\/wp\/v2\/posts"}],"about":[{"href":"https:\/\/www.copealcoy.es\/es\/wp-json\/wp\/v2\/types\/post"}],"author":[{"embeddable":true,"href":"https:\/\/www.copealcoy.es\/es\/wp-json\/wp\/v2\/users\/1"}],"replies":[{"embeddable":true,"href":"https:\/\/www.copealcoy.es\/es\/wp-json\/wp\/v2\/comments?post=86841"}],"version-history":[{"count":0,"href":"https:\/\/www.copealcoy.es\/es\/wp-json\/wp\/v2\/posts\/86841\/revisions"}],"wp:featuredmedia":[{"embeddable":true,"href":"https:\/\/www.copealcoy.es\/es\/wp-json\/wp\/v2\/media\/76821"}],"wp:attachment":[{"href":"https:\/\/www.copealcoy.es\/es\/wp-json\/wp\/v2\/media?parent=86841"}],"wp:term":[{"taxonomy":"category","embeddable":true,"href":"https:\/\/www.copealcoy.es\/es\/wp-json\/wp\/v2\/categories?post=86841"},{"taxonomy":"post_tag","embeddable":true,"href":"https:\/\/www.copealcoy.es\/es\/wp-json\/wp\/v2\/tags?post=86841"}],"curies":[{"name":"wp","href":"https:\/\/api.w.org\/{rel}","templated":true}]}}