{"id":86828,"date":"2022-04-29T12:18:12","date_gmt":"2022-04-29T11:18:12","guid":{"rendered":"https:\/\/www.copealcoy.es\/?p=86828"},"modified":"2022-04-29T14:37:16","modified_gmt":"2022-04-29T13:37:16","slug":"ugt-y-ccoo-llaman-a-movilizarse-el-proximo-1-de-mayo","status":"publish","type":"post","link":"https:\/\/www.copealcoy.es\/es\/ugt-y-ccoo-llaman-a-movilizarse-el-proximo-1-de-mayo\/","title":{"rendered":"UGT y CCOO llaman a movilizarse el pr\u00f3ximo 1 de mayo"},"content":{"rendered":"<p style=\"text-align: justify;\">Los <strong>Sindicatos de Comisiones Obreras y UGT<\/strong> llaman a la movilizaci\u00f3n con ocasi\u00f3n del <strong>D\u00eda Internacional del Trabajador<\/strong>, un primero que de mayo que se conmemorar\u00e1 este domingo <strong>con id\u00e9nticas caracter\u00edsticas<\/strong> a como se hac\u00eda antes de la pandemia. Hay que recordar que <strong>en 2020 el confinamiento oblig\u00f3 a recordar esta fecha desde casa<\/strong> mientras que <strong>en 2021 los actos quedaron reducidos a una concentraci\u00f3n con distancia de seguridad<\/strong> en la Plaza de Espa\u00f1a de Alcoy.<\/p>\n<p style=\"text-align: justify;\">En esta ocasi\u00f3n la actividad arrancar\u00e1 de nuevo a las 10:00h de la ma\u00f1ana con <strong>un almuerzo popular<\/strong> en los jardines sindicales de La Alameda. De ah\u00ed partir\u00e1 posteriormente <strong>la manifestaci\u00f3n hasta La Bandeja<\/strong>, lugar en el que se dar\u00e1 lectura a varios textos. Sobre la mesa demandas como <strong>el aumento de los salarios<\/strong> para hacer frente a la inflaci\u00f3n de precios o <strong>continuar impulsando medidas que fomenten la igualdad<\/strong>. En este \u00faltimo caso <strong>desde UGT ponen el acento en la \u00faltima reforma laboral del Gobierno Central<\/strong> de la que dicen que ha contribuido a reducir la precariedad laboral como detalla el Secretario General del Sindicato en nuestras comarcas;<strong> Ismael Senent<\/strong>:<\/p>\n<audio class=\"wp-audio-shortcode\" id=\"audio-86828-1\" preload=\"none\" style=\"width: 100%;\" controls=\"controls\"><source type=\"audio\/mpeg\" src=\"https:\/\/www.copealcoy.es\/wp-content\/uploads\/2022\/04\/TALL-ISMAEL-SENENT-SECRETARI-GENERAL-UGT-PRIMER-DE-MAIG.mp3?_=1\" \/><a href=\"https:\/\/www.copealcoy.es\/wp-content\/uploads\/2022\/04\/TALL-ISMAEL-SENENT-SECRETARI-GENERAL-UGT-PRIMER-DE-MAIG.mp3\">https:\/\/www.copealcoy.es\/wp-content\/uploads\/2022\/04\/TALL-ISMAEL-SENENT-SECRETARI-GENERAL-UGT-PRIMER-DE-MAIG.mp3<\/a><\/audio>\n<p>&nbsp;<\/p>\n<p style=\"text-align: justify;\">Por su parte, <strong>desde CCOO animan a participar el domingo y a salir a la calle en la manifestaci\u00f3n<\/strong>. Su Secretario Comarcal, <strong>Ra\u00fcl Alcocel<\/strong>, ve prioritario hacer visible la reivindicaci\u00f3n tras la pandemia:<\/p>\n<audio class=\"wp-audio-shortcode\" id=\"audio-86828-2\" preload=\"none\" style=\"width: 100%;\" controls=\"controls\"><source type=\"audio\/mpeg\" src=\"https:\/\/www.copealcoy.es\/wp-content\/uploads\/2022\/04\/TALL-RAUL-ALCOCEL-SECRETARI-GENERAL-CCOO-PRIMER-DE-MAIG.mp3?_=2\" \/><a href=\"https:\/\/www.copealcoy.es\/wp-content\/uploads\/2022\/04\/TALL-RAUL-ALCOCEL-SECRETARI-GENERAL-CCOO-PRIMER-DE-MAIG.mp3\">https:\/\/www.copealcoy.es\/wp-content\/uploads\/2022\/04\/TALL-RAUL-ALCOCEL-SECRETARI-GENERAL-CCOO-PRIMER-DE-MAIG.mp3<\/a><\/audio>\n<p>&nbsp;<\/p>\n<p style=\"text-align: justify;\">Recordar que <strong>Alcoy celebra el 1\u00b0 de Mayo desde su inicio<\/strong>, en 1890, a\u00f1o en que se celebr\u00f3 por primera vez. En l&#8217;Alcoi\u00e0 y el Comtat tiene lugar <strong>una de las cuatro manifestaciones previstas<\/strong> en la provincia de Alicante para este D\u00eda Internacional del Trabajador.<\/p>\n","protected":false},"excerpt":{"rendered":"<p>Los Sindicatos de Comisiones Obreras y UGT llaman a la movilizaci\u00f3n con ocasi\u00f3n del D\u00eda Internacional del Trabajador, un primero&#8230;<\/p>\n","protected":false},"author":1,"featured_media":41739,"comment_status":"open","ping_status":"open","sticky":false,"template":"","format":"standard","meta":{"footnotes":""},"categories":[6909,75,125],"tags":[981,1494,4863,12669,1898],"class_list":["post-86828","post","type-post","status-publish","format-standard","has-post-thumbnail","hentry","category-actualidad","category-noticias","category-portada","tag-1-de-mayo","tag-alcoy","tag-ccoo-ugt","tag-dia-internacional-del-trabajador","tag-reivindicacion"],"yoast_head":"<!-- This site is optimized with the Yoast SEO plugin v27.3 - https:\/\/yoast.com\/product\/yoast-seo-wordpress\/ -->\n<title>UGT y CCOO llaman a movilizarse el pr\u00f3ximo 1 de mayo - COPE Alcoy<\/title>\n<meta name=\"robots\" content=\"index, follow, max-snippet:-1, max-image-preview:large, max-video-preview:-1\" \/>\n<link rel=\"canonical\" href=\"https:\/\/www.copealcoy.es\/es\/ugt-y-ccoo-llaman-a-movilizarse-el-proximo-1-de-mayo\/\" \/>\n<meta property=\"og:locale\" content=\"es_ES\" \/>\n<meta property=\"og:type\" content=\"article\" \/>\n<meta property=\"og:title\" content=\"UGT y CCOO llaman a movilizarse el pr\u00f3ximo 1 de mayo - COPE Alcoy\" \/>\n<meta property=\"og:description\" content=\"Los Sindicatos de Comisiones Obreras y UGT llaman a la movilizaci\u00f3n con ocasi\u00f3n del D\u00eda Internacional del Trabajador, un primero...\" \/>\n<meta property=\"og:url\" content=\"https:\/\/www.copealcoy.es\/es\/ugt-y-ccoo-llaman-a-movilizarse-el-proximo-1-de-mayo\/\" \/>\n<meta property=\"og:site_name\" content=\"COPE Alcoy\" \/>\n<meta property=\"article:published_time\" content=\"2022-04-29T11:18:12+00:00\" \/>\n<meta property=\"article:modified_time\" content=\"2022-04-29T13:37:16+00:00\" \/>\n<meta property=\"og:image\" content=\"https:\/\/www.copealcoy.es\/wp-content\/uploads\/2018\/05\/DcGkXLDX0AECoId-e1651239428379.jpg\" \/>\n\t<meta property=\"og:image:width\" content=\"640\" \/>\n\t<meta property=\"og:image:height\" content=\"387\" \/>\n\t<meta property=\"og:image:type\" content=\"image\/jpeg\" \/>\n<meta name=\"author\" content=\"Cope Alcoy\" \/>\n<meta name=\"twitter:label1\" content=\"Escrito por\" \/>\n\t<meta name=\"twitter:data1\" content=\"Cope Alcoy\" \/>\n\t<meta name=\"twitter:label2\" content=\"Tiempo de lectura\" \/>\n\t<meta name=\"twitter:data2\" content=\"2 minutos\" \/>\n<script type=\"application\/ld+json\" class=\"yoast-schema-graph\">{\"@context\":\"https:\\\/\\\/schema.org\",\"@graph\":[{\"@type\":\"Article\",\"@id\":\"https:\\\/\\\/www.copealcoy.es\\\/es\\\/ugt-y-ccoo-llaman-a-movilizarse-el-proximo-1-de-mayo\\\/#article\",\"isPartOf\":{\"@id\":\"https:\\\/\\\/www.copealcoy.es\\\/es\\\/ugt-y-ccoo-llaman-a-movilizarse-el-proximo-1-de-mayo\\\/\"},\"author\":{\"name\":\"Cope Alcoy\",\"@id\":\"https:\\\/\\\/www.copealcoy.es\\\/es\\\/#\\\/schema\\\/person\\\/e777c87fa024e57d40170af9df39882c\"},\"headline\":\"UGT y CCOO llaman a movilizarse el pr\u00f3ximo 1 de mayo\",\"datePublished\":\"2022-04-29T11:18:12+00:00\",\"dateModified\":\"2022-04-29T13:37:16+00:00\",\"mainEntityOfPage\":{\"@id\":\"https:\\\/\\\/www.copealcoy.es\\\/es\\\/ugt-y-ccoo-llaman-a-movilizarse-el-proximo-1-de-mayo\\\/\"},\"wordCount\":314,\"commentCount\":0,\"image\":{\"@id\":\"https:\\\/\\\/www.copealcoy.es\\\/es\\\/ugt-y-ccoo-llaman-a-movilizarse-el-proximo-1-de-mayo\\\/#primaryimage\"},\"thumbnailUrl\":\"https:\\\/\\\/www.copealcoy.es\\\/wp-content\\\/uploads\\\/2018\\\/05\\\/DcGkXLDX0AECoId-e1651239428379.jpg\",\"keywords\":[\"1 de mayo\",\"Alcoy\",\"CCOO; UGT\",\"D\u00eda Internacional del Trabajador\",\"Reivindicaci\u00f3n\"],\"articleSection\":[\"Actualidad\",\"Noticias\",\"Portada\"],\"inLanguage\":\"es\"},{\"@type\":\"WebPage\",\"@id\":\"https:\\\/\\\/www.copealcoy.es\\\/es\\\/ugt-y-ccoo-llaman-a-movilizarse-el-proximo-1-de-mayo\\\/\",\"url\":\"https:\\\/\\\/www.copealcoy.es\\\/es\\\/ugt-y-ccoo-llaman-a-movilizarse-el-proximo-1-de-mayo\\\/\",\"name\":\"UGT y CCOO llaman a movilizarse el pr\u00f3ximo 1 de mayo - COPE Alcoy\",\"isPartOf\":{\"@id\":\"https:\\\/\\\/www.copealcoy.es\\\/es\\\/#website\"},\"primaryImageOfPage\":{\"@id\":\"https:\\\/\\\/www.copealcoy.es\\\/es\\\/ugt-y-ccoo-llaman-a-movilizarse-el-proximo-1-de-mayo\\\/#primaryimage\"},\"image\":{\"@id\":\"https:\\\/\\\/www.copealcoy.es\\\/es\\\/ugt-y-ccoo-llaman-a-movilizarse-el-proximo-1-de-mayo\\\/#primaryimage\"},\"thumbnailUrl\":\"https:\\\/\\\/www.copealcoy.es\\\/wp-content\\\/uploads\\\/2018\\\/05\\\/DcGkXLDX0AECoId-e1651239428379.jpg\",\"datePublished\":\"2022-04-29T11:18:12+00:00\",\"dateModified\":\"2022-04-29T13:37:16+00:00\",\"author\":{\"@id\":\"https:\\\/\\\/www.copealcoy.es\\\/es\\\/#\\\/schema\\\/person\\\/e777c87fa024e57d40170af9df39882c\"},\"breadcrumb\":{\"@id\":\"https:\\\/\\\/www.copealcoy.es\\\/es\\\/ugt-y-ccoo-llaman-a-movilizarse-el-proximo-1-de-mayo\\\/#breadcrumb\"},\"inLanguage\":\"es\",\"potentialAction\":[{\"@type\":\"ReadAction\",\"target\":[\"https:\\\/\\\/www.copealcoy.es\\\/es\\\/ugt-y-ccoo-llaman-a-movilizarse-el-proximo-1-de-mayo\\\/\"]}]},{\"@type\":\"ImageObject\",\"inLanguage\":\"es\",\"@id\":\"https:\\\/\\\/www.copealcoy.es\\\/es\\\/ugt-y-ccoo-llaman-a-movilizarse-el-proximo-1-de-mayo\\\/#primaryimage\",\"url\":\"https:\\\/\\\/www.copealcoy.es\\\/wp-content\\\/uploads\\\/2018\\\/05\\\/DcGkXLDX0AECoId-e1651239428379.jpg\",\"contentUrl\":\"https:\\\/\\\/www.copealcoy.es\\\/wp-content\\\/uploads\\\/2018\\\/05\\\/DcGkXLDX0AECoId-e1651239428379.jpg\",\"width\":640,\"height\":387,\"caption\":\"La Manifestaci\u00f3n ha recorrido las principales calles de Alcoy \\\/ Foto: CCOO\"},{\"@type\":\"BreadcrumbList\",\"@id\":\"https:\\\/\\\/www.copealcoy.es\\\/es\\\/ugt-y-ccoo-llaman-a-movilizarse-el-proximo-1-de-mayo\\\/#breadcrumb\",\"itemListElement\":[{\"@type\":\"ListItem\",\"position\":1,\"name\":\"Portada\",\"item\":\"https:\\\/\\\/www.copealcoy.es\\\/es\\\/\"},{\"@type\":\"ListItem\",\"position\":2,\"name\":\"UGT y CCOO llaman a movilizarse el pr\u00f3ximo 1 de mayo\"}]},{\"@type\":\"WebSite\",\"@id\":\"https:\\\/\\\/www.copealcoy.es\\\/es\\\/#website\",\"url\":\"https:\\\/\\\/www.copealcoy.es\\\/es\\\/\",\"name\":\"COPE Alcoy\",\"description\":\"Emisora COPE de radio local con emisi\u00f3n online. Pont de Sant Jordi 8-10 03803 Alcoy\",\"potentialAction\":[{\"@type\":\"SearchAction\",\"target\":{\"@type\":\"EntryPoint\",\"urlTemplate\":\"https:\\\/\\\/www.copealcoy.es\\\/es\\\/?s={search_term_string}\"},\"query-input\":{\"@type\":\"PropertyValueSpecification\",\"valueRequired\":true,\"valueName\":\"search_term_string\"}}],\"inLanguage\":\"es\"},{\"@type\":\"Person\",\"@id\":\"https:\\\/\\\/www.copealcoy.es\\\/es\\\/#\\\/schema\\\/person\\\/e777c87fa024e57d40170af9df39882c\",\"name\":\"Cope Alcoy\",\"image\":{\"@type\":\"ImageObject\",\"inLanguage\":\"es\",\"@id\":\"https:\\\/\\\/secure.gravatar.com\\\/avatar\\\/bb65d0283347e303893ba14f0692005417c1e0e690a325a4c5d8bb2b3943ee14?s=96&d=mm&r=g\",\"url\":\"https:\\\/\\\/secure.gravatar.com\\\/avatar\\\/bb65d0283347e303893ba14f0692005417c1e0e690a325a4c5d8bb2b3943ee14?s=96&d=mm&r=g\",\"contentUrl\":\"https:\\\/\\\/secure.gravatar.com\\\/avatar\\\/bb65d0283347e303893ba14f0692005417c1e0e690a325a4c5d8bb2b3943ee14?s=96&d=mm&r=g\",\"caption\":\"Cope Alcoy\"}}]}<\/script>\n<!-- \/ Yoast SEO plugin. -->","yoast_head_json":{"title":"UGT y CCOO llaman a movilizarse el pr\u00f3ximo 1 de mayo - COPE Alcoy","robots":{"index":"index","follow":"follow","max-snippet":"max-snippet:-1","max-image-preview":"max-image-preview:large","max-video-preview":"max-video-preview:-1"},"canonical":"https:\/\/www.copealcoy.es\/es\/ugt-y-ccoo-llaman-a-movilizarse-el-proximo-1-de-mayo\/","og_locale":"es_ES","og_type":"article","og_title":"UGT y CCOO llaman a movilizarse el pr\u00f3ximo 1 de mayo - COPE Alcoy","og_description":"Los Sindicatos de Comisiones Obreras y UGT llaman a la movilizaci\u00f3n con ocasi\u00f3n del D\u00eda Internacional del Trabajador, un primero...","og_url":"https:\/\/www.copealcoy.es\/es\/ugt-y-ccoo-llaman-a-movilizarse-el-proximo-1-de-mayo\/","og_site_name":"COPE Alcoy","article_published_time":"2022-04-29T11:18:12+00:00","article_modified_time":"2022-04-29T13:37:16+00:00","og_image":[{"width":640,"height":387,"url":"https:\/\/www.copealcoy.es\/wp-content\/uploads\/2018\/05\/DcGkXLDX0AECoId-e1651239428379.jpg","type":"image\/jpeg"}],"author":"Cope Alcoy","twitter_misc":{"Escrito por":"Cope Alcoy","Tiempo de lectura":"2 minutos"},"schema":{"@context":"https:\/\/schema.org","@graph":[{"@type":"Article","@id":"https:\/\/www.copealcoy.es\/es\/ugt-y-ccoo-llaman-a-movilizarse-el-proximo-1-de-mayo\/#article","isPartOf":{"@id":"https:\/\/www.copealcoy.es\/es\/ugt-y-ccoo-llaman-a-movilizarse-el-proximo-1-de-mayo\/"},"author":{"name":"Cope Alcoy","@id":"https:\/\/www.copealcoy.es\/es\/#\/schema\/person\/e777c87fa024e57d40170af9df39882c"},"headline":"UGT y CCOO llaman a movilizarse el pr\u00f3ximo 1 de mayo","datePublished":"2022-04-29T11:18:12+00:00","dateModified":"2022-04-29T13:37:16+00:00","mainEntityOfPage":{"@id":"https:\/\/www.copealcoy.es\/es\/ugt-y-ccoo-llaman-a-movilizarse-el-proximo-1-de-mayo\/"},"wordCount":314,"commentCount":0,"image":{"@id":"https:\/\/www.copealcoy.es\/es\/ugt-y-ccoo-llaman-a-movilizarse-el-proximo-1-de-mayo\/#primaryimage"},"thumbnailUrl":"https:\/\/www.copealcoy.es\/wp-content\/uploads\/2018\/05\/DcGkXLDX0AECoId-e1651239428379.jpg","keywords":["1 de mayo","Alcoy","CCOO; UGT","D\u00eda Internacional del Trabajador","Reivindicaci\u00f3n"],"articleSection":["Actualidad","Noticias","Portada"],"inLanguage":"es"},{"@type":"WebPage","@id":"https:\/\/www.copealcoy.es\/es\/ugt-y-ccoo-llaman-a-movilizarse-el-proximo-1-de-mayo\/","url":"https:\/\/www.copealcoy.es\/es\/ugt-y-ccoo-llaman-a-movilizarse-el-proximo-1-de-mayo\/","name":"UGT y CCOO llaman a movilizarse el pr\u00f3ximo 1 de mayo - COPE Alcoy","isPartOf":{"@id":"https:\/\/www.copealcoy.es\/es\/#website"},"primaryImageOfPage":{"@id":"https:\/\/www.copealcoy.es\/es\/ugt-y-ccoo-llaman-a-movilizarse-el-proximo-1-de-mayo\/#primaryimage"},"image":{"@id":"https:\/\/www.copealcoy.es\/es\/ugt-y-ccoo-llaman-a-movilizarse-el-proximo-1-de-mayo\/#primaryimage"},"thumbnailUrl":"https:\/\/www.copealcoy.es\/wp-content\/uploads\/2018\/05\/DcGkXLDX0AECoId-e1651239428379.jpg","datePublished":"2022-04-29T11:18:12+00:00","dateModified":"2022-04-29T13:37:16+00:00","author":{"@id":"https:\/\/www.copealcoy.es\/es\/#\/schema\/person\/e777c87fa024e57d40170af9df39882c"},"breadcrumb":{"@id":"https:\/\/www.copealcoy.es\/es\/ugt-y-ccoo-llaman-a-movilizarse-el-proximo-1-de-mayo\/#breadcrumb"},"inLanguage":"es","potentialAction":[{"@type":"ReadAction","target":["https:\/\/www.copealcoy.es\/es\/ugt-y-ccoo-llaman-a-movilizarse-el-proximo-1-de-mayo\/"]}]},{"@type":"ImageObject","inLanguage":"es","@id":"https:\/\/www.copealcoy.es\/es\/ugt-y-ccoo-llaman-a-movilizarse-el-proximo-1-de-mayo\/#primaryimage","url":"https:\/\/www.copealcoy.es\/wp-content\/uploads\/2018\/05\/DcGkXLDX0AECoId-e1651239428379.jpg","contentUrl":"https:\/\/www.copealcoy.es\/wp-content\/uploads\/2018\/05\/DcGkXLDX0AECoId-e1651239428379.jpg","width":640,"height":387,"caption":"La Manifestaci\u00f3n ha recorrido las principales calles de Alcoy \/ Foto: CCOO"},{"@type":"BreadcrumbList","@id":"https:\/\/www.copealcoy.es\/es\/ugt-y-ccoo-llaman-a-movilizarse-el-proximo-1-de-mayo\/#breadcrumb","itemListElement":[{"@type":"ListItem","position":1,"name":"Portada","item":"https:\/\/www.copealcoy.es\/es\/"},{"@type":"ListItem","position":2,"name":"UGT y CCOO llaman a movilizarse el pr\u00f3ximo 1 de mayo"}]},{"@type":"WebSite","@id":"https:\/\/www.copealcoy.es\/es\/#website","url":"https:\/\/www.copealcoy.es\/es\/","name":"COPE Alcoy","description":"Emisora COPE de radio local con emisi\u00f3n online. Pont de Sant Jordi 8-10 03803 Alcoy","potentialAction":[{"@type":"SearchAction","target":{"@type":"EntryPoint","urlTemplate":"https:\/\/www.copealcoy.es\/es\/?s={search_term_string}"},"query-input":{"@type":"PropertyValueSpecification","valueRequired":true,"valueName":"search_term_string"}}],"inLanguage":"es"},{"@type":"Person","@id":"https:\/\/www.copealcoy.es\/es\/#\/schema\/person\/e777c87fa024e57d40170af9df39882c","name":"Cope Alcoy","image":{"@type":"ImageObject","inLanguage":"es","@id":"https:\/\/secure.gravatar.com\/avatar\/bb65d0283347e303893ba14f0692005417c1e0e690a325a4c5d8bb2b3943ee14?s=96&d=mm&r=g","url":"https:\/\/secure.gravatar.com\/avatar\/bb65d0283347e303893ba14f0692005417c1e0e690a325a4c5d8bb2b3943ee14?s=96&d=mm&r=g","contentUrl":"https:\/\/secure.gravatar.com\/avatar\/bb65d0283347e303893ba14f0692005417c1e0e690a325a4c5d8bb2b3943ee14?s=96&d=mm&r=g","caption":"Cope Alcoy"}}]}},"_links":{"self":[{"href":"https:\/\/www.copealcoy.es\/es\/wp-json\/wp\/v2\/posts\/86828","targetHints":{"allow":["GET"]}}],"collection":[{"href":"https:\/\/www.copealcoy.es\/es\/wp-json\/wp\/v2\/posts"}],"about":[{"href":"https:\/\/www.copealcoy.es\/es\/wp-json\/wp\/v2\/types\/post"}],"author":[{"embeddable":true,"href":"https:\/\/www.copealcoy.es\/es\/wp-json\/wp\/v2\/users\/1"}],"replies":[{"embeddable":true,"href":"https:\/\/www.copealcoy.es\/es\/wp-json\/wp\/v2\/comments?post=86828"}],"version-history":[{"count":0,"href":"https:\/\/www.copealcoy.es\/es\/wp-json\/wp\/v2\/posts\/86828\/revisions"}],"wp:featuredmedia":[{"embeddable":true,"href":"https:\/\/www.copealcoy.es\/es\/wp-json\/wp\/v2\/media\/41739"}],"wp:attachment":[{"href":"https:\/\/www.copealcoy.es\/es\/wp-json\/wp\/v2\/media?parent=86828"}],"wp:term":[{"taxonomy":"category","embeddable":true,"href":"https:\/\/www.copealcoy.es\/es\/wp-json\/wp\/v2\/categories?post=86828"},{"taxonomy":"post_tag","embeddable":true,"href":"https:\/\/www.copealcoy.es\/es\/wp-json\/wp\/v2\/tags?post=86828"}],"curies":[{"name":"wp","href":"https:\/\/api.w.org\/{rel}","templated":true}]}}