{"id":86804,"date":"2022-04-28T18:02:49","date_gmt":"2022-04-28T17:02:49","guid":{"rendered":"https:\/\/www.copealcoy.es\/?p=86804"},"modified":"2022-04-28T18:20:45","modified_gmt":"2022-04-28T17:20:45","slug":"la-huella-de-cocentaina-en-la-imagen-peregrina-de-la-santa-faz","status":"publish","type":"post","link":"https:\/\/www.copealcoy.es\/es\/la-huella-de-cocentaina-en-la-imagen-peregrina-de-la-santa-faz\/","title":{"rendered":"La huella de Cocentaina en la imagen peregrina de la Santa Faz"},"content":{"rendered":"<p style=\"text-align: justify;\">Alicante ha vuelto a reencontrarse en este jueves posterior a la fiesta de San Vicente Ferrer con<strong> una de sus tradiciones m\u00e1s arraigadas<\/strong>, la <strong>Romer\u00eda de la Santa Faz<\/strong>. La cita, pese a la lluvia, ha reunido a miles de participantes que <strong>han recorrido con gran devoci\u00f3n<\/strong> el trayecto existente entre la Cocatedral de San Nicol\u00e1s y el Monasterio<strong> donde se guarda la reliquia de la Santa Faz<\/strong>.<\/p>\n<p style=\"text-align: justify;\">Un a\u00f1o m\u00e1s, en la comitiva, <strong>ha llamado la atenci\u00f3n la imagen peregrina de la misma Santa Faz<\/strong> puesto que en su dorso se contempla a <strong>la Mare de D\u00e9u del Miracle<\/strong>; la patrona de Cocentaina. Esta pieza, como ya contamos en su d\u00eda en COPE ALCOY, <strong>\u00a0fue pintada por el sacerdote contestano Don Jos\u00e9 Soler Cardona<\/strong>, gran conocedor de las tradiciones valencianas, con una fuerte vinculaci\u00f3n a la capital alicantina y un reconocido artista pict\u00f3rico que\u00a0<strong>dej\u00f3 como legado una importante colecci\u00f3n de\u00a0obras<\/strong>. Soler cre\u00f3 la r\u00e9plica de Santa Faz <strong>en 1989<\/strong>, coincidiendo con el quinto centenario de la celebraci\u00f3n, y en en la misma\u00a0<strong>quiso plasmar tambi\u00e9n a la Mare de D\u00e9u del Miracle haciendo alusi\u00f3n a su localidad natal as\u00ed como a la profunda devoci\u00f3n que le profesaba a la patrona de la Villa Condal<\/strong>. Posteriormente, en 2001,\u00a0el Palau Comtal de Cocentaina acogi\u00f3 en plena Fira de Tots Sants\u00a0<strong>una exposici\u00f3n de obras de Don Jos\u00e9 Soler<\/strong>, entre las cuales se encontraba precisamente la r\u00e9plica de la Santa Faz que hasta aquel momento nunca hab\u00eda abandonado Alicante.<\/p>\n<p style=\"text-align: justify;\">La presencia de la Mareta en el icono peregrino de la Santa Faz <strong>nunca pasa desapercibido<\/strong> y <strong>llama la atenci\u00f3n de los contestanos as\u00ed como de los vecinos de estas comarcas<\/strong>. En 2022, y tras dos a\u00f1os de ausencia a causa de la pandemia, <strong>la Virgen del Milagro de Cocentaina\u00a0 y la Santa Faz de Alicante han vuelto a fusionarse por las calles de la capital alicantina<\/strong> gracias al gesto que tuvo en su d\u00eda el recordado <strong>Don Jos\u00e9 Soler Cardona<\/strong>.<\/p>\n","protected":false},"excerpt":{"rendered":"<p>Alicante ha vuelto a reencontrarse en este jueves posterior a la fiesta de San Vicente Ferrer con una de sus&#8230;<\/p>\n","protected":false},"author":1,"featured_media":86811,"comment_status":"open","ping_status":"open","sticky":false,"template":"","format":"standard","meta":{"footnotes":""},"categories":[98,75],"tags":[269,132,12667,1984,11141],"class_list":["post-86804","post","type-post","status-publish","format-standard","has-post-thumbnail","hentry","category-comarcas","category-noticias","tag-alicante","tag-cocentaina","tag-don-jose-soler-cardona","tag-mare-de-deu-del-miracle","tag-santa-faz"],"yoast_head":"<!-- This site is optimized with the Yoast SEO plugin v27.3 - https:\/\/yoast.com\/product\/yoast-seo-wordpress\/ -->\n<title>La huella de Cocentaina en la imagen peregrina de la Santa Faz - COPE Alcoy<\/title>\n<meta name=\"robots\" content=\"index, follow, max-snippet:-1, max-image-preview:large, max-video-preview:-1\" \/>\n<link rel=\"canonical\" href=\"https:\/\/www.copealcoy.es\/es\/la-huella-de-cocentaina-en-la-imagen-peregrina-de-la-santa-faz\/\" \/>\n<meta property=\"og:locale\" content=\"es_ES\" \/>\n<meta property=\"og:type\" content=\"article\" \/>\n<meta property=\"og:title\" content=\"La huella de Cocentaina en la imagen peregrina de la Santa Faz - COPE Alcoy\" \/>\n<meta property=\"og:description\" content=\"Alicante ha vuelto a reencontrarse en este jueves posterior a la fiesta de San Vicente Ferrer con una de sus...\" \/>\n<meta property=\"og:url\" content=\"https:\/\/www.copealcoy.es\/es\/la-huella-de-cocentaina-en-la-imagen-peregrina-de-la-santa-faz\/\" \/>\n<meta property=\"og:site_name\" content=\"COPE Alcoy\" \/>\n<meta property=\"article:published_time\" content=\"2022-04-28T17:02:49+00:00\" \/>\n<meta property=\"article:modified_time\" content=\"2022-04-28T17:20:45+00:00\" \/>\n<meta property=\"og:image\" content=\"https:\/\/www.copealcoy.es\/wp-content\/uploads\/2022\/04\/Captura-de-pantalla-2022-04-28-a-las-18.54.45.png\" \/>\n\t<meta property=\"og:image:width\" content=\"631\" \/>\n\t<meta property=\"og:image:height\" content=\"423\" \/>\n\t<meta property=\"og:image:type\" content=\"image\/png\" \/>\n<meta name=\"author\" content=\"Cope Alcoy\" \/>\n<meta name=\"twitter:label1\" content=\"Escrito por\" \/>\n\t<meta name=\"twitter:data1\" content=\"Cope Alcoy\" \/>\n\t<meta name=\"twitter:label2\" content=\"Tiempo de lectura\" \/>\n\t<meta name=\"twitter:data2\" content=\"2 minutos\" \/>\n<script type=\"application\/ld+json\" class=\"yoast-schema-graph\">{\"@context\":\"https:\\\/\\\/schema.org\",\"@graph\":[{\"@type\":\"Article\",\"@id\":\"https:\\\/\\\/www.copealcoy.es\\\/es\\\/la-huella-de-cocentaina-en-la-imagen-peregrina-de-la-santa-faz\\\/#article\",\"isPartOf\":{\"@id\":\"https:\\\/\\\/www.copealcoy.es\\\/es\\\/la-huella-de-cocentaina-en-la-imagen-peregrina-de-la-santa-faz\\\/\"},\"author\":{\"name\":\"Cope Alcoy\",\"@id\":\"https:\\\/\\\/www.copealcoy.es\\\/es\\\/#\\\/schema\\\/person\\\/e777c87fa024e57d40170af9df39882c\"},\"headline\":\"La huella de Cocentaina en la imagen peregrina de la Santa Faz\",\"datePublished\":\"2022-04-28T17:02:49+00:00\",\"dateModified\":\"2022-04-28T17:20:45+00:00\",\"mainEntityOfPage\":{\"@id\":\"https:\\\/\\\/www.copealcoy.es\\\/es\\\/la-huella-de-cocentaina-en-la-imagen-peregrina-de-la-santa-faz\\\/\"},\"wordCount\":364,\"commentCount\":0,\"image\":{\"@id\":\"https:\\\/\\\/www.copealcoy.es\\\/es\\\/la-huella-de-cocentaina-en-la-imagen-peregrina-de-la-santa-faz\\\/#primaryimage\"},\"thumbnailUrl\":\"https:\\\/\\\/www.copealcoy.es\\\/wp-content\\\/uploads\\\/2022\\\/04\\\/Captura-de-pantalla-2022-04-28-a-las-18.54.45.png\",\"keywords\":[\"Alicante\",\"Cocentaina\",\"Don Jos\u00e9 Soler Cardona\",\"Mare de D\u00e9u del Miracle\",\"Santa Faz\"],\"articleSection\":[\"Comarcas\",\"Noticias\"],\"inLanguage\":\"es\"},{\"@type\":\"WebPage\",\"@id\":\"https:\\\/\\\/www.copealcoy.es\\\/es\\\/la-huella-de-cocentaina-en-la-imagen-peregrina-de-la-santa-faz\\\/\",\"url\":\"https:\\\/\\\/www.copealcoy.es\\\/es\\\/la-huella-de-cocentaina-en-la-imagen-peregrina-de-la-santa-faz\\\/\",\"name\":\"La huella de Cocentaina en la imagen peregrina de la Santa Faz - COPE Alcoy\",\"isPartOf\":{\"@id\":\"https:\\\/\\\/www.copealcoy.es\\\/es\\\/#website\"},\"primaryImageOfPage\":{\"@id\":\"https:\\\/\\\/www.copealcoy.es\\\/es\\\/la-huella-de-cocentaina-en-la-imagen-peregrina-de-la-santa-faz\\\/#primaryimage\"},\"image\":{\"@id\":\"https:\\\/\\\/www.copealcoy.es\\\/es\\\/la-huella-de-cocentaina-en-la-imagen-peregrina-de-la-santa-faz\\\/#primaryimage\"},\"thumbnailUrl\":\"https:\\\/\\\/www.copealcoy.es\\\/wp-content\\\/uploads\\\/2022\\\/04\\\/Captura-de-pantalla-2022-04-28-a-las-18.54.45.png\",\"datePublished\":\"2022-04-28T17:02:49+00:00\",\"dateModified\":\"2022-04-28T17:20:45+00:00\",\"author\":{\"@id\":\"https:\\\/\\\/www.copealcoy.es\\\/es\\\/#\\\/schema\\\/person\\\/e777c87fa024e57d40170af9df39882c\"},\"breadcrumb\":{\"@id\":\"https:\\\/\\\/www.copealcoy.es\\\/es\\\/la-huella-de-cocentaina-en-la-imagen-peregrina-de-la-santa-faz\\\/#breadcrumb\"},\"inLanguage\":\"es\",\"potentialAction\":[{\"@type\":\"ReadAction\",\"target\":[\"https:\\\/\\\/www.copealcoy.es\\\/es\\\/la-huella-de-cocentaina-en-la-imagen-peregrina-de-la-santa-faz\\\/\"]}]},{\"@type\":\"ImageObject\",\"inLanguage\":\"es\",\"@id\":\"https:\\\/\\\/www.copealcoy.es\\\/es\\\/la-huella-de-cocentaina-en-la-imagen-peregrina-de-la-santa-faz\\\/#primaryimage\",\"url\":\"https:\\\/\\\/www.copealcoy.es\\\/wp-content\\\/uploads\\\/2022\\\/04\\\/Captura-de-pantalla-2022-04-28-a-las-18.54.45.png\",\"contentUrl\":\"https:\\\/\\\/www.copealcoy.es\\\/wp-content\\\/uploads\\\/2022\\\/04\\\/Captura-de-pantalla-2022-04-28-a-las-18.54.45.png\",\"width\":631,\"height\":423},{\"@type\":\"BreadcrumbList\",\"@id\":\"https:\\\/\\\/www.copealcoy.es\\\/es\\\/la-huella-de-cocentaina-en-la-imagen-peregrina-de-la-santa-faz\\\/#breadcrumb\",\"itemListElement\":[{\"@type\":\"ListItem\",\"position\":1,\"name\":\"Portada\",\"item\":\"https:\\\/\\\/www.copealcoy.es\\\/es\\\/\"},{\"@type\":\"ListItem\",\"position\":2,\"name\":\"La huella de Cocentaina en la imagen peregrina de la Santa Faz\"}]},{\"@type\":\"WebSite\",\"@id\":\"https:\\\/\\\/www.copealcoy.es\\\/es\\\/#website\",\"url\":\"https:\\\/\\\/www.copealcoy.es\\\/es\\\/\",\"name\":\"COPE Alcoy\",\"description\":\"Emisora COPE de radio local con emisi\u00f3n online. Pont de Sant Jordi 8-10 03803 Alcoy\",\"potentialAction\":[{\"@type\":\"SearchAction\",\"target\":{\"@type\":\"EntryPoint\",\"urlTemplate\":\"https:\\\/\\\/www.copealcoy.es\\\/es\\\/?s={search_term_string}\"},\"query-input\":{\"@type\":\"PropertyValueSpecification\",\"valueRequired\":true,\"valueName\":\"search_term_string\"}}],\"inLanguage\":\"es\"},{\"@type\":\"Person\",\"@id\":\"https:\\\/\\\/www.copealcoy.es\\\/es\\\/#\\\/schema\\\/person\\\/e777c87fa024e57d40170af9df39882c\",\"name\":\"Cope Alcoy\",\"image\":{\"@type\":\"ImageObject\",\"inLanguage\":\"es\",\"@id\":\"https:\\\/\\\/secure.gravatar.com\\\/avatar\\\/bb65d0283347e303893ba14f0692005417c1e0e690a325a4c5d8bb2b3943ee14?s=96&d=mm&r=g\",\"url\":\"https:\\\/\\\/secure.gravatar.com\\\/avatar\\\/bb65d0283347e303893ba14f0692005417c1e0e690a325a4c5d8bb2b3943ee14?s=96&d=mm&r=g\",\"contentUrl\":\"https:\\\/\\\/secure.gravatar.com\\\/avatar\\\/bb65d0283347e303893ba14f0692005417c1e0e690a325a4c5d8bb2b3943ee14?s=96&d=mm&r=g\",\"caption\":\"Cope Alcoy\"}}]}<\/script>\n<!-- \/ Yoast SEO plugin. -->","yoast_head_json":{"title":"La huella de Cocentaina en la imagen peregrina de la Santa Faz - COPE Alcoy","robots":{"index":"index","follow":"follow","max-snippet":"max-snippet:-1","max-image-preview":"max-image-preview:large","max-video-preview":"max-video-preview:-1"},"canonical":"https:\/\/www.copealcoy.es\/es\/la-huella-de-cocentaina-en-la-imagen-peregrina-de-la-santa-faz\/","og_locale":"es_ES","og_type":"article","og_title":"La huella de Cocentaina en la imagen peregrina de la Santa Faz - COPE Alcoy","og_description":"Alicante ha vuelto a reencontrarse en este jueves posterior a la fiesta de San Vicente Ferrer con una de sus...","og_url":"https:\/\/www.copealcoy.es\/es\/la-huella-de-cocentaina-en-la-imagen-peregrina-de-la-santa-faz\/","og_site_name":"COPE Alcoy","article_published_time":"2022-04-28T17:02:49+00:00","article_modified_time":"2022-04-28T17:20:45+00:00","og_image":[{"width":631,"height":423,"url":"https:\/\/www.copealcoy.es\/wp-content\/uploads\/2022\/04\/Captura-de-pantalla-2022-04-28-a-las-18.54.45.png","type":"image\/png"}],"author":"Cope Alcoy","twitter_misc":{"Escrito por":"Cope Alcoy","Tiempo de lectura":"2 minutos"},"schema":{"@context":"https:\/\/schema.org","@graph":[{"@type":"Article","@id":"https:\/\/www.copealcoy.es\/es\/la-huella-de-cocentaina-en-la-imagen-peregrina-de-la-santa-faz\/#article","isPartOf":{"@id":"https:\/\/www.copealcoy.es\/es\/la-huella-de-cocentaina-en-la-imagen-peregrina-de-la-santa-faz\/"},"author":{"name":"Cope Alcoy","@id":"https:\/\/www.copealcoy.es\/es\/#\/schema\/person\/e777c87fa024e57d40170af9df39882c"},"headline":"La huella de Cocentaina en la imagen peregrina de la Santa Faz","datePublished":"2022-04-28T17:02:49+00:00","dateModified":"2022-04-28T17:20:45+00:00","mainEntityOfPage":{"@id":"https:\/\/www.copealcoy.es\/es\/la-huella-de-cocentaina-en-la-imagen-peregrina-de-la-santa-faz\/"},"wordCount":364,"commentCount":0,"image":{"@id":"https:\/\/www.copealcoy.es\/es\/la-huella-de-cocentaina-en-la-imagen-peregrina-de-la-santa-faz\/#primaryimage"},"thumbnailUrl":"https:\/\/www.copealcoy.es\/wp-content\/uploads\/2022\/04\/Captura-de-pantalla-2022-04-28-a-las-18.54.45.png","keywords":["Alicante","Cocentaina","Don Jos\u00e9 Soler Cardona","Mare de D\u00e9u del Miracle","Santa Faz"],"articleSection":["Comarcas","Noticias"],"inLanguage":"es"},{"@type":"WebPage","@id":"https:\/\/www.copealcoy.es\/es\/la-huella-de-cocentaina-en-la-imagen-peregrina-de-la-santa-faz\/","url":"https:\/\/www.copealcoy.es\/es\/la-huella-de-cocentaina-en-la-imagen-peregrina-de-la-santa-faz\/","name":"La huella de Cocentaina en la imagen peregrina de la Santa Faz - COPE Alcoy","isPartOf":{"@id":"https:\/\/www.copealcoy.es\/es\/#website"},"primaryImageOfPage":{"@id":"https:\/\/www.copealcoy.es\/es\/la-huella-de-cocentaina-en-la-imagen-peregrina-de-la-santa-faz\/#primaryimage"},"image":{"@id":"https:\/\/www.copealcoy.es\/es\/la-huella-de-cocentaina-en-la-imagen-peregrina-de-la-santa-faz\/#primaryimage"},"thumbnailUrl":"https:\/\/www.copealcoy.es\/wp-content\/uploads\/2022\/04\/Captura-de-pantalla-2022-04-28-a-las-18.54.45.png","datePublished":"2022-04-28T17:02:49+00:00","dateModified":"2022-04-28T17:20:45+00:00","author":{"@id":"https:\/\/www.copealcoy.es\/es\/#\/schema\/person\/e777c87fa024e57d40170af9df39882c"},"breadcrumb":{"@id":"https:\/\/www.copealcoy.es\/es\/la-huella-de-cocentaina-en-la-imagen-peregrina-de-la-santa-faz\/#breadcrumb"},"inLanguage":"es","potentialAction":[{"@type":"ReadAction","target":["https:\/\/www.copealcoy.es\/es\/la-huella-de-cocentaina-en-la-imagen-peregrina-de-la-santa-faz\/"]}]},{"@type":"ImageObject","inLanguage":"es","@id":"https:\/\/www.copealcoy.es\/es\/la-huella-de-cocentaina-en-la-imagen-peregrina-de-la-santa-faz\/#primaryimage","url":"https:\/\/www.copealcoy.es\/wp-content\/uploads\/2022\/04\/Captura-de-pantalla-2022-04-28-a-las-18.54.45.png","contentUrl":"https:\/\/www.copealcoy.es\/wp-content\/uploads\/2022\/04\/Captura-de-pantalla-2022-04-28-a-las-18.54.45.png","width":631,"height":423},{"@type":"BreadcrumbList","@id":"https:\/\/www.copealcoy.es\/es\/la-huella-de-cocentaina-en-la-imagen-peregrina-de-la-santa-faz\/#breadcrumb","itemListElement":[{"@type":"ListItem","position":1,"name":"Portada","item":"https:\/\/www.copealcoy.es\/es\/"},{"@type":"ListItem","position":2,"name":"La huella de Cocentaina en la imagen peregrina de la Santa Faz"}]},{"@type":"WebSite","@id":"https:\/\/www.copealcoy.es\/es\/#website","url":"https:\/\/www.copealcoy.es\/es\/","name":"COPE Alcoy","description":"Emisora COPE de radio local con emisi\u00f3n online. Pont de Sant Jordi 8-10 03803 Alcoy","potentialAction":[{"@type":"SearchAction","target":{"@type":"EntryPoint","urlTemplate":"https:\/\/www.copealcoy.es\/es\/?s={search_term_string}"},"query-input":{"@type":"PropertyValueSpecification","valueRequired":true,"valueName":"search_term_string"}}],"inLanguage":"es"},{"@type":"Person","@id":"https:\/\/www.copealcoy.es\/es\/#\/schema\/person\/e777c87fa024e57d40170af9df39882c","name":"Cope Alcoy","image":{"@type":"ImageObject","inLanguage":"es","@id":"https:\/\/secure.gravatar.com\/avatar\/bb65d0283347e303893ba14f0692005417c1e0e690a325a4c5d8bb2b3943ee14?s=96&d=mm&r=g","url":"https:\/\/secure.gravatar.com\/avatar\/bb65d0283347e303893ba14f0692005417c1e0e690a325a4c5d8bb2b3943ee14?s=96&d=mm&r=g","contentUrl":"https:\/\/secure.gravatar.com\/avatar\/bb65d0283347e303893ba14f0692005417c1e0e690a325a4c5d8bb2b3943ee14?s=96&d=mm&r=g","caption":"Cope Alcoy"}}]}},"_links":{"self":[{"href":"https:\/\/www.copealcoy.es\/es\/wp-json\/wp\/v2\/posts\/86804","targetHints":{"allow":["GET"]}}],"collection":[{"href":"https:\/\/www.copealcoy.es\/es\/wp-json\/wp\/v2\/posts"}],"about":[{"href":"https:\/\/www.copealcoy.es\/es\/wp-json\/wp\/v2\/types\/post"}],"author":[{"embeddable":true,"href":"https:\/\/www.copealcoy.es\/es\/wp-json\/wp\/v2\/users\/1"}],"replies":[{"embeddable":true,"href":"https:\/\/www.copealcoy.es\/es\/wp-json\/wp\/v2\/comments?post=86804"}],"version-history":[{"count":0,"href":"https:\/\/www.copealcoy.es\/es\/wp-json\/wp\/v2\/posts\/86804\/revisions"}],"wp:featuredmedia":[{"embeddable":true,"href":"https:\/\/www.copealcoy.es\/es\/wp-json\/wp\/v2\/media\/86811"}],"wp:attachment":[{"href":"https:\/\/www.copealcoy.es\/es\/wp-json\/wp\/v2\/media?parent=86804"}],"wp:term":[{"taxonomy":"category","embeddable":true,"href":"https:\/\/www.copealcoy.es\/es\/wp-json\/wp\/v2\/categories?post=86804"},{"taxonomy":"post_tag","embeddable":true,"href":"https:\/\/www.copealcoy.es\/es\/wp-json\/wp\/v2\/tags?post=86804"}],"curies":[{"name":"wp","href":"https:\/\/api.w.org\/{rel}","templated":true}]}}