{"id":86761,"date":"2022-04-27T17:46:00","date_gmt":"2022-04-27T16:46:00","guid":{"rendered":"https:\/\/www.copealcoy.es\/?p=86761"},"modified":"2022-04-27T18:17:10","modified_gmt":"2022-04-27T17:17:10","slug":"el-foro-de-empleo-del-campus-recupera-el-formato-presencial","status":"publish","type":"post","link":"https:\/\/www.copealcoy.es\/es\/el-foro-de-empleo-del-campus-recupera-el-formato-presencial\/","title":{"rendered":"El Foro de Empleo del Campus recupera el formato presencial"},"content":{"rendered":"<p style=\"text-align: justify;\">El <strong>Campus de Alcoy de la Universidad Polit\u00e9cnica de Valencia<\/strong> prepara <strong>una nueva edici\u00f3n del evento <\/strong><em><strong>Job Talent<\/strong>,\u00a0<\/em>el popular Foro de Empleo, que este a\u00f1o <strong>vuelve al formato presencial<\/strong> tras dos a\u00f1os de ausencia <strong>a causa de la pandemia de la Covid-19<\/strong>. La fecha <strong>ser\u00e1 el pr\u00f3ximo 5 de mayo<\/strong> en el entorno de la Plaza de Ferr\u00e1ndiz y Carbonell.<\/p>\n<p style=\"text-align: justify;\">En esta ocasi\u00f3n <strong>se dar\u00e1n cita 20 stands<\/strong> con empresas de toda la Comunitat Valenciana, muchas de ellas de estas comarcas, y tambi\u00e9n <strong>habr\u00e1 actividades paralelas<\/strong> como un<em> scape room<\/em> para <strong>evaluar el comportamiento de los estudiantes<\/strong> a la hora de resolver un problema o liderar un equipo de trabajo. Tambi\u00e9n destaca el <em>elevator pitch<\/em>, conducido por el popular rapero Arkano, en el que <strong>los alumnos tendr\u00e1n un breve espacio de tiempo<\/strong> para explicar sus cualidades o proyectos <em>&#8220;animamos a la participaci\u00f3n de los universitarios pero tambi\u00e9n de los preuniversitarios porque aqu\u00ed conocer\u00e1n las posibilidades laborales que ofertamos desde nuestro Campus, el cual tiene una elevada tasa de empleabilidad ya que en 2021 se consiguieron gestionar 131 contratos<\/em>&#8220;, afirma <strong>David Cuesta<\/strong>; Subdirector de Emprendimiento, Empleo y Relaciones Internacionales.<\/p>\n<p style=\"text-align: justify;\">Desde la UPV destacan el hecho de que <strong>el foro vuelva a ser presencial<\/strong> y tambi\u00e9n que las actividades <strong>se extiendan durante dos semanas<\/strong>. Adem\u00e1s ponen el acento en que los alumnos de Alcoy <strong>podr\u00e1n ir hasta las instalaciones universitarias del Campus de Valencia<\/strong> &#8220;<em>para participar en las diferentes actividades que all\u00ed se han previsto y tambi\u00e9n conocer lo que ofrecen las 147 empresas que estar\u00e1n presentes<\/em>&#8220;, ha dicho en este mi\u00e9rcoles <strong>Mar\u00eda Dolores Salvador<\/strong>, Vicerrectora\u00a0de Empleo y Formaci\u00f3n Permanente de la misma UPV.<\/p>\n<p style=\"text-align: justify;\">El Foro de Empleo <strong>se completa con otras iniciativas<\/strong> como por ejemplo <strong>la realizaci\u00f3n de fotograf\u00edas adaptadas al curr\u00edculum<\/strong> y tambi\u00e9n <strong>la presencia de la Escuela Oficial de Idiomas<\/strong>. Esta \u00faltima informar\u00e1 sobre<strong> los cursos que realiza<\/strong>, en todos los niveles de los idiomas que componen su oferta acad\u00e9mica.<\/p>\n","protected":false},"excerpt":{"rendered":"<p>El Campus de Alcoy de la Universidad Polit\u00e9cnica de Valencia prepara una nueva edici\u00f3n del evento Job Talent,\u00a0el popular Foro&#8230;<\/p>\n","protected":false},"author":1,"featured_media":86762,"comment_status":"open","ping_status":"open","sticky":false,"template":"","format":"standard","meta":{"footnotes":""},"categories":[6909,97,900,75],"tags":[1494,886,2097,4381],"class_list":["post-86761","post","type-post","status-publish","format-standard","has-post-thumbnail","hentry","category-actualidad","category-alcoy","category-educacion","category-noticias","tag-alcoy","tag-campus","tag-foro-de-empleo","tag-universidad-politecnica-de-valencia"],"yoast_head":"<!-- This site is optimized with the Yoast SEO plugin v27.3 - https:\/\/yoast.com\/product\/yoast-seo-wordpress\/ -->\n<title>El Foro de Empleo del Campus recupera el formato presencial - COPE Alcoy<\/title>\n<meta name=\"robots\" content=\"index, follow, max-snippet:-1, max-image-preview:large, max-video-preview:-1\" \/>\n<link rel=\"canonical\" href=\"https:\/\/www.copealcoy.es\/es\/el-foro-de-empleo-del-campus-recupera-el-formato-presencial\/\" \/>\n<meta property=\"og:locale\" content=\"es_ES\" \/>\n<meta property=\"og:type\" content=\"article\" \/>\n<meta property=\"og:title\" content=\"El Foro de Empleo del Campus recupera el formato presencial - COPE Alcoy\" \/>\n<meta property=\"og:description\" content=\"El Campus de Alcoy de la Universidad Polit\u00e9cnica de Valencia prepara una nueva edici\u00f3n del evento Job Talent,\u00a0el popular Foro...\" \/>\n<meta property=\"og:url\" content=\"https:\/\/www.copealcoy.es\/es\/el-foro-de-empleo-del-campus-recupera-el-formato-presencial\/\" \/>\n<meta property=\"og:site_name\" content=\"COPE Alcoy\" \/>\n<meta property=\"article:published_time\" content=\"2022-04-27T16:46:00+00:00\" \/>\n<meta property=\"article:modified_time\" content=\"2022-04-27T17:17:10+00:00\" \/>\n<meta property=\"og:image\" content=\"https:\/\/www.copealcoy.es\/wp-content\/uploads\/2022\/04\/EIEYQJJW6FCQLGRENVAAHYQSNI.jpg\" \/>\n\t<meta property=\"og:image:width\" content=\"650\" \/>\n\t<meta property=\"og:image:height\" content=\"488\" \/>\n\t<meta property=\"og:image:type\" content=\"image\/jpeg\" \/>\n<meta name=\"author\" content=\"Cope Alcoy\" \/>\n<meta name=\"twitter:label1\" content=\"Escrito por\" \/>\n\t<meta name=\"twitter:data1\" content=\"Cope Alcoy\" \/>\n\t<meta name=\"twitter:label2\" content=\"Tiempo de lectura\" \/>\n\t<meta name=\"twitter:data2\" content=\"2 minutos\" \/>\n<script type=\"application\/ld+json\" class=\"yoast-schema-graph\">{\"@context\":\"https:\\\/\\\/schema.org\",\"@graph\":[{\"@type\":\"Article\",\"@id\":\"https:\\\/\\\/www.copealcoy.es\\\/es\\\/el-foro-de-empleo-del-campus-recupera-el-formato-presencial\\\/#article\",\"isPartOf\":{\"@id\":\"https:\\\/\\\/www.copealcoy.es\\\/es\\\/el-foro-de-empleo-del-campus-recupera-el-formato-presencial\\\/\"},\"author\":{\"name\":\"Cope Alcoy\",\"@id\":\"https:\\\/\\\/www.copealcoy.es\\\/es\\\/#\\\/schema\\\/person\\\/e777c87fa024e57d40170af9df39882c\"},\"headline\":\"El Foro de Empleo del Campus recupera el formato presencial\",\"datePublished\":\"2022-04-27T16:46:00+00:00\",\"dateModified\":\"2022-04-27T17:17:10+00:00\",\"mainEntityOfPage\":{\"@id\":\"https:\\\/\\\/www.copealcoy.es\\\/es\\\/el-foro-de-empleo-del-campus-recupera-el-formato-presencial\\\/\"},\"wordCount\":355,\"commentCount\":0,\"image\":{\"@id\":\"https:\\\/\\\/www.copealcoy.es\\\/es\\\/el-foro-de-empleo-del-campus-recupera-el-formato-presencial\\\/#primaryimage\"},\"thumbnailUrl\":\"https:\\\/\\\/www.copealcoy.es\\\/wp-content\\\/uploads\\\/2022\\\/04\\\/EIEYQJJW6FCQLGRENVAAHYQSNI.jpg\",\"keywords\":[\"Alcoy\",\"Campus\",\"Foro de empleo\",\"Universidad Polit\u00e9cnica de Valencia\"],\"articleSection\":[\"Actualidad\",\"Alcoy\",\"Educaci\u00f3n\",\"Noticias\"],\"inLanguage\":\"es\"},{\"@type\":\"WebPage\",\"@id\":\"https:\\\/\\\/www.copealcoy.es\\\/es\\\/el-foro-de-empleo-del-campus-recupera-el-formato-presencial\\\/\",\"url\":\"https:\\\/\\\/www.copealcoy.es\\\/es\\\/el-foro-de-empleo-del-campus-recupera-el-formato-presencial\\\/\",\"name\":\"El Foro de Empleo del Campus recupera el formato presencial - COPE Alcoy\",\"isPartOf\":{\"@id\":\"https:\\\/\\\/www.copealcoy.es\\\/es\\\/#website\"},\"primaryImageOfPage\":{\"@id\":\"https:\\\/\\\/www.copealcoy.es\\\/es\\\/el-foro-de-empleo-del-campus-recupera-el-formato-presencial\\\/#primaryimage\"},\"image\":{\"@id\":\"https:\\\/\\\/www.copealcoy.es\\\/es\\\/el-foro-de-empleo-del-campus-recupera-el-formato-presencial\\\/#primaryimage\"},\"thumbnailUrl\":\"https:\\\/\\\/www.copealcoy.es\\\/wp-content\\\/uploads\\\/2022\\\/04\\\/EIEYQJJW6FCQLGRENVAAHYQSNI.jpg\",\"datePublished\":\"2022-04-27T16:46:00+00:00\",\"dateModified\":\"2022-04-27T17:17:10+00:00\",\"author\":{\"@id\":\"https:\\\/\\\/www.copealcoy.es\\\/es\\\/#\\\/schema\\\/person\\\/e777c87fa024e57d40170af9df39882c\"},\"breadcrumb\":{\"@id\":\"https:\\\/\\\/www.copealcoy.es\\\/es\\\/el-foro-de-empleo-del-campus-recupera-el-formato-presencial\\\/#breadcrumb\"},\"inLanguage\":\"es\",\"potentialAction\":[{\"@type\":\"ReadAction\",\"target\":[\"https:\\\/\\\/www.copealcoy.es\\\/es\\\/el-foro-de-empleo-del-campus-recupera-el-formato-presencial\\\/\"]}]},{\"@type\":\"ImageObject\",\"inLanguage\":\"es\",\"@id\":\"https:\\\/\\\/www.copealcoy.es\\\/es\\\/el-foro-de-empleo-del-campus-recupera-el-formato-presencial\\\/#primaryimage\",\"url\":\"https:\\\/\\\/www.copealcoy.es\\\/wp-content\\\/uploads\\\/2022\\\/04\\\/EIEYQJJW6FCQLGRENVAAHYQSNI.jpg\",\"contentUrl\":\"https:\\\/\\\/www.copealcoy.es\\\/wp-content\\\/uploads\\\/2022\\\/04\\\/EIEYQJJW6FCQLGRENVAAHYQSNI.jpg\",\"width\":650,\"height\":488},{\"@type\":\"BreadcrumbList\",\"@id\":\"https:\\\/\\\/www.copealcoy.es\\\/es\\\/el-foro-de-empleo-del-campus-recupera-el-formato-presencial\\\/#breadcrumb\",\"itemListElement\":[{\"@type\":\"ListItem\",\"position\":1,\"name\":\"Portada\",\"item\":\"https:\\\/\\\/www.copealcoy.es\\\/es\\\/\"},{\"@type\":\"ListItem\",\"position\":2,\"name\":\"El Foro de Empleo del Campus recupera el formato presencial\"}]},{\"@type\":\"WebSite\",\"@id\":\"https:\\\/\\\/www.copealcoy.es\\\/es\\\/#website\",\"url\":\"https:\\\/\\\/www.copealcoy.es\\\/es\\\/\",\"name\":\"COPE Alcoy\",\"description\":\"Emisora COPE de radio local con emisi\u00f3n online. Pont de Sant Jordi 8-10 03803 Alcoy\",\"potentialAction\":[{\"@type\":\"SearchAction\",\"target\":{\"@type\":\"EntryPoint\",\"urlTemplate\":\"https:\\\/\\\/www.copealcoy.es\\\/es\\\/?s={search_term_string}\"},\"query-input\":{\"@type\":\"PropertyValueSpecification\",\"valueRequired\":true,\"valueName\":\"search_term_string\"}}],\"inLanguage\":\"es\"},{\"@type\":\"Person\",\"@id\":\"https:\\\/\\\/www.copealcoy.es\\\/es\\\/#\\\/schema\\\/person\\\/e777c87fa024e57d40170af9df39882c\",\"name\":\"Cope Alcoy\",\"image\":{\"@type\":\"ImageObject\",\"inLanguage\":\"es\",\"@id\":\"https:\\\/\\\/secure.gravatar.com\\\/avatar\\\/bb65d0283347e303893ba14f0692005417c1e0e690a325a4c5d8bb2b3943ee14?s=96&d=mm&r=g\",\"url\":\"https:\\\/\\\/secure.gravatar.com\\\/avatar\\\/bb65d0283347e303893ba14f0692005417c1e0e690a325a4c5d8bb2b3943ee14?s=96&d=mm&r=g\",\"contentUrl\":\"https:\\\/\\\/secure.gravatar.com\\\/avatar\\\/bb65d0283347e303893ba14f0692005417c1e0e690a325a4c5d8bb2b3943ee14?s=96&d=mm&r=g\",\"caption\":\"Cope Alcoy\"}}]}<\/script>\n<!-- \/ Yoast SEO plugin. -->","yoast_head_json":{"title":"El Foro de Empleo del Campus recupera el formato presencial - COPE Alcoy","robots":{"index":"index","follow":"follow","max-snippet":"max-snippet:-1","max-image-preview":"max-image-preview:large","max-video-preview":"max-video-preview:-1"},"canonical":"https:\/\/www.copealcoy.es\/es\/el-foro-de-empleo-del-campus-recupera-el-formato-presencial\/","og_locale":"es_ES","og_type":"article","og_title":"El Foro de Empleo del Campus recupera el formato presencial - COPE Alcoy","og_description":"El Campus de Alcoy de la Universidad Polit\u00e9cnica de Valencia prepara una nueva edici\u00f3n del evento Job Talent,\u00a0el popular Foro...","og_url":"https:\/\/www.copealcoy.es\/es\/el-foro-de-empleo-del-campus-recupera-el-formato-presencial\/","og_site_name":"COPE Alcoy","article_published_time":"2022-04-27T16:46:00+00:00","article_modified_time":"2022-04-27T17:17:10+00:00","og_image":[{"width":650,"height":488,"url":"https:\/\/www.copealcoy.es\/wp-content\/uploads\/2022\/04\/EIEYQJJW6FCQLGRENVAAHYQSNI.jpg","type":"image\/jpeg"}],"author":"Cope Alcoy","twitter_misc":{"Escrito por":"Cope Alcoy","Tiempo de lectura":"2 minutos"},"schema":{"@context":"https:\/\/schema.org","@graph":[{"@type":"Article","@id":"https:\/\/www.copealcoy.es\/es\/el-foro-de-empleo-del-campus-recupera-el-formato-presencial\/#article","isPartOf":{"@id":"https:\/\/www.copealcoy.es\/es\/el-foro-de-empleo-del-campus-recupera-el-formato-presencial\/"},"author":{"name":"Cope Alcoy","@id":"https:\/\/www.copealcoy.es\/es\/#\/schema\/person\/e777c87fa024e57d40170af9df39882c"},"headline":"El Foro de Empleo del Campus recupera el formato presencial","datePublished":"2022-04-27T16:46:00+00:00","dateModified":"2022-04-27T17:17:10+00:00","mainEntityOfPage":{"@id":"https:\/\/www.copealcoy.es\/es\/el-foro-de-empleo-del-campus-recupera-el-formato-presencial\/"},"wordCount":355,"commentCount":0,"image":{"@id":"https:\/\/www.copealcoy.es\/es\/el-foro-de-empleo-del-campus-recupera-el-formato-presencial\/#primaryimage"},"thumbnailUrl":"https:\/\/www.copealcoy.es\/wp-content\/uploads\/2022\/04\/EIEYQJJW6FCQLGRENVAAHYQSNI.jpg","keywords":["Alcoy","Campus","Foro de empleo","Universidad Polit\u00e9cnica de Valencia"],"articleSection":["Actualidad","Alcoy","Educaci\u00f3n","Noticias"],"inLanguage":"es"},{"@type":"WebPage","@id":"https:\/\/www.copealcoy.es\/es\/el-foro-de-empleo-del-campus-recupera-el-formato-presencial\/","url":"https:\/\/www.copealcoy.es\/es\/el-foro-de-empleo-del-campus-recupera-el-formato-presencial\/","name":"El Foro de Empleo del Campus recupera el formato presencial - COPE Alcoy","isPartOf":{"@id":"https:\/\/www.copealcoy.es\/es\/#website"},"primaryImageOfPage":{"@id":"https:\/\/www.copealcoy.es\/es\/el-foro-de-empleo-del-campus-recupera-el-formato-presencial\/#primaryimage"},"image":{"@id":"https:\/\/www.copealcoy.es\/es\/el-foro-de-empleo-del-campus-recupera-el-formato-presencial\/#primaryimage"},"thumbnailUrl":"https:\/\/www.copealcoy.es\/wp-content\/uploads\/2022\/04\/EIEYQJJW6FCQLGRENVAAHYQSNI.jpg","datePublished":"2022-04-27T16:46:00+00:00","dateModified":"2022-04-27T17:17:10+00:00","author":{"@id":"https:\/\/www.copealcoy.es\/es\/#\/schema\/person\/e777c87fa024e57d40170af9df39882c"},"breadcrumb":{"@id":"https:\/\/www.copealcoy.es\/es\/el-foro-de-empleo-del-campus-recupera-el-formato-presencial\/#breadcrumb"},"inLanguage":"es","potentialAction":[{"@type":"ReadAction","target":["https:\/\/www.copealcoy.es\/es\/el-foro-de-empleo-del-campus-recupera-el-formato-presencial\/"]}]},{"@type":"ImageObject","inLanguage":"es","@id":"https:\/\/www.copealcoy.es\/es\/el-foro-de-empleo-del-campus-recupera-el-formato-presencial\/#primaryimage","url":"https:\/\/www.copealcoy.es\/wp-content\/uploads\/2022\/04\/EIEYQJJW6FCQLGRENVAAHYQSNI.jpg","contentUrl":"https:\/\/www.copealcoy.es\/wp-content\/uploads\/2022\/04\/EIEYQJJW6FCQLGRENVAAHYQSNI.jpg","width":650,"height":488},{"@type":"BreadcrumbList","@id":"https:\/\/www.copealcoy.es\/es\/el-foro-de-empleo-del-campus-recupera-el-formato-presencial\/#breadcrumb","itemListElement":[{"@type":"ListItem","position":1,"name":"Portada","item":"https:\/\/www.copealcoy.es\/es\/"},{"@type":"ListItem","position":2,"name":"El Foro de Empleo del Campus recupera el formato presencial"}]},{"@type":"WebSite","@id":"https:\/\/www.copealcoy.es\/es\/#website","url":"https:\/\/www.copealcoy.es\/es\/","name":"COPE Alcoy","description":"Emisora COPE de radio local con emisi\u00f3n online. Pont de Sant Jordi 8-10 03803 Alcoy","potentialAction":[{"@type":"SearchAction","target":{"@type":"EntryPoint","urlTemplate":"https:\/\/www.copealcoy.es\/es\/?s={search_term_string}"},"query-input":{"@type":"PropertyValueSpecification","valueRequired":true,"valueName":"search_term_string"}}],"inLanguage":"es"},{"@type":"Person","@id":"https:\/\/www.copealcoy.es\/es\/#\/schema\/person\/e777c87fa024e57d40170af9df39882c","name":"Cope Alcoy","image":{"@type":"ImageObject","inLanguage":"es","@id":"https:\/\/secure.gravatar.com\/avatar\/bb65d0283347e303893ba14f0692005417c1e0e690a325a4c5d8bb2b3943ee14?s=96&d=mm&r=g","url":"https:\/\/secure.gravatar.com\/avatar\/bb65d0283347e303893ba14f0692005417c1e0e690a325a4c5d8bb2b3943ee14?s=96&d=mm&r=g","contentUrl":"https:\/\/secure.gravatar.com\/avatar\/bb65d0283347e303893ba14f0692005417c1e0e690a325a4c5d8bb2b3943ee14?s=96&d=mm&r=g","caption":"Cope Alcoy"}}]}},"_links":{"self":[{"href":"https:\/\/www.copealcoy.es\/es\/wp-json\/wp\/v2\/posts\/86761","targetHints":{"allow":["GET"]}}],"collection":[{"href":"https:\/\/www.copealcoy.es\/es\/wp-json\/wp\/v2\/posts"}],"about":[{"href":"https:\/\/www.copealcoy.es\/es\/wp-json\/wp\/v2\/types\/post"}],"author":[{"embeddable":true,"href":"https:\/\/www.copealcoy.es\/es\/wp-json\/wp\/v2\/users\/1"}],"replies":[{"embeddable":true,"href":"https:\/\/www.copealcoy.es\/es\/wp-json\/wp\/v2\/comments?post=86761"}],"version-history":[{"count":0,"href":"https:\/\/www.copealcoy.es\/es\/wp-json\/wp\/v2\/posts\/86761\/revisions"}],"wp:featuredmedia":[{"embeddable":true,"href":"https:\/\/www.copealcoy.es\/es\/wp-json\/wp\/v2\/media\/86762"}],"wp:attachment":[{"href":"https:\/\/www.copealcoy.es\/es\/wp-json\/wp\/v2\/media?parent=86761"}],"wp:term":[{"taxonomy":"category","embeddable":true,"href":"https:\/\/www.copealcoy.es\/es\/wp-json\/wp\/v2\/categories?post=86761"},{"taxonomy":"post_tag","embeddable":true,"href":"https:\/\/www.copealcoy.es\/es\/wp-json\/wp\/v2\/tags?post=86761"}],"curies":[{"name":"wp","href":"https:\/\/api.w.org\/{rel}","templated":true}]}}