{"id":86678,"date":"2022-04-26T10:26:46","date_gmt":"2022-04-26T09:26:46","guid":{"rendered":"https:\/\/www.copealcoy.es\/?p=86678"},"modified":"2022-04-27T18:18:44","modified_gmt":"2022-04-27T17:18:44","slug":"balance-positivo-para-unas-fiestas-extraordinarias","status":"publish","type":"post","link":"https:\/\/www.copealcoy.es\/es\/balance-positivo-para-unas-fiestas-extraordinarias\/","title":{"rendered":"Balance positivo para unas Fiestas extraordinarias"},"content":{"rendered":"<p style=\"text-align: justify;\">Las <strong>Fiestas de Moros y Cristianos<\/strong> dejan <strong>un balance m\u00e1s que positivo<\/strong> en la ciudad seg\u00fan aseguran desde el Ayuntamiento de Alcoy. Todos los actos <strong>han transcurrido con absoluta normalidad<\/strong> y a<strong>penas se han producido incidentes rese\u00f1ables<\/strong> a lo largo de la trilog\u00eda.<\/p>\n<p style=\"text-align: justify;\">Entre las incidencias que se atendieron, destaca <strong>una aver\u00eda mec\u00e1nica en una atracci\u00f3n de la feria ubicada en el Viaducto<\/strong> que se sald\u00f3 con<strong> cuatro peque\u00f1os heridos leves<\/strong>. Tambi\u00e9n <strong>la Polic\u00eda Local trabaj\u00f3 para localizar a una ni\u00f1a que se perdi\u00f3 el d\u00eda de las Entradas<\/strong> mientras que <strong>se atendieron algunas quemaduras en el acto del Alardo<\/strong>. Para la edil de Fiestas <strong>han sido unos d\u00edas realmente espectaculares<\/strong> &#8220;<em>quiero dar la enhorabuena a todas las personas que las han hecho posible y agradecer el trabajo de tantas personas no solo en los actos que vemos tambi\u00e9n en la preparaci\u00f3n y como no a todas las fuerzas de seguridad, sanitarios y personal que ha trabajado estas fiestas y lo ha dado todo, evitando que hayamos tenido que lamentar ning\u00fan incidente grave<\/em>&#8220;, afirma Carol Ortiz.<\/p>\n<p style=\"text-align: justify;\">Finalmente indicar que durante los cuatro d\u00edas de fiestas <strong>la Tourist Info registr\u00f3 un n\u00famero similar de visitantes a los a\u00f1os anteriores a la pandemia<\/strong>, en total<strong> 1.777 personas<\/strong>. Al margen de esto <strong>m\u00e1s de 100 periodistas estuvieron acreditados<\/strong> para contar todo lo que aconteci\u00f3 en los festejos en honor a San Jorge a trav\u00e9s de los medios de comunicaci\u00f3n.<\/p>\n","protected":false},"excerpt":{"rendered":"<p>Las Fiestas de Moros y Cristianos dejan un balance m\u00e1s que positivo en la ciudad seg\u00fan aseguran desde el Ayuntamiento&#8230;<\/p>\n","protected":false},"author":1,"featured_media":86537,"comment_status":"open","ping_status":"open","sticky":false,"template":"","format":"standard","meta":{"footnotes":""},"categories":[6909,97,78,75,125],"tags":[1494,430,6975,2001],"class_list":["post-86678","post","type-post","status-publish","format-standard","has-post-thumbnail","hentry","category-actualidad","category-alcoy","category-fiestaycultura","category-noticias","category-portada","tag-alcoy","tag-balance","tag-carol-ortiz","tag-fiestas-de-moros-y-cristianos"],"yoast_head":"<!-- This site is optimized with the Yoast SEO plugin v27.3 - https:\/\/yoast.com\/product\/yoast-seo-wordpress\/ -->\n<title>Balance positivo para unas Fiestas extraordinarias - COPE Alcoy<\/title>\n<meta name=\"robots\" content=\"index, follow, max-snippet:-1, max-image-preview:large, max-video-preview:-1\" \/>\n<link rel=\"canonical\" href=\"https:\/\/www.copealcoy.es\/es\/balance-positivo-para-unas-fiestas-extraordinarias\/\" \/>\n<meta property=\"og:locale\" content=\"es_ES\" \/>\n<meta property=\"og:type\" content=\"article\" \/>\n<meta property=\"og:title\" content=\"Balance positivo para unas Fiestas extraordinarias - COPE Alcoy\" \/>\n<meta property=\"og:description\" content=\"Las Fiestas de Moros y Cristianos dejan un balance m\u00e1s que positivo en la ciudad seg\u00fan aseguran desde el Ayuntamiento...\" \/>\n<meta property=\"og:url\" content=\"https:\/\/www.copealcoy.es\/es\/balance-positivo-para-unas-fiestas-extraordinarias\/\" \/>\n<meta property=\"og:site_name\" content=\"COPE Alcoy\" \/>\n<meta property=\"article:published_time\" content=\"2022-04-26T09:26:46+00:00\" \/>\n<meta property=\"article:modified_time\" content=\"2022-04-27T17:18:44+00:00\" \/>\n<meta property=\"og:image\" content=\"https:\/\/www.copealcoy.es\/wp-content\/uploads\/2022\/04\/8A5C278A-B2C3-4537-B8B1-A127F0B82D68-scaled.jpeg\" \/>\n\t<meta property=\"og:image:width\" content=\"1440\" \/>\n\t<meta property=\"og:image:height\" content=\"1080\" \/>\n\t<meta property=\"og:image:type\" content=\"image\/jpeg\" \/>\n<meta name=\"author\" content=\"Cope Alcoy\" \/>\n<meta name=\"twitter:label1\" content=\"Escrito por\" \/>\n\t<meta name=\"twitter:data1\" content=\"Cope Alcoy\" \/>\n\t<meta name=\"twitter:label2\" content=\"Tiempo de lectura\" \/>\n\t<meta name=\"twitter:data2\" content=\"2 minutos\" \/>\n<script type=\"application\/ld+json\" class=\"yoast-schema-graph\">{\"@context\":\"https:\\\/\\\/schema.org\",\"@graph\":[{\"@type\":\"Article\",\"@id\":\"https:\\\/\\\/www.copealcoy.es\\\/es\\\/balance-positivo-para-unas-fiestas-extraordinarias\\\/#article\",\"isPartOf\":{\"@id\":\"https:\\\/\\\/www.copealcoy.es\\\/es\\\/balance-positivo-para-unas-fiestas-extraordinarias\\\/\"},\"author\":{\"name\":\"Cope Alcoy\",\"@id\":\"https:\\\/\\\/www.copealcoy.es\\\/es\\\/#\\\/schema\\\/person\\\/e777c87fa024e57d40170af9df39882c\"},\"headline\":\"Balance positivo para unas Fiestas extraordinarias\",\"datePublished\":\"2022-04-26T09:26:46+00:00\",\"dateModified\":\"2022-04-27T17:18:44+00:00\",\"mainEntityOfPage\":{\"@id\":\"https:\\\/\\\/www.copealcoy.es\\\/es\\\/balance-positivo-para-unas-fiestas-extraordinarias\\\/\"},\"wordCount\":262,\"commentCount\":0,\"image\":{\"@id\":\"https:\\\/\\\/www.copealcoy.es\\\/es\\\/balance-positivo-para-unas-fiestas-extraordinarias\\\/#primaryimage\"},\"thumbnailUrl\":\"https:\\\/\\\/www.copealcoy.es\\\/wp-content\\\/uploads\\\/2022\\\/04\\\/8A5C278A-B2C3-4537-B8B1-A127F0B82D68-scaled.jpeg\",\"keywords\":[\"Alcoy\",\"Balance\",\"Carol Ortiz\",\"Fiestas de Moros y Cristianos\"],\"articleSection\":[\"Actualidad\",\"Alcoy\",\"Fiesta y Cultura\",\"Noticias\",\"Portada\"],\"inLanguage\":\"es\"},{\"@type\":\"WebPage\",\"@id\":\"https:\\\/\\\/www.copealcoy.es\\\/es\\\/balance-positivo-para-unas-fiestas-extraordinarias\\\/\",\"url\":\"https:\\\/\\\/www.copealcoy.es\\\/es\\\/balance-positivo-para-unas-fiestas-extraordinarias\\\/\",\"name\":\"Balance positivo para unas Fiestas extraordinarias - COPE Alcoy\",\"isPartOf\":{\"@id\":\"https:\\\/\\\/www.copealcoy.es\\\/es\\\/#website\"},\"primaryImageOfPage\":{\"@id\":\"https:\\\/\\\/www.copealcoy.es\\\/es\\\/balance-positivo-para-unas-fiestas-extraordinarias\\\/#primaryimage\"},\"image\":{\"@id\":\"https:\\\/\\\/www.copealcoy.es\\\/es\\\/balance-positivo-para-unas-fiestas-extraordinarias\\\/#primaryimage\"},\"thumbnailUrl\":\"https:\\\/\\\/www.copealcoy.es\\\/wp-content\\\/uploads\\\/2022\\\/04\\\/8A5C278A-B2C3-4537-B8B1-A127F0B82D68-scaled.jpeg\",\"datePublished\":\"2022-04-26T09:26:46+00:00\",\"dateModified\":\"2022-04-27T17:18:44+00:00\",\"author\":{\"@id\":\"https:\\\/\\\/www.copealcoy.es\\\/es\\\/#\\\/schema\\\/person\\\/e777c87fa024e57d40170af9df39882c\"},\"breadcrumb\":{\"@id\":\"https:\\\/\\\/www.copealcoy.es\\\/es\\\/balance-positivo-para-unas-fiestas-extraordinarias\\\/#breadcrumb\"},\"inLanguage\":\"es\",\"potentialAction\":[{\"@type\":\"ReadAction\",\"target\":[\"https:\\\/\\\/www.copealcoy.es\\\/es\\\/balance-positivo-para-unas-fiestas-extraordinarias\\\/\"]}]},{\"@type\":\"ImageObject\",\"inLanguage\":\"es\",\"@id\":\"https:\\\/\\\/www.copealcoy.es\\\/es\\\/balance-positivo-para-unas-fiestas-extraordinarias\\\/#primaryimage\",\"url\":\"https:\\\/\\\/www.copealcoy.es\\\/wp-content\\\/uploads\\\/2022\\\/04\\\/8A5C278A-B2C3-4537-B8B1-A127F0B82D68-scaled.jpeg\",\"contentUrl\":\"https:\\\/\\\/www.copealcoy.es\\\/wp-content\\\/uploads\\\/2022\\\/04\\\/8A5C278A-B2C3-4537-B8B1-A127F0B82D68-scaled.jpeg\",\"width\":1440,\"height\":1080},{\"@type\":\"BreadcrumbList\",\"@id\":\"https:\\\/\\\/www.copealcoy.es\\\/es\\\/balance-positivo-para-unas-fiestas-extraordinarias\\\/#breadcrumb\",\"itemListElement\":[{\"@type\":\"ListItem\",\"position\":1,\"name\":\"Portada\",\"item\":\"https:\\\/\\\/www.copealcoy.es\\\/es\\\/\"},{\"@type\":\"ListItem\",\"position\":2,\"name\":\"Balance positivo para unas Fiestas extraordinarias\"}]},{\"@type\":\"WebSite\",\"@id\":\"https:\\\/\\\/www.copealcoy.es\\\/es\\\/#website\",\"url\":\"https:\\\/\\\/www.copealcoy.es\\\/es\\\/\",\"name\":\"COPE Alcoy\",\"description\":\"Emisora COPE de radio local con emisi\u00f3n online. Pont de Sant Jordi 8-10 03803 Alcoy\",\"potentialAction\":[{\"@type\":\"SearchAction\",\"target\":{\"@type\":\"EntryPoint\",\"urlTemplate\":\"https:\\\/\\\/www.copealcoy.es\\\/es\\\/?s={search_term_string}\"},\"query-input\":{\"@type\":\"PropertyValueSpecification\",\"valueRequired\":true,\"valueName\":\"search_term_string\"}}],\"inLanguage\":\"es\"},{\"@type\":\"Person\",\"@id\":\"https:\\\/\\\/www.copealcoy.es\\\/es\\\/#\\\/schema\\\/person\\\/e777c87fa024e57d40170af9df39882c\",\"name\":\"Cope Alcoy\",\"image\":{\"@type\":\"ImageObject\",\"inLanguage\":\"es\",\"@id\":\"https:\\\/\\\/secure.gravatar.com\\\/avatar\\\/bb65d0283347e303893ba14f0692005417c1e0e690a325a4c5d8bb2b3943ee14?s=96&d=mm&r=g\",\"url\":\"https:\\\/\\\/secure.gravatar.com\\\/avatar\\\/bb65d0283347e303893ba14f0692005417c1e0e690a325a4c5d8bb2b3943ee14?s=96&d=mm&r=g\",\"contentUrl\":\"https:\\\/\\\/secure.gravatar.com\\\/avatar\\\/bb65d0283347e303893ba14f0692005417c1e0e690a325a4c5d8bb2b3943ee14?s=96&d=mm&r=g\",\"caption\":\"Cope Alcoy\"}}]}<\/script>\n<!-- \/ Yoast SEO plugin. -->","yoast_head_json":{"title":"Balance positivo para unas Fiestas extraordinarias - COPE Alcoy","robots":{"index":"index","follow":"follow","max-snippet":"max-snippet:-1","max-image-preview":"max-image-preview:large","max-video-preview":"max-video-preview:-1"},"canonical":"https:\/\/www.copealcoy.es\/es\/balance-positivo-para-unas-fiestas-extraordinarias\/","og_locale":"es_ES","og_type":"article","og_title":"Balance positivo para unas Fiestas extraordinarias - COPE Alcoy","og_description":"Las Fiestas de Moros y Cristianos dejan un balance m\u00e1s que positivo en la ciudad seg\u00fan aseguran desde el Ayuntamiento...","og_url":"https:\/\/www.copealcoy.es\/es\/balance-positivo-para-unas-fiestas-extraordinarias\/","og_site_name":"COPE Alcoy","article_published_time":"2022-04-26T09:26:46+00:00","article_modified_time":"2022-04-27T17:18:44+00:00","og_image":[{"width":1440,"height":1080,"url":"https:\/\/www.copealcoy.es\/wp-content\/uploads\/2022\/04\/8A5C278A-B2C3-4537-B8B1-A127F0B82D68-scaled.jpeg","type":"image\/jpeg"}],"author":"Cope Alcoy","twitter_misc":{"Escrito por":"Cope Alcoy","Tiempo de lectura":"2 minutos"},"schema":{"@context":"https:\/\/schema.org","@graph":[{"@type":"Article","@id":"https:\/\/www.copealcoy.es\/es\/balance-positivo-para-unas-fiestas-extraordinarias\/#article","isPartOf":{"@id":"https:\/\/www.copealcoy.es\/es\/balance-positivo-para-unas-fiestas-extraordinarias\/"},"author":{"name":"Cope Alcoy","@id":"https:\/\/www.copealcoy.es\/es\/#\/schema\/person\/e777c87fa024e57d40170af9df39882c"},"headline":"Balance positivo para unas Fiestas extraordinarias","datePublished":"2022-04-26T09:26:46+00:00","dateModified":"2022-04-27T17:18:44+00:00","mainEntityOfPage":{"@id":"https:\/\/www.copealcoy.es\/es\/balance-positivo-para-unas-fiestas-extraordinarias\/"},"wordCount":262,"commentCount":0,"image":{"@id":"https:\/\/www.copealcoy.es\/es\/balance-positivo-para-unas-fiestas-extraordinarias\/#primaryimage"},"thumbnailUrl":"https:\/\/www.copealcoy.es\/wp-content\/uploads\/2022\/04\/8A5C278A-B2C3-4537-B8B1-A127F0B82D68-scaled.jpeg","keywords":["Alcoy","Balance","Carol Ortiz","Fiestas de Moros y Cristianos"],"articleSection":["Actualidad","Alcoy","Fiesta y Cultura","Noticias","Portada"],"inLanguage":"es"},{"@type":"WebPage","@id":"https:\/\/www.copealcoy.es\/es\/balance-positivo-para-unas-fiestas-extraordinarias\/","url":"https:\/\/www.copealcoy.es\/es\/balance-positivo-para-unas-fiestas-extraordinarias\/","name":"Balance positivo para unas Fiestas extraordinarias - COPE Alcoy","isPartOf":{"@id":"https:\/\/www.copealcoy.es\/es\/#website"},"primaryImageOfPage":{"@id":"https:\/\/www.copealcoy.es\/es\/balance-positivo-para-unas-fiestas-extraordinarias\/#primaryimage"},"image":{"@id":"https:\/\/www.copealcoy.es\/es\/balance-positivo-para-unas-fiestas-extraordinarias\/#primaryimage"},"thumbnailUrl":"https:\/\/www.copealcoy.es\/wp-content\/uploads\/2022\/04\/8A5C278A-B2C3-4537-B8B1-A127F0B82D68-scaled.jpeg","datePublished":"2022-04-26T09:26:46+00:00","dateModified":"2022-04-27T17:18:44+00:00","author":{"@id":"https:\/\/www.copealcoy.es\/es\/#\/schema\/person\/e777c87fa024e57d40170af9df39882c"},"breadcrumb":{"@id":"https:\/\/www.copealcoy.es\/es\/balance-positivo-para-unas-fiestas-extraordinarias\/#breadcrumb"},"inLanguage":"es","potentialAction":[{"@type":"ReadAction","target":["https:\/\/www.copealcoy.es\/es\/balance-positivo-para-unas-fiestas-extraordinarias\/"]}]},{"@type":"ImageObject","inLanguage":"es","@id":"https:\/\/www.copealcoy.es\/es\/balance-positivo-para-unas-fiestas-extraordinarias\/#primaryimage","url":"https:\/\/www.copealcoy.es\/wp-content\/uploads\/2022\/04\/8A5C278A-B2C3-4537-B8B1-A127F0B82D68-scaled.jpeg","contentUrl":"https:\/\/www.copealcoy.es\/wp-content\/uploads\/2022\/04\/8A5C278A-B2C3-4537-B8B1-A127F0B82D68-scaled.jpeg","width":1440,"height":1080},{"@type":"BreadcrumbList","@id":"https:\/\/www.copealcoy.es\/es\/balance-positivo-para-unas-fiestas-extraordinarias\/#breadcrumb","itemListElement":[{"@type":"ListItem","position":1,"name":"Portada","item":"https:\/\/www.copealcoy.es\/es\/"},{"@type":"ListItem","position":2,"name":"Balance positivo para unas Fiestas extraordinarias"}]},{"@type":"WebSite","@id":"https:\/\/www.copealcoy.es\/es\/#website","url":"https:\/\/www.copealcoy.es\/es\/","name":"COPE Alcoy","description":"Emisora COPE de radio local con emisi\u00f3n online. Pont de Sant Jordi 8-10 03803 Alcoy","potentialAction":[{"@type":"SearchAction","target":{"@type":"EntryPoint","urlTemplate":"https:\/\/www.copealcoy.es\/es\/?s={search_term_string}"},"query-input":{"@type":"PropertyValueSpecification","valueRequired":true,"valueName":"search_term_string"}}],"inLanguage":"es"},{"@type":"Person","@id":"https:\/\/www.copealcoy.es\/es\/#\/schema\/person\/e777c87fa024e57d40170af9df39882c","name":"Cope Alcoy","image":{"@type":"ImageObject","inLanguage":"es","@id":"https:\/\/secure.gravatar.com\/avatar\/bb65d0283347e303893ba14f0692005417c1e0e690a325a4c5d8bb2b3943ee14?s=96&d=mm&r=g","url":"https:\/\/secure.gravatar.com\/avatar\/bb65d0283347e303893ba14f0692005417c1e0e690a325a4c5d8bb2b3943ee14?s=96&d=mm&r=g","contentUrl":"https:\/\/secure.gravatar.com\/avatar\/bb65d0283347e303893ba14f0692005417c1e0e690a325a4c5d8bb2b3943ee14?s=96&d=mm&r=g","caption":"Cope Alcoy"}}]}},"_links":{"self":[{"href":"https:\/\/www.copealcoy.es\/es\/wp-json\/wp\/v2\/posts\/86678","targetHints":{"allow":["GET"]}}],"collection":[{"href":"https:\/\/www.copealcoy.es\/es\/wp-json\/wp\/v2\/posts"}],"about":[{"href":"https:\/\/www.copealcoy.es\/es\/wp-json\/wp\/v2\/types\/post"}],"author":[{"embeddable":true,"href":"https:\/\/www.copealcoy.es\/es\/wp-json\/wp\/v2\/users\/1"}],"replies":[{"embeddable":true,"href":"https:\/\/www.copealcoy.es\/es\/wp-json\/wp\/v2\/comments?post=86678"}],"version-history":[{"count":0,"href":"https:\/\/www.copealcoy.es\/es\/wp-json\/wp\/v2\/posts\/86678\/revisions"}],"wp:featuredmedia":[{"embeddable":true,"href":"https:\/\/www.copealcoy.es\/es\/wp-json\/wp\/v2\/media\/86537"}],"wp:attachment":[{"href":"https:\/\/www.copealcoy.es\/es\/wp-json\/wp\/v2\/media?parent=86678"}],"wp:term":[{"taxonomy":"category","embeddable":true,"href":"https:\/\/www.copealcoy.es\/es\/wp-json\/wp\/v2\/categories?post=86678"},{"taxonomy":"post_tag","embeddable":true,"href":"https:\/\/www.copealcoy.es\/es\/wp-json\/wp\/v2\/tags?post=86678"}],"curies":[{"name":"wp","href":"https:\/\/api.w.org\/{rel}","templated":true}]}}