{"id":86418,"date":"2022-04-20T10:19:46","date_gmt":"2022-04-20T09:19:46","guid":{"rendered":"https:\/\/www.copealcoy.es\/?p=86418"},"modified":"2022-04-20T10:22:54","modified_gmt":"2022-04-20T09:22:54","slug":"preguntas-y-respuestas-al-fin-de-las-mascarillas-en-interiores","status":"publish","type":"post","link":"https:\/\/www.copealcoy.es\/es\/preguntas-y-respuestas-al-fin-de-las-mascarillas-en-interiores\/","title":{"rendered":"Preguntas y respuestas al fin de las mascarillas en interiores"},"content":{"rendered":"<p style=\"text-align: justify;\">700 d\u00edas despu\u00e9s, <strong>Espa\u00f1a se desprende del uso obligatorio de la mascarilla en la mayor\u00eda de los interiores<\/strong>, si bien no se libran todos los espacios. En <strong>centros sanitarios o en el transporte p\u00fablico<\/strong>, seguir\u00e1 siendo obligatoria. As\u00ed lo recoge el<a href=\"https:\/\/www.boe.es\/boe\/dias\/2022\/04\/20\/pdfs\/BOE-A-2022-6449.pdf\">\u00a0<strong><span style=\"color: #0000ff;\">BOE<\/span><\/strong><\/a><strong><span style=\"color: #0000ff;\">\u00a0<\/span><\/strong>que publica este mi\u00e9rcoles el real decreto <strong>donde se explican los \u00e1mbitos<\/strong> en los que la mascarilla se deber\u00e1 seguir usando.<\/p>\n<p style=\"text-align: justify;\">De esta forma, Espa\u00f1a se une a la\u00a0<strong>larga lista de pa\u00edses que ya se han despojado del que se ha convertido en<\/strong><em> &#8220;uno de los elementos m\u00e1s simb\u00f3licos de la pandemia&#8221;<\/em><strong>,<\/strong>\u00a0como Francia, Alemania, B\u00e9lgica, Reino Unido o Pa\u00edses Bajos, entre otros. Otros, como <strong>Italia, Portugal o Grecia han optado por esperar algo m\u00e1s.<\/strong><\/p>\n<p style=\"text-align: justify;\">\u00bfCu\u00e1ndo es obligatorio usar la mascarilla? \u00bfQu\u00e9 pasa en el trabajo? \u00bfPara qui\u00e9nes se sigue recomendando? \u00bfqui\u00e9nes est\u00e1n exentos de su uso?<strong> Te explicamos lo que recoge el\u00a0<a href=\"https:\/\/www.boe.es\/boe\/dias\/2022\/04\/20\/pdfs\/BOE-A-2022-6449.pdf\"><span style=\"color: #0000ff;\">BOE<\/span>:<\/a><\/strong><\/p>\n<p style=\"text-align: justify;\"><strong><span style=\"color: #0000ff;\">Por qu\u00e9 se quita ahora\u00a0<\/span><\/strong><\/p>\n<p style=\"text-align: justify;\">Las <strong>coberturas de vacunaci\u00f3n<\/strong> en Espa\u00f1a est\u00e1n por encima del 92 % en la poblaci\u00f3n mayor de 12 a\u00f1os. Adem\u00e1s m\u00e1s del 92 % de los mayores de 60 a\u00f1os han recibido una dosis de refuerzo que mejora la protecci\u00f3n de este grupo de poblaci\u00f3n frente a la covid grave y fallecimiento, seg\u00fan explica el Bolet\u00edn. Los ni\u00f1os de 5 a 11 a\u00f1os ya alcanzar\u00edan coberturas de m\u00e1s del 40 % con la pauta completa.<\/p>\n<p style=\"text-align: justify;\">A esto se suma el hecho de que <strong>las vacunas utilizadas en Espa\u00f1a<\/strong> &#8220;<em>muestran una efectividad superior al 90 % para prevenir cuadros graves y fallecimientos por la Covid<\/em>&#8220;.<\/p>\n<p style=\"text-align: justify;\">Todos <strong>los indicadores principales de seguimiento de la epidemia<\/strong> vigentes se encontrar\u00edan &#8220;<em>en un nivel de riesgo bajo en la mayor parte del territorio, lo que sit\u00faa la alerta en nivel 1 en 42 de las 52 provincias y en nivel 2 en 8 provincias<\/em>&#8220;.<\/p>\n<p>Por otro lado, &#8220;<em>la\u00a0ocupaci\u00f3n de camas hospitalarias\u00a0es del 3,4 % y la de camas de UCI del 4 %<\/em>&#8221; lo que considera &#8220;<em>niveles muy bajos respecto a los que se han detectado a lo largo de la epidemi<\/em>a&#8221;.<\/p>\n<p><strong><span style=\"color: #0000ff;\">A qui\u00e9nes se recomienda\u00a0<\/span><\/strong><\/p>\n<p style=\"text-align: justify;\">La Ponencia de Alertas, Planes de Preparaci\u00f3n y Respuesta del Consejo Interterritorial del Sistema Nacional de Salud recomienda que t<strong>odas las personas con una<\/strong><strong>mayor vulnerabilidad<\/strong>\u00a0ante el covid,\u00a0<strong>mantengan el uso de mascarilla en <\/strong><em>&#8220;cualquier situaci\u00f3n en la que se tenga contacto prolongado con personas a distancia menor de 1,5 metros&#8221;.<\/em><\/p>\n<p><strong><span style=\"color: #0000ff;\">D\u00f3nde se recomienda\u00a0<\/span><\/strong><\/p>\n<p style=\"text-align: justify;\">Se diferencia entre obligatoriedad y uso responsable. En este \u00faltimo caso, se recomienda en aquellos\u00a0<strong>e<\/strong><strong>spacios cerrados de uso p\u00fablico en los que las personas transitan o permanecen un tiempo prolongado,<\/strong>\u00a0as\u00ed como\u00a0en los<strong>\u00a0eventos multitudinarios<\/strong>.<\/p>\n<aside class=\"add add-300 centeradv\">\n<div id=\"Left6\" style=\"text-align: justify;\">Tambi\u00e9n, en el <strong>entorno familiar y en reuniones o celebraciones privadas, siempre teniendo encuentra la vulnerabilidad de los participantes<\/strong>.<\/div>\n<\/aside>\n<div><\/div>\n<div><strong><span style=\"color: #0000ff;\">Qu\u00e9 pasa en el trabajo<\/span><\/strong><\/div>\n<div style=\"text-align: justify;\"><\/div>\n<div style=\"text-align: justify;\">En el entorno laboral, con car\u00e1cter general,\u00a0<strong>no resultar\u00e1 preceptivo el uso de mascarillas.\u00a0<\/strong>No obstante, la pelota queda en el tejado de los responsables en\u00a0<strong>materia de prevenci\u00f3n de riesgos laborales de cada empresa que\u00a0<\/strong><strong>podr\u00e1n determinar <\/strong><em>&#8220;las medidas preventivas adecuadas&#8221;<\/em> o en<strong>\u00a0determinados espacios de los centros de trabajo<\/strong>.<\/div>\n<div><\/div>\n<div style=\"text-align: justify;\"><strong><span style=\"color: #0000ff;\">D\u00f3nde ser\u00e1 finalmente obligatoria\u00a0<\/span><\/strong><\/div>\n<div style=\"text-align: justify;\"><\/div>\n<div style=\"text-align: justify;\">En el entorno laboral, con car\u00e1cter general,\u00a0<strong>no resultar\u00e1 preceptivo el uso de mascarillas.\u00a0<\/strong>No obstante, la pelota queda en el tejado de los responsables en\u00a0<strong>materia de prevenci\u00f3n de riesgos laborales de cada empresa que\u00a0<\/strong><strong>podr\u00e1n determinar las medidas preventivas adecuadas&#8221;\u00a0<\/strong>o en<strong>\u00a0determinados espacios de los centros de trabajo.<\/strong><\/div>\n<div><\/div>\n<div><span style=\"color: #0000ff;\"><strong>Qui\u00e9nes est\u00e1n exentos de su uso\u00a0<\/strong><\/span><\/div>\n<div>\n<p style=\"text-align: justify;\">En cualquier caso, pese a su obligatoriedad en los \u00e1mbitos anteriores <strong>no ser\u00e1 exigible<\/strong> en los siguientes supuestos:<\/p>\n<ul>\n<li>A las personas que presenten alg\u00fan tipo de <strong>enfermedad o dificultad respiratoria\u00a0<\/strong>que pueda verse agravada por el uso de la mascarilla o que, por su situaci\u00f3n de discapacidad o dependencia, no dispongan de autonom\u00eda para quitarse la mascarilla o bien presenten alteraciones de conducta que hagan inviable su utilizaci\u00f3n.<\/li>\n<li>En el caso de que, por la propia naturaleza de las actividades, el uso de la mascarilla <strong>resulte incompatible<\/strong>, con arreglo a las indicaciones de las autoridades sanitarias.<\/li>\n<\/ul>\n<p><strong><span style=\"color: #0000ff;\">Cu\u00e1ndo entra en vigor\u00a0<\/span><\/strong><\/p>\n<p style=\"text-align: justify;\">Desde ya, es decir, nada m\u00e1s publicarse en el BOE, algo que<strong> ha sucedido este mismo mi\u00e9rcoles 20 de abril<\/strong> a primera hora de la ma\u00f1ana.<\/p>\n<\/div>\n<div><\/div>\n","protected":false},"excerpt":{"rendered":"<p>700 d\u00edas despu\u00e9s, Espa\u00f1a se desprende del uso obligatorio de la mascarilla en la mayor\u00eda de los interiores, si bien&#8230;<\/p>\n","protected":false},"author":1,"featured_media":61289,"comment_status":"open","ping_status":"open","sticky":false,"template":"","format":"standard","meta":{"footnotes":""},"categories":[6909,75],"tags":[12643,7281,11679,2822,7477,11347],"class_list":["post-86418","post","type-post","status-publish","format-standard","has-post-thumbnail","hentry","category-actualidad","category-noticias","tag-boe","tag-coronavirus","tag-mascarilla","tag-medidas","tag-pandemia","tag-uso-obligatorio"],"yoast_head":"<!-- This site is optimized with the Yoast SEO plugin v27.3 - https:\/\/yoast.com\/product\/yoast-seo-wordpress\/ -->\n<title>Preguntas y respuestas al fin de las mascarillas en interiores - COPE Alcoy<\/title>\n<meta name=\"robots\" content=\"index, follow, max-snippet:-1, max-image-preview:large, max-video-preview:-1\" \/>\n<link rel=\"canonical\" href=\"https:\/\/www.copealcoy.es\/es\/preguntas-y-respuestas-al-fin-de-las-mascarillas-en-interiores\/\" \/>\n<meta property=\"og:locale\" content=\"es_ES\" \/>\n<meta property=\"og:type\" content=\"article\" \/>\n<meta property=\"og:title\" content=\"Preguntas y respuestas al fin de las mascarillas en interiores - COPE Alcoy\" \/>\n<meta property=\"og:description\" content=\"700 d\u00edas despu\u00e9s, Espa\u00f1a se desprende del uso obligatorio de la mascarilla en la mayor\u00eda de los interiores, si bien...\" \/>\n<meta property=\"og:url\" content=\"https:\/\/www.copealcoy.es\/es\/preguntas-y-respuestas-al-fin-de-las-mascarillas-en-interiores\/\" \/>\n<meta property=\"og:site_name\" content=\"COPE Alcoy\" \/>\n<meta property=\"article:published_time\" content=\"2022-04-20T09:19:46+00:00\" \/>\n<meta property=\"article:modified_time\" content=\"2022-04-20T09:22:54+00:00\" \/>\n<meta property=\"og:image\" content=\"https:\/\/www.copealcoy.es\/wp-content\/uploads\/2020\/03\/mascarillas-1.jpg\" \/>\n\t<meta property=\"og:image:width\" content=\"690\" \/>\n\t<meta property=\"og:image:height\" content=\"309\" \/>\n\t<meta property=\"og:image:type\" content=\"image\/jpeg\" \/>\n<meta name=\"author\" content=\"Cope Alcoy\" \/>\n<meta name=\"twitter:label1\" content=\"Escrito por\" \/>\n\t<meta name=\"twitter:data1\" content=\"Cope Alcoy\" \/>\n\t<meta name=\"twitter:label2\" content=\"Tiempo de lectura\" \/>\n\t<meta name=\"twitter:data2\" content=\"4 minutos\" \/>\n<script type=\"application\/ld+json\" class=\"yoast-schema-graph\">{\"@context\":\"https:\\\/\\\/schema.org\",\"@graph\":[{\"@type\":\"Article\",\"@id\":\"https:\\\/\\\/www.copealcoy.es\\\/es\\\/preguntas-y-respuestas-al-fin-de-las-mascarillas-en-interiores\\\/#article\",\"isPartOf\":{\"@id\":\"https:\\\/\\\/www.copealcoy.es\\\/es\\\/preguntas-y-respuestas-al-fin-de-las-mascarillas-en-interiores\\\/\"},\"author\":{\"name\":\"Cope Alcoy\",\"@id\":\"https:\\\/\\\/www.copealcoy.es\\\/es\\\/#\\\/schema\\\/person\\\/e777c87fa024e57d40170af9df39882c\"},\"headline\":\"Preguntas y respuestas al fin de las mascarillas en interiores\",\"datePublished\":\"2022-04-20T09:19:46+00:00\",\"dateModified\":\"2022-04-20T09:22:54+00:00\",\"mainEntityOfPage\":{\"@id\":\"https:\\\/\\\/www.copealcoy.es\\\/es\\\/preguntas-y-respuestas-al-fin-de-las-mascarillas-en-interiores\\\/\"},\"wordCount\":746,\"commentCount\":0,\"image\":{\"@id\":\"https:\\\/\\\/www.copealcoy.es\\\/es\\\/preguntas-y-respuestas-al-fin-de-las-mascarillas-en-interiores\\\/#primaryimage\"},\"thumbnailUrl\":\"https:\\\/\\\/www.copealcoy.es\\\/wp-content\\\/uploads\\\/2020\\\/03\\\/mascarillas-1.jpg\",\"keywords\":[\"BOE\",\"Coronavirus\",\"Mascarilla\",\"medidas\",\"pandemia\",\"uso obligatorio\"],\"articleSection\":[\"Actualidad\",\"Noticias\"],\"inLanguage\":\"es\"},{\"@type\":\"WebPage\",\"@id\":\"https:\\\/\\\/www.copealcoy.es\\\/es\\\/preguntas-y-respuestas-al-fin-de-las-mascarillas-en-interiores\\\/\",\"url\":\"https:\\\/\\\/www.copealcoy.es\\\/es\\\/preguntas-y-respuestas-al-fin-de-las-mascarillas-en-interiores\\\/\",\"name\":\"Preguntas y respuestas al fin de las mascarillas en interiores - COPE Alcoy\",\"isPartOf\":{\"@id\":\"https:\\\/\\\/www.copealcoy.es\\\/es\\\/#website\"},\"primaryImageOfPage\":{\"@id\":\"https:\\\/\\\/www.copealcoy.es\\\/es\\\/preguntas-y-respuestas-al-fin-de-las-mascarillas-en-interiores\\\/#primaryimage\"},\"image\":{\"@id\":\"https:\\\/\\\/www.copealcoy.es\\\/es\\\/preguntas-y-respuestas-al-fin-de-las-mascarillas-en-interiores\\\/#primaryimage\"},\"thumbnailUrl\":\"https:\\\/\\\/www.copealcoy.es\\\/wp-content\\\/uploads\\\/2020\\\/03\\\/mascarillas-1.jpg\",\"datePublished\":\"2022-04-20T09:19:46+00:00\",\"dateModified\":\"2022-04-20T09:22:54+00:00\",\"author\":{\"@id\":\"https:\\\/\\\/www.copealcoy.es\\\/es\\\/#\\\/schema\\\/person\\\/e777c87fa024e57d40170af9df39882c\"},\"breadcrumb\":{\"@id\":\"https:\\\/\\\/www.copealcoy.es\\\/es\\\/preguntas-y-respuestas-al-fin-de-las-mascarillas-en-interiores\\\/#breadcrumb\"},\"inLanguage\":\"es\",\"potentialAction\":[{\"@type\":\"ReadAction\",\"target\":[\"https:\\\/\\\/www.copealcoy.es\\\/es\\\/preguntas-y-respuestas-al-fin-de-las-mascarillas-en-interiores\\\/\"]}]},{\"@type\":\"ImageObject\",\"inLanguage\":\"es\",\"@id\":\"https:\\\/\\\/www.copealcoy.es\\\/es\\\/preguntas-y-respuestas-al-fin-de-las-mascarillas-en-interiores\\\/#primaryimage\",\"url\":\"https:\\\/\\\/www.copealcoy.es\\\/wp-content\\\/uploads\\\/2020\\\/03\\\/mascarillas-1.jpg\",\"contentUrl\":\"https:\\\/\\\/www.copealcoy.es\\\/wp-content\\\/uploads\\\/2020\\\/03\\\/mascarillas-1.jpg\",\"width\":690,\"height\":309},{\"@type\":\"BreadcrumbList\",\"@id\":\"https:\\\/\\\/www.copealcoy.es\\\/es\\\/preguntas-y-respuestas-al-fin-de-las-mascarillas-en-interiores\\\/#breadcrumb\",\"itemListElement\":[{\"@type\":\"ListItem\",\"position\":1,\"name\":\"Portada\",\"item\":\"https:\\\/\\\/www.copealcoy.es\\\/es\\\/\"},{\"@type\":\"ListItem\",\"position\":2,\"name\":\"Preguntas y respuestas al fin de las mascarillas en interiores\"}]},{\"@type\":\"WebSite\",\"@id\":\"https:\\\/\\\/www.copealcoy.es\\\/es\\\/#website\",\"url\":\"https:\\\/\\\/www.copealcoy.es\\\/es\\\/\",\"name\":\"COPE Alcoy\",\"description\":\"Emisora COPE de radio local con emisi\u00f3n online. Pont de Sant Jordi 8-10 03803 Alcoy\",\"potentialAction\":[{\"@type\":\"SearchAction\",\"target\":{\"@type\":\"EntryPoint\",\"urlTemplate\":\"https:\\\/\\\/www.copealcoy.es\\\/es\\\/?s={search_term_string}\"},\"query-input\":{\"@type\":\"PropertyValueSpecification\",\"valueRequired\":true,\"valueName\":\"search_term_string\"}}],\"inLanguage\":\"es\"},{\"@type\":\"Person\",\"@id\":\"https:\\\/\\\/www.copealcoy.es\\\/es\\\/#\\\/schema\\\/person\\\/e777c87fa024e57d40170af9df39882c\",\"name\":\"Cope Alcoy\",\"image\":{\"@type\":\"ImageObject\",\"inLanguage\":\"es\",\"@id\":\"https:\\\/\\\/secure.gravatar.com\\\/avatar\\\/bb65d0283347e303893ba14f0692005417c1e0e690a325a4c5d8bb2b3943ee14?s=96&d=mm&r=g\",\"url\":\"https:\\\/\\\/secure.gravatar.com\\\/avatar\\\/bb65d0283347e303893ba14f0692005417c1e0e690a325a4c5d8bb2b3943ee14?s=96&d=mm&r=g\",\"contentUrl\":\"https:\\\/\\\/secure.gravatar.com\\\/avatar\\\/bb65d0283347e303893ba14f0692005417c1e0e690a325a4c5d8bb2b3943ee14?s=96&d=mm&r=g\",\"caption\":\"Cope Alcoy\"}}]}<\/script>\n<!-- \/ Yoast SEO plugin. -->","yoast_head_json":{"title":"Preguntas y respuestas al fin de las mascarillas en interiores - COPE Alcoy","robots":{"index":"index","follow":"follow","max-snippet":"max-snippet:-1","max-image-preview":"max-image-preview:large","max-video-preview":"max-video-preview:-1"},"canonical":"https:\/\/www.copealcoy.es\/es\/preguntas-y-respuestas-al-fin-de-las-mascarillas-en-interiores\/","og_locale":"es_ES","og_type":"article","og_title":"Preguntas y respuestas al fin de las mascarillas en interiores - COPE Alcoy","og_description":"700 d\u00edas despu\u00e9s, Espa\u00f1a se desprende del uso obligatorio de la mascarilla en la mayor\u00eda de los interiores, si bien...","og_url":"https:\/\/www.copealcoy.es\/es\/preguntas-y-respuestas-al-fin-de-las-mascarillas-en-interiores\/","og_site_name":"COPE Alcoy","article_published_time":"2022-04-20T09:19:46+00:00","article_modified_time":"2022-04-20T09:22:54+00:00","og_image":[{"width":690,"height":309,"url":"https:\/\/www.copealcoy.es\/wp-content\/uploads\/2020\/03\/mascarillas-1.jpg","type":"image\/jpeg"}],"author":"Cope Alcoy","twitter_misc":{"Escrito por":"Cope Alcoy","Tiempo de lectura":"4 minutos"},"schema":{"@context":"https:\/\/schema.org","@graph":[{"@type":"Article","@id":"https:\/\/www.copealcoy.es\/es\/preguntas-y-respuestas-al-fin-de-las-mascarillas-en-interiores\/#article","isPartOf":{"@id":"https:\/\/www.copealcoy.es\/es\/preguntas-y-respuestas-al-fin-de-las-mascarillas-en-interiores\/"},"author":{"name":"Cope Alcoy","@id":"https:\/\/www.copealcoy.es\/es\/#\/schema\/person\/e777c87fa024e57d40170af9df39882c"},"headline":"Preguntas y respuestas al fin de las mascarillas en interiores","datePublished":"2022-04-20T09:19:46+00:00","dateModified":"2022-04-20T09:22:54+00:00","mainEntityOfPage":{"@id":"https:\/\/www.copealcoy.es\/es\/preguntas-y-respuestas-al-fin-de-las-mascarillas-en-interiores\/"},"wordCount":746,"commentCount":0,"image":{"@id":"https:\/\/www.copealcoy.es\/es\/preguntas-y-respuestas-al-fin-de-las-mascarillas-en-interiores\/#primaryimage"},"thumbnailUrl":"https:\/\/www.copealcoy.es\/wp-content\/uploads\/2020\/03\/mascarillas-1.jpg","keywords":["BOE","Coronavirus","Mascarilla","medidas","pandemia","uso obligatorio"],"articleSection":["Actualidad","Noticias"],"inLanguage":"es"},{"@type":"WebPage","@id":"https:\/\/www.copealcoy.es\/es\/preguntas-y-respuestas-al-fin-de-las-mascarillas-en-interiores\/","url":"https:\/\/www.copealcoy.es\/es\/preguntas-y-respuestas-al-fin-de-las-mascarillas-en-interiores\/","name":"Preguntas y respuestas al fin de las mascarillas en interiores - COPE Alcoy","isPartOf":{"@id":"https:\/\/www.copealcoy.es\/es\/#website"},"primaryImageOfPage":{"@id":"https:\/\/www.copealcoy.es\/es\/preguntas-y-respuestas-al-fin-de-las-mascarillas-en-interiores\/#primaryimage"},"image":{"@id":"https:\/\/www.copealcoy.es\/es\/preguntas-y-respuestas-al-fin-de-las-mascarillas-en-interiores\/#primaryimage"},"thumbnailUrl":"https:\/\/www.copealcoy.es\/wp-content\/uploads\/2020\/03\/mascarillas-1.jpg","datePublished":"2022-04-20T09:19:46+00:00","dateModified":"2022-04-20T09:22:54+00:00","author":{"@id":"https:\/\/www.copealcoy.es\/es\/#\/schema\/person\/e777c87fa024e57d40170af9df39882c"},"breadcrumb":{"@id":"https:\/\/www.copealcoy.es\/es\/preguntas-y-respuestas-al-fin-de-las-mascarillas-en-interiores\/#breadcrumb"},"inLanguage":"es","potentialAction":[{"@type":"ReadAction","target":["https:\/\/www.copealcoy.es\/es\/preguntas-y-respuestas-al-fin-de-las-mascarillas-en-interiores\/"]}]},{"@type":"ImageObject","inLanguage":"es","@id":"https:\/\/www.copealcoy.es\/es\/preguntas-y-respuestas-al-fin-de-las-mascarillas-en-interiores\/#primaryimage","url":"https:\/\/www.copealcoy.es\/wp-content\/uploads\/2020\/03\/mascarillas-1.jpg","contentUrl":"https:\/\/www.copealcoy.es\/wp-content\/uploads\/2020\/03\/mascarillas-1.jpg","width":690,"height":309},{"@type":"BreadcrumbList","@id":"https:\/\/www.copealcoy.es\/es\/preguntas-y-respuestas-al-fin-de-las-mascarillas-en-interiores\/#breadcrumb","itemListElement":[{"@type":"ListItem","position":1,"name":"Portada","item":"https:\/\/www.copealcoy.es\/es\/"},{"@type":"ListItem","position":2,"name":"Preguntas y respuestas al fin de las mascarillas en interiores"}]},{"@type":"WebSite","@id":"https:\/\/www.copealcoy.es\/es\/#website","url":"https:\/\/www.copealcoy.es\/es\/","name":"COPE Alcoy","description":"Emisora COPE de radio local con emisi\u00f3n online. Pont de Sant Jordi 8-10 03803 Alcoy","potentialAction":[{"@type":"SearchAction","target":{"@type":"EntryPoint","urlTemplate":"https:\/\/www.copealcoy.es\/es\/?s={search_term_string}"},"query-input":{"@type":"PropertyValueSpecification","valueRequired":true,"valueName":"search_term_string"}}],"inLanguage":"es"},{"@type":"Person","@id":"https:\/\/www.copealcoy.es\/es\/#\/schema\/person\/e777c87fa024e57d40170af9df39882c","name":"Cope Alcoy","image":{"@type":"ImageObject","inLanguage":"es","@id":"https:\/\/secure.gravatar.com\/avatar\/bb65d0283347e303893ba14f0692005417c1e0e690a325a4c5d8bb2b3943ee14?s=96&d=mm&r=g","url":"https:\/\/secure.gravatar.com\/avatar\/bb65d0283347e303893ba14f0692005417c1e0e690a325a4c5d8bb2b3943ee14?s=96&d=mm&r=g","contentUrl":"https:\/\/secure.gravatar.com\/avatar\/bb65d0283347e303893ba14f0692005417c1e0e690a325a4c5d8bb2b3943ee14?s=96&d=mm&r=g","caption":"Cope Alcoy"}}]}},"_links":{"self":[{"href":"https:\/\/www.copealcoy.es\/es\/wp-json\/wp\/v2\/posts\/86418","targetHints":{"allow":["GET"]}}],"collection":[{"href":"https:\/\/www.copealcoy.es\/es\/wp-json\/wp\/v2\/posts"}],"about":[{"href":"https:\/\/www.copealcoy.es\/es\/wp-json\/wp\/v2\/types\/post"}],"author":[{"embeddable":true,"href":"https:\/\/www.copealcoy.es\/es\/wp-json\/wp\/v2\/users\/1"}],"replies":[{"embeddable":true,"href":"https:\/\/www.copealcoy.es\/es\/wp-json\/wp\/v2\/comments?post=86418"}],"version-history":[{"count":0,"href":"https:\/\/www.copealcoy.es\/es\/wp-json\/wp\/v2\/posts\/86418\/revisions"}],"wp:featuredmedia":[{"embeddable":true,"href":"https:\/\/www.copealcoy.es\/es\/wp-json\/wp\/v2\/media\/61289"}],"wp:attachment":[{"href":"https:\/\/www.copealcoy.es\/es\/wp-json\/wp\/v2\/media?parent=86418"}],"wp:term":[{"taxonomy":"category","embeddable":true,"href":"https:\/\/www.copealcoy.es\/es\/wp-json\/wp\/v2\/categories?post=86418"},{"taxonomy":"post_tag","embeddable":true,"href":"https:\/\/www.copealcoy.es\/es\/wp-json\/wp\/v2\/tags?post=86418"}],"curies":[{"name":"wp","href":"https:\/\/api.w.org\/{rel}","templated":true}]}}