{"id":86339,"date":"2022-04-19T05:00:49","date_gmt":"2022-04-19T04:00:49","guid":{"rendered":"https:\/\/www.copealcoy.es\/?p=86339"},"modified":"2022-04-19T07:14:53","modified_gmt":"2022-04-19T06:14:53","slug":"fin-de-la-mascarilla-en-interiores-donde-tengo-que-seguir-usandola","status":"publish","type":"post","link":"https:\/\/www.copealcoy.es\/es\/fin-de-la-mascarilla-en-interiores-donde-tengo-que-seguir-usandola\/","title":{"rendered":"Fin de la mascarilla en interiores: \u00bfD\u00f3nde tengo que seguir us\u00e1ndola?"},"content":{"rendered":"<p style=\"text-align: justify;\">La <strong>pol\u00e9mica est\u00e1 servida<\/strong>. Muchos <strong>cuentan las horas<\/strong> para el fin de las mascarillas en interiores mientras otros <strong>temen las posibles consecuencias<\/strong> de una retirada temprana.<\/p>\n<p style=\"text-align: justify;\">Pero lo cierto es que el d\u00eda ha llegado. Este\u00a0 martes se ha aprobado en el Consejo de Ministros su eliminaci\u00f3n y entrar\u00e1 en vigor un d\u00eda despu\u00e9s, <strong>el 20 de abril, cuando se publique en el Bolet\u00edn Oficial del Estado.<\/strong>\u00a0Nuestro pa\u00eds dir\u00e1 entonces adi\u00f3s a la mascarilla <strong>tras casi dos a\u00f1os conviviendo con ella<\/strong> a diario. Pero <strong>habr\u00e1 excepciones<\/strong>.<\/p>\n<p style=\"text-align: justify;\">La Ministra de Sanidad, Carolina Darias, ha avanzado a principios de esta semana que<strong> seguir\u00e1 siendo obligatoria en todos los transportes p\u00fablicos <\/strong><em>&#8220;sin ninguna excepci\u00f3n&#8221;<\/em><strong>, as\u00ed como en centros, servicios y establecimientos sanitarios, incluyendo las farmacias<\/strong>.<\/p>\n<p style=\"text-align: justify;\">El real decreto que aprueba el Consejo de Ministros tambi\u00e9n <strong>mantiene el uso obligatorio en los transportes<\/strong> &#8220;<em>por avi\u00f3n, por ferrocarril, por bus en metro y en barco, en interior, siempre que no puedas mantener esa distancia de un metro y medio<\/em>&#8220;. &#8220;<em>No hay ninguna excepci\u00f3n en los transportes p\u00fablicos. En todos hay que llevarla<\/em>&#8220;.<\/p>\n<p style=\"text-align: justify;\">No obstante la Ministra no descartaba <strong>que haya que volver atr\u00e1s con esta relajaci\u00f3n en alg\u00fan momento y que Sanidad baraja<\/strong>\u00a0&#8220;<em>la previsi\u00f3n de cualquier escenario<\/em>&#8220;.<\/p>\n<p style=\"text-align: justify;\">Adem\u00e1s ha abierto la puerta a una <strong>cuarta dosis de la vacuna frente a la Covid-19,<\/strong>\u00a0algo que<strong> la ponencia de vacunas va a empezar a valorar a partir de la semana que viene<\/strong> para d\u00e1rsela a otros colectivos adem\u00e1s de los inmunodeprimidos que ya la reciben, &#8220;<em>por ejemplo, para mayores de 80 a\u00f1os<\/em>&#8220;.<\/p>\n<p style=\"text-align: justify;\"><strong><span style=\"color: #0000ff;\">Las empresas deciden<\/span><\/strong><\/p>\n<p style=\"text-align: justify;\">Mientras, en los trabajos ser\u00e1n<strong>\u00a0los servicios de prevenci\u00f3n de cada empresa los que determinen la obligatoriedad en funci\u00f3n de las circunstancias donde se desarrolle.<\/strong><\/p>\n","protected":false},"excerpt":{"rendered":"<p>La pol\u00e9mica est\u00e1 servida. Muchos cuentan las horas para el fin de las mascarillas en interiores mientras otros temen las&#8230;<\/p>\n","protected":false},"author":1,"featured_media":61289,"comment_status":"open","ping_status":"open","sticky":false,"template":"","format":"standard","meta":{"footnotes":""},"categories":[6909,75,79],"tags":[7281,12641,7341,7477],"class_list":["post-86339","post","type-post","status-publish","format-standard","has-post-thumbnail","hentry","category-actualidad","category-noticias","category-politicayeconomia","tag-coronavirus","tag-fin-restricciones","tag-mascarillas","tag-pandemia"],"yoast_head":"<!-- This site is optimized with the Yoast SEO plugin v27.3 - https:\/\/yoast.com\/product\/yoast-seo-wordpress\/ -->\n<title>Fin de la mascarilla en interiores: \u00bfD\u00f3nde tengo que seguir us\u00e1ndola? - COPE Alcoy<\/title>\n<meta name=\"robots\" content=\"index, follow, max-snippet:-1, max-image-preview:large, max-video-preview:-1\" \/>\n<link rel=\"canonical\" href=\"https:\/\/www.copealcoy.es\/es\/fin-de-la-mascarilla-en-interiores-donde-tengo-que-seguir-usandola\/\" \/>\n<meta property=\"og:locale\" content=\"es_ES\" \/>\n<meta property=\"og:type\" content=\"article\" \/>\n<meta property=\"og:title\" content=\"Fin de la mascarilla en interiores: \u00bfD\u00f3nde tengo que seguir us\u00e1ndola? - COPE Alcoy\" \/>\n<meta property=\"og:description\" content=\"La pol\u00e9mica est\u00e1 servida. Muchos cuentan las horas para el fin de las mascarillas en interiores mientras otros temen las...\" \/>\n<meta property=\"og:url\" content=\"https:\/\/www.copealcoy.es\/es\/fin-de-la-mascarilla-en-interiores-donde-tengo-que-seguir-usandola\/\" \/>\n<meta property=\"og:site_name\" content=\"COPE Alcoy\" \/>\n<meta property=\"article:published_time\" content=\"2022-04-19T04:00:49+00:00\" \/>\n<meta property=\"article:modified_time\" content=\"2022-04-19T06:14:53+00:00\" \/>\n<meta property=\"og:image\" content=\"https:\/\/www.copealcoy.es\/wp-content\/uploads\/2020\/03\/mascarillas-1.jpg\" \/>\n\t<meta property=\"og:image:width\" content=\"690\" \/>\n\t<meta property=\"og:image:height\" content=\"309\" \/>\n\t<meta property=\"og:image:type\" content=\"image\/jpeg\" \/>\n<meta name=\"author\" content=\"Cope Alcoy\" \/>\n<meta name=\"twitter:label1\" content=\"Escrito por\" \/>\n\t<meta name=\"twitter:data1\" content=\"Cope Alcoy\" \/>\n\t<meta name=\"twitter:label2\" content=\"Tiempo de lectura\" \/>\n\t<meta name=\"twitter:data2\" content=\"2 minutos\" \/>\n<script type=\"application\/ld+json\" class=\"yoast-schema-graph\">{\"@context\":\"https:\\\/\\\/schema.org\",\"@graph\":[{\"@type\":\"Article\",\"@id\":\"https:\\\/\\\/www.copealcoy.es\\\/es\\\/fin-de-la-mascarilla-en-interiores-donde-tengo-que-seguir-usandola\\\/#article\",\"isPartOf\":{\"@id\":\"https:\\\/\\\/www.copealcoy.es\\\/es\\\/fin-de-la-mascarilla-en-interiores-donde-tengo-que-seguir-usandola\\\/\"},\"author\":{\"name\":\"Cope Alcoy\",\"@id\":\"https:\\\/\\\/www.copealcoy.es\\\/es\\\/#\\\/schema\\\/person\\\/e777c87fa024e57d40170af9df39882c\"},\"headline\":\"Fin de la mascarilla en interiores: \u00bfD\u00f3nde tengo que seguir us\u00e1ndola?\",\"datePublished\":\"2022-04-19T04:00:49+00:00\",\"dateModified\":\"2022-04-19T06:14:53+00:00\",\"mainEntityOfPage\":{\"@id\":\"https:\\\/\\\/www.copealcoy.es\\\/es\\\/fin-de-la-mascarilla-en-interiores-donde-tengo-que-seguir-usandola\\\/\"},\"wordCount\":323,\"commentCount\":0,\"image\":{\"@id\":\"https:\\\/\\\/www.copealcoy.es\\\/es\\\/fin-de-la-mascarilla-en-interiores-donde-tengo-que-seguir-usandola\\\/#primaryimage\"},\"thumbnailUrl\":\"https:\\\/\\\/www.copealcoy.es\\\/wp-content\\\/uploads\\\/2020\\\/03\\\/mascarillas-1.jpg\",\"keywords\":[\"Coronavirus\",\"fin restricciones\",\"mascarillas\",\"pandemia\"],\"articleSection\":[\"Actualidad\",\"Noticias\",\"Pol\u00edtica y Econom\u00eda\"],\"inLanguage\":\"es\"},{\"@type\":\"WebPage\",\"@id\":\"https:\\\/\\\/www.copealcoy.es\\\/es\\\/fin-de-la-mascarilla-en-interiores-donde-tengo-que-seguir-usandola\\\/\",\"url\":\"https:\\\/\\\/www.copealcoy.es\\\/es\\\/fin-de-la-mascarilla-en-interiores-donde-tengo-que-seguir-usandola\\\/\",\"name\":\"Fin de la mascarilla en interiores: \u00bfD\u00f3nde tengo que seguir us\u00e1ndola? - COPE Alcoy\",\"isPartOf\":{\"@id\":\"https:\\\/\\\/www.copealcoy.es\\\/es\\\/#website\"},\"primaryImageOfPage\":{\"@id\":\"https:\\\/\\\/www.copealcoy.es\\\/es\\\/fin-de-la-mascarilla-en-interiores-donde-tengo-que-seguir-usandola\\\/#primaryimage\"},\"image\":{\"@id\":\"https:\\\/\\\/www.copealcoy.es\\\/es\\\/fin-de-la-mascarilla-en-interiores-donde-tengo-que-seguir-usandola\\\/#primaryimage\"},\"thumbnailUrl\":\"https:\\\/\\\/www.copealcoy.es\\\/wp-content\\\/uploads\\\/2020\\\/03\\\/mascarillas-1.jpg\",\"datePublished\":\"2022-04-19T04:00:49+00:00\",\"dateModified\":\"2022-04-19T06:14:53+00:00\",\"author\":{\"@id\":\"https:\\\/\\\/www.copealcoy.es\\\/es\\\/#\\\/schema\\\/person\\\/e777c87fa024e57d40170af9df39882c\"},\"breadcrumb\":{\"@id\":\"https:\\\/\\\/www.copealcoy.es\\\/es\\\/fin-de-la-mascarilla-en-interiores-donde-tengo-que-seguir-usandola\\\/#breadcrumb\"},\"inLanguage\":\"es\",\"potentialAction\":[{\"@type\":\"ReadAction\",\"target\":[\"https:\\\/\\\/www.copealcoy.es\\\/es\\\/fin-de-la-mascarilla-en-interiores-donde-tengo-que-seguir-usandola\\\/\"]}]},{\"@type\":\"ImageObject\",\"inLanguage\":\"es\",\"@id\":\"https:\\\/\\\/www.copealcoy.es\\\/es\\\/fin-de-la-mascarilla-en-interiores-donde-tengo-que-seguir-usandola\\\/#primaryimage\",\"url\":\"https:\\\/\\\/www.copealcoy.es\\\/wp-content\\\/uploads\\\/2020\\\/03\\\/mascarillas-1.jpg\",\"contentUrl\":\"https:\\\/\\\/www.copealcoy.es\\\/wp-content\\\/uploads\\\/2020\\\/03\\\/mascarillas-1.jpg\",\"width\":690,\"height\":309},{\"@type\":\"BreadcrumbList\",\"@id\":\"https:\\\/\\\/www.copealcoy.es\\\/es\\\/fin-de-la-mascarilla-en-interiores-donde-tengo-que-seguir-usandola\\\/#breadcrumb\",\"itemListElement\":[{\"@type\":\"ListItem\",\"position\":1,\"name\":\"Portada\",\"item\":\"https:\\\/\\\/www.copealcoy.es\\\/es\\\/\"},{\"@type\":\"ListItem\",\"position\":2,\"name\":\"Fin de la mascarilla en interiores: \u00bfD\u00f3nde tengo que seguir us\u00e1ndola?\"}]},{\"@type\":\"WebSite\",\"@id\":\"https:\\\/\\\/www.copealcoy.es\\\/es\\\/#website\",\"url\":\"https:\\\/\\\/www.copealcoy.es\\\/es\\\/\",\"name\":\"COPE Alcoy\",\"description\":\"Emisora COPE de radio local con emisi\u00f3n online. Pont de Sant Jordi 8-10 03803 Alcoy\",\"potentialAction\":[{\"@type\":\"SearchAction\",\"target\":{\"@type\":\"EntryPoint\",\"urlTemplate\":\"https:\\\/\\\/www.copealcoy.es\\\/es\\\/?s={search_term_string}\"},\"query-input\":{\"@type\":\"PropertyValueSpecification\",\"valueRequired\":true,\"valueName\":\"search_term_string\"}}],\"inLanguage\":\"es\"},{\"@type\":\"Person\",\"@id\":\"https:\\\/\\\/www.copealcoy.es\\\/es\\\/#\\\/schema\\\/person\\\/e777c87fa024e57d40170af9df39882c\",\"name\":\"Cope Alcoy\",\"image\":{\"@type\":\"ImageObject\",\"inLanguage\":\"es\",\"@id\":\"https:\\\/\\\/secure.gravatar.com\\\/avatar\\\/bb65d0283347e303893ba14f0692005417c1e0e690a325a4c5d8bb2b3943ee14?s=96&d=mm&r=g\",\"url\":\"https:\\\/\\\/secure.gravatar.com\\\/avatar\\\/bb65d0283347e303893ba14f0692005417c1e0e690a325a4c5d8bb2b3943ee14?s=96&d=mm&r=g\",\"contentUrl\":\"https:\\\/\\\/secure.gravatar.com\\\/avatar\\\/bb65d0283347e303893ba14f0692005417c1e0e690a325a4c5d8bb2b3943ee14?s=96&d=mm&r=g\",\"caption\":\"Cope Alcoy\"}}]}<\/script>\n<!-- \/ Yoast SEO plugin. -->","yoast_head_json":{"title":"Fin de la mascarilla en interiores: \u00bfD\u00f3nde tengo que seguir us\u00e1ndola? - COPE Alcoy","robots":{"index":"index","follow":"follow","max-snippet":"max-snippet:-1","max-image-preview":"max-image-preview:large","max-video-preview":"max-video-preview:-1"},"canonical":"https:\/\/www.copealcoy.es\/es\/fin-de-la-mascarilla-en-interiores-donde-tengo-que-seguir-usandola\/","og_locale":"es_ES","og_type":"article","og_title":"Fin de la mascarilla en interiores: \u00bfD\u00f3nde tengo que seguir us\u00e1ndola? - COPE Alcoy","og_description":"La pol\u00e9mica est\u00e1 servida. Muchos cuentan las horas para el fin de las mascarillas en interiores mientras otros temen las...","og_url":"https:\/\/www.copealcoy.es\/es\/fin-de-la-mascarilla-en-interiores-donde-tengo-que-seguir-usandola\/","og_site_name":"COPE Alcoy","article_published_time":"2022-04-19T04:00:49+00:00","article_modified_time":"2022-04-19T06:14:53+00:00","og_image":[{"width":690,"height":309,"url":"https:\/\/www.copealcoy.es\/wp-content\/uploads\/2020\/03\/mascarillas-1.jpg","type":"image\/jpeg"}],"author":"Cope Alcoy","twitter_misc":{"Escrito por":"Cope Alcoy","Tiempo de lectura":"2 minutos"},"schema":{"@context":"https:\/\/schema.org","@graph":[{"@type":"Article","@id":"https:\/\/www.copealcoy.es\/es\/fin-de-la-mascarilla-en-interiores-donde-tengo-que-seguir-usandola\/#article","isPartOf":{"@id":"https:\/\/www.copealcoy.es\/es\/fin-de-la-mascarilla-en-interiores-donde-tengo-que-seguir-usandola\/"},"author":{"name":"Cope Alcoy","@id":"https:\/\/www.copealcoy.es\/es\/#\/schema\/person\/e777c87fa024e57d40170af9df39882c"},"headline":"Fin de la mascarilla en interiores: \u00bfD\u00f3nde tengo que seguir us\u00e1ndola?","datePublished":"2022-04-19T04:00:49+00:00","dateModified":"2022-04-19T06:14:53+00:00","mainEntityOfPage":{"@id":"https:\/\/www.copealcoy.es\/es\/fin-de-la-mascarilla-en-interiores-donde-tengo-que-seguir-usandola\/"},"wordCount":323,"commentCount":0,"image":{"@id":"https:\/\/www.copealcoy.es\/es\/fin-de-la-mascarilla-en-interiores-donde-tengo-que-seguir-usandola\/#primaryimage"},"thumbnailUrl":"https:\/\/www.copealcoy.es\/wp-content\/uploads\/2020\/03\/mascarillas-1.jpg","keywords":["Coronavirus","fin restricciones","mascarillas","pandemia"],"articleSection":["Actualidad","Noticias","Pol\u00edtica y Econom\u00eda"],"inLanguage":"es"},{"@type":"WebPage","@id":"https:\/\/www.copealcoy.es\/es\/fin-de-la-mascarilla-en-interiores-donde-tengo-que-seguir-usandola\/","url":"https:\/\/www.copealcoy.es\/es\/fin-de-la-mascarilla-en-interiores-donde-tengo-que-seguir-usandola\/","name":"Fin de la mascarilla en interiores: \u00bfD\u00f3nde tengo que seguir us\u00e1ndola? - COPE Alcoy","isPartOf":{"@id":"https:\/\/www.copealcoy.es\/es\/#website"},"primaryImageOfPage":{"@id":"https:\/\/www.copealcoy.es\/es\/fin-de-la-mascarilla-en-interiores-donde-tengo-que-seguir-usandola\/#primaryimage"},"image":{"@id":"https:\/\/www.copealcoy.es\/es\/fin-de-la-mascarilla-en-interiores-donde-tengo-que-seguir-usandola\/#primaryimage"},"thumbnailUrl":"https:\/\/www.copealcoy.es\/wp-content\/uploads\/2020\/03\/mascarillas-1.jpg","datePublished":"2022-04-19T04:00:49+00:00","dateModified":"2022-04-19T06:14:53+00:00","author":{"@id":"https:\/\/www.copealcoy.es\/es\/#\/schema\/person\/e777c87fa024e57d40170af9df39882c"},"breadcrumb":{"@id":"https:\/\/www.copealcoy.es\/es\/fin-de-la-mascarilla-en-interiores-donde-tengo-que-seguir-usandola\/#breadcrumb"},"inLanguage":"es","potentialAction":[{"@type":"ReadAction","target":["https:\/\/www.copealcoy.es\/es\/fin-de-la-mascarilla-en-interiores-donde-tengo-que-seguir-usandola\/"]}]},{"@type":"ImageObject","inLanguage":"es","@id":"https:\/\/www.copealcoy.es\/es\/fin-de-la-mascarilla-en-interiores-donde-tengo-que-seguir-usandola\/#primaryimage","url":"https:\/\/www.copealcoy.es\/wp-content\/uploads\/2020\/03\/mascarillas-1.jpg","contentUrl":"https:\/\/www.copealcoy.es\/wp-content\/uploads\/2020\/03\/mascarillas-1.jpg","width":690,"height":309},{"@type":"BreadcrumbList","@id":"https:\/\/www.copealcoy.es\/es\/fin-de-la-mascarilla-en-interiores-donde-tengo-que-seguir-usandola\/#breadcrumb","itemListElement":[{"@type":"ListItem","position":1,"name":"Portada","item":"https:\/\/www.copealcoy.es\/es\/"},{"@type":"ListItem","position":2,"name":"Fin de la mascarilla en interiores: \u00bfD\u00f3nde tengo que seguir us\u00e1ndola?"}]},{"@type":"WebSite","@id":"https:\/\/www.copealcoy.es\/es\/#website","url":"https:\/\/www.copealcoy.es\/es\/","name":"COPE Alcoy","description":"Emisora COPE de radio local con emisi\u00f3n online. Pont de Sant Jordi 8-10 03803 Alcoy","potentialAction":[{"@type":"SearchAction","target":{"@type":"EntryPoint","urlTemplate":"https:\/\/www.copealcoy.es\/es\/?s={search_term_string}"},"query-input":{"@type":"PropertyValueSpecification","valueRequired":true,"valueName":"search_term_string"}}],"inLanguage":"es"},{"@type":"Person","@id":"https:\/\/www.copealcoy.es\/es\/#\/schema\/person\/e777c87fa024e57d40170af9df39882c","name":"Cope Alcoy","image":{"@type":"ImageObject","inLanguage":"es","@id":"https:\/\/secure.gravatar.com\/avatar\/bb65d0283347e303893ba14f0692005417c1e0e690a325a4c5d8bb2b3943ee14?s=96&d=mm&r=g","url":"https:\/\/secure.gravatar.com\/avatar\/bb65d0283347e303893ba14f0692005417c1e0e690a325a4c5d8bb2b3943ee14?s=96&d=mm&r=g","contentUrl":"https:\/\/secure.gravatar.com\/avatar\/bb65d0283347e303893ba14f0692005417c1e0e690a325a4c5d8bb2b3943ee14?s=96&d=mm&r=g","caption":"Cope Alcoy"}}]}},"_links":{"self":[{"href":"https:\/\/www.copealcoy.es\/es\/wp-json\/wp\/v2\/posts\/86339","targetHints":{"allow":["GET"]}}],"collection":[{"href":"https:\/\/www.copealcoy.es\/es\/wp-json\/wp\/v2\/posts"}],"about":[{"href":"https:\/\/www.copealcoy.es\/es\/wp-json\/wp\/v2\/types\/post"}],"author":[{"embeddable":true,"href":"https:\/\/www.copealcoy.es\/es\/wp-json\/wp\/v2\/users\/1"}],"replies":[{"embeddable":true,"href":"https:\/\/www.copealcoy.es\/es\/wp-json\/wp\/v2\/comments?post=86339"}],"version-history":[{"count":0,"href":"https:\/\/www.copealcoy.es\/es\/wp-json\/wp\/v2\/posts\/86339\/revisions"}],"wp:featuredmedia":[{"embeddable":true,"href":"https:\/\/www.copealcoy.es\/es\/wp-json\/wp\/v2\/media\/61289"}],"wp:attachment":[{"href":"https:\/\/www.copealcoy.es\/es\/wp-json\/wp\/v2\/media?parent=86339"}],"wp:term":[{"taxonomy":"category","embeddable":true,"href":"https:\/\/www.copealcoy.es\/es\/wp-json\/wp\/v2\/categories?post=86339"},{"taxonomy":"post_tag","embeddable":true,"href":"https:\/\/www.copealcoy.es\/es\/wp-json\/wp\/v2\/tags?post=86339"}],"curies":[{"name":"wp","href":"https:\/\/api.w.org\/{rel}","templated":true}]}}