{"id":86330,"date":"2022-04-18T15:59:41","date_gmt":"2022-04-18T14:59:41","guid":{"rendered":"https:\/\/www.copealcoy.es\/?p=86330"},"modified":"2022-04-18T16:01:54","modified_gmt":"2022-04-18T15:01:54","slug":"el-alcoyano-vive-su-particular-domingo-de-gloria","status":"publish","type":"post","link":"https:\/\/www.copealcoy.es\/es\/el-alcoyano-vive-su-particular-domingo-de-gloria\/","title":{"rendered":"El Alcoyano vive su particular Domingo de Gloria"},"content":{"rendered":"<p class=\"paragraph\" style=\"text-align: justify;\" data-gtm-element-container=\"modulo-texto-link\" data-mrf-recirculation=\"links-parrafos\">El Alcoyano <strong>sum\u00f3 tres puntos a su casillero tras ganar 1-2 contra el Castilla este domingo en el Alfredo Di St\u00e9fano<\/strong>. Los nuestros<strong> son ahora mismo octavos en la tabla clasificatoria<\/strong> y <strong>acumulan un total de 47 puntos<\/strong> tras la importante victoria conseguida en el Domingo de Pascua.<\/p>\n<p class=\"paragraph\" style=\"text-align: justify;\" data-gtm-element-container=\"modulo-texto-link\" data-mrf-recirculation=\"links-parrafos\">En la primera parte <strong>ninguno de los equipos estuvo acertado de cara al gol<\/strong>, por lo que los primeros 45 minutos <strong>concluyeron con el mismo resultado de 0-0<\/strong>. Tras el ecuador del duelo, <strong>en el segundo periodo lleg\u00f3 el gol para el equipo madrile\u00f1o<\/strong>, que estren\u00f3 su luminoso con un gol de Latasa en el minuto 68. Sin embargo, <strong>el Alcoyano puso las tablas poniendo el 1-1 gracias al acierto de cara a porter\u00eda de Angel L\u00f3pez en el minuto 78<\/strong>. Con posterioridad anot\u00f3 el equipo visitante, que logr\u00f3 remontar <strong>gracias a un gol en su propia porter\u00eda de Blanco en el 91<\/strong>, durante los minutos extra que decidi\u00f3 a\u00f1adir el colegiado del encuentro, terminando de esta manera el enfrentamiento con el resultado de 1-2.<\/p>\n<p class=\"paragraph\" style=\"text-align: justify;\" data-gtm-element-container=\"modulo-texto-link\" data-mrf-recirculation=\"links-parrafos\">En la pr\u00f3xima jornada de la Primera RFEF, <strong>el Alcoyano volver\u00e1 a jugar fuera de casa<\/strong>. Ser\u00e1 el <strong>s\u00e1bado 23 de abril<\/strong> ante el UE Costa Brava.<\/p>\n","protected":false},"excerpt":{"rendered":"<p>El Alcoyano sum\u00f3 tres puntos a su casillero tras ganar 1-2 contra el Castilla este domingo en el Alfredo Di&#8230;<\/p>\n","protected":false},"author":1,"featured_media":86331,"comment_status":"open","ping_status":"open","sticky":false,"template":"","format":"standard","meta":{"footnotes":""},"categories":[6909,97,92,75],"tags":[1494,140,1006,12344,3526],"class_list":["post-86330","post","type-post","status-publish","format-standard","has-post-thumbnail","hentry","category-actualidad","category-alcoy","category-deportes","category-noticias","tag-alcoy","tag-alcoyano","tag-encuentro","tag-real-madrid-castilla","tag-victoria"],"yoast_head":"<!-- This site is optimized with the Yoast SEO plugin v27.3 - https:\/\/yoast.com\/product\/yoast-seo-wordpress\/ -->\n<title>El Alcoyano vive su particular Domingo de Gloria - COPE Alcoy<\/title>\n<meta name=\"robots\" content=\"index, follow, max-snippet:-1, max-image-preview:large, max-video-preview:-1\" \/>\n<link rel=\"canonical\" href=\"https:\/\/www.copealcoy.es\/es\/el-alcoyano-vive-su-particular-domingo-de-gloria\/\" \/>\n<meta property=\"og:locale\" content=\"es_ES\" \/>\n<meta property=\"og:type\" content=\"article\" \/>\n<meta property=\"og:title\" content=\"El Alcoyano vive su particular Domingo de Gloria - COPE Alcoy\" \/>\n<meta property=\"og:description\" content=\"El Alcoyano sum\u00f3 tres puntos a su casillero tras ganar 1-2 contra el Castilla este domingo en el Alfredo Di...\" \/>\n<meta property=\"og:url\" content=\"https:\/\/www.copealcoy.es\/es\/el-alcoyano-vive-su-particular-domingo-de-gloria\/\" \/>\n<meta property=\"og:site_name\" content=\"COPE Alcoy\" \/>\n<meta property=\"article:published_time\" content=\"2022-04-18T14:59:41+00:00\" \/>\n<meta property=\"article:modified_time\" content=\"2022-04-18T15:01:54+00:00\" \/>\n<meta property=\"og:image\" content=\"https:\/\/www.copealcoy.es\/wp-content\/uploads\/2022\/04\/278489063_2159189667592288_3060442691756449023_n-scaled.jpg\" \/>\n\t<meta property=\"og:image:width\" content=\"1440\" \/>\n\t<meta property=\"og:image:height\" content=\"1080\" \/>\n\t<meta property=\"og:image:type\" content=\"image\/jpeg\" \/>\n<meta name=\"author\" content=\"Cope Alcoy\" \/>\n<meta name=\"twitter:label1\" content=\"Escrito por\" \/>\n\t<meta name=\"twitter:data1\" content=\"Cope Alcoy\" \/>\n\t<meta name=\"twitter:label2\" content=\"Tiempo de lectura\" \/>\n\t<meta name=\"twitter:data2\" content=\"1 minuto\" \/>\n<script type=\"application\/ld+json\" class=\"yoast-schema-graph\">{\"@context\":\"https:\\\/\\\/schema.org\",\"@graph\":[{\"@type\":\"Article\",\"@id\":\"https:\\\/\\\/www.copealcoy.es\\\/es\\\/el-alcoyano-vive-su-particular-domingo-de-gloria\\\/#article\",\"isPartOf\":{\"@id\":\"https:\\\/\\\/www.copealcoy.es\\\/es\\\/el-alcoyano-vive-su-particular-domingo-de-gloria\\\/\"},\"author\":{\"name\":\"Cope Alcoy\",\"@id\":\"https:\\\/\\\/www.copealcoy.es\\\/es\\\/#\\\/schema\\\/person\\\/e777c87fa024e57d40170af9df39882c\"},\"headline\":\"El Alcoyano vive su particular Domingo de Gloria\",\"datePublished\":\"2022-04-18T14:59:41+00:00\",\"dateModified\":\"2022-04-18T15:01:54+00:00\",\"mainEntityOfPage\":{\"@id\":\"https:\\\/\\\/www.copealcoy.es\\\/es\\\/el-alcoyano-vive-su-particular-domingo-de-gloria\\\/\"},\"wordCount\":210,\"commentCount\":0,\"image\":{\"@id\":\"https:\\\/\\\/www.copealcoy.es\\\/es\\\/el-alcoyano-vive-su-particular-domingo-de-gloria\\\/#primaryimage\"},\"thumbnailUrl\":\"https:\\\/\\\/www.copealcoy.es\\\/wp-content\\\/uploads\\\/2022\\\/04\\\/278489063_2159189667592288_3060442691756449023_n-scaled.jpg\",\"keywords\":[\"Alcoy\",\"Alcoyano\",\"Encuentro\",\"Real Madrid Castilla\",\"Victoria\"],\"articleSection\":[\"Actualidad\",\"Alcoy\",\"Deportes\",\"Noticias\"],\"inLanguage\":\"es\"},{\"@type\":\"WebPage\",\"@id\":\"https:\\\/\\\/www.copealcoy.es\\\/es\\\/el-alcoyano-vive-su-particular-domingo-de-gloria\\\/\",\"url\":\"https:\\\/\\\/www.copealcoy.es\\\/es\\\/el-alcoyano-vive-su-particular-domingo-de-gloria\\\/\",\"name\":\"El Alcoyano vive su particular Domingo de Gloria - COPE Alcoy\",\"isPartOf\":{\"@id\":\"https:\\\/\\\/www.copealcoy.es\\\/es\\\/#website\"},\"primaryImageOfPage\":{\"@id\":\"https:\\\/\\\/www.copealcoy.es\\\/es\\\/el-alcoyano-vive-su-particular-domingo-de-gloria\\\/#primaryimage\"},\"image\":{\"@id\":\"https:\\\/\\\/www.copealcoy.es\\\/es\\\/el-alcoyano-vive-su-particular-domingo-de-gloria\\\/#primaryimage\"},\"thumbnailUrl\":\"https:\\\/\\\/www.copealcoy.es\\\/wp-content\\\/uploads\\\/2022\\\/04\\\/278489063_2159189667592288_3060442691756449023_n-scaled.jpg\",\"datePublished\":\"2022-04-18T14:59:41+00:00\",\"dateModified\":\"2022-04-18T15:01:54+00:00\",\"author\":{\"@id\":\"https:\\\/\\\/www.copealcoy.es\\\/es\\\/#\\\/schema\\\/person\\\/e777c87fa024e57d40170af9df39882c\"},\"breadcrumb\":{\"@id\":\"https:\\\/\\\/www.copealcoy.es\\\/es\\\/el-alcoyano-vive-su-particular-domingo-de-gloria\\\/#breadcrumb\"},\"inLanguage\":\"es\",\"potentialAction\":[{\"@type\":\"ReadAction\",\"target\":[\"https:\\\/\\\/www.copealcoy.es\\\/es\\\/el-alcoyano-vive-su-particular-domingo-de-gloria\\\/\"]}]},{\"@type\":\"ImageObject\",\"inLanguage\":\"es\",\"@id\":\"https:\\\/\\\/www.copealcoy.es\\\/es\\\/el-alcoyano-vive-su-particular-domingo-de-gloria\\\/#primaryimage\",\"url\":\"https:\\\/\\\/www.copealcoy.es\\\/wp-content\\\/uploads\\\/2022\\\/04\\\/278489063_2159189667592288_3060442691756449023_n-scaled.jpg\",\"contentUrl\":\"https:\\\/\\\/www.copealcoy.es\\\/wp-content\\\/uploads\\\/2022\\\/04\\\/278489063_2159189667592288_3060442691756449023_n-scaled.jpg\",\"width\":1440,\"height\":1080},{\"@type\":\"BreadcrumbList\",\"@id\":\"https:\\\/\\\/www.copealcoy.es\\\/es\\\/el-alcoyano-vive-su-particular-domingo-de-gloria\\\/#breadcrumb\",\"itemListElement\":[{\"@type\":\"ListItem\",\"position\":1,\"name\":\"Portada\",\"item\":\"https:\\\/\\\/www.copealcoy.es\\\/es\\\/\"},{\"@type\":\"ListItem\",\"position\":2,\"name\":\"El Alcoyano vive su particular Domingo de Gloria\"}]},{\"@type\":\"WebSite\",\"@id\":\"https:\\\/\\\/www.copealcoy.es\\\/es\\\/#website\",\"url\":\"https:\\\/\\\/www.copealcoy.es\\\/es\\\/\",\"name\":\"COPE Alcoy\",\"description\":\"Emisora COPE de radio local con emisi\u00f3n online. Pont de Sant Jordi 8-10 03803 Alcoy\",\"potentialAction\":[{\"@type\":\"SearchAction\",\"target\":{\"@type\":\"EntryPoint\",\"urlTemplate\":\"https:\\\/\\\/www.copealcoy.es\\\/es\\\/?s={search_term_string}\"},\"query-input\":{\"@type\":\"PropertyValueSpecification\",\"valueRequired\":true,\"valueName\":\"search_term_string\"}}],\"inLanguage\":\"es\"},{\"@type\":\"Person\",\"@id\":\"https:\\\/\\\/www.copealcoy.es\\\/es\\\/#\\\/schema\\\/person\\\/e777c87fa024e57d40170af9df39882c\",\"name\":\"Cope Alcoy\",\"image\":{\"@type\":\"ImageObject\",\"inLanguage\":\"es\",\"@id\":\"https:\\\/\\\/secure.gravatar.com\\\/avatar\\\/bb65d0283347e303893ba14f0692005417c1e0e690a325a4c5d8bb2b3943ee14?s=96&d=mm&r=g\",\"url\":\"https:\\\/\\\/secure.gravatar.com\\\/avatar\\\/bb65d0283347e303893ba14f0692005417c1e0e690a325a4c5d8bb2b3943ee14?s=96&d=mm&r=g\",\"contentUrl\":\"https:\\\/\\\/secure.gravatar.com\\\/avatar\\\/bb65d0283347e303893ba14f0692005417c1e0e690a325a4c5d8bb2b3943ee14?s=96&d=mm&r=g\",\"caption\":\"Cope Alcoy\"}}]}<\/script>\n<!-- \/ Yoast SEO plugin. -->","yoast_head_json":{"title":"El Alcoyano vive su particular Domingo de Gloria - COPE Alcoy","robots":{"index":"index","follow":"follow","max-snippet":"max-snippet:-1","max-image-preview":"max-image-preview:large","max-video-preview":"max-video-preview:-1"},"canonical":"https:\/\/www.copealcoy.es\/es\/el-alcoyano-vive-su-particular-domingo-de-gloria\/","og_locale":"es_ES","og_type":"article","og_title":"El Alcoyano vive su particular Domingo de Gloria - COPE Alcoy","og_description":"El Alcoyano sum\u00f3 tres puntos a su casillero tras ganar 1-2 contra el Castilla este domingo en el Alfredo Di...","og_url":"https:\/\/www.copealcoy.es\/es\/el-alcoyano-vive-su-particular-domingo-de-gloria\/","og_site_name":"COPE Alcoy","article_published_time":"2022-04-18T14:59:41+00:00","article_modified_time":"2022-04-18T15:01:54+00:00","og_image":[{"width":1440,"height":1080,"url":"https:\/\/www.copealcoy.es\/wp-content\/uploads\/2022\/04\/278489063_2159189667592288_3060442691756449023_n-scaled.jpg","type":"image\/jpeg"}],"author":"Cope Alcoy","twitter_misc":{"Escrito por":"Cope Alcoy","Tiempo de lectura":"1 minuto"},"schema":{"@context":"https:\/\/schema.org","@graph":[{"@type":"Article","@id":"https:\/\/www.copealcoy.es\/es\/el-alcoyano-vive-su-particular-domingo-de-gloria\/#article","isPartOf":{"@id":"https:\/\/www.copealcoy.es\/es\/el-alcoyano-vive-su-particular-domingo-de-gloria\/"},"author":{"name":"Cope Alcoy","@id":"https:\/\/www.copealcoy.es\/es\/#\/schema\/person\/e777c87fa024e57d40170af9df39882c"},"headline":"El Alcoyano vive su particular Domingo de Gloria","datePublished":"2022-04-18T14:59:41+00:00","dateModified":"2022-04-18T15:01:54+00:00","mainEntityOfPage":{"@id":"https:\/\/www.copealcoy.es\/es\/el-alcoyano-vive-su-particular-domingo-de-gloria\/"},"wordCount":210,"commentCount":0,"image":{"@id":"https:\/\/www.copealcoy.es\/es\/el-alcoyano-vive-su-particular-domingo-de-gloria\/#primaryimage"},"thumbnailUrl":"https:\/\/www.copealcoy.es\/wp-content\/uploads\/2022\/04\/278489063_2159189667592288_3060442691756449023_n-scaled.jpg","keywords":["Alcoy","Alcoyano","Encuentro","Real Madrid Castilla","Victoria"],"articleSection":["Actualidad","Alcoy","Deportes","Noticias"],"inLanguage":"es"},{"@type":"WebPage","@id":"https:\/\/www.copealcoy.es\/es\/el-alcoyano-vive-su-particular-domingo-de-gloria\/","url":"https:\/\/www.copealcoy.es\/es\/el-alcoyano-vive-su-particular-domingo-de-gloria\/","name":"El Alcoyano vive su particular Domingo de Gloria - COPE Alcoy","isPartOf":{"@id":"https:\/\/www.copealcoy.es\/es\/#website"},"primaryImageOfPage":{"@id":"https:\/\/www.copealcoy.es\/es\/el-alcoyano-vive-su-particular-domingo-de-gloria\/#primaryimage"},"image":{"@id":"https:\/\/www.copealcoy.es\/es\/el-alcoyano-vive-su-particular-domingo-de-gloria\/#primaryimage"},"thumbnailUrl":"https:\/\/www.copealcoy.es\/wp-content\/uploads\/2022\/04\/278489063_2159189667592288_3060442691756449023_n-scaled.jpg","datePublished":"2022-04-18T14:59:41+00:00","dateModified":"2022-04-18T15:01:54+00:00","author":{"@id":"https:\/\/www.copealcoy.es\/es\/#\/schema\/person\/e777c87fa024e57d40170af9df39882c"},"breadcrumb":{"@id":"https:\/\/www.copealcoy.es\/es\/el-alcoyano-vive-su-particular-domingo-de-gloria\/#breadcrumb"},"inLanguage":"es","potentialAction":[{"@type":"ReadAction","target":["https:\/\/www.copealcoy.es\/es\/el-alcoyano-vive-su-particular-domingo-de-gloria\/"]}]},{"@type":"ImageObject","inLanguage":"es","@id":"https:\/\/www.copealcoy.es\/es\/el-alcoyano-vive-su-particular-domingo-de-gloria\/#primaryimage","url":"https:\/\/www.copealcoy.es\/wp-content\/uploads\/2022\/04\/278489063_2159189667592288_3060442691756449023_n-scaled.jpg","contentUrl":"https:\/\/www.copealcoy.es\/wp-content\/uploads\/2022\/04\/278489063_2159189667592288_3060442691756449023_n-scaled.jpg","width":1440,"height":1080},{"@type":"BreadcrumbList","@id":"https:\/\/www.copealcoy.es\/es\/el-alcoyano-vive-su-particular-domingo-de-gloria\/#breadcrumb","itemListElement":[{"@type":"ListItem","position":1,"name":"Portada","item":"https:\/\/www.copealcoy.es\/es\/"},{"@type":"ListItem","position":2,"name":"El Alcoyano vive su particular Domingo de Gloria"}]},{"@type":"WebSite","@id":"https:\/\/www.copealcoy.es\/es\/#website","url":"https:\/\/www.copealcoy.es\/es\/","name":"COPE Alcoy","description":"Emisora COPE de radio local con emisi\u00f3n online. Pont de Sant Jordi 8-10 03803 Alcoy","potentialAction":[{"@type":"SearchAction","target":{"@type":"EntryPoint","urlTemplate":"https:\/\/www.copealcoy.es\/es\/?s={search_term_string}"},"query-input":{"@type":"PropertyValueSpecification","valueRequired":true,"valueName":"search_term_string"}}],"inLanguage":"es"},{"@type":"Person","@id":"https:\/\/www.copealcoy.es\/es\/#\/schema\/person\/e777c87fa024e57d40170af9df39882c","name":"Cope Alcoy","image":{"@type":"ImageObject","inLanguage":"es","@id":"https:\/\/secure.gravatar.com\/avatar\/bb65d0283347e303893ba14f0692005417c1e0e690a325a4c5d8bb2b3943ee14?s=96&d=mm&r=g","url":"https:\/\/secure.gravatar.com\/avatar\/bb65d0283347e303893ba14f0692005417c1e0e690a325a4c5d8bb2b3943ee14?s=96&d=mm&r=g","contentUrl":"https:\/\/secure.gravatar.com\/avatar\/bb65d0283347e303893ba14f0692005417c1e0e690a325a4c5d8bb2b3943ee14?s=96&d=mm&r=g","caption":"Cope Alcoy"}}]}},"_links":{"self":[{"href":"https:\/\/www.copealcoy.es\/es\/wp-json\/wp\/v2\/posts\/86330","targetHints":{"allow":["GET"]}}],"collection":[{"href":"https:\/\/www.copealcoy.es\/es\/wp-json\/wp\/v2\/posts"}],"about":[{"href":"https:\/\/www.copealcoy.es\/es\/wp-json\/wp\/v2\/types\/post"}],"author":[{"embeddable":true,"href":"https:\/\/www.copealcoy.es\/es\/wp-json\/wp\/v2\/users\/1"}],"replies":[{"embeddable":true,"href":"https:\/\/www.copealcoy.es\/es\/wp-json\/wp\/v2\/comments?post=86330"}],"version-history":[{"count":0,"href":"https:\/\/www.copealcoy.es\/es\/wp-json\/wp\/v2\/posts\/86330\/revisions"}],"wp:featuredmedia":[{"embeddable":true,"href":"https:\/\/www.copealcoy.es\/es\/wp-json\/wp\/v2\/media\/86331"}],"wp:attachment":[{"href":"https:\/\/www.copealcoy.es\/es\/wp-json\/wp\/v2\/media?parent=86330"}],"wp:term":[{"taxonomy":"category","embeddable":true,"href":"https:\/\/www.copealcoy.es\/es\/wp-json\/wp\/v2\/categories?post=86330"},{"taxonomy":"post_tag","embeddable":true,"href":"https:\/\/www.copealcoy.es\/es\/wp-json\/wp\/v2\/tags?post=86330"}],"curies":[{"name":"wp","href":"https:\/\/api.w.org\/{rel}","templated":true}]}}