{"id":86294,"date":"2022-04-17T13:30:27","date_gmt":"2022-04-17T12:30:27","guid":{"rendered":"https:\/\/www.copealcoy.es\/?p=86294"},"modified":"2022-04-17T13:34:36","modified_gmt":"2022-04-17T12:34:36","slug":"el-encuentro-cierra-la-semana-santa-contestana-en-el-corazon-del-raval","status":"publish","type":"post","link":"https:\/\/www.copealcoy.es\/es\/el-encuentro-cierra-la-semana-santa-contestana-en-el-corazon-del-raval\/","title":{"rendered":"El Encuentro cierra la Semana Santa Contestana en el coraz\u00f3n del Raval"},"content":{"rendered":"<p style=\"text-align: justify;\">La <strong>Semana Santa de Cocentaina<\/strong> lleg\u00f3 a su fin ayer con <strong>la conmemoraci\u00f3n de la Resurecci\u00f3n de Cristo<\/strong> y tras unas jornadas en las que se han llevado a cabo <strong>diversos actos religiosos as\u00ed como tradicionales<\/strong>. El S\u00e1bado Santo <strong>estuvo marcado por la Vigilia Pascual<\/strong>, unos oficios que se desarrollaron<strong> a diferentes horas de la tarde y de la noche<\/strong> tanto en el Monasterio de la Mare de D\u00e9u del Miracle y el Convento de los Franciscanos como las Parroquias de Santa Mar\u00eda y El Salvador.<\/p>\n<p style=\"text-align: justify;\">En esta \u00faltima tambi\u00e9n se celebr\u00f3 el <strong>Encuentro Glorioso<\/strong>, un acto que <strong>tradicionalmente ha organizado la misma Comunidad Parroquial del Salvador<\/strong> pero que en los \u00faltimos a\u00f1os se hab\u00eda llevado a cabo en El Pla con car\u00e1cter interparroquial. De esta forma al finalizar la Vigilia Pascual,<strong> la imagen de La Dolorosa<\/strong>, vestida de Pascua, <strong>sali\u00f3 a reencontrarse con su hijo resucitado en la Placeta del Salvador<\/strong> ante los aplausos de todos los presentes. No falt\u00f3, adem\u00e1s, <strong>el canto de la tradicional canci\u00f3n de &#8220;<span class=\"hiddenGrammarError\">aranyeta<\/span>, aranyeta ix del forat que el Nostre Senyor ha ressuscitat&#8221;<\/strong>, una melod\u00eda que en la Villa Condal pasa de padres a hijos.<\/p>\n<p style=\"text-align: justify;\">Tras el Encuentro <strong>se proclamaron unas aleluyas ante el Resucitado y la Virgen de los Dolores<\/strong> antes de que ambas im\u00e1genes regresaran despu\u00e9s al templo del Salvador. Con una chocolatada, y la degustaci\u00f3n de la t\u00edpica Mona de Pascua, concluy\u00f3 la Semana Santa 2022.<\/p>\n","protected":false},"excerpt":{"rendered":"<p>La Semana Santa de Cocentaina lleg\u00f3 a su fin ayer con la conmemoraci\u00f3n de la Resurecci\u00f3n de Cristo y tras&#8230;<\/p>\n","protected":false},"author":1,"featured_media":86295,"comment_status":"open","ping_status":"open","sticky":false,"template":"","format":"standard","meta":{"footnotes":""},"categories":[98,75],"tags":[132,2029,1006,2188,12637,2052],"class_list":["post-86294","post","type-post","status-publish","format-standard","has-post-thumbnail","hentry","category-comarcas","category-noticias","tag-cocentaina","tag-dolorosa","tag-encuentro","tag-pascua","tag-placeta-del-salvador","tag-resucitado"],"yoast_head":"<!-- This site is optimized with the Yoast SEO plugin v27.3 - https:\/\/yoast.com\/product\/yoast-seo-wordpress\/ -->\n<title>El Encuentro cierra la Semana Santa Contestana en el coraz\u00f3n del Raval - COPE Alcoy<\/title>\n<meta name=\"robots\" content=\"index, follow, max-snippet:-1, max-image-preview:large, max-video-preview:-1\" \/>\n<link rel=\"canonical\" href=\"https:\/\/www.copealcoy.es\/es\/el-encuentro-cierra-la-semana-santa-contestana-en-el-corazon-del-raval\/\" \/>\n<meta property=\"og:locale\" content=\"es_ES\" \/>\n<meta property=\"og:type\" content=\"article\" \/>\n<meta property=\"og:title\" content=\"El Encuentro cierra la Semana Santa Contestana en el coraz\u00f3n del Raval - COPE Alcoy\" \/>\n<meta property=\"og:description\" content=\"La Semana Santa de Cocentaina lleg\u00f3 a su fin ayer con la conmemoraci\u00f3n de la Resurecci\u00f3n de Cristo y tras...\" \/>\n<meta property=\"og:url\" content=\"https:\/\/www.copealcoy.es\/es\/el-encuentro-cierra-la-semana-santa-contestana-en-el-corazon-del-raval\/\" \/>\n<meta property=\"og:site_name\" content=\"COPE Alcoy\" \/>\n<meta property=\"article:published_time\" content=\"2022-04-17T12:30:27+00:00\" \/>\n<meta property=\"article:modified_time\" content=\"2022-04-17T12:34:36+00:00\" \/>\n<meta property=\"og:image\" content=\"https:\/\/www.copealcoy.es\/wp-content\/uploads\/2022\/04\/unnamed-4-5.jpg\" \/>\n\t<meta property=\"og:image:width\" content=\"1053\" \/>\n\t<meta property=\"og:image:height\" content=\"668\" \/>\n\t<meta property=\"og:image:type\" content=\"image\/jpeg\" \/>\n<meta name=\"author\" content=\"Cope Alcoy\" \/>\n<meta name=\"twitter:label1\" content=\"Escrito por\" \/>\n\t<meta name=\"twitter:data1\" content=\"Cope Alcoy\" \/>\n\t<meta name=\"twitter:label2\" content=\"Tiempo de lectura\" \/>\n\t<meta name=\"twitter:data2\" content=\"2 minutos\" \/>\n<script type=\"application\/ld+json\" class=\"yoast-schema-graph\">{\"@context\":\"https:\\\/\\\/schema.org\",\"@graph\":[{\"@type\":\"Article\",\"@id\":\"https:\\\/\\\/www.copealcoy.es\\\/es\\\/el-encuentro-cierra-la-semana-santa-contestana-en-el-corazon-del-raval\\\/#article\",\"isPartOf\":{\"@id\":\"https:\\\/\\\/www.copealcoy.es\\\/es\\\/el-encuentro-cierra-la-semana-santa-contestana-en-el-corazon-del-raval\\\/\"},\"author\":{\"name\":\"Cope Alcoy\",\"@id\":\"https:\\\/\\\/www.copealcoy.es\\\/es\\\/#\\\/schema\\\/person\\\/e777c87fa024e57d40170af9df39882c\"},\"headline\":\"El Encuentro cierra la Semana Santa Contestana en el coraz\u00f3n del Raval\",\"datePublished\":\"2022-04-17T12:30:27+00:00\",\"dateModified\":\"2022-04-17T12:34:36+00:00\",\"mainEntityOfPage\":{\"@id\":\"https:\\\/\\\/www.copealcoy.es\\\/es\\\/el-encuentro-cierra-la-semana-santa-contestana-en-el-corazon-del-raval\\\/\"},\"wordCount\":264,\"commentCount\":0,\"image\":{\"@id\":\"https:\\\/\\\/www.copealcoy.es\\\/es\\\/el-encuentro-cierra-la-semana-santa-contestana-en-el-corazon-del-raval\\\/#primaryimage\"},\"thumbnailUrl\":\"https:\\\/\\\/www.copealcoy.es\\\/wp-content\\\/uploads\\\/2022\\\/04\\\/unnamed-4-5.jpg\",\"keywords\":[\"Cocentaina\",\"Dolorosa\",\"Encuentro\",\"Pascua\",\"Placeta del Salvador\",\"Resucitado\"],\"articleSection\":[\"Comarcas\",\"Noticias\"],\"inLanguage\":\"es\"},{\"@type\":\"WebPage\",\"@id\":\"https:\\\/\\\/www.copealcoy.es\\\/es\\\/el-encuentro-cierra-la-semana-santa-contestana-en-el-corazon-del-raval\\\/\",\"url\":\"https:\\\/\\\/www.copealcoy.es\\\/es\\\/el-encuentro-cierra-la-semana-santa-contestana-en-el-corazon-del-raval\\\/\",\"name\":\"El Encuentro cierra la Semana Santa Contestana en el coraz\u00f3n del Raval - COPE Alcoy\",\"isPartOf\":{\"@id\":\"https:\\\/\\\/www.copealcoy.es\\\/es\\\/#website\"},\"primaryImageOfPage\":{\"@id\":\"https:\\\/\\\/www.copealcoy.es\\\/es\\\/el-encuentro-cierra-la-semana-santa-contestana-en-el-corazon-del-raval\\\/#primaryimage\"},\"image\":{\"@id\":\"https:\\\/\\\/www.copealcoy.es\\\/es\\\/el-encuentro-cierra-la-semana-santa-contestana-en-el-corazon-del-raval\\\/#primaryimage\"},\"thumbnailUrl\":\"https:\\\/\\\/www.copealcoy.es\\\/wp-content\\\/uploads\\\/2022\\\/04\\\/unnamed-4-5.jpg\",\"datePublished\":\"2022-04-17T12:30:27+00:00\",\"dateModified\":\"2022-04-17T12:34:36+00:00\",\"author\":{\"@id\":\"https:\\\/\\\/www.copealcoy.es\\\/es\\\/#\\\/schema\\\/person\\\/e777c87fa024e57d40170af9df39882c\"},\"breadcrumb\":{\"@id\":\"https:\\\/\\\/www.copealcoy.es\\\/es\\\/el-encuentro-cierra-la-semana-santa-contestana-en-el-corazon-del-raval\\\/#breadcrumb\"},\"inLanguage\":\"es\",\"potentialAction\":[{\"@type\":\"ReadAction\",\"target\":[\"https:\\\/\\\/www.copealcoy.es\\\/es\\\/el-encuentro-cierra-la-semana-santa-contestana-en-el-corazon-del-raval\\\/\"]}]},{\"@type\":\"ImageObject\",\"inLanguage\":\"es\",\"@id\":\"https:\\\/\\\/www.copealcoy.es\\\/es\\\/el-encuentro-cierra-la-semana-santa-contestana-en-el-corazon-del-raval\\\/#primaryimage\",\"url\":\"https:\\\/\\\/www.copealcoy.es\\\/wp-content\\\/uploads\\\/2022\\\/04\\\/unnamed-4-5.jpg\",\"contentUrl\":\"https:\\\/\\\/www.copealcoy.es\\\/wp-content\\\/uploads\\\/2022\\\/04\\\/unnamed-4-5.jpg\",\"width\":1053,\"height\":668},{\"@type\":\"BreadcrumbList\",\"@id\":\"https:\\\/\\\/www.copealcoy.es\\\/es\\\/el-encuentro-cierra-la-semana-santa-contestana-en-el-corazon-del-raval\\\/#breadcrumb\",\"itemListElement\":[{\"@type\":\"ListItem\",\"position\":1,\"name\":\"Portada\",\"item\":\"https:\\\/\\\/www.copealcoy.es\\\/es\\\/\"},{\"@type\":\"ListItem\",\"position\":2,\"name\":\"El Encuentro cierra la Semana Santa Contestana en el coraz\u00f3n del Raval\"}]},{\"@type\":\"WebSite\",\"@id\":\"https:\\\/\\\/www.copealcoy.es\\\/es\\\/#website\",\"url\":\"https:\\\/\\\/www.copealcoy.es\\\/es\\\/\",\"name\":\"COPE Alcoy\",\"description\":\"Emisora COPE de radio local con emisi\u00f3n online. Pont de Sant Jordi 8-10 03803 Alcoy\",\"potentialAction\":[{\"@type\":\"SearchAction\",\"target\":{\"@type\":\"EntryPoint\",\"urlTemplate\":\"https:\\\/\\\/www.copealcoy.es\\\/es\\\/?s={search_term_string}\"},\"query-input\":{\"@type\":\"PropertyValueSpecification\",\"valueRequired\":true,\"valueName\":\"search_term_string\"}}],\"inLanguage\":\"es\"},{\"@type\":\"Person\",\"@id\":\"https:\\\/\\\/www.copealcoy.es\\\/es\\\/#\\\/schema\\\/person\\\/e777c87fa024e57d40170af9df39882c\",\"name\":\"Cope Alcoy\",\"image\":{\"@type\":\"ImageObject\",\"inLanguage\":\"es\",\"@id\":\"https:\\\/\\\/secure.gravatar.com\\\/avatar\\\/bb65d0283347e303893ba14f0692005417c1e0e690a325a4c5d8bb2b3943ee14?s=96&d=mm&r=g\",\"url\":\"https:\\\/\\\/secure.gravatar.com\\\/avatar\\\/bb65d0283347e303893ba14f0692005417c1e0e690a325a4c5d8bb2b3943ee14?s=96&d=mm&r=g\",\"contentUrl\":\"https:\\\/\\\/secure.gravatar.com\\\/avatar\\\/bb65d0283347e303893ba14f0692005417c1e0e690a325a4c5d8bb2b3943ee14?s=96&d=mm&r=g\",\"caption\":\"Cope Alcoy\"}}]}<\/script>\n<!-- \/ Yoast SEO plugin. -->","yoast_head_json":{"title":"El Encuentro cierra la Semana Santa Contestana en el coraz\u00f3n del Raval - COPE Alcoy","robots":{"index":"index","follow":"follow","max-snippet":"max-snippet:-1","max-image-preview":"max-image-preview:large","max-video-preview":"max-video-preview:-1"},"canonical":"https:\/\/www.copealcoy.es\/es\/el-encuentro-cierra-la-semana-santa-contestana-en-el-corazon-del-raval\/","og_locale":"es_ES","og_type":"article","og_title":"El Encuentro cierra la Semana Santa Contestana en el coraz\u00f3n del Raval - COPE Alcoy","og_description":"La Semana Santa de Cocentaina lleg\u00f3 a su fin ayer con la conmemoraci\u00f3n de la Resurecci\u00f3n de Cristo y tras...","og_url":"https:\/\/www.copealcoy.es\/es\/el-encuentro-cierra-la-semana-santa-contestana-en-el-corazon-del-raval\/","og_site_name":"COPE Alcoy","article_published_time":"2022-04-17T12:30:27+00:00","article_modified_time":"2022-04-17T12:34:36+00:00","og_image":[{"width":1053,"height":668,"url":"https:\/\/www.copealcoy.es\/wp-content\/uploads\/2022\/04\/unnamed-4-5.jpg","type":"image\/jpeg"}],"author":"Cope Alcoy","twitter_misc":{"Escrito por":"Cope Alcoy","Tiempo de lectura":"2 minutos"},"schema":{"@context":"https:\/\/schema.org","@graph":[{"@type":"Article","@id":"https:\/\/www.copealcoy.es\/es\/el-encuentro-cierra-la-semana-santa-contestana-en-el-corazon-del-raval\/#article","isPartOf":{"@id":"https:\/\/www.copealcoy.es\/es\/el-encuentro-cierra-la-semana-santa-contestana-en-el-corazon-del-raval\/"},"author":{"name":"Cope Alcoy","@id":"https:\/\/www.copealcoy.es\/es\/#\/schema\/person\/e777c87fa024e57d40170af9df39882c"},"headline":"El Encuentro cierra la Semana Santa Contestana en el coraz\u00f3n del Raval","datePublished":"2022-04-17T12:30:27+00:00","dateModified":"2022-04-17T12:34:36+00:00","mainEntityOfPage":{"@id":"https:\/\/www.copealcoy.es\/es\/el-encuentro-cierra-la-semana-santa-contestana-en-el-corazon-del-raval\/"},"wordCount":264,"commentCount":0,"image":{"@id":"https:\/\/www.copealcoy.es\/es\/el-encuentro-cierra-la-semana-santa-contestana-en-el-corazon-del-raval\/#primaryimage"},"thumbnailUrl":"https:\/\/www.copealcoy.es\/wp-content\/uploads\/2022\/04\/unnamed-4-5.jpg","keywords":["Cocentaina","Dolorosa","Encuentro","Pascua","Placeta del Salvador","Resucitado"],"articleSection":["Comarcas","Noticias"],"inLanguage":"es"},{"@type":"WebPage","@id":"https:\/\/www.copealcoy.es\/es\/el-encuentro-cierra-la-semana-santa-contestana-en-el-corazon-del-raval\/","url":"https:\/\/www.copealcoy.es\/es\/el-encuentro-cierra-la-semana-santa-contestana-en-el-corazon-del-raval\/","name":"El Encuentro cierra la Semana Santa Contestana en el coraz\u00f3n del Raval - COPE Alcoy","isPartOf":{"@id":"https:\/\/www.copealcoy.es\/es\/#website"},"primaryImageOfPage":{"@id":"https:\/\/www.copealcoy.es\/es\/el-encuentro-cierra-la-semana-santa-contestana-en-el-corazon-del-raval\/#primaryimage"},"image":{"@id":"https:\/\/www.copealcoy.es\/es\/el-encuentro-cierra-la-semana-santa-contestana-en-el-corazon-del-raval\/#primaryimage"},"thumbnailUrl":"https:\/\/www.copealcoy.es\/wp-content\/uploads\/2022\/04\/unnamed-4-5.jpg","datePublished":"2022-04-17T12:30:27+00:00","dateModified":"2022-04-17T12:34:36+00:00","author":{"@id":"https:\/\/www.copealcoy.es\/es\/#\/schema\/person\/e777c87fa024e57d40170af9df39882c"},"breadcrumb":{"@id":"https:\/\/www.copealcoy.es\/es\/el-encuentro-cierra-la-semana-santa-contestana-en-el-corazon-del-raval\/#breadcrumb"},"inLanguage":"es","potentialAction":[{"@type":"ReadAction","target":["https:\/\/www.copealcoy.es\/es\/el-encuentro-cierra-la-semana-santa-contestana-en-el-corazon-del-raval\/"]}]},{"@type":"ImageObject","inLanguage":"es","@id":"https:\/\/www.copealcoy.es\/es\/el-encuentro-cierra-la-semana-santa-contestana-en-el-corazon-del-raval\/#primaryimage","url":"https:\/\/www.copealcoy.es\/wp-content\/uploads\/2022\/04\/unnamed-4-5.jpg","contentUrl":"https:\/\/www.copealcoy.es\/wp-content\/uploads\/2022\/04\/unnamed-4-5.jpg","width":1053,"height":668},{"@type":"BreadcrumbList","@id":"https:\/\/www.copealcoy.es\/es\/el-encuentro-cierra-la-semana-santa-contestana-en-el-corazon-del-raval\/#breadcrumb","itemListElement":[{"@type":"ListItem","position":1,"name":"Portada","item":"https:\/\/www.copealcoy.es\/es\/"},{"@type":"ListItem","position":2,"name":"El Encuentro cierra la Semana Santa Contestana en el coraz\u00f3n del Raval"}]},{"@type":"WebSite","@id":"https:\/\/www.copealcoy.es\/es\/#website","url":"https:\/\/www.copealcoy.es\/es\/","name":"COPE Alcoy","description":"Emisora COPE de radio local con emisi\u00f3n online. Pont de Sant Jordi 8-10 03803 Alcoy","potentialAction":[{"@type":"SearchAction","target":{"@type":"EntryPoint","urlTemplate":"https:\/\/www.copealcoy.es\/es\/?s={search_term_string}"},"query-input":{"@type":"PropertyValueSpecification","valueRequired":true,"valueName":"search_term_string"}}],"inLanguage":"es"},{"@type":"Person","@id":"https:\/\/www.copealcoy.es\/es\/#\/schema\/person\/e777c87fa024e57d40170af9df39882c","name":"Cope Alcoy","image":{"@type":"ImageObject","inLanguage":"es","@id":"https:\/\/secure.gravatar.com\/avatar\/bb65d0283347e303893ba14f0692005417c1e0e690a325a4c5d8bb2b3943ee14?s=96&d=mm&r=g","url":"https:\/\/secure.gravatar.com\/avatar\/bb65d0283347e303893ba14f0692005417c1e0e690a325a4c5d8bb2b3943ee14?s=96&d=mm&r=g","contentUrl":"https:\/\/secure.gravatar.com\/avatar\/bb65d0283347e303893ba14f0692005417c1e0e690a325a4c5d8bb2b3943ee14?s=96&d=mm&r=g","caption":"Cope Alcoy"}}]}},"_links":{"self":[{"href":"https:\/\/www.copealcoy.es\/es\/wp-json\/wp\/v2\/posts\/86294","targetHints":{"allow":["GET"]}}],"collection":[{"href":"https:\/\/www.copealcoy.es\/es\/wp-json\/wp\/v2\/posts"}],"about":[{"href":"https:\/\/www.copealcoy.es\/es\/wp-json\/wp\/v2\/types\/post"}],"author":[{"embeddable":true,"href":"https:\/\/www.copealcoy.es\/es\/wp-json\/wp\/v2\/users\/1"}],"replies":[{"embeddable":true,"href":"https:\/\/www.copealcoy.es\/es\/wp-json\/wp\/v2\/comments?post=86294"}],"version-history":[{"count":0,"href":"https:\/\/www.copealcoy.es\/es\/wp-json\/wp\/v2\/posts\/86294\/revisions"}],"wp:featuredmedia":[{"embeddable":true,"href":"https:\/\/www.copealcoy.es\/es\/wp-json\/wp\/v2\/media\/86295"}],"wp:attachment":[{"href":"https:\/\/www.copealcoy.es\/es\/wp-json\/wp\/v2\/media?parent=86294"}],"wp:term":[{"taxonomy":"category","embeddable":true,"href":"https:\/\/www.copealcoy.es\/es\/wp-json\/wp\/v2\/categories?post=86294"},{"taxonomy":"post_tag","embeddable":true,"href":"https:\/\/www.copealcoy.es\/es\/wp-json\/wp\/v2\/tags?post=86294"}],"curies":[{"name":"wp","href":"https:\/\/api.w.org\/{rel}","templated":true}]}}