{"id":86234,"date":"2022-04-15T22:56:56","date_gmt":"2022-04-15T21:56:56","guid":{"rendered":"https:\/\/www.copealcoy.es\/?p=86234"},"modified":"2022-04-15T23:47:52","modified_gmt":"2022-04-15T22:47:52","slug":"el-santo-entierro-vuelve-a-cocentaina-despues-de-3-anos","status":"publish","type":"post","link":"https:\/\/www.copealcoy.es\/es\/el-santo-entierro-vuelve-a-cocentaina-despues-de-3-anos\/","title":{"rendered":"El Santo Entierro vuelve a Cocentaina despu\u00e9s de 3 a\u00f1os"},"content":{"rendered":"<p style=\"text-align: justify;\">Cocentaina <strong>tambi\u00e9n ha celebrado de nuevo el Viernes Santo<\/strong> despu\u00e9s de dos a\u00f1os de pandemia y tras un 2019 en el que las im\u00e1genes tampoco pudieron salir a la calle a causa de las intensas lluvias. Esta vez s\u00ed que ha podido ser y<strong> los pasos han vuelto a recorrer el casco antiguo de la Villa Condal<\/strong> desde las 20:30h de la tarde.<\/p>\n<p style=\"text-align: justify;\">La Procesi\u00f3n del Santo Entierro contestana <strong>la han encabezado la Cruz de San Crist\u00f3bal y la imagen del patr\u00f3n de los conductores<\/strong>, una tradici\u00f3n que es \u00fanica en la Comunitat Valenciana y mediante la cual <strong>los ch\u00f3feres est\u00e1n presentes en un acto que todav\u00eda mantiene la estructura gremial<\/strong> de anta\u00f1o.<\/p>\n<p style=\"text-align: justify;\"><a href=\"https:\/\/www.copealcoy.es\/wp-content\/uploads\/2022\/04\/unnamed-28-scaled.jpg\"><img loading=\"lazy\" decoding=\"async\" class=\"aligncenter wp-image-86239\" src=\"https:\/\/www.copealcoy.es\/wp-content\/uploads\/2022\/04\/unnamed-28-980x588.jpg\" alt=\"\" width=\"600\" height=\"398\" srcset=\"https:\/\/www.copealcoy.es\/wp-content\/uploads\/2022\/04\/unnamed-28-768x510.jpg 768w, https:\/\/www.copealcoy.es\/wp-content\/uploads\/2022\/04\/unnamed-28-1536x1020.jpg 1536w, https:\/\/www.copealcoy.es\/wp-content\/uploads\/2022\/04\/unnamed-28-2048x1360.jpg 2048w, https:\/\/www.copealcoy.es\/wp-content\/uploads\/2022\/04\/unnamed-28-300x200.jpg 300w, https:\/\/www.copealcoy.es\/wp-content\/uploads\/2022\/04\/unnamed-28-scaled.jpg 1627w\" sizes=\"auto, (max-width: 600px) 100vw, 600px\" \/><\/a><\/p>\n<p style=\"text-align: justify;\">A continuaci\u00f3n ha sido el turno de <strong>la Cofrad\u00eda de Jes\u00fas del Huerto<\/strong>, procedente del Convento de los Franciscanos y que aglutina a la construcci\u00f3n, mientras que despu\u00e9s han tomado parte el <strong>Cristo de la Columna<\/strong> (industria papelera) y el <strong>Ecce Homo<\/strong> (gremio del textil). A continuaci\u00f3n ha desfilado <strong>El Nazareno<\/strong>, con sede en el Monasterio de la Mare de D\u00e9u del Miracle y representando al comercio, seguido de <strong>La Dolorosa<\/strong> que representa al calzado y que est\u00e1 profundamente arraigada en la Parroquia del Salvador. En estas dos \u00faltimas <strong>se han podido ver las tradicionales &#8216;Capelletes&#8217;<\/strong> que <strong>han acompa\u00f1ado a las dos im\u00e1genes cantando &#8216;motetes&#8217;<\/strong>.\u00a0Finalmente ha recorrido las calles contestanas el <strong>Crist dels Llauradors<\/strong>, que data del Siglo XVI y que se venera en la Iglesia de Santa Mar\u00eda, y por \u00faltimo el <strong>Cristo Yacente<\/strong> de la Archicofrad\u00eda del Sant\u00edsimo Sacramento ha cerrado la comitiva.<\/p>\n<p style=\"text-align: justify;\"><a href=\"https:\/\/www.copealcoy.es\/wp-content\/uploads\/2022\/04\/IMG_1767-scaled.jpg\"><img loading=\"lazy\" decoding=\"async\" class=\"aligncenter wp-image-86240\" src=\"https:\/\/www.copealcoy.es\/wp-content\/uploads\/2022\/04\/IMG_1767-980x588.jpg\" alt=\"\" width=\"600\" height=\"416\" srcset=\"https:\/\/www.copealcoy.es\/wp-content\/uploads\/2022\/04\/IMG_1767-768x532.jpg 768w, https:\/\/www.copealcoy.es\/wp-content\/uploads\/2022\/04\/IMG_1767-1536x1065.jpg 1536w, https:\/\/www.copealcoy.es\/wp-content\/uploads\/2022\/04\/IMG_1767-2048x1420.jpg 2048w, https:\/\/www.copealcoy.es\/wp-content\/uploads\/2022\/04\/IMG_1767-scaled.jpg 1558w\" sizes=\"auto, (max-width: 600px) 100vw, 600px\" \/><\/a><\/p>\n<p style=\"text-align: justify;\">El acto ha finalizado a las puertas de la Parroquia de Santa Mar\u00eda con <strong>una oraci\u00f3n final en recuerdo de la Sepultura de Jes\u00fas<\/strong>. En este 2022 se han visto algunas novedades como<strong> el embellecimiento de las andas de Jes\u00fas del Huerto<\/strong> o un <strong>nuevo acompa\u00f1amiento musical<\/strong> para el Cristo Yacente.<\/p>\n","protected":false},"excerpt":{"rendered":"<p>Cocentaina tambi\u00e9n ha celebrado de nuevo el Viernes Santo despu\u00e9s de dos a\u00f1os de pandemia y tras un 2019 en&#8230;<\/p>\n","protected":false},"author":1,"featured_media":86235,"comment_status":"open","ping_status":"open","sticky":false,"template":"","format":"standard","meta":{"footnotes":""},"categories":[98,75],"tags":[132,915,745,2050],"class_list":["post-86234","post","type-post","status-publish","format-standard","has-post-thumbnail","hentry","category-comarcas","category-noticias","tag-cocentaina","tag-procesiones","tag-semana-santa","tag-viernes-santo"],"yoast_head":"<!-- This site is optimized with the Yoast SEO plugin v27.3 - https:\/\/yoast.com\/product\/yoast-seo-wordpress\/ -->\n<title>El Santo Entierro vuelve a Cocentaina despu\u00e9s de 3 a\u00f1os - COPE Alcoy<\/title>\n<meta name=\"robots\" content=\"index, follow, max-snippet:-1, max-image-preview:large, max-video-preview:-1\" \/>\n<link rel=\"canonical\" href=\"https:\/\/www.copealcoy.es\/es\/el-santo-entierro-vuelve-a-cocentaina-despues-de-3-anos\/\" \/>\n<meta property=\"og:locale\" content=\"es_ES\" \/>\n<meta property=\"og:type\" content=\"article\" \/>\n<meta property=\"og:title\" content=\"El Santo Entierro vuelve a Cocentaina despu\u00e9s de 3 a\u00f1os - COPE Alcoy\" \/>\n<meta property=\"og:description\" content=\"Cocentaina tambi\u00e9n ha celebrado de nuevo el Viernes Santo despu\u00e9s de dos a\u00f1os de pandemia y tras un 2019 en...\" \/>\n<meta property=\"og:url\" content=\"https:\/\/www.copealcoy.es\/es\/el-santo-entierro-vuelve-a-cocentaina-despues-de-3-anos\/\" \/>\n<meta property=\"og:site_name\" content=\"COPE Alcoy\" \/>\n<meta property=\"article:published_time\" content=\"2022-04-15T21:56:56+00:00\" \/>\n<meta property=\"article:modified_time\" content=\"2022-04-15T22:47:52+00:00\" \/>\n<meta property=\"og:image\" content=\"https:\/\/www.copealcoy.es\/wp-content\/uploads\/2022\/04\/IMG_1698-scaled.jpg\" \/>\n\t<meta property=\"og:image:width\" content=\"1835\" \/>\n\t<meta property=\"og:image:height\" content=\"1080\" \/>\n\t<meta property=\"og:image:type\" content=\"image\/jpeg\" \/>\n<meta name=\"author\" content=\"Cope Alcoy\" \/>\n<meta name=\"twitter:label1\" content=\"Escrito por\" \/>\n\t<meta name=\"twitter:data1\" content=\"Cope Alcoy\" \/>\n\t<meta name=\"twitter:label2\" content=\"Tiempo de lectura\" \/>\n\t<meta name=\"twitter:data2\" content=\"2 minutos\" \/>\n<script type=\"application\/ld+json\" class=\"yoast-schema-graph\">{\"@context\":\"https:\\\/\\\/schema.org\",\"@graph\":[{\"@type\":\"Article\",\"@id\":\"https:\\\/\\\/www.copealcoy.es\\\/es\\\/el-santo-entierro-vuelve-a-cocentaina-despues-de-3-anos\\\/#article\",\"isPartOf\":{\"@id\":\"https:\\\/\\\/www.copealcoy.es\\\/es\\\/el-santo-entierro-vuelve-a-cocentaina-despues-de-3-anos\\\/\"},\"author\":{\"name\":\"Cope Alcoy\",\"@id\":\"https:\\\/\\\/www.copealcoy.es\\\/es\\\/#\\\/schema\\\/person\\\/e777c87fa024e57d40170af9df39882c\"},\"headline\":\"El Santo Entierro vuelve a Cocentaina despu\u00e9s de 3 a\u00f1os\",\"datePublished\":\"2022-04-15T21:56:56+00:00\",\"dateModified\":\"2022-04-15T22:47:52+00:00\",\"mainEntityOfPage\":{\"@id\":\"https:\\\/\\\/www.copealcoy.es\\\/es\\\/el-santo-entierro-vuelve-a-cocentaina-despues-de-3-anos\\\/\"},\"wordCount\":348,\"commentCount\":0,\"image\":{\"@id\":\"https:\\\/\\\/www.copealcoy.es\\\/es\\\/el-santo-entierro-vuelve-a-cocentaina-despues-de-3-anos\\\/#primaryimage\"},\"thumbnailUrl\":\"https:\\\/\\\/www.copealcoy.es\\\/wp-content\\\/uploads\\\/2022\\\/04\\\/IMG_1698-scaled.jpg\",\"keywords\":[\"Cocentaina\",\"Procesiones\",\"Semana Santa\",\"Viernes Santo\"],\"articleSection\":[\"Comarcas\",\"Noticias\"],\"inLanguage\":\"es\"},{\"@type\":\"WebPage\",\"@id\":\"https:\\\/\\\/www.copealcoy.es\\\/es\\\/el-santo-entierro-vuelve-a-cocentaina-despues-de-3-anos\\\/\",\"url\":\"https:\\\/\\\/www.copealcoy.es\\\/es\\\/el-santo-entierro-vuelve-a-cocentaina-despues-de-3-anos\\\/\",\"name\":\"El Santo Entierro vuelve a Cocentaina despu\u00e9s de 3 a\u00f1os - COPE Alcoy\",\"isPartOf\":{\"@id\":\"https:\\\/\\\/www.copealcoy.es\\\/es\\\/#website\"},\"primaryImageOfPage\":{\"@id\":\"https:\\\/\\\/www.copealcoy.es\\\/es\\\/el-santo-entierro-vuelve-a-cocentaina-despues-de-3-anos\\\/#primaryimage\"},\"image\":{\"@id\":\"https:\\\/\\\/www.copealcoy.es\\\/es\\\/el-santo-entierro-vuelve-a-cocentaina-despues-de-3-anos\\\/#primaryimage\"},\"thumbnailUrl\":\"https:\\\/\\\/www.copealcoy.es\\\/wp-content\\\/uploads\\\/2022\\\/04\\\/IMG_1698-scaled.jpg\",\"datePublished\":\"2022-04-15T21:56:56+00:00\",\"dateModified\":\"2022-04-15T22:47:52+00:00\",\"author\":{\"@id\":\"https:\\\/\\\/www.copealcoy.es\\\/es\\\/#\\\/schema\\\/person\\\/e777c87fa024e57d40170af9df39882c\"},\"breadcrumb\":{\"@id\":\"https:\\\/\\\/www.copealcoy.es\\\/es\\\/el-santo-entierro-vuelve-a-cocentaina-despues-de-3-anos\\\/#breadcrumb\"},\"inLanguage\":\"es\",\"potentialAction\":[{\"@type\":\"ReadAction\",\"target\":[\"https:\\\/\\\/www.copealcoy.es\\\/es\\\/el-santo-entierro-vuelve-a-cocentaina-despues-de-3-anos\\\/\"]}]},{\"@type\":\"ImageObject\",\"inLanguage\":\"es\",\"@id\":\"https:\\\/\\\/www.copealcoy.es\\\/es\\\/el-santo-entierro-vuelve-a-cocentaina-despues-de-3-anos\\\/#primaryimage\",\"url\":\"https:\\\/\\\/www.copealcoy.es\\\/wp-content\\\/uploads\\\/2022\\\/04\\\/IMG_1698-scaled.jpg\",\"contentUrl\":\"https:\\\/\\\/www.copealcoy.es\\\/wp-content\\\/uploads\\\/2022\\\/04\\\/IMG_1698-scaled.jpg\",\"width\":1835,\"height\":1080},{\"@type\":\"BreadcrumbList\",\"@id\":\"https:\\\/\\\/www.copealcoy.es\\\/es\\\/el-santo-entierro-vuelve-a-cocentaina-despues-de-3-anos\\\/#breadcrumb\",\"itemListElement\":[{\"@type\":\"ListItem\",\"position\":1,\"name\":\"Portada\",\"item\":\"https:\\\/\\\/www.copealcoy.es\\\/es\\\/\"},{\"@type\":\"ListItem\",\"position\":2,\"name\":\"El Santo Entierro vuelve a Cocentaina despu\u00e9s de 3 a\u00f1os\"}]},{\"@type\":\"WebSite\",\"@id\":\"https:\\\/\\\/www.copealcoy.es\\\/es\\\/#website\",\"url\":\"https:\\\/\\\/www.copealcoy.es\\\/es\\\/\",\"name\":\"COPE Alcoy\",\"description\":\"Emisora COPE de radio local con emisi\u00f3n online. Pont de Sant Jordi 8-10 03803 Alcoy\",\"potentialAction\":[{\"@type\":\"SearchAction\",\"target\":{\"@type\":\"EntryPoint\",\"urlTemplate\":\"https:\\\/\\\/www.copealcoy.es\\\/es\\\/?s={search_term_string}\"},\"query-input\":{\"@type\":\"PropertyValueSpecification\",\"valueRequired\":true,\"valueName\":\"search_term_string\"}}],\"inLanguage\":\"es\"},{\"@type\":\"Person\",\"@id\":\"https:\\\/\\\/www.copealcoy.es\\\/es\\\/#\\\/schema\\\/person\\\/e777c87fa024e57d40170af9df39882c\",\"name\":\"Cope Alcoy\",\"image\":{\"@type\":\"ImageObject\",\"inLanguage\":\"es\",\"@id\":\"https:\\\/\\\/secure.gravatar.com\\\/avatar\\\/bb65d0283347e303893ba14f0692005417c1e0e690a325a4c5d8bb2b3943ee14?s=96&d=mm&r=g\",\"url\":\"https:\\\/\\\/secure.gravatar.com\\\/avatar\\\/bb65d0283347e303893ba14f0692005417c1e0e690a325a4c5d8bb2b3943ee14?s=96&d=mm&r=g\",\"contentUrl\":\"https:\\\/\\\/secure.gravatar.com\\\/avatar\\\/bb65d0283347e303893ba14f0692005417c1e0e690a325a4c5d8bb2b3943ee14?s=96&d=mm&r=g\",\"caption\":\"Cope Alcoy\"}}]}<\/script>\n<!-- \/ Yoast SEO plugin. -->","yoast_head_json":{"title":"El Santo Entierro vuelve a Cocentaina despu\u00e9s de 3 a\u00f1os - COPE Alcoy","robots":{"index":"index","follow":"follow","max-snippet":"max-snippet:-1","max-image-preview":"max-image-preview:large","max-video-preview":"max-video-preview:-1"},"canonical":"https:\/\/www.copealcoy.es\/es\/el-santo-entierro-vuelve-a-cocentaina-despues-de-3-anos\/","og_locale":"es_ES","og_type":"article","og_title":"El Santo Entierro vuelve a Cocentaina despu\u00e9s de 3 a\u00f1os - COPE Alcoy","og_description":"Cocentaina tambi\u00e9n ha celebrado de nuevo el Viernes Santo despu\u00e9s de dos a\u00f1os de pandemia y tras un 2019 en...","og_url":"https:\/\/www.copealcoy.es\/es\/el-santo-entierro-vuelve-a-cocentaina-despues-de-3-anos\/","og_site_name":"COPE Alcoy","article_published_time":"2022-04-15T21:56:56+00:00","article_modified_time":"2022-04-15T22:47:52+00:00","og_image":[{"width":1835,"height":1080,"url":"https:\/\/www.copealcoy.es\/wp-content\/uploads\/2022\/04\/IMG_1698-scaled.jpg","type":"image\/jpeg"}],"author":"Cope Alcoy","twitter_misc":{"Escrito por":"Cope Alcoy","Tiempo de lectura":"2 minutos"},"schema":{"@context":"https:\/\/schema.org","@graph":[{"@type":"Article","@id":"https:\/\/www.copealcoy.es\/es\/el-santo-entierro-vuelve-a-cocentaina-despues-de-3-anos\/#article","isPartOf":{"@id":"https:\/\/www.copealcoy.es\/es\/el-santo-entierro-vuelve-a-cocentaina-despues-de-3-anos\/"},"author":{"name":"Cope Alcoy","@id":"https:\/\/www.copealcoy.es\/es\/#\/schema\/person\/e777c87fa024e57d40170af9df39882c"},"headline":"El Santo Entierro vuelve a Cocentaina despu\u00e9s de 3 a\u00f1os","datePublished":"2022-04-15T21:56:56+00:00","dateModified":"2022-04-15T22:47:52+00:00","mainEntityOfPage":{"@id":"https:\/\/www.copealcoy.es\/es\/el-santo-entierro-vuelve-a-cocentaina-despues-de-3-anos\/"},"wordCount":348,"commentCount":0,"image":{"@id":"https:\/\/www.copealcoy.es\/es\/el-santo-entierro-vuelve-a-cocentaina-despues-de-3-anos\/#primaryimage"},"thumbnailUrl":"https:\/\/www.copealcoy.es\/wp-content\/uploads\/2022\/04\/IMG_1698-scaled.jpg","keywords":["Cocentaina","Procesiones","Semana Santa","Viernes Santo"],"articleSection":["Comarcas","Noticias"],"inLanguage":"es"},{"@type":"WebPage","@id":"https:\/\/www.copealcoy.es\/es\/el-santo-entierro-vuelve-a-cocentaina-despues-de-3-anos\/","url":"https:\/\/www.copealcoy.es\/es\/el-santo-entierro-vuelve-a-cocentaina-despues-de-3-anos\/","name":"El Santo Entierro vuelve a Cocentaina despu\u00e9s de 3 a\u00f1os - COPE Alcoy","isPartOf":{"@id":"https:\/\/www.copealcoy.es\/es\/#website"},"primaryImageOfPage":{"@id":"https:\/\/www.copealcoy.es\/es\/el-santo-entierro-vuelve-a-cocentaina-despues-de-3-anos\/#primaryimage"},"image":{"@id":"https:\/\/www.copealcoy.es\/es\/el-santo-entierro-vuelve-a-cocentaina-despues-de-3-anos\/#primaryimage"},"thumbnailUrl":"https:\/\/www.copealcoy.es\/wp-content\/uploads\/2022\/04\/IMG_1698-scaled.jpg","datePublished":"2022-04-15T21:56:56+00:00","dateModified":"2022-04-15T22:47:52+00:00","author":{"@id":"https:\/\/www.copealcoy.es\/es\/#\/schema\/person\/e777c87fa024e57d40170af9df39882c"},"breadcrumb":{"@id":"https:\/\/www.copealcoy.es\/es\/el-santo-entierro-vuelve-a-cocentaina-despues-de-3-anos\/#breadcrumb"},"inLanguage":"es","potentialAction":[{"@type":"ReadAction","target":["https:\/\/www.copealcoy.es\/es\/el-santo-entierro-vuelve-a-cocentaina-despues-de-3-anos\/"]}]},{"@type":"ImageObject","inLanguage":"es","@id":"https:\/\/www.copealcoy.es\/es\/el-santo-entierro-vuelve-a-cocentaina-despues-de-3-anos\/#primaryimage","url":"https:\/\/www.copealcoy.es\/wp-content\/uploads\/2022\/04\/IMG_1698-scaled.jpg","contentUrl":"https:\/\/www.copealcoy.es\/wp-content\/uploads\/2022\/04\/IMG_1698-scaled.jpg","width":1835,"height":1080},{"@type":"BreadcrumbList","@id":"https:\/\/www.copealcoy.es\/es\/el-santo-entierro-vuelve-a-cocentaina-despues-de-3-anos\/#breadcrumb","itemListElement":[{"@type":"ListItem","position":1,"name":"Portada","item":"https:\/\/www.copealcoy.es\/es\/"},{"@type":"ListItem","position":2,"name":"El Santo Entierro vuelve a Cocentaina despu\u00e9s de 3 a\u00f1os"}]},{"@type":"WebSite","@id":"https:\/\/www.copealcoy.es\/es\/#website","url":"https:\/\/www.copealcoy.es\/es\/","name":"COPE Alcoy","description":"Emisora COPE de radio local con emisi\u00f3n online. Pont de Sant Jordi 8-10 03803 Alcoy","potentialAction":[{"@type":"SearchAction","target":{"@type":"EntryPoint","urlTemplate":"https:\/\/www.copealcoy.es\/es\/?s={search_term_string}"},"query-input":{"@type":"PropertyValueSpecification","valueRequired":true,"valueName":"search_term_string"}}],"inLanguage":"es"},{"@type":"Person","@id":"https:\/\/www.copealcoy.es\/es\/#\/schema\/person\/e777c87fa024e57d40170af9df39882c","name":"Cope Alcoy","image":{"@type":"ImageObject","inLanguage":"es","@id":"https:\/\/secure.gravatar.com\/avatar\/bb65d0283347e303893ba14f0692005417c1e0e690a325a4c5d8bb2b3943ee14?s=96&d=mm&r=g","url":"https:\/\/secure.gravatar.com\/avatar\/bb65d0283347e303893ba14f0692005417c1e0e690a325a4c5d8bb2b3943ee14?s=96&d=mm&r=g","contentUrl":"https:\/\/secure.gravatar.com\/avatar\/bb65d0283347e303893ba14f0692005417c1e0e690a325a4c5d8bb2b3943ee14?s=96&d=mm&r=g","caption":"Cope Alcoy"}}]}},"_links":{"self":[{"href":"https:\/\/www.copealcoy.es\/es\/wp-json\/wp\/v2\/posts\/86234","targetHints":{"allow":["GET"]}}],"collection":[{"href":"https:\/\/www.copealcoy.es\/es\/wp-json\/wp\/v2\/posts"}],"about":[{"href":"https:\/\/www.copealcoy.es\/es\/wp-json\/wp\/v2\/types\/post"}],"author":[{"embeddable":true,"href":"https:\/\/www.copealcoy.es\/es\/wp-json\/wp\/v2\/users\/1"}],"replies":[{"embeddable":true,"href":"https:\/\/www.copealcoy.es\/es\/wp-json\/wp\/v2\/comments?post=86234"}],"version-history":[{"count":0,"href":"https:\/\/www.copealcoy.es\/es\/wp-json\/wp\/v2\/posts\/86234\/revisions"}],"wp:featuredmedia":[{"embeddable":true,"href":"https:\/\/www.copealcoy.es\/es\/wp-json\/wp\/v2\/media\/86235"}],"wp:attachment":[{"href":"https:\/\/www.copealcoy.es\/es\/wp-json\/wp\/v2\/media?parent=86234"}],"wp:term":[{"taxonomy":"category","embeddable":true,"href":"https:\/\/www.copealcoy.es\/es\/wp-json\/wp\/v2\/categories?post=86234"},{"taxonomy":"post_tag","embeddable":true,"href":"https:\/\/www.copealcoy.es\/es\/wp-json\/wp\/v2\/tags?post=86234"}],"curies":[{"name":"wp","href":"https:\/\/api.w.org\/{rel}","templated":true}]}}