{"id":86229,"date":"2022-04-15T22:42:45","date_gmt":"2022-04-15T21:42:45","guid":{"rendered":"https:\/\/www.copealcoy.es\/?p=86229"},"modified":"2022-04-15T22:47:49","modified_gmt":"2022-04-15T21:47:49","slug":"viernes-santo-de-fe-y-devocion-en-toda-la-comarca","status":"publish","type":"post","link":"https:\/\/www.copealcoy.es\/es\/viernes-santo-de-fe-y-devocion-en-toda-la-comarca\/","title":{"rendered":"Viernes Santo de fe y devoci\u00f3n en toda la comarca"},"content":{"rendered":"<p style=\"text-align: justify;\">La tarde del Viernes Santo ha estado reservada para<strong> la celebraci\u00f3n de las procesiones del Santo Entierro<\/strong> por <strong>los diferentes municipios de las comarcas de l&#8217;Alcoi\u00e0 y el Comtat<\/strong>. Estos actos, en los que se ha respirado fe y devoci\u00f3n, <strong>han vuelto a la calle casi cuatro a\u00f1os despu\u00e9s<\/strong> debido a que en 2019 fueron suspendidos por la lluvia mientras que en 2020 y 2021 fue a causa de la pandemia.<\/p>\n<p style=\"text-align: justify;\">Esta tarde <strong>ha habido procesiones en Agres, Alfafara, Pen\u00e0guila, Ibi, Castalla u Onil<\/strong>. En <strong>Banyeres de Mariola<\/strong> el Santo Entierro, seg\u00fan informa el p\u00e1rroco Don Ram\u00f3n Mic\u00f3, ha recorrido las v\u00edas del casco antiguo con pasos como el de Mar\u00eda Magdalena, El Nazareno, La Dolorosa, El Cristo Crucificado o el Santo Sepulcro. Tambi\u00e9n en <strong>Muro<\/strong> ha habido Procesi\u00f3n de Viernes Santo aunque con la participaci\u00f3n de Cofrad\u00edas como la del Ecce Homo, El Nazareno, El Cristo Crucificado, el Cristo Yacente o La Virgen de los Dolores. Este acto ha recorrido algunas de las calles del casco antiguo de esta localidad del Comtat.<\/p>\n<p style=\"text-align: justify;\">Tras el Santo Entierro, <strong>la Semana Santa llegar\u00e1 a su fin el S\u00e1bado Santo con la Vigilia Pascual<\/strong> que acoger\u00e1n las iglesias entre la tarde y la medianoche. Muchos municipios tambi\u00e9n celebrar\u00e1n Domingo de Pascua <strong>el Encuentro Glorioso entre la Virgen Mar\u00eda y Cristo Resucitado<\/strong>.<\/p>\n","protected":false},"excerpt":{"rendered":"<p>La tarde del Viernes Santo ha estado reservada para la celebraci\u00f3n de las procesiones del Santo Entierro por los diferentes&#8230;<\/p>\n","protected":false},"author":1,"featured_media":86230,"comment_status":"open","ping_status":"open","sticky":false,"template":"","format":"standard","meta":{"footnotes":""},"categories":[98,75],"tags":[482,237,917,2049,745],"class_list":["post-86229","post","type-post","status-publish","format-standard","has-post-thumbnail","hentry","category-comarcas","category-noticias","tag-alcoia","tag-comtat","tag-procesion","tag-santo-entierro","tag-semana-santa"],"yoast_head":"<!-- This site is optimized with the Yoast SEO plugin v27.3 - https:\/\/yoast.com\/product\/yoast-seo-wordpress\/ -->\n<title>Viernes Santo de fe y devoci\u00f3n en toda la comarca - COPE Alcoy<\/title>\n<meta name=\"robots\" content=\"index, follow, max-snippet:-1, max-image-preview:large, max-video-preview:-1\" \/>\n<link rel=\"canonical\" href=\"https:\/\/www.copealcoy.es\/es\/viernes-santo-de-fe-y-devocion-en-toda-la-comarca\/\" \/>\n<meta property=\"og:locale\" content=\"es_ES\" \/>\n<meta property=\"og:type\" content=\"article\" \/>\n<meta property=\"og:title\" content=\"Viernes Santo de fe y devoci\u00f3n en toda la comarca - COPE Alcoy\" \/>\n<meta property=\"og:description\" content=\"La tarde del Viernes Santo ha estado reservada para la celebraci\u00f3n de las procesiones del Santo Entierro por los diferentes...\" \/>\n<meta property=\"og:url\" content=\"https:\/\/www.copealcoy.es\/es\/viernes-santo-de-fe-y-devocion-en-toda-la-comarca\/\" \/>\n<meta property=\"og:site_name\" content=\"COPE Alcoy\" \/>\n<meta property=\"article:published_time\" content=\"2022-04-15T21:42:45+00:00\" \/>\n<meta property=\"article:modified_time\" content=\"2022-04-15T21:47:49+00:00\" \/>\n<meta property=\"og:image\" content=\"https:\/\/www.copealcoy.es\/wp-content\/uploads\/2022\/04\/unnamed-27.jpg\" \/>\n\t<meta property=\"og:image:width\" content=\"1600\" \/>\n\t<meta property=\"og:image:height\" content=\"985\" \/>\n\t<meta property=\"og:image:type\" content=\"image\/jpeg\" \/>\n<meta name=\"author\" content=\"Cope Alcoy\" \/>\n<meta name=\"twitter:label1\" content=\"Escrito por\" \/>\n\t<meta name=\"twitter:data1\" content=\"Cope Alcoy\" \/>\n\t<meta name=\"twitter:label2\" content=\"Tiempo de lectura\" \/>\n\t<meta name=\"twitter:data2\" content=\"1 minuto\" \/>\n<script type=\"application\/ld+json\" class=\"yoast-schema-graph\">{\"@context\":\"https:\\\/\\\/schema.org\",\"@graph\":[{\"@type\":\"Article\",\"@id\":\"https:\\\/\\\/www.copealcoy.es\\\/es\\\/viernes-santo-de-fe-y-devocion-en-toda-la-comarca\\\/#article\",\"isPartOf\":{\"@id\":\"https:\\\/\\\/www.copealcoy.es\\\/es\\\/viernes-santo-de-fe-y-devocion-en-toda-la-comarca\\\/\"},\"author\":{\"name\":\"Cope Alcoy\",\"@id\":\"https:\\\/\\\/www.copealcoy.es\\\/es\\\/#\\\/schema\\\/person\\\/e777c87fa024e57d40170af9df39882c\"},\"headline\":\"Viernes Santo de fe y devoci\u00f3n en toda la comarca\",\"datePublished\":\"2022-04-15T21:42:45+00:00\",\"dateModified\":\"2022-04-15T21:47:49+00:00\",\"mainEntityOfPage\":{\"@id\":\"https:\\\/\\\/www.copealcoy.es\\\/es\\\/viernes-santo-de-fe-y-devocion-en-toda-la-comarca\\\/\"},\"wordCount\":246,\"commentCount\":0,\"image\":{\"@id\":\"https:\\\/\\\/www.copealcoy.es\\\/es\\\/viernes-santo-de-fe-y-devocion-en-toda-la-comarca\\\/#primaryimage\"},\"thumbnailUrl\":\"https:\\\/\\\/www.copealcoy.es\\\/wp-content\\\/uploads\\\/2022\\\/04\\\/unnamed-27.jpg\",\"keywords\":[\"Alcoi\u00e0\",\"Comtat\",\"Procesi\u00f3n\",\"Santo Entierro\",\"Semana Santa\"],\"articleSection\":[\"Comarcas\",\"Noticias\"],\"inLanguage\":\"es\"},{\"@type\":\"WebPage\",\"@id\":\"https:\\\/\\\/www.copealcoy.es\\\/es\\\/viernes-santo-de-fe-y-devocion-en-toda-la-comarca\\\/\",\"url\":\"https:\\\/\\\/www.copealcoy.es\\\/es\\\/viernes-santo-de-fe-y-devocion-en-toda-la-comarca\\\/\",\"name\":\"Viernes Santo de fe y devoci\u00f3n en toda la comarca - COPE Alcoy\",\"isPartOf\":{\"@id\":\"https:\\\/\\\/www.copealcoy.es\\\/es\\\/#website\"},\"primaryImageOfPage\":{\"@id\":\"https:\\\/\\\/www.copealcoy.es\\\/es\\\/viernes-santo-de-fe-y-devocion-en-toda-la-comarca\\\/#primaryimage\"},\"image\":{\"@id\":\"https:\\\/\\\/www.copealcoy.es\\\/es\\\/viernes-santo-de-fe-y-devocion-en-toda-la-comarca\\\/#primaryimage\"},\"thumbnailUrl\":\"https:\\\/\\\/www.copealcoy.es\\\/wp-content\\\/uploads\\\/2022\\\/04\\\/unnamed-27.jpg\",\"datePublished\":\"2022-04-15T21:42:45+00:00\",\"dateModified\":\"2022-04-15T21:47:49+00:00\",\"author\":{\"@id\":\"https:\\\/\\\/www.copealcoy.es\\\/es\\\/#\\\/schema\\\/person\\\/e777c87fa024e57d40170af9df39882c\"},\"breadcrumb\":{\"@id\":\"https:\\\/\\\/www.copealcoy.es\\\/es\\\/viernes-santo-de-fe-y-devocion-en-toda-la-comarca\\\/#breadcrumb\"},\"inLanguage\":\"es\",\"potentialAction\":[{\"@type\":\"ReadAction\",\"target\":[\"https:\\\/\\\/www.copealcoy.es\\\/es\\\/viernes-santo-de-fe-y-devocion-en-toda-la-comarca\\\/\"]}]},{\"@type\":\"ImageObject\",\"inLanguage\":\"es\",\"@id\":\"https:\\\/\\\/www.copealcoy.es\\\/es\\\/viernes-santo-de-fe-y-devocion-en-toda-la-comarca\\\/#primaryimage\",\"url\":\"https:\\\/\\\/www.copealcoy.es\\\/wp-content\\\/uploads\\\/2022\\\/04\\\/unnamed-27.jpg\",\"contentUrl\":\"https:\\\/\\\/www.copealcoy.es\\\/wp-content\\\/uploads\\\/2022\\\/04\\\/unnamed-27.jpg\",\"width\":1600,\"height\":985},{\"@type\":\"BreadcrumbList\",\"@id\":\"https:\\\/\\\/www.copealcoy.es\\\/es\\\/viernes-santo-de-fe-y-devocion-en-toda-la-comarca\\\/#breadcrumb\",\"itemListElement\":[{\"@type\":\"ListItem\",\"position\":1,\"name\":\"Portada\",\"item\":\"https:\\\/\\\/www.copealcoy.es\\\/es\\\/\"},{\"@type\":\"ListItem\",\"position\":2,\"name\":\"Viernes Santo de fe y devoci\u00f3n en toda la comarca\"}]},{\"@type\":\"WebSite\",\"@id\":\"https:\\\/\\\/www.copealcoy.es\\\/es\\\/#website\",\"url\":\"https:\\\/\\\/www.copealcoy.es\\\/es\\\/\",\"name\":\"COPE Alcoy\",\"description\":\"Emisora COPE de radio local con emisi\u00f3n online. Pont de Sant Jordi 8-10 03803 Alcoy\",\"potentialAction\":[{\"@type\":\"SearchAction\",\"target\":{\"@type\":\"EntryPoint\",\"urlTemplate\":\"https:\\\/\\\/www.copealcoy.es\\\/es\\\/?s={search_term_string}\"},\"query-input\":{\"@type\":\"PropertyValueSpecification\",\"valueRequired\":true,\"valueName\":\"search_term_string\"}}],\"inLanguage\":\"es\"},{\"@type\":\"Person\",\"@id\":\"https:\\\/\\\/www.copealcoy.es\\\/es\\\/#\\\/schema\\\/person\\\/e777c87fa024e57d40170af9df39882c\",\"name\":\"Cope Alcoy\",\"image\":{\"@type\":\"ImageObject\",\"inLanguage\":\"es\",\"@id\":\"https:\\\/\\\/secure.gravatar.com\\\/avatar\\\/bb65d0283347e303893ba14f0692005417c1e0e690a325a4c5d8bb2b3943ee14?s=96&d=mm&r=g\",\"url\":\"https:\\\/\\\/secure.gravatar.com\\\/avatar\\\/bb65d0283347e303893ba14f0692005417c1e0e690a325a4c5d8bb2b3943ee14?s=96&d=mm&r=g\",\"contentUrl\":\"https:\\\/\\\/secure.gravatar.com\\\/avatar\\\/bb65d0283347e303893ba14f0692005417c1e0e690a325a4c5d8bb2b3943ee14?s=96&d=mm&r=g\",\"caption\":\"Cope Alcoy\"}}]}<\/script>\n<!-- \/ Yoast SEO plugin. -->","yoast_head_json":{"title":"Viernes Santo de fe y devoci\u00f3n en toda la comarca - COPE Alcoy","robots":{"index":"index","follow":"follow","max-snippet":"max-snippet:-1","max-image-preview":"max-image-preview:large","max-video-preview":"max-video-preview:-1"},"canonical":"https:\/\/www.copealcoy.es\/es\/viernes-santo-de-fe-y-devocion-en-toda-la-comarca\/","og_locale":"es_ES","og_type":"article","og_title":"Viernes Santo de fe y devoci\u00f3n en toda la comarca - COPE Alcoy","og_description":"La tarde del Viernes Santo ha estado reservada para la celebraci\u00f3n de las procesiones del Santo Entierro por los diferentes...","og_url":"https:\/\/www.copealcoy.es\/es\/viernes-santo-de-fe-y-devocion-en-toda-la-comarca\/","og_site_name":"COPE Alcoy","article_published_time":"2022-04-15T21:42:45+00:00","article_modified_time":"2022-04-15T21:47:49+00:00","og_image":[{"width":1600,"height":985,"url":"https:\/\/www.copealcoy.es\/wp-content\/uploads\/2022\/04\/unnamed-27.jpg","type":"image\/jpeg"}],"author":"Cope Alcoy","twitter_misc":{"Escrito por":"Cope Alcoy","Tiempo de lectura":"1 minuto"},"schema":{"@context":"https:\/\/schema.org","@graph":[{"@type":"Article","@id":"https:\/\/www.copealcoy.es\/es\/viernes-santo-de-fe-y-devocion-en-toda-la-comarca\/#article","isPartOf":{"@id":"https:\/\/www.copealcoy.es\/es\/viernes-santo-de-fe-y-devocion-en-toda-la-comarca\/"},"author":{"name":"Cope Alcoy","@id":"https:\/\/www.copealcoy.es\/es\/#\/schema\/person\/e777c87fa024e57d40170af9df39882c"},"headline":"Viernes Santo de fe y devoci\u00f3n en toda la comarca","datePublished":"2022-04-15T21:42:45+00:00","dateModified":"2022-04-15T21:47:49+00:00","mainEntityOfPage":{"@id":"https:\/\/www.copealcoy.es\/es\/viernes-santo-de-fe-y-devocion-en-toda-la-comarca\/"},"wordCount":246,"commentCount":0,"image":{"@id":"https:\/\/www.copealcoy.es\/es\/viernes-santo-de-fe-y-devocion-en-toda-la-comarca\/#primaryimage"},"thumbnailUrl":"https:\/\/www.copealcoy.es\/wp-content\/uploads\/2022\/04\/unnamed-27.jpg","keywords":["Alcoi\u00e0","Comtat","Procesi\u00f3n","Santo Entierro","Semana Santa"],"articleSection":["Comarcas","Noticias"],"inLanguage":"es"},{"@type":"WebPage","@id":"https:\/\/www.copealcoy.es\/es\/viernes-santo-de-fe-y-devocion-en-toda-la-comarca\/","url":"https:\/\/www.copealcoy.es\/es\/viernes-santo-de-fe-y-devocion-en-toda-la-comarca\/","name":"Viernes Santo de fe y devoci\u00f3n en toda la comarca - COPE Alcoy","isPartOf":{"@id":"https:\/\/www.copealcoy.es\/es\/#website"},"primaryImageOfPage":{"@id":"https:\/\/www.copealcoy.es\/es\/viernes-santo-de-fe-y-devocion-en-toda-la-comarca\/#primaryimage"},"image":{"@id":"https:\/\/www.copealcoy.es\/es\/viernes-santo-de-fe-y-devocion-en-toda-la-comarca\/#primaryimage"},"thumbnailUrl":"https:\/\/www.copealcoy.es\/wp-content\/uploads\/2022\/04\/unnamed-27.jpg","datePublished":"2022-04-15T21:42:45+00:00","dateModified":"2022-04-15T21:47:49+00:00","author":{"@id":"https:\/\/www.copealcoy.es\/es\/#\/schema\/person\/e777c87fa024e57d40170af9df39882c"},"breadcrumb":{"@id":"https:\/\/www.copealcoy.es\/es\/viernes-santo-de-fe-y-devocion-en-toda-la-comarca\/#breadcrumb"},"inLanguage":"es","potentialAction":[{"@type":"ReadAction","target":["https:\/\/www.copealcoy.es\/es\/viernes-santo-de-fe-y-devocion-en-toda-la-comarca\/"]}]},{"@type":"ImageObject","inLanguage":"es","@id":"https:\/\/www.copealcoy.es\/es\/viernes-santo-de-fe-y-devocion-en-toda-la-comarca\/#primaryimage","url":"https:\/\/www.copealcoy.es\/wp-content\/uploads\/2022\/04\/unnamed-27.jpg","contentUrl":"https:\/\/www.copealcoy.es\/wp-content\/uploads\/2022\/04\/unnamed-27.jpg","width":1600,"height":985},{"@type":"BreadcrumbList","@id":"https:\/\/www.copealcoy.es\/es\/viernes-santo-de-fe-y-devocion-en-toda-la-comarca\/#breadcrumb","itemListElement":[{"@type":"ListItem","position":1,"name":"Portada","item":"https:\/\/www.copealcoy.es\/es\/"},{"@type":"ListItem","position":2,"name":"Viernes Santo de fe y devoci\u00f3n en toda la comarca"}]},{"@type":"WebSite","@id":"https:\/\/www.copealcoy.es\/es\/#website","url":"https:\/\/www.copealcoy.es\/es\/","name":"COPE Alcoy","description":"Emisora COPE de radio local con emisi\u00f3n online. Pont de Sant Jordi 8-10 03803 Alcoy","potentialAction":[{"@type":"SearchAction","target":{"@type":"EntryPoint","urlTemplate":"https:\/\/www.copealcoy.es\/es\/?s={search_term_string}"},"query-input":{"@type":"PropertyValueSpecification","valueRequired":true,"valueName":"search_term_string"}}],"inLanguage":"es"},{"@type":"Person","@id":"https:\/\/www.copealcoy.es\/es\/#\/schema\/person\/e777c87fa024e57d40170af9df39882c","name":"Cope Alcoy","image":{"@type":"ImageObject","inLanguage":"es","@id":"https:\/\/secure.gravatar.com\/avatar\/bb65d0283347e303893ba14f0692005417c1e0e690a325a4c5d8bb2b3943ee14?s=96&d=mm&r=g","url":"https:\/\/secure.gravatar.com\/avatar\/bb65d0283347e303893ba14f0692005417c1e0e690a325a4c5d8bb2b3943ee14?s=96&d=mm&r=g","contentUrl":"https:\/\/secure.gravatar.com\/avatar\/bb65d0283347e303893ba14f0692005417c1e0e690a325a4c5d8bb2b3943ee14?s=96&d=mm&r=g","caption":"Cope Alcoy"}}]}},"_links":{"self":[{"href":"https:\/\/www.copealcoy.es\/es\/wp-json\/wp\/v2\/posts\/86229","targetHints":{"allow":["GET"]}}],"collection":[{"href":"https:\/\/www.copealcoy.es\/es\/wp-json\/wp\/v2\/posts"}],"about":[{"href":"https:\/\/www.copealcoy.es\/es\/wp-json\/wp\/v2\/types\/post"}],"author":[{"embeddable":true,"href":"https:\/\/www.copealcoy.es\/es\/wp-json\/wp\/v2\/users\/1"}],"replies":[{"embeddable":true,"href":"https:\/\/www.copealcoy.es\/es\/wp-json\/wp\/v2\/comments?post=86229"}],"version-history":[{"count":0,"href":"https:\/\/www.copealcoy.es\/es\/wp-json\/wp\/v2\/posts\/86229\/revisions"}],"wp:featuredmedia":[{"embeddable":true,"href":"https:\/\/www.copealcoy.es\/es\/wp-json\/wp\/v2\/media\/86230"}],"wp:attachment":[{"href":"https:\/\/www.copealcoy.es\/es\/wp-json\/wp\/v2\/media?parent=86229"}],"wp:term":[{"taxonomy":"category","embeddable":true,"href":"https:\/\/www.copealcoy.es\/es\/wp-json\/wp\/v2\/categories?post=86229"},{"taxonomy":"post_tag","embeddable":true,"href":"https:\/\/www.copealcoy.es\/es\/wp-json\/wp\/v2\/tags?post=86229"}],"curies":[{"name":"wp","href":"https:\/\/api.w.org\/{rel}","templated":true}]}}