{"id":86168,"date":"2022-04-14T22:21:26","date_gmt":"2022-04-14T21:21:26","guid":{"rendered":"https:\/\/www.copealcoy.es\/?p=86168"},"modified":"2022-04-18T15:43:50","modified_gmt":"2022-04-18T14:43:50","slug":"la-procesion-del-silencio-recorre-las-calles-de-alcoy-en-jueves-santo","status":"publish","type":"post","link":"https:\/\/www.copealcoy.es\/es\/la-procesion-del-silencio-recorre-las-calles-de-alcoy-en-jueves-santo\/","title":{"rendered":"La Procesi\u00f3n del Silencio recorre las calles de Alcoy en Jueves Santo"},"content":{"rendered":"<p style=\"text-align: justify;\">Alcoy <strong>sigue inmersa en las jornadas centrales de la Semana Santa<\/strong> y <strong>la jornada del Jueves Santo ha estado marcada por diferentes celebraciones religiosas<\/strong>. Entre ellas, ha destacado <strong>la Misa Vespertina de la Cena del Se\u00f1or<\/strong> que se ha desarrollado en el interior de cada templo con una notable asistencia de fieles.<\/p>\n<p style=\"text-align: justify;\">A las 21:00h <strong>ha sido el turno del inicio de la Procesi\u00f3n del Silencio<\/strong>, un desfile que <strong>volv\u00eda a las calles del Centro<\/strong> tras <strong>dos a\u00f1os de ausencia a causa de la pandemia de la Covid-19<\/strong> y despu\u00e9s de que en 2019 <strong>no pudiera recorrer parte del trayecto por culpa de la intensa lluvia<\/strong> que cay\u00f3 en la ciudad en aquella noche de Jueves Santo. Esta vez si, y el ritmo marcial de los tambores y cornetas ha acompa\u00f1ado <strong>al paso de la Virgen de la Soledad<\/strong> desde su salida de la Parroquia de San Vicente y San Antonio portada por costaleras. A continuaci\u00f3n, <strong>mujeres ataviadas con mantilla y penitentes con capirote<\/strong>, han precedido a <strong>la impresionante talle del Cristo Agonizante<\/strong> que tambi\u00e9n ha sido cargada en hombros por numerosos costaleros pertenecientes a este cofrad\u00eda de la ciudad. La comitiva la ha cerrado el clero, encabezado por <strong>Don Jos\u00e9 Lu\u00eds Llopis<\/strong> como titular de las Parroquias del Centro, y en <strong>la representaci\u00f3n de la Corporaci\u00f3n Municipal<\/strong> han destacado los concejales de VOX, PP y el Gobierno local del PSOE.<\/p>\n<p style=\"text-align: justify;\">La Procesi\u00f3n del Silencio ha bajado, como novedad,<strong> por San Nicol\u00e1s hasta llegar a la Plaza de Espa\u00f1a y concluir en la iglesia de Santa Mar\u00eda<\/strong>. Este itinerario <strong>ha sido un \u00e9xito<\/strong> y numeroso p\u00fablico <strong>se ha agolpado en las aceras del trayecto<\/strong> para ver el paso de estas im\u00e1genes.<\/p>\n<p>&nbsp;<\/p>\n<div id='gallery-1' class='gallery galleryid-86168 gallery-columns-2 gallery-size-full'><figure class='gallery-item'>\n\t\t\t<div class='gallery-icon landscape'>\n\t\t\t\t<a href='https:\/\/www.copealcoy.es\/es\/la-procesion-del-silencio-recorre-las-calles-de-alcoy-en-jueves-santo\/img_1662\/'><img loading=\"lazy\" decoding=\"async\" width=\"1658\" height=\"1080\" src=\"https:\/\/www.copealcoy.es\/wp-content\/uploads\/2022\/04\/IMG_1662-scaled.jpg\" class=\"attachment-full size-full\" alt=\"\" aria-describedby=\"gallery-1-86180\" srcset=\"https:\/\/www.copealcoy.es\/wp-content\/uploads\/2022\/04\/IMG_1662-scaled.jpg 1658w, https:\/\/www.copealcoy.es\/wp-content\/uploads\/2022\/04\/IMG_1662-768x500.jpg 768w, https:\/\/www.copealcoy.es\/wp-content\/uploads\/2022\/04\/IMG_1662-1536x1000.jpg 1536w, https:\/\/www.copealcoy.es\/wp-content\/uploads\/2022\/04\/IMG_1662-2048x1334.jpg 2048w\" sizes=\"auto, (max-width: 1658px) 100vw, 1658px\" \/><\/a>\n\t\t\t<\/div>\n\t\t\t\t<figcaption class='wp-caption-text gallery-caption' id='gallery-1-86180'>\n\t\t\t\tProcesi\u00f3n del Silencio 2022\n\t\t\t\t<\/figcaption><\/figure><figure class='gallery-item'>\n\t\t\t<div class='gallery-icon landscape'>\n\t\t\t\t<a href='https:\/\/www.copealcoy.es\/es\/la-procesion-del-silencio-recorre-las-calles-de-alcoy-en-jueves-santo\/img-4359\/'><img loading=\"lazy\" decoding=\"async\" width=\"1629\" height=\"1080\" src=\"https:\/\/www.copealcoy.es\/wp-content\/uploads\/2022\/04\/IMG-4359-scaled.jpg\" class=\"attachment-full size-full\" alt=\"\" aria-describedby=\"gallery-1-86179\" srcset=\"https:\/\/www.copealcoy.es\/wp-content\/uploads\/2022\/04\/IMG-4359-scaled.jpg 1629w, https:\/\/www.copealcoy.es\/wp-content\/uploads\/2022\/04\/IMG-4359-768x509.jpg 768w, https:\/\/www.copealcoy.es\/wp-content\/uploads\/2022\/04\/IMG-4359-1536x1018.jpg 1536w, https:\/\/www.copealcoy.es\/wp-content\/uploads\/2022\/04\/IMG-4359-2048x1358.jpg 2048w, https:\/\/www.copealcoy.es\/wp-content\/uploads\/2022\/04\/IMG-4359-300x200.jpg 300w\" sizes=\"auto, (max-width: 1629px) 100vw, 1629px\" \/><\/a>\n\t\t\t<\/div>\n\t\t\t\t<figcaption class='wp-caption-text gallery-caption' id='gallery-1-86179'>\n\t\t\t\tProcesi\u00f3n del Silencio 2022\n\t\t\t\t<\/figcaption><\/figure><figure class='gallery-item'>\n\t\t\t<div class='gallery-icon landscape'>\n\t\t\t\t<a href='https:\/\/www.copealcoy.es\/es\/la-procesion-del-silencio-recorre-las-calles-de-alcoy-en-jueves-santo\/img-4366\/'><img loading=\"lazy\" decoding=\"async\" width=\"1440\" height=\"1080\" src=\"https:\/\/www.copealcoy.es\/wp-content\/uploads\/2022\/04\/IMG-4366-scaled.jpg\" class=\"attachment-full size-full\" alt=\"\" aria-describedby=\"gallery-1-86178\" srcset=\"https:\/\/www.copealcoy.es\/wp-content\/uploads\/2022\/04\/IMG-4366-scaled.jpg 1440w, https:\/\/www.copealcoy.es\/wp-content\/uploads\/2022\/04\/IMG-4366-768x576.jpg 768w, https:\/\/www.copealcoy.es\/wp-content\/uploads\/2022\/04\/IMG-4366-1536x1152.jpg 1536w, https:\/\/www.copealcoy.es\/wp-content\/uploads\/2022\/04\/IMG-4366-2048x1536.jpg 2048w\" sizes=\"auto, (max-width: 1440px) 100vw, 1440px\" \/><\/a>\n\t\t\t<\/div>\n\t\t\t\t<figcaption class='wp-caption-text gallery-caption' id='gallery-1-86178'>\n\t\t\t\tProcesi\u00f3n del Silencio 2022\n\t\t\t\t<\/figcaption><\/figure><figure class='gallery-item'>\n\t\t\t<div class='gallery-icon landscape'>\n\t\t\t\t<a href='https:\/\/www.copealcoy.es\/es\/la-procesion-del-silencio-recorre-las-calles-de-alcoy-en-jueves-santo\/img-4363\/'><img loading=\"lazy\" decoding=\"async\" width=\"1530\" height=\"1080\" src=\"https:\/\/www.copealcoy.es\/wp-content\/uploads\/2022\/04\/IMG-4363-scaled.jpg\" class=\"attachment-full size-full\" alt=\"\" aria-describedby=\"gallery-1-86177\" srcset=\"https:\/\/www.copealcoy.es\/wp-content\/uploads\/2022\/04\/IMG-4363-scaled.jpg 1530w, https:\/\/www.copealcoy.es\/wp-content\/uploads\/2022\/04\/IMG-4363-768x542.jpg 768w, https:\/\/www.copealcoy.es\/wp-content\/uploads\/2022\/04\/IMG-4363-1536x1084.jpg 1536w, https:\/\/www.copealcoy.es\/wp-content\/uploads\/2022\/04\/IMG-4363-2048x1445.jpg 2048w\" sizes=\"auto, (max-width: 1530px) 100vw, 1530px\" \/><\/a>\n\t\t\t<\/div>\n\t\t\t\t<figcaption class='wp-caption-text gallery-caption' id='gallery-1-86177'>\n\t\t\t\tProcesi\u00f3n del Silencio 2022\n\t\t\t\t<\/figcaption><\/figure><figure class='gallery-item'>\n\t\t\t<div class='gallery-icon landscape'>\n\t\t\t\t<a href='https:\/\/www.copealcoy.es\/es\/la-procesion-del-silencio-recorre-las-calles-de-alcoy-en-jueves-santo\/img_1672-23-52-56\/'><img loading=\"lazy\" decoding=\"async\" width=\"1620\" height=\"1080\" src=\"https:\/\/www.copealcoy.es\/wp-content\/uploads\/2022\/04\/IMG_1672-23.52.56-scaled.jpg\" class=\"attachment-full size-full\" alt=\"\" aria-describedby=\"gallery-1-86176\" srcset=\"https:\/\/www.copealcoy.es\/wp-content\/uploads\/2022\/04\/IMG_1672-23.52.56-scaled.jpg 1620w, https:\/\/www.copealcoy.es\/wp-content\/uploads\/2022\/04\/IMG_1672-23.52.56-768x512.jpg 768w, https:\/\/www.copealcoy.es\/wp-content\/uploads\/2022\/04\/IMG_1672-23.52.56-1536x1024.jpg 1536w, https:\/\/www.copealcoy.es\/wp-content\/uploads\/2022\/04\/IMG_1672-23.52.56-2048x1365.jpg 2048w, https:\/\/www.copealcoy.es\/wp-content\/uploads\/2022\/04\/IMG_1672-23.52.56-300x200.jpg 300w, https:\/\/www.copealcoy.es\/wp-content\/uploads\/2022\/04\/IMG_1672-23.52.56-600x400.jpg 600w, https:\/\/www.copealcoy.es\/wp-content\/uploads\/2022\/04\/IMG_1672-23.52.56-1200x800.jpg 1200w\" sizes=\"auto, (max-width: 1620px) 100vw, 1620px\" \/><\/a>\n\t\t\t<\/div>\n\t\t\t\t<figcaption class='wp-caption-text gallery-caption' id='gallery-1-86176'>\n\t\t\t\tProcesi\u00f3n del Silencio 2022\n\t\t\t\t<\/figcaption><\/figure><figure class='gallery-item'>\n\t\t\t<div class='gallery-icon landscape'>\n\t\t\t\t<a href='https:\/\/www.copealcoy.es\/es\/la-procesion-del-silencio-recorre-las-calles-de-alcoy-en-jueves-santo\/img_1663-2\/'><img loading=\"lazy\" decoding=\"async\" width=\"640\" height=\"392\" src=\"https:\/\/www.copealcoy.es\/wp-content\/uploads\/2022\/04\/IMG_1663-scaled-e1649971508278.jpg\" class=\"attachment-full size-full\" alt=\"\" aria-describedby=\"gallery-1-86171\" \/><\/a>\n\t\t\t<\/div>\n\t\t\t\t<figcaption class='wp-caption-text gallery-caption' id='gallery-1-86171'>\n\t\t\t\tProcesi\u00f3n del Silencio 2022\n\t\t\t\t<\/figcaption><\/figure>\n\t\t<\/div>\n\n","protected":false},"excerpt":{"rendered":"<p>Alcoy sigue inmersa en las jornadas centrales de la Semana Santa y la jornada del Jueves Santo ha estado marcada&#8230;<\/p>\n","protected":false},"author":1,"featured_media":86171,"comment_status":"open","ping_status":"open","sticky":false,"template":"","format":"standard","meta":{"footnotes":""},"categories":[6909,97,78,75,125],"tags":[1494,4169,3983,745],"class_list":["post-86168","post","type-post","status-publish","format-standard","has-post-thumbnail","hentry","category-actualidad","category-alcoy","category-fiestaycultura","category-noticias","category-portada","tag-alcoy","tag-cristo-agonizante","tag-procesion-del-silencio","tag-semana-santa"],"yoast_head":"<!-- This site is optimized with the Yoast SEO plugin v27.3 - https:\/\/yoast.com\/product\/yoast-seo-wordpress\/ -->\n<title>La Procesi\u00f3n del Silencio recorre las calles de Alcoy en Jueves Santo - COPE Alcoy<\/title>\n<meta name=\"robots\" content=\"index, follow, max-snippet:-1, max-image-preview:large, max-video-preview:-1\" \/>\n<link rel=\"canonical\" href=\"https:\/\/www.copealcoy.es\/es\/la-procesion-del-silencio-recorre-las-calles-de-alcoy-en-jueves-santo\/\" \/>\n<meta property=\"og:locale\" content=\"es_ES\" \/>\n<meta property=\"og:type\" content=\"article\" \/>\n<meta property=\"og:title\" content=\"La Procesi\u00f3n del Silencio recorre las calles de Alcoy en Jueves Santo - COPE Alcoy\" \/>\n<meta property=\"og:description\" content=\"Alcoy sigue inmersa en las jornadas centrales de la Semana Santa y la jornada del Jueves Santo ha estado marcada...\" \/>\n<meta property=\"og:url\" content=\"https:\/\/www.copealcoy.es\/es\/la-procesion-del-silencio-recorre-las-calles-de-alcoy-en-jueves-santo\/\" \/>\n<meta property=\"og:site_name\" content=\"COPE Alcoy\" \/>\n<meta property=\"article:published_time\" content=\"2022-04-14T21:21:26+00:00\" \/>\n<meta property=\"article:modified_time\" content=\"2022-04-18T14:43:50+00:00\" \/>\n<meta property=\"og:image\" content=\"https:\/\/www.copealcoy.es\/wp-content\/uploads\/2022\/04\/IMG_1663-scaled-e1649971508278.jpg\" \/>\n\t<meta property=\"og:image:width\" content=\"640\" \/>\n\t<meta property=\"og:image:height\" content=\"392\" \/>\n\t<meta property=\"og:image:type\" content=\"image\/jpeg\" \/>\n<meta name=\"author\" content=\"Cope Alcoy\" \/>\n<meta name=\"twitter:label1\" content=\"Escrito por\" \/>\n\t<meta name=\"twitter:data1\" content=\"Cope Alcoy\" \/>\n\t<meta name=\"twitter:label2\" content=\"Tiempo de lectura\" \/>\n\t<meta name=\"twitter:data2\" content=\"2 minutos\" \/>\n<script type=\"application\/ld+json\" class=\"yoast-schema-graph\">{\"@context\":\"https:\\\/\\\/schema.org\",\"@graph\":[{\"@type\":\"Article\",\"@id\":\"https:\\\/\\\/www.copealcoy.es\\\/es\\\/la-procesion-del-silencio-recorre-las-calles-de-alcoy-en-jueves-santo\\\/#article\",\"isPartOf\":{\"@id\":\"https:\\\/\\\/www.copealcoy.es\\\/es\\\/la-procesion-del-silencio-recorre-las-calles-de-alcoy-en-jueves-santo\\\/\"},\"author\":{\"name\":\"Cope Alcoy\",\"@id\":\"https:\\\/\\\/www.copealcoy.es\\\/es\\\/#\\\/schema\\\/person\\\/e777c87fa024e57d40170af9df39882c\"},\"headline\":\"La Procesi\u00f3n del Silencio recorre las calles de Alcoy en Jueves Santo\",\"datePublished\":\"2022-04-14T21:21:26+00:00\",\"dateModified\":\"2022-04-18T14:43:50+00:00\",\"mainEntityOfPage\":{\"@id\":\"https:\\\/\\\/www.copealcoy.es\\\/es\\\/la-procesion-del-silencio-recorre-las-calles-de-alcoy-en-jueves-santo\\\/\"},\"wordCount\":317,\"commentCount\":0,\"image\":{\"@id\":\"https:\\\/\\\/www.copealcoy.es\\\/es\\\/la-procesion-del-silencio-recorre-las-calles-de-alcoy-en-jueves-santo\\\/#primaryimage\"},\"thumbnailUrl\":\"https:\\\/\\\/www.copealcoy.es\\\/wp-content\\\/uploads\\\/2022\\\/04\\\/IMG_1663-scaled-e1649971508278.jpg\",\"keywords\":[\"Alcoy\",\"Cristo Agonizante\",\"Procesi\u00f3n del Silencio\",\"Semana Santa\"],\"articleSection\":[\"Actualidad\",\"Alcoy\",\"Fiesta y Cultura\",\"Noticias\",\"Portada\"],\"inLanguage\":\"es\"},{\"@type\":\"WebPage\",\"@id\":\"https:\\\/\\\/www.copealcoy.es\\\/es\\\/la-procesion-del-silencio-recorre-las-calles-de-alcoy-en-jueves-santo\\\/\",\"url\":\"https:\\\/\\\/www.copealcoy.es\\\/es\\\/la-procesion-del-silencio-recorre-las-calles-de-alcoy-en-jueves-santo\\\/\",\"name\":\"La Procesi\u00f3n del Silencio recorre las calles de Alcoy en Jueves Santo - COPE Alcoy\",\"isPartOf\":{\"@id\":\"https:\\\/\\\/www.copealcoy.es\\\/es\\\/#website\"},\"primaryImageOfPage\":{\"@id\":\"https:\\\/\\\/www.copealcoy.es\\\/es\\\/la-procesion-del-silencio-recorre-las-calles-de-alcoy-en-jueves-santo\\\/#primaryimage\"},\"image\":{\"@id\":\"https:\\\/\\\/www.copealcoy.es\\\/es\\\/la-procesion-del-silencio-recorre-las-calles-de-alcoy-en-jueves-santo\\\/#primaryimage\"},\"thumbnailUrl\":\"https:\\\/\\\/www.copealcoy.es\\\/wp-content\\\/uploads\\\/2022\\\/04\\\/IMG_1663-scaled-e1649971508278.jpg\",\"datePublished\":\"2022-04-14T21:21:26+00:00\",\"dateModified\":\"2022-04-18T14:43:50+00:00\",\"author\":{\"@id\":\"https:\\\/\\\/www.copealcoy.es\\\/es\\\/#\\\/schema\\\/person\\\/e777c87fa024e57d40170af9df39882c\"},\"breadcrumb\":{\"@id\":\"https:\\\/\\\/www.copealcoy.es\\\/es\\\/la-procesion-del-silencio-recorre-las-calles-de-alcoy-en-jueves-santo\\\/#breadcrumb\"},\"inLanguage\":\"es\",\"potentialAction\":[{\"@type\":\"ReadAction\",\"target\":[\"https:\\\/\\\/www.copealcoy.es\\\/es\\\/la-procesion-del-silencio-recorre-las-calles-de-alcoy-en-jueves-santo\\\/\"]}]},{\"@type\":\"ImageObject\",\"inLanguage\":\"es\",\"@id\":\"https:\\\/\\\/www.copealcoy.es\\\/es\\\/la-procesion-del-silencio-recorre-las-calles-de-alcoy-en-jueves-santo\\\/#primaryimage\",\"url\":\"https:\\\/\\\/www.copealcoy.es\\\/wp-content\\\/uploads\\\/2022\\\/04\\\/IMG_1663-scaled-e1649971508278.jpg\",\"contentUrl\":\"https:\\\/\\\/www.copealcoy.es\\\/wp-content\\\/uploads\\\/2022\\\/04\\\/IMG_1663-scaled-e1649971508278.jpg\",\"width\":640,\"height\":392,\"caption\":\"Procesi\u00f3n del Silencio 2022\"},{\"@type\":\"BreadcrumbList\",\"@id\":\"https:\\\/\\\/www.copealcoy.es\\\/es\\\/la-procesion-del-silencio-recorre-las-calles-de-alcoy-en-jueves-santo\\\/#breadcrumb\",\"itemListElement\":[{\"@type\":\"ListItem\",\"position\":1,\"name\":\"Portada\",\"item\":\"https:\\\/\\\/www.copealcoy.es\\\/es\\\/\"},{\"@type\":\"ListItem\",\"position\":2,\"name\":\"La Procesi\u00f3n del Silencio recorre las calles de Alcoy en Jueves Santo\"}]},{\"@type\":\"WebSite\",\"@id\":\"https:\\\/\\\/www.copealcoy.es\\\/es\\\/#website\",\"url\":\"https:\\\/\\\/www.copealcoy.es\\\/es\\\/\",\"name\":\"COPE Alcoy\",\"description\":\"Emisora COPE de radio local con emisi\u00f3n online. Pont de Sant Jordi 8-10 03803 Alcoy\",\"potentialAction\":[{\"@type\":\"SearchAction\",\"target\":{\"@type\":\"EntryPoint\",\"urlTemplate\":\"https:\\\/\\\/www.copealcoy.es\\\/es\\\/?s={search_term_string}\"},\"query-input\":{\"@type\":\"PropertyValueSpecification\",\"valueRequired\":true,\"valueName\":\"search_term_string\"}}],\"inLanguage\":\"es\"},{\"@type\":\"Person\",\"@id\":\"https:\\\/\\\/www.copealcoy.es\\\/es\\\/#\\\/schema\\\/person\\\/e777c87fa024e57d40170af9df39882c\",\"name\":\"Cope Alcoy\",\"image\":{\"@type\":\"ImageObject\",\"inLanguage\":\"es\",\"@id\":\"https:\\\/\\\/secure.gravatar.com\\\/avatar\\\/bb65d0283347e303893ba14f0692005417c1e0e690a325a4c5d8bb2b3943ee14?s=96&d=mm&r=g\",\"url\":\"https:\\\/\\\/secure.gravatar.com\\\/avatar\\\/bb65d0283347e303893ba14f0692005417c1e0e690a325a4c5d8bb2b3943ee14?s=96&d=mm&r=g\",\"contentUrl\":\"https:\\\/\\\/secure.gravatar.com\\\/avatar\\\/bb65d0283347e303893ba14f0692005417c1e0e690a325a4c5d8bb2b3943ee14?s=96&d=mm&r=g\",\"caption\":\"Cope Alcoy\"}}]}<\/script>\n<!-- \/ Yoast SEO plugin. -->","yoast_head_json":{"title":"La Procesi\u00f3n del Silencio recorre las calles de Alcoy en Jueves Santo - COPE Alcoy","robots":{"index":"index","follow":"follow","max-snippet":"max-snippet:-1","max-image-preview":"max-image-preview:large","max-video-preview":"max-video-preview:-1"},"canonical":"https:\/\/www.copealcoy.es\/es\/la-procesion-del-silencio-recorre-las-calles-de-alcoy-en-jueves-santo\/","og_locale":"es_ES","og_type":"article","og_title":"La Procesi\u00f3n del Silencio recorre las calles de Alcoy en Jueves Santo - COPE Alcoy","og_description":"Alcoy sigue inmersa en las jornadas centrales de la Semana Santa y la jornada del Jueves Santo ha estado marcada...","og_url":"https:\/\/www.copealcoy.es\/es\/la-procesion-del-silencio-recorre-las-calles-de-alcoy-en-jueves-santo\/","og_site_name":"COPE Alcoy","article_published_time":"2022-04-14T21:21:26+00:00","article_modified_time":"2022-04-18T14:43:50+00:00","og_image":[{"width":640,"height":392,"url":"https:\/\/www.copealcoy.es\/wp-content\/uploads\/2022\/04\/IMG_1663-scaled-e1649971508278.jpg","type":"image\/jpeg"}],"author":"Cope Alcoy","twitter_misc":{"Escrito por":"Cope Alcoy","Tiempo de lectura":"2 minutos"},"schema":{"@context":"https:\/\/schema.org","@graph":[{"@type":"Article","@id":"https:\/\/www.copealcoy.es\/es\/la-procesion-del-silencio-recorre-las-calles-de-alcoy-en-jueves-santo\/#article","isPartOf":{"@id":"https:\/\/www.copealcoy.es\/es\/la-procesion-del-silencio-recorre-las-calles-de-alcoy-en-jueves-santo\/"},"author":{"name":"Cope Alcoy","@id":"https:\/\/www.copealcoy.es\/es\/#\/schema\/person\/e777c87fa024e57d40170af9df39882c"},"headline":"La Procesi\u00f3n del Silencio recorre las calles de Alcoy en Jueves Santo","datePublished":"2022-04-14T21:21:26+00:00","dateModified":"2022-04-18T14:43:50+00:00","mainEntityOfPage":{"@id":"https:\/\/www.copealcoy.es\/es\/la-procesion-del-silencio-recorre-las-calles-de-alcoy-en-jueves-santo\/"},"wordCount":317,"commentCount":0,"image":{"@id":"https:\/\/www.copealcoy.es\/es\/la-procesion-del-silencio-recorre-las-calles-de-alcoy-en-jueves-santo\/#primaryimage"},"thumbnailUrl":"https:\/\/www.copealcoy.es\/wp-content\/uploads\/2022\/04\/IMG_1663-scaled-e1649971508278.jpg","keywords":["Alcoy","Cristo Agonizante","Procesi\u00f3n del Silencio","Semana Santa"],"articleSection":["Actualidad","Alcoy","Fiesta y Cultura","Noticias","Portada"],"inLanguage":"es"},{"@type":"WebPage","@id":"https:\/\/www.copealcoy.es\/es\/la-procesion-del-silencio-recorre-las-calles-de-alcoy-en-jueves-santo\/","url":"https:\/\/www.copealcoy.es\/es\/la-procesion-del-silencio-recorre-las-calles-de-alcoy-en-jueves-santo\/","name":"La Procesi\u00f3n del Silencio recorre las calles de Alcoy en Jueves Santo - COPE Alcoy","isPartOf":{"@id":"https:\/\/www.copealcoy.es\/es\/#website"},"primaryImageOfPage":{"@id":"https:\/\/www.copealcoy.es\/es\/la-procesion-del-silencio-recorre-las-calles-de-alcoy-en-jueves-santo\/#primaryimage"},"image":{"@id":"https:\/\/www.copealcoy.es\/es\/la-procesion-del-silencio-recorre-las-calles-de-alcoy-en-jueves-santo\/#primaryimage"},"thumbnailUrl":"https:\/\/www.copealcoy.es\/wp-content\/uploads\/2022\/04\/IMG_1663-scaled-e1649971508278.jpg","datePublished":"2022-04-14T21:21:26+00:00","dateModified":"2022-04-18T14:43:50+00:00","author":{"@id":"https:\/\/www.copealcoy.es\/es\/#\/schema\/person\/e777c87fa024e57d40170af9df39882c"},"breadcrumb":{"@id":"https:\/\/www.copealcoy.es\/es\/la-procesion-del-silencio-recorre-las-calles-de-alcoy-en-jueves-santo\/#breadcrumb"},"inLanguage":"es","potentialAction":[{"@type":"ReadAction","target":["https:\/\/www.copealcoy.es\/es\/la-procesion-del-silencio-recorre-las-calles-de-alcoy-en-jueves-santo\/"]}]},{"@type":"ImageObject","inLanguage":"es","@id":"https:\/\/www.copealcoy.es\/es\/la-procesion-del-silencio-recorre-las-calles-de-alcoy-en-jueves-santo\/#primaryimage","url":"https:\/\/www.copealcoy.es\/wp-content\/uploads\/2022\/04\/IMG_1663-scaled-e1649971508278.jpg","contentUrl":"https:\/\/www.copealcoy.es\/wp-content\/uploads\/2022\/04\/IMG_1663-scaled-e1649971508278.jpg","width":640,"height":392,"caption":"Procesi\u00f3n del Silencio 2022"},{"@type":"BreadcrumbList","@id":"https:\/\/www.copealcoy.es\/es\/la-procesion-del-silencio-recorre-las-calles-de-alcoy-en-jueves-santo\/#breadcrumb","itemListElement":[{"@type":"ListItem","position":1,"name":"Portada","item":"https:\/\/www.copealcoy.es\/es\/"},{"@type":"ListItem","position":2,"name":"La Procesi\u00f3n del Silencio recorre las calles de Alcoy en Jueves Santo"}]},{"@type":"WebSite","@id":"https:\/\/www.copealcoy.es\/es\/#website","url":"https:\/\/www.copealcoy.es\/es\/","name":"COPE Alcoy","description":"Emisora COPE de radio local con emisi\u00f3n online. Pont de Sant Jordi 8-10 03803 Alcoy","potentialAction":[{"@type":"SearchAction","target":{"@type":"EntryPoint","urlTemplate":"https:\/\/www.copealcoy.es\/es\/?s={search_term_string}"},"query-input":{"@type":"PropertyValueSpecification","valueRequired":true,"valueName":"search_term_string"}}],"inLanguage":"es"},{"@type":"Person","@id":"https:\/\/www.copealcoy.es\/es\/#\/schema\/person\/e777c87fa024e57d40170af9df39882c","name":"Cope Alcoy","image":{"@type":"ImageObject","inLanguage":"es","@id":"https:\/\/secure.gravatar.com\/avatar\/bb65d0283347e303893ba14f0692005417c1e0e690a325a4c5d8bb2b3943ee14?s=96&d=mm&r=g","url":"https:\/\/secure.gravatar.com\/avatar\/bb65d0283347e303893ba14f0692005417c1e0e690a325a4c5d8bb2b3943ee14?s=96&d=mm&r=g","contentUrl":"https:\/\/secure.gravatar.com\/avatar\/bb65d0283347e303893ba14f0692005417c1e0e690a325a4c5d8bb2b3943ee14?s=96&d=mm&r=g","caption":"Cope Alcoy"}}]}},"_links":{"self":[{"href":"https:\/\/www.copealcoy.es\/es\/wp-json\/wp\/v2\/posts\/86168","targetHints":{"allow":["GET"]}}],"collection":[{"href":"https:\/\/www.copealcoy.es\/es\/wp-json\/wp\/v2\/posts"}],"about":[{"href":"https:\/\/www.copealcoy.es\/es\/wp-json\/wp\/v2\/types\/post"}],"author":[{"embeddable":true,"href":"https:\/\/www.copealcoy.es\/es\/wp-json\/wp\/v2\/users\/1"}],"replies":[{"embeddable":true,"href":"https:\/\/www.copealcoy.es\/es\/wp-json\/wp\/v2\/comments?post=86168"}],"version-history":[{"count":0,"href":"https:\/\/www.copealcoy.es\/es\/wp-json\/wp\/v2\/posts\/86168\/revisions"}],"wp:featuredmedia":[{"embeddable":true,"href":"https:\/\/www.copealcoy.es\/es\/wp-json\/wp\/v2\/media\/86171"}],"wp:attachment":[{"href":"https:\/\/www.copealcoy.es\/es\/wp-json\/wp\/v2\/media?parent=86168"}],"wp:term":[{"taxonomy":"category","embeddable":true,"href":"https:\/\/www.copealcoy.es\/es\/wp-json\/wp\/v2\/categories?post=86168"},{"taxonomy":"post_tag","embeddable":true,"href":"https:\/\/www.copealcoy.es\/es\/wp-json\/wp\/v2\/tags?post=86168"}],"curies":[{"name":"wp","href":"https:\/\/api.w.org\/{rel}","templated":true}]}}