{"id":86158,"date":"2022-04-14T07:51:44","date_gmt":"2022-04-14T06:51:44","guid":{"rendered":"https:\/\/www.copealcoy.es\/?p=86158"},"modified":"2022-04-14T23:23:24","modified_gmt":"2022-04-14T22:23:24","slug":"la-comarca-se-adentra-de-lleno-en-las-jornadas-centrales-de-semana-santa","status":"publish","type":"post","link":"https:\/\/www.copealcoy.es\/es\/la-comarca-se-adentra-de-lleno-en-las-jornadas-centrales-de-semana-santa\/","title":{"rendered":"La comarca se adentra de lleno en las jornadas centrales de Semana Santa"},"content":{"rendered":"<p style=\"text-align: justify;\">Los <strong>municipios de las comarcas de l&#8217;Alcoi\u00e0 y el Comtat<\/strong> se han adentrado desde hoy en <strong>las jornadas centrales de la Semana Santa<\/strong> despu\u00e9s de un Mi\u00e9rcoles Santo en el que <strong>la lluvia condicion\u00f3 la celebraci\u00f3n de algunas procesiones<\/strong>. De hecho, <strong>en Cocentaina no pudo salir el Nazareno del Monasterio de la Mare de D\u00e9u del Miracle<\/strong> mientras que <strong>en Banyeres de Mariola tampoco hubo Procesi\u00f3n del Silencio<\/strong> llev\u00e1ndose a cabo una oraci\u00f3n dentro de la iglesia en sustituci\u00f3n de la misma.<\/p>\n<p style=\"text-align: justify;\">El <strong>Jueves Santo<\/strong> estar\u00e1 marcado por <strong>las celebraciones de la Misa Vespertina de la Cena del Se\u00f1or<\/strong> en las iglesias de los diferentes municipios estas comarcas. Adem\u00e1s, <strong>esta noche tendr\u00e1 lugar la tradicional visita a los monumentos<\/strong> mientras que <strong>habr\u00e1 procesiones si el tiempo lo permite<\/strong>. En <strong>Cocentaina<\/strong>, a las 12h de la medianoche, partir\u00e1 desde la iglesia de Santa Mar\u00eda <strong>la Procesi\u00f3n del Silencio con la talla del Crist dels Llauradors<\/strong>; la m\u00e1s antigua de la localidad ya que data del Siglo XVI. En <strong>Muro<\/strong> tambi\u00e9n <strong>habr\u00e1 V\u00eda Crucis desde la parroquia<\/strong>, a las 23:00h, con la imagen del Nazareno y <strong>en Banyeres se han previsto oraciones ante el monumento<\/strong> durante toda la noche.<\/p>\n<p style=\"text-align: justify;\">Recuerda que <strong>el Jueves Santo es el d\u00eda en el que empieza el Triduo Pascual<\/strong>, con la Misa de la Cena del Se\u00f1or. En la misma se conmemora la instituci\u00f3n de la Eucarist\u00eda como memorial de su Pasi\u00f3n.<\/p>\n","protected":false},"excerpt":{"rendered":"<p>Los municipios de las comarcas de l&#8217;Alcoi\u00e0 y el Comtat se han adentrado desde hoy en las jornadas centrales de&#8230;<\/p>\n","protected":false},"author":1,"featured_media":86159,"comment_status":"open","ping_status":"open","sticky":false,"template":"","format":"standard","meta":{"footnotes":""},"categories":[98,75],"tags":[482,237,7477,915,745],"class_list":["post-86158","post","type-post","status-publish","format-standard","has-post-thumbnail","hentry","category-comarcas","category-noticias","tag-alcoia","tag-comtat","tag-pandemia","tag-procesiones","tag-semana-santa"],"yoast_head":"<!-- This site is optimized with the Yoast SEO plugin v27.3 - https:\/\/yoast.com\/product\/yoast-seo-wordpress\/ -->\n<title>La comarca se adentra de lleno en las jornadas centrales de Semana Santa - COPE Alcoy<\/title>\n<meta name=\"robots\" content=\"index, follow, max-snippet:-1, max-image-preview:large, max-video-preview:-1\" \/>\n<link rel=\"canonical\" href=\"https:\/\/www.copealcoy.es\/es\/la-comarca-se-adentra-de-lleno-en-las-jornadas-centrales-de-semana-santa\/\" \/>\n<meta property=\"og:locale\" content=\"es_ES\" \/>\n<meta property=\"og:type\" content=\"article\" \/>\n<meta property=\"og:title\" content=\"La comarca se adentra de lleno en las jornadas centrales de Semana Santa - COPE Alcoy\" \/>\n<meta property=\"og:description\" content=\"Los municipios de las comarcas de l&#8217;Alcoi\u00e0 y el Comtat se han adentrado desde hoy en las jornadas centrales de...\" \/>\n<meta property=\"og:url\" content=\"https:\/\/www.copealcoy.es\/es\/la-comarca-se-adentra-de-lleno-en-las-jornadas-centrales-de-semana-santa\/\" \/>\n<meta property=\"og:site_name\" content=\"COPE Alcoy\" \/>\n<meta property=\"article:published_time\" content=\"2022-04-14T06:51:44+00:00\" \/>\n<meta property=\"article:modified_time\" content=\"2022-04-14T22:23:24+00:00\" \/>\n<meta property=\"og:image\" content=\"https:\/\/www.copealcoy.es\/wp-content\/uploads\/2022\/04\/Captura-de-pantalla-2022-04-14-a-las-8.41.12.png\" \/>\n\t<meta property=\"og:image:width\" content=\"885\" \/>\n\t<meta property=\"og:image:height\" content=\"460\" \/>\n\t<meta property=\"og:image:type\" content=\"image\/png\" \/>\n<meta name=\"author\" content=\"Cope Alcoy\" \/>\n<meta name=\"twitter:label1\" content=\"Escrito por\" \/>\n\t<meta name=\"twitter:data1\" content=\"Cope Alcoy\" \/>\n\t<meta name=\"twitter:label2\" content=\"Tiempo de lectura\" \/>\n\t<meta name=\"twitter:data2\" content=\"2 minutos\" \/>\n<script type=\"application\/ld+json\" class=\"yoast-schema-graph\">{\"@context\":\"https:\\\/\\\/schema.org\",\"@graph\":[{\"@type\":\"Article\",\"@id\":\"https:\\\/\\\/www.copealcoy.es\\\/es\\\/la-comarca-se-adentra-de-lleno-en-las-jornadas-centrales-de-semana-santa\\\/#article\",\"isPartOf\":{\"@id\":\"https:\\\/\\\/www.copealcoy.es\\\/es\\\/la-comarca-se-adentra-de-lleno-en-las-jornadas-centrales-de-semana-santa\\\/\"},\"author\":{\"name\":\"Cope Alcoy\",\"@id\":\"https:\\\/\\\/www.copealcoy.es\\\/es\\\/#\\\/schema\\\/person\\\/e777c87fa024e57d40170af9df39882c\"},\"headline\":\"La comarca se adentra de lleno en las jornadas centrales de Semana Santa\",\"datePublished\":\"2022-04-14T06:51:44+00:00\",\"dateModified\":\"2022-04-14T22:23:24+00:00\",\"mainEntityOfPage\":{\"@id\":\"https:\\\/\\\/www.copealcoy.es\\\/es\\\/la-comarca-se-adentra-de-lleno-en-las-jornadas-centrales-de-semana-santa\\\/\"},\"wordCount\":269,\"commentCount\":0,\"image\":{\"@id\":\"https:\\\/\\\/www.copealcoy.es\\\/es\\\/la-comarca-se-adentra-de-lleno-en-las-jornadas-centrales-de-semana-santa\\\/#primaryimage\"},\"thumbnailUrl\":\"https:\\\/\\\/www.copealcoy.es\\\/wp-content\\\/uploads\\\/2022\\\/04\\\/Captura-de-pantalla-2022-04-14-a-las-8.41.12.png\",\"keywords\":[\"Alcoi\u00e0\",\"Comtat\",\"pandemia\",\"Procesiones\",\"Semana Santa\"],\"articleSection\":[\"Comarcas\",\"Noticias\"],\"inLanguage\":\"es\"},{\"@type\":\"WebPage\",\"@id\":\"https:\\\/\\\/www.copealcoy.es\\\/es\\\/la-comarca-se-adentra-de-lleno-en-las-jornadas-centrales-de-semana-santa\\\/\",\"url\":\"https:\\\/\\\/www.copealcoy.es\\\/es\\\/la-comarca-se-adentra-de-lleno-en-las-jornadas-centrales-de-semana-santa\\\/\",\"name\":\"La comarca se adentra de lleno en las jornadas centrales de Semana Santa - COPE Alcoy\",\"isPartOf\":{\"@id\":\"https:\\\/\\\/www.copealcoy.es\\\/es\\\/#website\"},\"primaryImageOfPage\":{\"@id\":\"https:\\\/\\\/www.copealcoy.es\\\/es\\\/la-comarca-se-adentra-de-lleno-en-las-jornadas-centrales-de-semana-santa\\\/#primaryimage\"},\"image\":{\"@id\":\"https:\\\/\\\/www.copealcoy.es\\\/es\\\/la-comarca-se-adentra-de-lleno-en-las-jornadas-centrales-de-semana-santa\\\/#primaryimage\"},\"thumbnailUrl\":\"https:\\\/\\\/www.copealcoy.es\\\/wp-content\\\/uploads\\\/2022\\\/04\\\/Captura-de-pantalla-2022-04-14-a-las-8.41.12.png\",\"datePublished\":\"2022-04-14T06:51:44+00:00\",\"dateModified\":\"2022-04-14T22:23:24+00:00\",\"author\":{\"@id\":\"https:\\\/\\\/www.copealcoy.es\\\/es\\\/#\\\/schema\\\/person\\\/e777c87fa024e57d40170af9df39882c\"},\"breadcrumb\":{\"@id\":\"https:\\\/\\\/www.copealcoy.es\\\/es\\\/la-comarca-se-adentra-de-lleno-en-las-jornadas-centrales-de-semana-santa\\\/#breadcrumb\"},\"inLanguage\":\"es\",\"potentialAction\":[{\"@type\":\"ReadAction\",\"target\":[\"https:\\\/\\\/www.copealcoy.es\\\/es\\\/la-comarca-se-adentra-de-lleno-en-las-jornadas-centrales-de-semana-santa\\\/\"]}]},{\"@type\":\"ImageObject\",\"inLanguage\":\"es\",\"@id\":\"https:\\\/\\\/www.copealcoy.es\\\/es\\\/la-comarca-se-adentra-de-lleno-en-las-jornadas-centrales-de-semana-santa\\\/#primaryimage\",\"url\":\"https:\\\/\\\/www.copealcoy.es\\\/wp-content\\\/uploads\\\/2022\\\/04\\\/Captura-de-pantalla-2022-04-14-a-las-8.41.12.png\",\"contentUrl\":\"https:\\\/\\\/www.copealcoy.es\\\/wp-content\\\/uploads\\\/2022\\\/04\\\/Captura-de-pantalla-2022-04-14-a-las-8.41.12.png\",\"width\":885,\"height\":460},{\"@type\":\"BreadcrumbList\",\"@id\":\"https:\\\/\\\/www.copealcoy.es\\\/es\\\/la-comarca-se-adentra-de-lleno-en-las-jornadas-centrales-de-semana-santa\\\/#breadcrumb\",\"itemListElement\":[{\"@type\":\"ListItem\",\"position\":1,\"name\":\"Portada\",\"item\":\"https:\\\/\\\/www.copealcoy.es\\\/es\\\/\"},{\"@type\":\"ListItem\",\"position\":2,\"name\":\"La comarca se adentra de lleno en las jornadas centrales de Semana Santa\"}]},{\"@type\":\"WebSite\",\"@id\":\"https:\\\/\\\/www.copealcoy.es\\\/es\\\/#website\",\"url\":\"https:\\\/\\\/www.copealcoy.es\\\/es\\\/\",\"name\":\"COPE Alcoy\",\"description\":\"Emisora COPE de radio local con emisi\u00f3n online. Pont de Sant Jordi 8-10 03803 Alcoy\",\"potentialAction\":[{\"@type\":\"SearchAction\",\"target\":{\"@type\":\"EntryPoint\",\"urlTemplate\":\"https:\\\/\\\/www.copealcoy.es\\\/es\\\/?s={search_term_string}\"},\"query-input\":{\"@type\":\"PropertyValueSpecification\",\"valueRequired\":true,\"valueName\":\"search_term_string\"}}],\"inLanguage\":\"es\"},{\"@type\":\"Person\",\"@id\":\"https:\\\/\\\/www.copealcoy.es\\\/es\\\/#\\\/schema\\\/person\\\/e777c87fa024e57d40170af9df39882c\",\"name\":\"Cope Alcoy\",\"image\":{\"@type\":\"ImageObject\",\"inLanguage\":\"es\",\"@id\":\"https:\\\/\\\/secure.gravatar.com\\\/avatar\\\/bb65d0283347e303893ba14f0692005417c1e0e690a325a4c5d8bb2b3943ee14?s=96&d=mm&r=g\",\"url\":\"https:\\\/\\\/secure.gravatar.com\\\/avatar\\\/bb65d0283347e303893ba14f0692005417c1e0e690a325a4c5d8bb2b3943ee14?s=96&d=mm&r=g\",\"contentUrl\":\"https:\\\/\\\/secure.gravatar.com\\\/avatar\\\/bb65d0283347e303893ba14f0692005417c1e0e690a325a4c5d8bb2b3943ee14?s=96&d=mm&r=g\",\"caption\":\"Cope Alcoy\"}}]}<\/script>\n<!-- \/ Yoast SEO plugin. -->","yoast_head_json":{"title":"La comarca se adentra de lleno en las jornadas centrales de Semana Santa - COPE Alcoy","robots":{"index":"index","follow":"follow","max-snippet":"max-snippet:-1","max-image-preview":"max-image-preview:large","max-video-preview":"max-video-preview:-1"},"canonical":"https:\/\/www.copealcoy.es\/es\/la-comarca-se-adentra-de-lleno-en-las-jornadas-centrales-de-semana-santa\/","og_locale":"es_ES","og_type":"article","og_title":"La comarca se adentra de lleno en las jornadas centrales de Semana Santa - COPE Alcoy","og_description":"Los municipios de las comarcas de l&#8217;Alcoi\u00e0 y el Comtat se han adentrado desde hoy en las jornadas centrales de...","og_url":"https:\/\/www.copealcoy.es\/es\/la-comarca-se-adentra-de-lleno-en-las-jornadas-centrales-de-semana-santa\/","og_site_name":"COPE Alcoy","article_published_time":"2022-04-14T06:51:44+00:00","article_modified_time":"2022-04-14T22:23:24+00:00","og_image":[{"width":885,"height":460,"url":"https:\/\/www.copealcoy.es\/wp-content\/uploads\/2022\/04\/Captura-de-pantalla-2022-04-14-a-las-8.41.12.png","type":"image\/png"}],"author":"Cope Alcoy","twitter_misc":{"Escrito por":"Cope Alcoy","Tiempo de lectura":"2 minutos"},"schema":{"@context":"https:\/\/schema.org","@graph":[{"@type":"Article","@id":"https:\/\/www.copealcoy.es\/es\/la-comarca-se-adentra-de-lleno-en-las-jornadas-centrales-de-semana-santa\/#article","isPartOf":{"@id":"https:\/\/www.copealcoy.es\/es\/la-comarca-se-adentra-de-lleno-en-las-jornadas-centrales-de-semana-santa\/"},"author":{"name":"Cope Alcoy","@id":"https:\/\/www.copealcoy.es\/es\/#\/schema\/person\/e777c87fa024e57d40170af9df39882c"},"headline":"La comarca se adentra de lleno en las jornadas centrales de Semana Santa","datePublished":"2022-04-14T06:51:44+00:00","dateModified":"2022-04-14T22:23:24+00:00","mainEntityOfPage":{"@id":"https:\/\/www.copealcoy.es\/es\/la-comarca-se-adentra-de-lleno-en-las-jornadas-centrales-de-semana-santa\/"},"wordCount":269,"commentCount":0,"image":{"@id":"https:\/\/www.copealcoy.es\/es\/la-comarca-se-adentra-de-lleno-en-las-jornadas-centrales-de-semana-santa\/#primaryimage"},"thumbnailUrl":"https:\/\/www.copealcoy.es\/wp-content\/uploads\/2022\/04\/Captura-de-pantalla-2022-04-14-a-las-8.41.12.png","keywords":["Alcoi\u00e0","Comtat","pandemia","Procesiones","Semana Santa"],"articleSection":["Comarcas","Noticias"],"inLanguage":"es"},{"@type":"WebPage","@id":"https:\/\/www.copealcoy.es\/es\/la-comarca-se-adentra-de-lleno-en-las-jornadas-centrales-de-semana-santa\/","url":"https:\/\/www.copealcoy.es\/es\/la-comarca-se-adentra-de-lleno-en-las-jornadas-centrales-de-semana-santa\/","name":"La comarca se adentra de lleno en las jornadas centrales de Semana Santa - COPE Alcoy","isPartOf":{"@id":"https:\/\/www.copealcoy.es\/es\/#website"},"primaryImageOfPage":{"@id":"https:\/\/www.copealcoy.es\/es\/la-comarca-se-adentra-de-lleno-en-las-jornadas-centrales-de-semana-santa\/#primaryimage"},"image":{"@id":"https:\/\/www.copealcoy.es\/es\/la-comarca-se-adentra-de-lleno-en-las-jornadas-centrales-de-semana-santa\/#primaryimage"},"thumbnailUrl":"https:\/\/www.copealcoy.es\/wp-content\/uploads\/2022\/04\/Captura-de-pantalla-2022-04-14-a-las-8.41.12.png","datePublished":"2022-04-14T06:51:44+00:00","dateModified":"2022-04-14T22:23:24+00:00","author":{"@id":"https:\/\/www.copealcoy.es\/es\/#\/schema\/person\/e777c87fa024e57d40170af9df39882c"},"breadcrumb":{"@id":"https:\/\/www.copealcoy.es\/es\/la-comarca-se-adentra-de-lleno-en-las-jornadas-centrales-de-semana-santa\/#breadcrumb"},"inLanguage":"es","potentialAction":[{"@type":"ReadAction","target":["https:\/\/www.copealcoy.es\/es\/la-comarca-se-adentra-de-lleno-en-las-jornadas-centrales-de-semana-santa\/"]}]},{"@type":"ImageObject","inLanguage":"es","@id":"https:\/\/www.copealcoy.es\/es\/la-comarca-se-adentra-de-lleno-en-las-jornadas-centrales-de-semana-santa\/#primaryimage","url":"https:\/\/www.copealcoy.es\/wp-content\/uploads\/2022\/04\/Captura-de-pantalla-2022-04-14-a-las-8.41.12.png","contentUrl":"https:\/\/www.copealcoy.es\/wp-content\/uploads\/2022\/04\/Captura-de-pantalla-2022-04-14-a-las-8.41.12.png","width":885,"height":460},{"@type":"BreadcrumbList","@id":"https:\/\/www.copealcoy.es\/es\/la-comarca-se-adentra-de-lleno-en-las-jornadas-centrales-de-semana-santa\/#breadcrumb","itemListElement":[{"@type":"ListItem","position":1,"name":"Portada","item":"https:\/\/www.copealcoy.es\/es\/"},{"@type":"ListItem","position":2,"name":"La comarca se adentra de lleno en las jornadas centrales de Semana Santa"}]},{"@type":"WebSite","@id":"https:\/\/www.copealcoy.es\/es\/#website","url":"https:\/\/www.copealcoy.es\/es\/","name":"COPE Alcoy","description":"Emisora COPE de radio local con emisi\u00f3n online. Pont de Sant Jordi 8-10 03803 Alcoy","potentialAction":[{"@type":"SearchAction","target":{"@type":"EntryPoint","urlTemplate":"https:\/\/www.copealcoy.es\/es\/?s={search_term_string}"},"query-input":{"@type":"PropertyValueSpecification","valueRequired":true,"valueName":"search_term_string"}}],"inLanguage":"es"},{"@type":"Person","@id":"https:\/\/www.copealcoy.es\/es\/#\/schema\/person\/e777c87fa024e57d40170af9df39882c","name":"Cope Alcoy","image":{"@type":"ImageObject","inLanguage":"es","@id":"https:\/\/secure.gravatar.com\/avatar\/bb65d0283347e303893ba14f0692005417c1e0e690a325a4c5d8bb2b3943ee14?s=96&d=mm&r=g","url":"https:\/\/secure.gravatar.com\/avatar\/bb65d0283347e303893ba14f0692005417c1e0e690a325a4c5d8bb2b3943ee14?s=96&d=mm&r=g","contentUrl":"https:\/\/secure.gravatar.com\/avatar\/bb65d0283347e303893ba14f0692005417c1e0e690a325a4c5d8bb2b3943ee14?s=96&d=mm&r=g","caption":"Cope Alcoy"}}]}},"_links":{"self":[{"href":"https:\/\/www.copealcoy.es\/es\/wp-json\/wp\/v2\/posts\/86158","targetHints":{"allow":["GET"]}}],"collection":[{"href":"https:\/\/www.copealcoy.es\/es\/wp-json\/wp\/v2\/posts"}],"about":[{"href":"https:\/\/www.copealcoy.es\/es\/wp-json\/wp\/v2\/types\/post"}],"author":[{"embeddable":true,"href":"https:\/\/www.copealcoy.es\/es\/wp-json\/wp\/v2\/users\/1"}],"replies":[{"embeddable":true,"href":"https:\/\/www.copealcoy.es\/es\/wp-json\/wp\/v2\/comments?post=86158"}],"version-history":[{"count":0,"href":"https:\/\/www.copealcoy.es\/es\/wp-json\/wp\/v2\/posts\/86158\/revisions"}],"wp:featuredmedia":[{"embeddable":true,"href":"https:\/\/www.copealcoy.es\/es\/wp-json\/wp\/v2\/media\/86159"}],"wp:attachment":[{"href":"https:\/\/www.copealcoy.es\/es\/wp-json\/wp\/v2\/media?parent=86158"}],"wp:term":[{"taxonomy":"category","embeddable":true,"href":"https:\/\/www.copealcoy.es\/es\/wp-json\/wp\/v2\/categories?post=86158"},{"taxonomy":"post_tag","embeddable":true,"href":"https:\/\/www.copealcoy.es\/es\/wp-json\/wp\/v2\/tags?post=86158"}],"curies":[{"name":"wp","href":"https:\/\/api.w.org\/{rel}","templated":true}]}}