{"id":86140,"date":"2022-04-13T21:01:29","date_gmt":"2022-04-13T20:01:29","guid":{"rendered":"https:\/\/www.copealcoy.es\/?p=86140"},"modified":"2022-04-13T22:22:07","modified_gmt":"2022-04-13T21:22:07","slug":"buenos-datos-de-ocupacion-para-semana-santa","status":"publish","type":"post","link":"https:\/\/www.copealcoy.es\/es\/buenos-datos-de-ocupacion-para-semana-santa\/","title":{"rendered":"Buenos datos de ocupaci\u00f3n para Semana Santa"},"content":{"rendered":"<p style=\"text-align: justify;\">Las <strong>previsiones de ocupaci\u00f3n tur\u00edstica<\/strong> para la Semana Santa <strong>son realmente \u00f3ptimas<\/strong> en este a\u00f1o 2022 seg\u00fan aseguran desde<strong> la Asociaci\u00f3n de Turismo Alicante Interior<\/strong>. A d\u00eda de hoy, en v\u00edspera del Jueves Santo, <strong>se roza el 100% en los alojamientos rurales de las comarcas de l&#8217;Alcoi\u00e0 y el Comtat<\/strong> mientras que la misma cifra se alcanza en<strong> los establecimientos situados en el casco urbano de Alcoy<\/strong>.<\/p>\n<p style=\"text-align: justify;\">Desde Turismo Interior se\u00f1alan que esto supondr\u00e1 <strong>un aut\u00e9ntico bal\u00f3n de ox\u00edgeno<\/strong> para un sector que tambi\u00e9n ha sufrido con dureza <strong>las consecuencias de la crisis sanitaria del Coronavirus<\/strong>. De hecho, <strong>en 2020<\/strong>, <strong>no hubo campa\u00f1a de Pascua<\/strong> por estar confinados y <strong>en 2021 tuvo un leve impacto<\/strong> puesto que todav\u00eda estaban en vigor muchas de las restricciones para frenar los contagios derivados de la pandemia. La <strong>coincidencia con las Fiestas de Moros y Cristianos<\/strong> tambi\u00e9n ha motivado que <strong>haya muchas reservas de \u00faltima hora<\/strong> &#8220;<em>la gente que viene a nuestras comarcas busca disfrutar del patrimonio, la gastronom\u00eda y nuestro entorno natural. Adem\u00e1s, este a\u00f1o ha despertado mucho inter\u00e9s los actos previos a la trilog\u00eda e incluso las procesiones que se celebran en varios municipios<\/em>&#8220;, afirmaba en COPE ALCOY este mi\u00e9rcoles <strong>Ram\u00f3n Reche<\/strong>; Vicepresidente de Alicante Interior.<\/p>\n<p style=\"text-align: justify;\">El hecho de que Semana Santa <strong>caiga este a\u00f1o tard\u00eda en el calendario<\/strong> augura tambi\u00e9n una buena climatolog\u00eda, lo cual <strong>propicia la afluencia de turistas<\/strong>. De hecho, seg\u00fan la AEMET, a partir del Viernes Santo <strong>ser\u00e1n protagonistas el sol y las altas temperaturas<\/strong>.<\/p>\n","protected":false},"excerpt":{"rendered":"<p>Las previsiones de ocupaci\u00f3n tur\u00edstica para la Semana Santa son realmente \u00f3ptimas en este a\u00f1o 2022 seg\u00fan aseguran desde la&#8230;<\/p>\n","protected":false},"author":1,"featured_media":8938,"comment_status":"open","ping_status":"open","sticky":false,"template":"","format":"standard","meta":{"footnotes":""},"categories":[6909,98,75,125],"tags":[7382,728,745,1816],"class_list":["post-86140","post","type-post","status-publish","format-standard","has-post-thumbnail","hentry","category-actualidad","category-comarcas","category-noticias","category-portada","tag-datos","tag-ocupacion","tag-semana-santa","tag-turismo-interior"],"yoast_head":"<!-- This site is optimized with the Yoast SEO plugin v27.3 - https:\/\/yoast.com\/product\/yoast-seo-wordpress\/ -->\n<title>Buenos datos de ocupaci\u00f3n para Semana Santa - COPE Alcoy<\/title>\n<meta name=\"robots\" content=\"index, follow, max-snippet:-1, max-image-preview:large, max-video-preview:-1\" \/>\n<link rel=\"canonical\" href=\"https:\/\/www.copealcoy.es\/es\/buenos-datos-de-ocupacion-para-semana-santa\/\" \/>\n<meta property=\"og:locale\" content=\"es_ES\" \/>\n<meta property=\"og:type\" content=\"article\" \/>\n<meta property=\"og:title\" content=\"Buenos datos de ocupaci\u00f3n para Semana Santa - COPE Alcoy\" \/>\n<meta property=\"og:description\" content=\"Las previsiones de ocupaci\u00f3n tur\u00edstica para la Semana Santa son realmente \u00f3ptimas en este a\u00f1o 2022 seg\u00fan aseguran desde la...\" \/>\n<meta property=\"og:url\" content=\"https:\/\/www.copealcoy.es\/es\/buenos-datos-de-ocupacion-para-semana-santa\/\" \/>\n<meta property=\"og:site_name\" content=\"COPE Alcoy\" \/>\n<meta property=\"article:published_time\" content=\"2022-04-13T20:01:29+00:00\" \/>\n<meta property=\"article:modified_time\" content=\"2022-04-13T21:22:07+00:00\" \/>\n<meta property=\"og:image\" content=\"https:\/\/www.copealcoy.es\/wp-content\/uploads\/2014\/12\/image50.jpg\" \/>\n\t<meta property=\"og:image:width\" content=\"1437\" \/>\n\t<meta property=\"og:image:height\" content=\"1080\" \/>\n\t<meta property=\"og:image:type\" content=\"image\/jpeg\" \/>\n<meta name=\"author\" content=\"Cope Alcoy\" \/>\n<meta name=\"twitter:label1\" content=\"Escrito por\" \/>\n\t<meta name=\"twitter:data1\" content=\"Cope Alcoy\" \/>\n\t<meta name=\"twitter:label2\" content=\"Tiempo de lectura\" \/>\n\t<meta name=\"twitter:data2\" content=\"2 minutos\" \/>\n<script type=\"application\/ld+json\" class=\"yoast-schema-graph\">{\"@context\":\"https:\\\/\\\/schema.org\",\"@graph\":[{\"@type\":\"Article\",\"@id\":\"https:\\\/\\\/www.copealcoy.es\\\/es\\\/buenos-datos-de-ocupacion-para-semana-santa\\\/#article\",\"isPartOf\":{\"@id\":\"https:\\\/\\\/www.copealcoy.es\\\/es\\\/buenos-datos-de-ocupacion-para-semana-santa\\\/\"},\"author\":{\"name\":\"Cope Alcoy\",\"@id\":\"https:\\\/\\\/www.copealcoy.es\\\/es\\\/#\\\/schema\\\/person\\\/e777c87fa024e57d40170af9df39882c\"},\"headline\":\"Buenos datos de ocupaci\u00f3n para Semana Santa\",\"datePublished\":\"2022-04-13T20:01:29+00:00\",\"dateModified\":\"2022-04-13T21:22:07+00:00\",\"mainEntityOfPage\":{\"@id\":\"https:\\\/\\\/www.copealcoy.es\\\/es\\\/buenos-datos-de-ocupacion-para-semana-santa\\\/\"},\"wordCount\":280,\"commentCount\":0,\"image\":{\"@id\":\"https:\\\/\\\/www.copealcoy.es\\\/es\\\/buenos-datos-de-ocupacion-para-semana-santa\\\/#primaryimage\"},\"thumbnailUrl\":\"https:\\\/\\\/www.copealcoy.es\\\/wp-content\\\/uploads\\\/2014\\\/12\\\/image50.jpg\",\"keywords\":[\"datos\",\"Ocupaci\u00f3n\",\"Semana Santa\",\"Turismo Interior\"],\"articleSection\":[\"Actualidad\",\"Comarcas\",\"Noticias\",\"Portada\"],\"inLanguage\":\"es\"},{\"@type\":\"WebPage\",\"@id\":\"https:\\\/\\\/www.copealcoy.es\\\/es\\\/buenos-datos-de-ocupacion-para-semana-santa\\\/\",\"url\":\"https:\\\/\\\/www.copealcoy.es\\\/es\\\/buenos-datos-de-ocupacion-para-semana-santa\\\/\",\"name\":\"Buenos datos de ocupaci\u00f3n para Semana Santa - COPE Alcoy\",\"isPartOf\":{\"@id\":\"https:\\\/\\\/www.copealcoy.es\\\/es\\\/#website\"},\"primaryImageOfPage\":{\"@id\":\"https:\\\/\\\/www.copealcoy.es\\\/es\\\/buenos-datos-de-ocupacion-para-semana-santa\\\/#primaryimage\"},\"image\":{\"@id\":\"https:\\\/\\\/www.copealcoy.es\\\/es\\\/buenos-datos-de-ocupacion-para-semana-santa\\\/#primaryimage\"},\"thumbnailUrl\":\"https:\\\/\\\/www.copealcoy.es\\\/wp-content\\\/uploads\\\/2014\\\/12\\\/image50.jpg\",\"datePublished\":\"2022-04-13T20:01:29+00:00\",\"dateModified\":\"2022-04-13T21:22:07+00:00\",\"author\":{\"@id\":\"https:\\\/\\\/www.copealcoy.es\\\/es\\\/#\\\/schema\\\/person\\\/e777c87fa024e57d40170af9df39882c\"},\"breadcrumb\":{\"@id\":\"https:\\\/\\\/www.copealcoy.es\\\/es\\\/buenos-datos-de-ocupacion-para-semana-santa\\\/#breadcrumb\"},\"inLanguage\":\"es\",\"potentialAction\":[{\"@type\":\"ReadAction\",\"target\":[\"https:\\\/\\\/www.copealcoy.es\\\/es\\\/buenos-datos-de-ocupacion-para-semana-santa\\\/\"]}]},{\"@type\":\"ImageObject\",\"inLanguage\":\"es\",\"@id\":\"https:\\\/\\\/www.copealcoy.es\\\/es\\\/buenos-datos-de-ocupacion-para-semana-santa\\\/#primaryimage\",\"url\":\"https:\\\/\\\/www.copealcoy.es\\\/wp-content\\\/uploads\\\/2014\\\/12\\\/image50.jpg\",\"contentUrl\":\"https:\\\/\\\/www.copealcoy.es\\\/wp-content\\\/uploads\\\/2014\\\/12\\\/image50.jpg\",\"width\":1437,\"height\":1080},{\"@type\":\"BreadcrumbList\",\"@id\":\"https:\\\/\\\/www.copealcoy.es\\\/es\\\/buenos-datos-de-ocupacion-para-semana-santa\\\/#breadcrumb\",\"itemListElement\":[{\"@type\":\"ListItem\",\"position\":1,\"name\":\"Portada\",\"item\":\"https:\\\/\\\/www.copealcoy.es\\\/es\\\/\"},{\"@type\":\"ListItem\",\"position\":2,\"name\":\"Buenos datos de ocupaci\u00f3n para Semana Santa\"}]},{\"@type\":\"WebSite\",\"@id\":\"https:\\\/\\\/www.copealcoy.es\\\/es\\\/#website\",\"url\":\"https:\\\/\\\/www.copealcoy.es\\\/es\\\/\",\"name\":\"COPE Alcoy\",\"description\":\"Emisora COPE de radio local con emisi\u00f3n online. Pont de Sant Jordi 8-10 03803 Alcoy\",\"potentialAction\":[{\"@type\":\"SearchAction\",\"target\":{\"@type\":\"EntryPoint\",\"urlTemplate\":\"https:\\\/\\\/www.copealcoy.es\\\/es\\\/?s={search_term_string}\"},\"query-input\":{\"@type\":\"PropertyValueSpecification\",\"valueRequired\":true,\"valueName\":\"search_term_string\"}}],\"inLanguage\":\"es\"},{\"@type\":\"Person\",\"@id\":\"https:\\\/\\\/www.copealcoy.es\\\/es\\\/#\\\/schema\\\/person\\\/e777c87fa024e57d40170af9df39882c\",\"name\":\"Cope Alcoy\",\"image\":{\"@type\":\"ImageObject\",\"inLanguage\":\"es\",\"@id\":\"https:\\\/\\\/secure.gravatar.com\\\/avatar\\\/bb65d0283347e303893ba14f0692005417c1e0e690a325a4c5d8bb2b3943ee14?s=96&d=mm&r=g\",\"url\":\"https:\\\/\\\/secure.gravatar.com\\\/avatar\\\/bb65d0283347e303893ba14f0692005417c1e0e690a325a4c5d8bb2b3943ee14?s=96&d=mm&r=g\",\"contentUrl\":\"https:\\\/\\\/secure.gravatar.com\\\/avatar\\\/bb65d0283347e303893ba14f0692005417c1e0e690a325a4c5d8bb2b3943ee14?s=96&d=mm&r=g\",\"caption\":\"Cope Alcoy\"}}]}<\/script>\n<!-- \/ Yoast SEO plugin. -->","yoast_head_json":{"title":"Buenos datos de ocupaci\u00f3n para Semana Santa - COPE Alcoy","robots":{"index":"index","follow":"follow","max-snippet":"max-snippet:-1","max-image-preview":"max-image-preview:large","max-video-preview":"max-video-preview:-1"},"canonical":"https:\/\/www.copealcoy.es\/es\/buenos-datos-de-ocupacion-para-semana-santa\/","og_locale":"es_ES","og_type":"article","og_title":"Buenos datos de ocupaci\u00f3n para Semana Santa - COPE Alcoy","og_description":"Las previsiones de ocupaci\u00f3n tur\u00edstica para la Semana Santa son realmente \u00f3ptimas en este a\u00f1o 2022 seg\u00fan aseguran desde la...","og_url":"https:\/\/www.copealcoy.es\/es\/buenos-datos-de-ocupacion-para-semana-santa\/","og_site_name":"COPE Alcoy","article_published_time":"2022-04-13T20:01:29+00:00","article_modified_time":"2022-04-13T21:22:07+00:00","og_image":[{"width":1437,"height":1080,"url":"https:\/\/www.copealcoy.es\/wp-content\/uploads\/2014\/12\/image50.jpg","type":"image\/jpeg"}],"author":"Cope Alcoy","twitter_misc":{"Escrito por":"Cope Alcoy","Tiempo de lectura":"2 minutos"},"schema":{"@context":"https:\/\/schema.org","@graph":[{"@type":"Article","@id":"https:\/\/www.copealcoy.es\/es\/buenos-datos-de-ocupacion-para-semana-santa\/#article","isPartOf":{"@id":"https:\/\/www.copealcoy.es\/es\/buenos-datos-de-ocupacion-para-semana-santa\/"},"author":{"name":"Cope Alcoy","@id":"https:\/\/www.copealcoy.es\/es\/#\/schema\/person\/e777c87fa024e57d40170af9df39882c"},"headline":"Buenos datos de ocupaci\u00f3n para Semana Santa","datePublished":"2022-04-13T20:01:29+00:00","dateModified":"2022-04-13T21:22:07+00:00","mainEntityOfPage":{"@id":"https:\/\/www.copealcoy.es\/es\/buenos-datos-de-ocupacion-para-semana-santa\/"},"wordCount":280,"commentCount":0,"image":{"@id":"https:\/\/www.copealcoy.es\/es\/buenos-datos-de-ocupacion-para-semana-santa\/#primaryimage"},"thumbnailUrl":"https:\/\/www.copealcoy.es\/wp-content\/uploads\/2014\/12\/image50.jpg","keywords":["datos","Ocupaci\u00f3n","Semana Santa","Turismo Interior"],"articleSection":["Actualidad","Comarcas","Noticias","Portada"],"inLanguage":"es"},{"@type":"WebPage","@id":"https:\/\/www.copealcoy.es\/es\/buenos-datos-de-ocupacion-para-semana-santa\/","url":"https:\/\/www.copealcoy.es\/es\/buenos-datos-de-ocupacion-para-semana-santa\/","name":"Buenos datos de ocupaci\u00f3n para Semana Santa - COPE Alcoy","isPartOf":{"@id":"https:\/\/www.copealcoy.es\/es\/#website"},"primaryImageOfPage":{"@id":"https:\/\/www.copealcoy.es\/es\/buenos-datos-de-ocupacion-para-semana-santa\/#primaryimage"},"image":{"@id":"https:\/\/www.copealcoy.es\/es\/buenos-datos-de-ocupacion-para-semana-santa\/#primaryimage"},"thumbnailUrl":"https:\/\/www.copealcoy.es\/wp-content\/uploads\/2014\/12\/image50.jpg","datePublished":"2022-04-13T20:01:29+00:00","dateModified":"2022-04-13T21:22:07+00:00","author":{"@id":"https:\/\/www.copealcoy.es\/es\/#\/schema\/person\/e777c87fa024e57d40170af9df39882c"},"breadcrumb":{"@id":"https:\/\/www.copealcoy.es\/es\/buenos-datos-de-ocupacion-para-semana-santa\/#breadcrumb"},"inLanguage":"es","potentialAction":[{"@type":"ReadAction","target":["https:\/\/www.copealcoy.es\/es\/buenos-datos-de-ocupacion-para-semana-santa\/"]}]},{"@type":"ImageObject","inLanguage":"es","@id":"https:\/\/www.copealcoy.es\/es\/buenos-datos-de-ocupacion-para-semana-santa\/#primaryimage","url":"https:\/\/www.copealcoy.es\/wp-content\/uploads\/2014\/12\/image50.jpg","contentUrl":"https:\/\/www.copealcoy.es\/wp-content\/uploads\/2014\/12\/image50.jpg","width":1437,"height":1080},{"@type":"BreadcrumbList","@id":"https:\/\/www.copealcoy.es\/es\/buenos-datos-de-ocupacion-para-semana-santa\/#breadcrumb","itemListElement":[{"@type":"ListItem","position":1,"name":"Portada","item":"https:\/\/www.copealcoy.es\/es\/"},{"@type":"ListItem","position":2,"name":"Buenos datos de ocupaci\u00f3n para Semana Santa"}]},{"@type":"WebSite","@id":"https:\/\/www.copealcoy.es\/es\/#website","url":"https:\/\/www.copealcoy.es\/es\/","name":"COPE Alcoy","description":"Emisora COPE de radio local con emisi\u00f3n online. Pont de Sant Jordi 8-10 03803 Alcoy","potentialAction":[{"@type":"SearchAction","target":{"@type":"EntryPoint","urlTemplate":"https:\/\/www.copealcoy.es\/es\/?s={search_term_string}"},"query-input":{"@type":"PropertyValueSpecification","valueRequired":true,"valueName":"search_term_string"}}],"inLanguage":"es"},{"@type":"Person","@id":"https:\/\/www.copealcoy.es\/es\/#\/schema\/person\/e777c87fa024e57d40170af9df39882c","name":"Cope Alcoy","image":{"@type":"ImageObject","inLanguage":"es","@id":"https:\/\/secure.gravatar.com\/avatar\/bb65d0283347e303893ba14f0692005417c1e0e690a325a4c5d8bb2b3943ee14?s=96&d=mm&r=g","url":"https:\/\/secure.gravatar.com\/avatar\/bb65d0283347e303893ba14f0692005417c1e0e690a325a4c5d8bb2b3943ee14?s=96&d=mm&r=g","contentUrl":"https:\/\/secure.gravatar.com\/avatar\/bb65d0283347e303893ba14f0692005417c1e0e690a325a4c5d8bb2b3943ee14?s=96&d=mm&r=g","caption":"Cope Alcoy"}}]}},"_links":{"self":[{"href":"https:\/\/www.copealcoy.es\/es\/wp-json\/wp\/v2\/posts\/86140","targetHints":{"allow":["GET"]}}],"collection":[{"href":"https:\/\/www.copealcoy.es\/es\/wp-json\/wp\/v2\/posts"}],"about":[{"href":"https:\/\/www.copealcoy.es\/es\/wp-json\/wp\/v2\/types\/post"}],"author":[{"embeddable":true,"href":"https:\/\/www.copealcoy.es\/es\/wp-json\/wp\/v2\/users\/1"}],"replies":[{"embeddable":true,"href":"https:\/\/www.copealcoy.es\/es\/wp-json\/wp\/v2\/comments?post=86140"}],"version-history":[{"count":0,"href":"https:\/\/www.copealcoy.es\/es\/wp-json\/wp\/v2\/posts\/86140\/revisions"}],"wp:featuredmedia":[{"embeddable":true,"href":"https:\/\/www.copealcoy.es\/es\/wp-json\/wp\/v2\/media\/8938"}],"wp:attachment":[{"href":"https:\/\/www.copealcoy.es\/es\/wp-json\/wp\/v2\/media?parent=86140"}],"wp:term":[{"taxonomy":"category","embeddable":true,"href":"https:\/\/www.copealcoy.es\/es\/wp-json\/wp\/v2\/categories?post=86140"},{"taxonomy":"post_tag","embeddable":true,"href":"https:\/\/www.copealcoy.es\/es\/wp-json\/wp\/v2\/tags?post=86140"}],"curies":[{"name":"wp","href":"https:\/\/api.w.org\/{rel}","templated":true}]}}