{"id":86094,"date":"2022-04-12T15:47:20","date_gmt":"2022-04-12T14:47:20","guid":{"rendered":"https:\/\/www.copealcoy.es\/?p=86094"},"modified":"2022-04-12T16:13:09","modified_gmt":"2022-04-12T15:13:09","slug":"la-semana-santa-antesala-del-despegue-del-turismo-en-la-comunitat","status":"publish","type":"post","link":"https:\/\/www.copealcoy.es\/es\/la-semana-santa-antesala-del-despegue-del-turismo-en-la-comunitat\/","title":{"rendered":"La Semana Santa, antesala del despegue del turismo en la Comunitat"},"content":{"rendered":"<p style=\"text-align: justify;\">Si el tiempo no lo estropea, el sector prev\u00e9 un despegue que ser\u00e1 la antesala de la campa\u00f1a de verano con <strong>una ocupaci\u00f3n hotelera en el litoral que superar\u00e1 el 80%, en el interior ascender\u00e1 al 75% y el interior de Castell\u00f3n que dispara las expectativas al 92%.<\/strong><\/p>\n<p style=\"text-align: justify;\">As\u00ed se desprende del sondeo que ha elaborado\u00a0<strong>Turisme Comunitat Valenciana\u00a0<\/strong>a una muestra de hoteles de todas las categor\u00edas, tanto de interior como de costa, para comprobar la ocupaci\u00f3n hotelera real del jueves santo al lunes, en concreto, para las noches del 14, 15, 16 y 17 de abril, respectivamente.<\/p>\n<p style=\"text-align: justify;\">El <strong>Secretario Auton\u00f3mico de Turisme, Francesc Colomer,<\/strong>\u00a0ha destacado al respecto que <em>&#8220;se trata de cifras muy similares a 2019&#8221;<\/em><strong> y que <\/strong><em>&#8220;se confirma as\u00ed la senda de reactivaci\u00f3n tur\u00edstica iniciada este a\u00f1o 2022&#8221;<\/em>. Adem\u00e1s, ha incidido en que &#8220;<em>ya se puede empezar a comparar los resultados con otras anualidades previas a la pandemia, dado que en los dos \u00faltimos a\u00f1os gran parte de la planta hotelera ha permanecido cerrada<\/em>&#8220;.<\/p>\n<p style=\"text-align: justify;\">Esta misma Encuesta demuestra que\u00a0<strong>entre los destinos del litoral, destaca Benidorm con una previsi\u00f3n de ocupaci\u00f3n del 90% para esta Semana Santa, y la ciudad de Val\u00e8ncia que registra una ocupaci\u00f3n media del 87,25%.<\/strong><\/p>\n<p style=\"text-align: justify;\">En su conjunto, para\u00a0<strong>el litoral de la provincia de Valencia, sin contar la ciudad, la ocupaci\u00f3n estimada se sit\u00faa en un 70,12%, mientras que el grado de previsi\u00f3n para el litoral de Castell\u00f3n asciende a un 75,17%.<\/strong><\/p>\n<p style=\"text-align: justify;\">Mientras, los\u00a0<strong>hoteles del litoral de Alicante, sin incluir Benidorm, registran ya una ocupaci\u00f3n sobre reservas confirmadas del 74,96%. Con todo ello, la media de ocupaci\u00f3n de los hoteles del litoral de la Comunitat Valenciana se sit\u00faa en un 81,88%.<\/strong><\/p>\n<p style=\"text-align: justify;\">Por su parte, la previsi\u00f3n de ocupaci\u00f3n en los\u00a0<strong>hoteles del interior de la Comunitat Valenciana asciende a un 75,12%, seg\u00fan los resultados del sondeo elaborado por Turisme. Por provincias, destaca el interior de la provincia de Castell\u00f3n, que tiene unas expectativas de ocupaci\u00f3n del 92,47%.\u00a0<\/strong>Le sigue, el interior de Alicante, que ya tiene reservado para estos d\u00edas un 66,19% y en el interior de la provincia de Valencia, las reservas de sus hoteles alcanzan a fecha actual un 63,31%.<\/p>\n<p style=\"text-align: justify;\" align=\"JUSTIFY\"><span style=\"color: #0000ff;\"><strong>Apartamentos tur\u00edsticos entre el 85% y el 95%<\/strong><\/span><\/p>\n<p style=\"text-align: justify;\">Por su parte, la previsi\u00f3n de ocupaci\u00f3n en los\u00a0<strong>hoteles del interior de la Comunitat Valenciana asciende a un 75,12%, seg\u00fan los resultados del sondeo elaborado por Turisme. Por provincias, destaca el interior de la provincia de Castell\u00f3n, que tiene unas expectativas de ocupaci\u00f3n del 92,47%.\u00a0<\/strong>Le sigue, el interior de Alicante, que ya tiene reservado para estos d\u00edas un 66,19% y en el interior de la provincia de Valencia, las reservas de sus hoteles alcanzan a fecha actual un 63,31%.<\/p>\n<p style=\"text-align: justify;\">En concreto,\u00a0<strong>las reservas para esta semana en los pisos tur\u00edsticos valencianos oscilan entre el 85% de las plazas del interior y la Costa Azahar de la provincia de Castell\u00f3n y el 95% de los alojamientos de la ciudad de Val\u00e8ncia y la Costa Blanca de Alicante.<\/strong><\/p>\n<p style=\"text-align: justify;\">De acuerdo a las cifras de la plataforma,<strong>\u00a0la Comunitat recupera tambi\u00e9n el turismo internacional, aunque con niveles un 10% inferiores a los de la Semana Santa de 2019,<\/strong>\u00a0al igual que en otros destinos competidores como Canarias, Catalunya, Baleares o Andaluc\u00eda.<\/p>\n<p style=\"text-align: justify;\">Benidorm (Alicante) es el destino valenciano que lidera la llegada del turismo extranjero, ya que m\u00e1s de la mitad de sus 6.500 apartamentos tur\u00edsticos reglados est\u00e1n reservados esta semana por turistas, mayoritariamente del mercado brit\u00e1nico y alem\u00e1n.<\/p>\n<p align=\"JUSTIFY\"><span style=\"color: #0000ff;\"><strong>Gastronom\u00eda<\/strong><\/span><\/p>\n<p align=\"JUSTIFY\">Y si hay ganas de viajar, tb de salir y disfrutar de gastronom\u00eda.\u00a0<strong>Las reservas online en restaurantes de la Comunitat Valenciana para las vacaciones de Semana Santa han crecido hasta un 154% respecto a 2021,\u00a0<\/strong>cuando hab\u00eda algunas restricciones en el sector de la hosteler\u00eda. El aumento tambi\u00e9n es notable respecto al a\u00f1o pre-pandemia, con un 56% m\u00e1s en comparaci\u00f3n a las mismas fechas de 2019, seg\u00fan la aplicaci\u00f3n TheFork.<\/p>\n<p style=\"text-align: justify;\"><strong>El Viernes Santo se perfila como el favorito de los valencianos y visitantes para ir de restaurantes<\/strong>, preferiblemente para comer y en terraza, con un 30% de las reservas. Por zonas, Altea (Alicante) encabeza la lista con un aumento del 594% respecto a 2021 y del 392% frente a 2019, seguida de las ciudades de Alicante (+253% versus 2021 y 109% versus 2019) y Val\u00e8ncia (+145% versus 2021 y 16% versus 2019).<\/p>\n","protected":false},"excerpt":{"rendered":"<p>Si el tiempo no lo estropea, el sector prev\u00e9 un despegue que ser\u00e1 la antesala de la campa\u00f1a de verano&#8230;<\/p>\n","protected":false},"author":1,"featured_media":62742,"comment_status":"open","ping_status":"open","sticky":false,"template":"","format":"standard","meta":{"footnotes":""},"categories":[6909,97,75,79],"tags":[1768,728,745,514],"class_list":["post-86094","post","type-post","status-publish","format-standard","has-post-thumbnail","hentry","category-actualidad","category-alcoy","category-noticias","category-politicayeconomia","tag-comunitat-valenciana","tag-ocupacion","tag-semana-santa","tag-turismo"],"yoast_head":"<!-- This site is optimized with the Yoast SEO plugin v27.3 - https:\/\/yoast.com\/product\/yoast-seo-wordpress\/ -->\n<title>La Semana Santa, antesala del despegue del turismo en la Comunitat - COPE Alcoy<\/title>\n<meta name=\"robots\" content=\"index, follow, max-snippet:-1, max-image-preview:large, max-video-preview:-1\" \/>\n<link rel=\"canonical\" href=\"https:\/\/www.copealcoy.es\/es\/la-semana-santa-antesala-del-despegue-del-turismo-en-la-comunitat\/\" \/>\n<meta property=\"og:locale\" content=\"es_ES\" \/>\n<meta property=\"og:type\" content=\"article\" \/>\n<meta property=\"og:title\" content=\"La Semana Santa, antesala del despegue del turismo en la Comunitat - COPE Alcoy\" \/>\n<meta property=\"og:description\" content=\"Si el tiempo no lo estropea, el sector prev\u00e9 un despegue que ser\u00e1 la antesala de la campa\u00f1a de verano...\" \/>\n<meta property=\"og:url\" content=\"https:\/\/www.copealcoy.es\/es\/la-semana-santa-antesala-del-despegue-del-turismo-en-la-comunitat\/\" \/>\n<meta property=\"og:site_name\" content=\"COPE Alcoy\" \/>\n<meta property=\"article:published_time\" content=\"2022-04-12T14:47:20+00:00\" \/>\n<meta property=\"article:modified_time\" content=\"2022-04-12T15:13:09+00:00\" \/>\n<meta property=\"og:image\" content=\"https:\/\/www.copealcoy.es\/wp-content\/uploads\/2020\/05\/arxiu-clicloturisme-1.jpg\" \/>\n\t<meta property=\"og:image:width\" content=\"800\" \/>\n\t<meta property=\"og:image:height\" content=\"600\" \/>\n\t<meta property=\"og:image:type\" content=\"image\/jpeg\" \/>\n<meta name=\"author\" content=\"Cope Alcoy\" \/>\n<meta name=\"twitter:label1\" content=\"Escrito por\" \/>\n\t<meta name=\"twitter:data1\" content=\"Cope Alcoy\" \/>\n\t<meta name=\"twitter:label2\" content=\"Tiempo de lectura\" \/>\n\t<meta name=\"twitter:data2\" content=\"4 minutos\" \/>\n<script type=\"application\/ld+json\" class=\"yoast-schema-graph\">{\"@context\":\"https:\\\/\\\/schema.org\",\"@graph\":[{\"@type\":\"Article\",\"@id\":\"https:\\\/\\\/www.copealcoy.es\\\/es\\\/la-semana-santa-antesala-del-despegue-del-turismo-en-la-comunitat\\\/#article\",\"isPartOf\":{\"@id\":\"https:\\\/\\\/www.copealcoy.es\\\/es\\\/la-semana-santa-antesala-del-despegue-del-turismo-en-la-comunitat\\\/\"},\"author\":{\"name\":\"Cope Alcoy\",\"@id\":\"https:\\\/\\\/www.copealcoy.es\\\/es\\\/#\\\/schema\\\/person\\\/e777c87fa024e57d40170af9df39882c\"},\"headline\":\"La Semana Santa, antesala del despegue del turismo en la Comunitat\",\"datePublished\":\"2022-04-12T14:47:20+00:00\",\"dateModified\":\"2022-04-12T15:13:09+00:00\",\"mainEntityOfPage\":{\"@id\":\"https:\\\/\\\/www.copealcoy.es\\\/es\\\/la-semana-santa-antesala-del-despegue-del-turismo-en-la-comunitat\\\/\"},\"wordCount\":742,\"commentCount\":0,\"image\":{\"@id\":\"https:\\\/\\\/www.copealcoy.es\\\/es\\\/la-semana-santa-antesala-del-despegue-del-turismo-en-la-comunitat\\\/#primaryimage\"},\"thumbnailUrl\":\"https:\\\/\\\/www.copealcoy.es\\\/wp-content\\\/uploads\\\/2020\\\/05\\\/arxiu-clicloturisme-1.jpg\",\"keywords\":[\"Comunitat Valenciana\",\"Ocupaci\u00f3n\",\"Semana Santa\",\"Turismo\"],\"articleSection\":[\"Actualidad\",\"Alcoy\",\"Noticias\",\"Pol\u00edtica y Econom\u00eda\"],\"inLanguage\":\"es\"},{\"@type\":\"WebPage\",\"@id\":\"https:\\\/\\\/www.copealcoy.es\\\/es\\\/la-semana-santa-antesala-del-despegue-del-turismo-en-la-comunitat\\\/\",\"url\":\"https:\\\/\\\/www.copealcoy.es\\\/es\\\/la-semana-santa-antesala-del-despegue-del-turismo-en-la-comunitat\\\/\",\"name\":\"La Semana Santa, antesala del despegue del turismo en la Comunitat - COPE Alcoy\",\"isPartOf\":{\"@id\":\"https:\\\/\\\/www.copealcoy.es\\\/es\\\/#website\"},\"primaryImageOfPage\":{\"@id\":\"https:\\\/\\\/www.copealcoy.es\\\/es\\\/la-semana-santa-antesala-del-despegue-del-turismo-en-la-comunitat\\\/#primaryimage\"},\"image\":{\"@id\":\"https:\\\/\\\/www.copealcoy.es\\\/es\\\/la-semana-santa-antesala-del-despegue-del-turismo-en-la-comunitat\\\/#primaryimage\"},\"thumbnailUrl\":\"https:\\\/\\\/www.copealcoy.es\\\/wp-content\\\/uploads\\\/2020\\\/05\\\/arxiu-clicloturisme-1.jpg\",\"datePublished\":\"2022-04-12T14:47:20+00:00\",\"dateModified\":\"2022-04-12T15:13:09+00:00\",\"author\":{\"@id\":\"https:\\\/\\\/www.copealcoy.es\\\/es\\\/#\\\/schema\\\/person\\\/e777c87fa024e57d40170af9df39882c\"},\"breadcrumb\":{\"@id\":\"https:\\\/\\\/www.copealcoy.es\\\/es\\\/la-semana-santa-antesala-del-despegue-del-turismo-en-la-comunitat\\\/#breadcrumb\"},\"inLanguage\":\"es\",\"potentialAction\":[{\"@type\":\"ReadAction\",\"target\":[\"https:\\\/\\\/www.copealcoy.es\\\/es\\\/la-semana-santa-antesala-del-despegue-del-turismo-en-la-comunitat\\\/\"]}]},{\"@type\":\"ImageObject\",\"inLanguage\":\"es\",\"@id\":\"https:\\\/\\\/www.copealcoy.es\\\/es\\\/la-semana-santa-antesala-del-despegue-del-turismo-en-la-comunitat\\\/#primaryimage\",\"url\":\"https:\\\/\\\/www.copealcoy.es\\\/wp-content\\\/uploads\\\/2020\\\/05\\\/arxiu-clicloturisme-1.jpg\",\"contentUrl\":\"https:\\\/\\\/www.copealcoy.es\\\/wp-content\\\/uploads\\\/2020\\\/05\\\/arxiu-clicloturisme-1.jpg\",\"width\":800,\"height\":600},{\"@type\":\"BreadcrumbList\",\"@id\":\"https:\\\/\\\/www.copealcoy.es\\\/es\\\/la-semana-santa-antesala-del-despegue-del-turismo-en-la-comunitat\\\/#breadcrumb\",\"itemListElement\":[{\"@type\":\"ListItem\",\"position\":1,\"name\":\"Portada\",\"item\":\"https:\\\/\\\/www.copealcoy.es\\\/es\\\/\"},{\"@type\":\"ListItem\",\"position\":2,\"name\":\"La Semana Santa, antesala del despegue del turismo en la Comunitat\"}]},{\"@type\":\"WebSite\",\"@id\":\"https:\\\/\\\/www.copealcoy.es\\\/es\\\/#website\",\"url\":\"https:\\\/\\\/www.copealcoy.es\\\/es\\\/\",\"name\":\"COPE Alcoy\",\"description\":\"Emisora COPE de radio local con emisi\u00f3n online. Pont de Sant Jordi 8-10 03803 Alcoy\",\"potentialAction\":[{\"@type\":\"SearchAction\",\"target\":{\"@type\":\"EntryPoint\",\"urlTemplate\":\"https:\\\/\\\/www.copealcoy.es\\\/es\\\/?s={search_term_string}\"},\"query-input\":{\"@type\":\"PropertyValueSpecification\",\"valueRequired\":true,\"valueName\":\"search_term_string\"}}],\"inLanguage\":\"es\"},{\"@type\":\"Person\",\"@id\":\"https:\\\/\\\/www.copealcoy.es\\\/es\\\/#\\\/schema\\\/person\\\/e777c87fa024e57d40170af9df39882c\",\"name\":\"Cope Alcoy\",\"image\":{\"@type\":\"ImageObject\",\"inLanguage\":\"es\",\"@id\":\"https:\\\/\\\/secure.gravatar.com\\\/avatar\\\/bb65d0283347e303893ba14f0692005417c1e0e690a325a4c5d8bb2b3943ee14?s=96&d=mm&r=g\",\"url\":\"https:\\\/\\\/secure.gravatar.com\\\/avatar\\\/bb65d0283347e303893ba14f0692005417c1e0e690a325a4c5d8bb2b3943ee14?s=96&d=mm&r=g\",\"contentUrl\":\"https:\\\/\\\/secure.gravatar.com\\\/avatar\\\/bb65d0283347e303893ba14f0692005417c1e0e690a325a4c5d8bb2b3943ee14?s=96&d=mm&r=g\",\"caption\":\"Cope Alcoy\"}}]}<\/script>\n<!-- \/ Yoast SEO plugin. -->","yoast_head_json":{"title":"La Semana Santa, antesala del despegue del turismo en la Comunitat - COPE Alcoy","robots":{"index":"index","follow":"follow","max-snippet":"max-snippet:-1","max-image-preview":"max-image-preview:large","max-video-preview":"max-video-preview:-1"},"canonical":"https:\/\/www.copealcoy.es\/es\/la-semana-santa-antesala-del-despegue-del-turismo-en-la-comunitat\/","og_locale":"es_ES","og_type":"article","og_title":"La Semana Santa, antesala del despegue del turismo en la Comunitat - COPE Alcoy","og_description":"Si el tiempo no lo estropea, el sector prev\u00e9 un despegue que ser\u00e1 la antesala de la campa\u00f1a de verano...","og_url":"https:\/\/www.copealcoy.es\/es\/la-semana-santa-antesala-del-despegue-del-turismo-en-la-comunitat\/","og_site_name":"COPE Alcoy","article_published_time":"2022-04-12T14:47:20+00:00","article_modified_time":"2022-04-12T15:13:09+00:00","og_image":[{"width":800,"height":600,"url":"https:\/\/www.copealcoy.es\/wp-content\/uploads\/2020\/05\/arxiu-clicloturisme-1.jpg","type":"image\/jpeg"}],"author":"Cope Alcoy","twitter_misc":{"Escrito por":"Cope Alcoy","Tiempo de lectura":"4 minutos"},"schema":{"@context":"https:\/\/schema.org","@graph":[{"@type":"Article","@id":"https:\/\/www.copealcoy.es\/es\/la-semana-santa-antesala-del-despegue-del-turismo-en-la-comunitat\/#article","isPartOf":{"@id":"https:\/\/www.copealcoy.es\/es\/la-semana-santa-antesala-del-despegue-del-turismo-en-la-comunitat\/"},"author":{"name":"Cope Alcoy","@id":"https:\/\/www.copealcoy.es\/es\/#\/schema\/person\/e777c87fa024e57d40170af9df39882c"},"headline":"La Semana Santa, antesala del despegue del turismo en la Comunitat","datePublished":"2022-04-12T14:47:20+00:00","dateModified":"2022-04-12T15:13:09+00:00","mainEntityOfPage":{"@id":"https:\/\/www.copealcoy.es\/es\/la-semana-santa-antesala-del-despegue-del-turismo-en-la-comunitat\/"},"wordCount":742,"commentCount":0,"image":{"@id":"https:\/\/www.copealcoy.es\/es\/la-semana-santa-antesala-del-despegue-del-turismo-en-la-comunitat\/#primaryimage"},"thumbnailUrl":"https:\/\/www.copealcoy.es\/wp-content\/uploads\/2020\/05\/arxiu-clicloturisme-1.jpg","keywords":["Comunitat Valenciana","Ocupaci\u00f3n","Semana Santa","Turismo"],"articleSection":["Actualidad","Alcoy","Noticias","Pol\u00edtica y Econom\u00eda"],"inLanguage":"es"},{"@type":"WebPage","@id":"https:\/\/www.copealcoy.es\/es\/la-semana-santa-antesala-del-despegue-del-turismo-en-la-comunitat\/","url":"https:\/\/www.copealcoy.es\/es\/la-semana-santa-antesala-del-despegue-del-turismo-en-la-comunitat\/","name":"La Semana Santa, antesala del despegue del turismo en la Comunitat - COPE Alcoy","isPartOf":{"@id":"https:\/\/www.copealcoy.es\/es\/#website"},"primaryImageOfPage":{"@id":"https:\/\/www.copealcoy.es\/es\/la-semana-santa-antesala-del-despegue-del-turismo-en-la-comunitat\/#primaryimage"},"image":{"@id":"https:\/\/www.copealcoy.es\/es\/la-semana-santa-antesala-del-despegue-del-turismo-en-la-comunitat\/#primaryimage"},"thumbnailUrl":"https:\/\/www.copealcoy.es\/wp-content\/uploads\/2020\/05\/arxiu-clicloturisme-1.jpg","datePublished":"2022-04-12T14:47:20+00:00","dateModified":"2022-04-12T15:13:09+00:00","author":{"@id":"https:\/\/www.copealcoy.es\/es\/#\/schema\/person\/e777c87fa024e57d40170af9df39882c"},"breadcrumb":{"@id":"https:\/\/www.copealcoy.es\/es\/la-semana-santa-antesala-del-despegue-del-turismo-en-la-comunitat\/#breadcrumb"},"inLanguage":"es","potentialAction":[{"@type":"ReadAction","target":["https:\/\/www.copealcoy.es\/es\/la-semana-santa-antesala-del-despegue-del-turismo-en-la-comunitat\/"]}]},{"@type":"ImageObject","inLanguage":"es","@id":"https:\/\/www.copealcoy.es\/es\/la-semana-santa-antesala-del-despegue-del-turismo-en-la-comunitat\/#primaryimage","url":"https:\/\/www.copealcoy.es\/wp-content\/uploads\/2020\/05\/arxiu-clicloturisme-1.jpg","contentUrl":"https:\/\/www.copealcoy.es\/wp-content\/uploads\/2020\/05\/arxiu-clicloturisme-1.jpg","width":800,"height":600},{"@type":"BreadcrumbList","@id":"https:\/\/www.copealcoy.es\/es\/la-semana-santa-antesala-del-despegue-del-turismo-en-la-comunitat\/#breadcrumb","itemListElement":[{"@type":"ListItem","position":1,"name":"Portada","item":"https:\/\/www.copealcoy.es\/es\/"},{"@type":"ListItem","position":2,"name":"La Semana Santa, antesala del despegue del turismo en la Comunitat"}]},{"@type":"WebSite","@id":"https:\/\/www.copealcoy.es\/es\/#website","url":"https:\/\/www.copealcoy.es\/es\/","name":"COPE Alcoy","description":"Emisora COPE de radio local con emisi\u00f3n online. Pont de Sant Jordi 8-10 03803 Alcoy","potentialAction":[{"@type":"SearchAction","target":{"@type":"EntryPoint","urlTemplate":"https:\/\/www.copealcoy.es\/es\/?s={search_term_string}"},"query-input":{"@type":"PropertyValueSpecification","valueRequired":true,"valueName":"search_term_string"}}],"inLanguage":"es"},{"@type":"Person","@id":"https:\/\/www.copealcoy.es\/es\/#\/schema\/person\/e777c87fa024e57d40170af9df39882c","name":"Cope Alcoy","image":{"@type":"ImageObject","inLanguage":"es","@id":"https:\/\/secure.gravatar.com\/avatar\/bb65d0283347e303893ba14f0692005417c1e0e690a325a4c5d8bb2b3943ee14?s=96&d=mm&r=g","url":"https:\/\/secure.gravatar.com\/avatar\/bb65d0283347e303893ba14f0692005417c1e0e690a325a4c5d8bb2b3943ee14?s=96&d=mm&r=g","contentUrl":"https:\/\/secure.gravatar.com\/avatar\/bb65d0283347e303893ba14f0692005417c1e0e690a325a4c5d8bb2b3943ee14?s=96&d=mm&r=g","caption":"Cope Alcoy"}}]}},"_links":{"self":[{"href":"https:\/\/www.copealcoy.es\/es\/wp-json\/wp\/v2\/posts\/86094","targetHints":{"allow":["GET"]}}],"collection":[{"href":"https:\/\/www.copealcoy.es\/es\/wp-json\/wp\/v2\/posts"}],"about":[{"href":"https:\/\/www.copealcoy.es\/es\/wp-json\/wp\/v2\/types\/post"}],"author":[{"embeddable":true,"href":"https:\/\/www.copealcoy.es\/es\/wp-json\/wp\/v2\/users\/1"}],"replies":[{"embeddable":true,"href":"https:\/\/www.copealcoy.es\/es\/wp-json\/wp\/v2\/comments?post=86094"}],"version-history":[{"count":0,"href":"https:\/\/www.copealcoy.es\/es\/wp-json\/wp\/v2\/posts\/86094\/revisions"}],"wp:featuredmedia":[{"embeddable":true,"href":"https:\/\/www.copealcoy.es\/es\/wp-json\/wp\/v2\/media\/62742"}],"wp:attachment":[{"href":"https:\/\/www.copealcoy.es\/es\/wp-json\/wp\/v2\/media?parent=86094"}],"wp:term":[{"taxonomy":"category","embeddable":true,"href":"https:\/\/www.copealcoy.es\/es\/wp-json\/wp\/v2\/categories?post=86094"},{"taxonomy":"post_tag","embeddable":true,"href":"https:\/\/www.copealcoy.es\/es\/wp-json\/wp\/v2\/tags?post=86094"}],"curies":[{"name":"wp","href":"https:\/\/api.w.org\/{rel}","templated":true}]}}