{"id":86078,"date":"2022-04-12T14:43:30","date_gmt":"2022-04-12T13:43:30","guid":{"rendered":"https:\/\/www.copealcoy.es\/?p=86078"},"modified":"2022-04-12T14:55:08","modified_gmt":"2022-04-12T13:55:08","slug":"sant-jordiet-en-el-recuerdo","status":"publish","type":"post","link":"https:\/\/www.copealcoy.es\/es\/sant-jordiet-en-el-recuerdo\/","title":{"rendered":"Sant Jordiet, en el recuerdo"},"content":{"rendered":"<p style=\"text-align: justify;\">COPE ALCOI <strong>ha vuelto a bucear en la historia de nuestras Fiestas de Moros y Cristianos<\/strong> y, a a escasos d\u00edas de que arranque la trilog\u00eda de 2022, <strong>ha lanzado una publicaci\u00f3n muy especial que ha visto la luz en este martes<\/strong>. Se trata de una <strong>una revista que recopila a todos los que desempe\u00f1aron el cargo de Sant Jordiet a lo largo de la historia de la Nostra Festa<\/strong>, desde 1882 hasta la actualidad.<\/p>\n<p style=\"text-align: justify;\">La <strong>primera parte<\/strong> se ha editado este a\u00f1o y <strong>abarca desde ese mismo 1882 hasta 1975<\/strong>. La <strong>segunda parte<\/strong> saldr\u00e1 al a\u00f1o que viene, en 2023, y <strong>arrancar\u00e1 en 1976 hasta concluir en 2020<\/strong>. Esta \u00faltima fecha <strong>ya es m\u00e1s que simb\u00f3lica<\/strong> puesto que debido a la pandemia del Coronavirus Fernando Rius Mestre, Sant Jordiet de esa anualidad, saldr\u00e1 a la calle en 2022.<\/p>\n<p style=\"text-align: justify;\">El acto de presentaci\u00f3n de la revista <strong>ha tenido lugar esta ma\u00f1ana<\/strong> en el transcurso de <strong>una edici\u00f3n especial de #Mediod\u00edaCope<\/strong> que te hemos ofrecido desde las instalaciones de Milar ubicadas en el Centro Comercial Alzamora. En este espacio <strong>el historiador Jordi Linares<\/strong> nos ha situado en <strong>los or\u00edgenes<\/strong> de la aparici\u00f3n de uno de las figuras claves de las Fiestas de Moros y Cristianos alcoyanas:<\/p>\n<audio class=\"wp-audio-shortcode\" id=\"audio-86078-1\" preload=\"none\" style=\"width: 100%;\" controls=\"controls\"><source type=\"audio\/mpeg\" src=\"https:\/\/www.copealcoy.es\/wp-content\/uploads\/2022\/04\/2022.04.12-JORDI-LLINARES-SANT-JORDIET-MEDIODI\u0301A.mp3?_=1\" \/><a href=\"https:\/\/www.copealcoy.es\/wp-content\/uploads\/2022\/04\/2022.04.12-JORDI-LLINARES-SANT-JORDIET-MEDIODI\u0301A.mp3\">https:\/\/www.copealcoy.es\/wp-content\/uploads\/2022\/04\/2022.04.12-JORDI-LLINARES-SANT-JORDIET-MEDIODI\u0301A.mp3<\/a><\/audio>\n<p style=\"text-align: justify;\"><strong>Adolfo Bernabeu y Rafael Pastor<\/strong>, Sant Jordiets en 1954 y 1960 respectivamente, nos han acompa\u00f1ado y han destacado emocionados <strong>los recuerdos<\/strong> que vivieron en el a\u00f1o en el que desempe\u00f1aron el cargo:<\/p>\n<audio class=\"wp-audio-shortcode\" id=\"audio-86078-2\" preload=\"none\" style=\"width: 100%;\" controls=\"controls\"><source type=\"audio\/mpeg\" src=\"https:\/\/www.copealcoy.es\/wp-content\/uploads\/2022\/04\/2022.04.12-ADOLFO-SANT-JORDIET-MEDIODI\u0301A.mp3?_=2\" \/><a href=\"https:\/\/www.copealcoy.es\/wp-content\/uploads\/2022\/04\/2022.04.12-ADOLFO-SANT-JORDIET-MEDIODI\u0301A.mp3\">https:\/\/www.copealcoy.es\/wp-content\/uploads\/2022\/04\/2022.04.12-ADOLFO-SANT-JORDIET-MEDIODI\u0301A.mp3<\/a><\/audio>\n<audio class=\"wp-audio-shortcode\" id=\"audio-86078-3\" preload=\"none\" style=\"width: 100%;\" controls=\"controls\"><source type=\"audio\/mpeg\" src=\"https:\/\/www.copealcoy.es\/wp-content\/uploads\/2022\/04\/2022.04.12-RAFAEL-PASTOR-SANT-JORDIET-MEDIODI\u0301A.mp3?_=3\" \/><a href=\"https:\/\/www.copealcoy.es\/wp-content\/uploads\/2022\/04\/2022.04.12-RAFAEL-PASTOR-SANT-JORDIET-MEDIODI\u0301A.mp3\">https:\/\/www.copealcoy.es\/wp-content\/uploads\/2022\/04\/2022.04.12-RAFAEL-PASTOR-SANT-JORDIET-MEDIODI\u0301A.mp3<\/a><\/audio>\n<p>&nbsp;<\/p>\n<p style=\"text-align: justify;\">La edil de Fiestas en el Ayuntamiento de Alcoy, <strong>Carol Ortiz<\/strong>, tambi\u00e9n ha estado con nosotros y ha comentado esto al respecto de la figura del Sant Jordiet as\u00ed como la relevancia que tiene en nuestra ciudad:<\/p>\n<audio class=\"wp-audio-shortcode\" id=\"audio-86078-4\" preload=\"none\" style=\"width: 100%;\" controls=\"controls\"><source type=\"audio\/mpeg\" src=\"https:\/\/www.copealcoy.es\/wp-content\/uploads\/2022\/04\/2022.04.12-CAROL-ORTIZ-SANT-JORDIET-MEDIODI\u0301A.mp3?_=4\" \/><a href=\"https:\/\/www.copealcoy.es\/wp-content\/uploads\/2022\/04\/2022.04.12-CAROL-ORTIZ-SANT-JORDIET-MEDIODI\u0301A.mp3\">https:\/\/www.copealcoy.es\/wp-content\/uploads\/2022\/04\/2022.04.12-CAROL-ORTIZ-SANT-JORDIET-MEDIODI\u0301A.mp3<\/a><\/audio>\n<p>&nbsp;<\/p>\n<p style=\"text-align: justify;\"><strong>Carmina Cruz<\/strong>, responsable de tienda de Milar en Alcoy, animaba a pasar por las instalaciones a partir de ma\u00f1ana puesto que el establecimiento es punto de recogida:<\/p>\n<audio class=\"wp-audio-shortcode\" id=\"audio-86078-5\" preload=\"none\" style=\"width: 100%;\" controls=\"controls\"><source type=\"audio\/mpeg\" src=\"https:\/\/www.copealcoy.es\/wp-content\/uploads\/2022\/04\/2022.04.12-CARMINA-SANT-JORDIET-MEDIODI\u0301A.mp3?_=5\" \/><a href=\"https:\/\/www.copealcoy.es\/wp-content\/uploads\/2022\/04\/2022.04.12-CARMINA-SANT-JORDIET-MEDIODI\u0301A.mp3\">https:\/\/www.copealcoy.es\/wp-content\/uploads\/2022\/04\/2022.04.12-CARMINA-SANT-JORDIET-MEDIODI\u0301A.mp3<\/a><\/audio>\n<p>&nbsp;<\/p>\n<p style=\"text-align: justify;\">La <strong>primera edici\u00f3n<\/strong> de la revista cuenta con <strong>portada del artista alcoyano Ignacio Trelis<\/strong>. En la misma, como no pod\u00eda ser de otra forma, la figura de Sant Jordiet, tiene un protagonismo especial.<\/p>\n<p>Aqu\u00ed <strong>puedes escuchar<\/strong> el programa especial de este martes desde Milar Alzamora Alcoy:<\/p>\n<p><iframe loading=\"lazy\" title=\"Programa Especial Presentaci\u00f3n Revista &#039;Sant Jordiet En Im\u00e1genes Desde 1882&#039;\" width=\"100%\" height=\"120\" src=\"https:\/\/www.mixcloud.com\/widget\/iframe\/?feed=https%3A%2F%2Fwww.mixcloud.com%2FCOPEAlcoy%2Fprograma-especial-presentaci%25C3%25B3n-revista-sant-jordiet-en-im%25C3%25A1genes-desde-1882%2F&amp;hide_cover=1\" frameborder=\"0\"><\/iframe><\/p>\n<div id='gallery-1' class='gallery galleryid-86078 gallery-columns-2 gallery-size-thumbnail'><figure class='gallery-item'>\n\t\t\t<div class='gallery-icon landscape'>\n\t\t\t\t<a href='https:\/\/www.copealcoy.es\/es\/sant-jordiet-en-el-recuerdo\/unnamed-3-12\/'><img loading=\"lazy\" decoding=\"async\" width=\"300\" height=\"300\" src=\"https:\/\/www.copealcoy.es\/wp-content\/uploads\/2022\/04\/unnamed-3-4-300x300.jpg\" class=\"attachment-thumbnail size-thumbnail\" alt=\"\" srcset=\"https:\/\/www.copealcoy.es\/wp-content\/uploads\/2022\/04\/unnamed-3-4-300x300.jpg 300w, https:\/\/www.copealcoy.es\/wp-content\/uploads\/2022\/04\/unnamed-3-4-100x100.jpg 100w, https:\/\/www.copealcoy.es\/wp-content\/uploads\/2022\/04\/unnamed-3-4-200x200.jpg 200w\" sizes=\"auto, (max-width: 300px) 100vw, 300px\" \/><\/a>\n\t\t\t<\/div><\/figure><figure class='gallery-item'>\n\t\t\t<div class='gallery-icon landscape'>\n\t\t\t\t<a href='https:\/\/www.copealcoy.es\/es\/sant-jordiet-en-el-recuerdo\/unnamed-2-14\/'><img loading=\"lazy\" decoding=\"async\" width=\"300\" height=\"300\" src=\"https:\/\/www.copealcoy.es\/wp-content\/uploads\/2022\/04\/unnamed-2-3-300x300.jpg\" class=\"attachment-thumbnail size-thumbnail\" alt=\"\" srcset=\"https:\/\/www.copealcoy.es\/wp-content\/uploads\/2022\/04\/unnamed-2-3-300x300.jpg 300w, https:\/\/www.copealcoy.es\/wp-content\/uploads\/2022\/04\/unnamed-2-3-100x100.jpg 100w, https:\/\/www.copealcoy.es\/wp-content\/uploads\/2022\/04\/unnamed-2-3-200x200.jpg 200w\" sizes=\"auto, (max-width: 300px) 100vw, 300px\" \/><\/a>\n\t\t\t<\/div><\/figure><figure class='gallery-item'>\n\t\t\t<div class='gallery-icon landscape'>\n\t\t\t\t<a href='https:\/\/www.copealcoy.es\/es\/sant-jordiet-en-el-recuerdo\/unnamed-1-23\/'><img loading=\"lazy\" decoding=\"async\" width=\"300\" height=\"300\" src=\"https:\/\/www.copealcoy.es\/wp-content\/uploads\/2022\/04\/unnamed-1-3-300x300.jpg\" class=\"attachment-thumbnail size-thumbnail\" alt=\"\" srcset=\"https:\/\/www.copealcoy.es\/wp-content\/uploads\/2022\/04\/unnamed-1-3-300x300.jpg 300w, https:\/\/www.copealcoy.es\/wp-content\/uploads\/2022\/04\/unnamed-1-3-100x100.jpg 100w, https:\/\/www.copealcoy.es\/wp-content\/uploads\/2022\/04\/unnamed-1-3-200x200.jpg 200w\" sizes=\"auto, (max-width: 300px) 100vw, 300px\" \/><\/a>\n\t\t\t<\/div><\/figure><figure class='gallery-item'>\n\t\t\t<div class='gallery-icon landscape'>\n\t\t\t\t<a href='https:\/\/www.copealcoy.es\/es\/sant-jordiet-en-el-recuerdo\/unnamed-230\/'><img loading=\"lazy\" decoding=\"async\" width=\"300\" height=\"300\" src=\"https:\/\/www.copealcoy.es\/wp-content\/uploads\/2022\/04\/unnamed-22-300x300.jpg\" class=\"attachment-thumbnail size-thumbnail\" alt=\"\" srcset=\"https:\/\/www.copealcoy.es\/wp-content\/uploads\/2022\/04\/unnamed-22-300x300.jpg 300w, https:\/\/www.copealcoy.es\/wp-content\/uploads\/2022\/04\/unnamed-22-100x100.jpg 100w, https:\/\/www.copealcoy.es\/wp-content\/uploads\/2022\/04\/unnamed-22-200x200.jpg 200w\" sizes=\"auto, (max-width: 300px) 100vw, 300px\" \/><\/a>\n\t\t\t<\/div><\/figure>\n\t\t<\/div>\n\n<p>&nbsp;<\/p>\n","protected":false},"excerpt":{"rendered":"<p>COPE ALCOI ha vuelto a bucear en la historia de nuestras Fiestas de Moros y Cristianos y, a a escasos&#8230;<\/p>\n","protected":false},"author":1,"featured_media":86079,"comment_status":"open","ping_status":"open","sticky":false,"template":"","format":"standard","meta":{"footnotes":""},"categories":[6909,97,75,125],"tags":[1494,1045,12494,12624,1035,461],"class_list":["post-86078","post","type-post","status-publish","format-standard","has-post-thumbnail","hentry","category-actualidad","category-alcoy","category-noticias","category-portada","tag-alcoy","tag-cope-alcoy","tag-imagenes","tag-milar","tag-revista","tag-sant-jordiet"],"yoast_head":"<!-- This site is optimized with the Yoast SEO plugin v27.3 - https:\/\/yoast.com\/product\/yoast-seo-wordpress\/ -->\n<title>Sant Jordiet, en el recuerdo - COPE Alcoy<\/title>\n<meta name=\"robots\" content=\"index, follow, max-snippet:-1, max-image-preview:large, max-video-preview:-1\" \/>\n<link rel=\"canonical\" href=\"https:\/\/www.copealcoy.es\/es\/sant-jordiet-en-el-recuerdo\/\" \/>\n<meta property=\"og:locale\" content=\"es_ES\" \/>\n<meta property=\"og:type\" content=\"article\" \/>\n<meta property=\"og:title\" content=\"Sant Jordiet, en el recuerdo - COPE Alcoy\" \/>\n<meta property=\"og:description\" content=\"COPE ALCOI ha vuelto a bucear en la historia de nuestras Fiestas de Moros y Cristianos y, a a escasos...\" \/>\n<meta property=\"og:url\" content=\"https:\/\/www.copealcoy.es\/es\/sant-jordiet-en-el-recuerdo\/\" \/>\n<meta property=\"og:site_name\" content=\"COPE Alcoy\" \/>\n<meta property=\"article:published_time\" content=\"2022-04-12T13:43:30+00:00\" \/>\n<meta property=\"article:modified_time\" content=\"2022-04-12T13:55:08+00:00\" \/>\n<meta property=\"og:image\" content=\"https:\/\/www.copealcoy.es\/wp-content\/uploads\/2022\/04\/unnamed-21-scaled-e1649769988934.jpg\" \/>\n\t<meta property=\"og:image:width\" content=\"640\" \/>\n\t<meta property=\"og:image:height\" content=\"390\" \/>\n\t<meta property=\"og:image:type\" content=\"image\/jpeg\" \/>\n<meta name=\"author\" content=\"Cope Alcoy\" \/>\n<meta name=\"twitter:label1\" content=\"Escrito por\" \/>\n\t<meta name=\"twitter:data1\" content=\"Cope Alcoy\" \/>\n\t<meta name=\"twitter:label2\" content=\"Tiempo de lectura\" \/>\n\t<meta name=\"twitter:data2\" content=\"2 minutos\" \/>\n<script type=\"application\/ld+json\" class=\"yoast-schema-graph\">{\"@context\":\"https:\\\/\\\/schema.org\",\"@graph\":[{\"@type\":\"Article\",\"@id\":\"https:\\\/\\\/www.copealcoy.es\\\/es\\\/sant-jordiet-en-el-recuerdo\\\/#article\",\"isPartOf\":{\"@id\":\"https:\\\/\\\/www.copealcoy.es\\\/es\\\/sant-jordiet-en-el-recuerdo\\\/\"},\"author\":{\"name\":\"Cope Alcoy\",\"@id\":\"https:\\\/\\\/www.copealcoy.es\\\/es\\\/#\\\/schema\\\/person\\\/e777c87fa024e57d40170af9df39882c\"},\"headline\":\"Sant Jordiet, en el recuerdo\",\"datePublished\":\"2022-04-12T13:43:30+00:00\",\"dateModified\":\"2022-04-12T13:55:08+00:00\",\"mainEntityOfPage\":{\"@id\":\"https:\\\/\\\/www.copealcoy.es\\\/es\\\/sant-jordiet-en-el-recuerdo\\\/\"},\"wordCount\":438,\"commentCount\":0,\"image\":{\"@id\":\"https:\\\/\\\/www.copealcoy.es\\\/es\\\/sant-jordiet-en-el-recuerdo\\\/#primaryimage\"},\"thumbnailUrl\":\"https:\\\/\\\/www.copealcoy.es\\\/wp-content\\\/uploads\\\/2022\\\/04\\\/unnamed-21-scaled-e1649769988934.jpg\",\"keywords\":[\"Alcoy\",\"Cope Alcoy\",\"im\u00e1genes\",\"Milar\",\"Revista\",\"Sant Jordiet\"],\"articleSection\":[\"Actualidad\",\"Alcoy\",\"Noticias\",\"Portada\"],\"inLanguage\":\"es\"},{\"@type\":\"WebPage\",\"@id\":\"https:\\\/\\\/www.copealcoy.es\\\/es\\\/sant-jordiet-en-el-recuerdo\\\/\",\"url\":\"https:\\\/\\\/www.copealcoy.es\\\/es\\\/sant-jordiet-en-el-recuerdo\\\/\",\"name\":\"Sant Jordiet, en el recuerdo - COPE Alcoy\",\"isPartOf\":{\"@id\":\"https:\\\/\\\/www.copealcoy.es\\\/es\\\/#website\"},\"primaryImageOfPage\":{\"@id\":\"https:\\\/\\\/www.copealcoy.es\\\/es\\\/sant-jordiet-en-el-recuerdo\\\/#primaryimage\"},\"image\":{\"@id\":\"https:\\\/\\\/www.copealcoy.es\\\/es\\\/sant-jordiet-en-el-recuerdo\\\/#primaryimage\"},\"thumbnailUrl\":\"https:\\\/\\\/www.copealcoy.es\\\/wp-content\\\/uploads\\\/2022\\\/04\\\/unnamed-21-scaled-e1649769988934.jpg\",\"datePublished\":\"2022-04-12T13:43:30+00:00\",\"dateModified\":\"2022-04-12T13:55:08+00:00\",\"author\":{\"@id\":\"https:\\\/\\\/www.copealcoy.es\\\/es\\\/#\\\/schema\\\/person\\\/e777c87fa024e57d40170af9df39882c\"},\"breadcrumb\":{\"@id\":\"https:\\\/\\\/www.copealcoy.es\\\/es\\\/sant-jordiet-en-el-recuerdo\\\/#breadcrumb\"},\"inLanguage\":\"es\",\"potentialAction\":[{\"@type\":\"ReadAction\",\"target\":[\"https:\\\/\\\/www.copealcoy.es\\\/es\\\/sant-jordiet-en-el-recuerdo\\\/\"]}]},{\"@type\":\"ImageObject\",\"inLanguage\":\"es\",\"@id\":\"https:\\\/\\\/www.copealcoy.es\\\/es\\\/sant-jordiet-en-el-recuerdo\\\/#primaryimage\",\"url\":\"https:\\\/\\\/www.copealcoy.es\\\/wp-content\\\/uploads\\\/2022\\\/04\\\/unnamed-21-scaled-e1649769988934.jpg\",\"contentUrl\":\"https:\\\/\\\/www.copealcoy.es\\\/wp-content\\\/uploads\\\/2022\\\/04\\\/unnamed-21-scaled-e1649769988934.jpg\",\"width\":640,\"height\":390},{\"@type\":\"BreadcrumbList\",\"@id\":\"https:\\\/\\\/www.copealcoy.es\\\/es\\\/sant-jordiet-en-el-recuerdo\\\/#breadcrumb\",\"itemListElement\":[{\"@type\":\"ListItem\",\"position\":1,\"name\":\"Portada\",\"item\":\"https:\\\/\\\/www.copealcoy.es\\\/es\\\/\"},{\"@type\":\"ListItem\",\"position\":2,\"name\":\"Sant Jordiet, en el recuerdo\"}]},{\"@type\":\"WebSite\",\"@id\":\"https:\\\/\\\/www.copealcoy.es\\\/es\\\/#website\",\"url\":\"https:\\\/\\\/www.copealcoy.es\\\/es\\\/\",\"name\":\"COPE Alcoy\",\"description\":\"Emisora COPE de radio local con emisi\u00f3n online. Pont de Sant Jordi 8-10 03803 Alcoy\",\"potentialAction\":[{\"@type\":\"SearchAction\",\"target\":{\"@type\":\"EntryPoint\",\"urlTemplate\":\"https:\\\/\\\/www.copealcoy.es\\\/es\\\/?s={search_term_string}\"},\"query-input\":{\"@type\":\"PropertyValueSpecification\",\"valueRequired\":true,\"valueName\":\"search_term_string\"}}],\"inLanguage\":\"es\"},{\"@type\":\"Person\",\"@id\":\"https:\\\/\\\/www.copealcoy.es\\\/es\\\/#\\\/schema\\\/person\\\/e777c87fa024e57d40170af9df39882c\",\"name\":\"Cope Alcoy\",\"image\":{\"@type\":\"ImageObject\",\"inLanguage\":\"es\",\"@id\":\"https:\\\/\\\/secure.gravatar.com\\\/avatar\\\/bb65d0283347e303893ba14f0692005417c1e0e690a325a4c5d8bb2b3943ee14?s=96&d=mm&r=g\",\"url\":\"https:\\\/\\\/secure.gravatar.com\\\/avatar\\\/bb65d0283347e303893ba14f0692005417c1e0e690a325a4c5d8bb2b3943ee14?s=96&d=mm&r=g\",\"contentUrl\":\"https:\\\/\\\/secure.gravatar.com\\\/avatar\\\/bb65d0283347e303893ba14f0692005417c1e0e690a325a4c5d8bb2b3943ee14?s=96&d=mm&r=g\",\"caption\":\"Cope Alcoy\"}}]}<\/script>\n<!-- \/ Yoast SEO plugin. -->","yoast_head_json":{"title":"Sant Jordiet, en el recuerdo - COPE Alcoy","robots":{"index":"index","follow":"follow","max-snippet":"max-snippet:-1","max-image-preview":"max-image-preview:large","max-video-preview":"max-video-preview:-1"},"canonical":"https:\/\/www.copealcoy.es\/es\/sant-jordiet-en-el-recuerdo\/","og_locale":"es_ES","og_type":"article","og_title":"Sant Jordiet, en el recuerdo - COPE Alcoy","og_description":"COPE ALCOI ha vuelto a bucear en la historia de nuestras Fiestas de Moros y Cristianos y, a a escasos...","og_url":"https:\/\/www.copealcoy.es\/es\/sant-jordiet-en-el-recuerdo\/","og_site_name":"COPE Alcoy","article_published_time":"2022-04-12T13:43:30+00:00","article_modified_time":"2022-04-12T13:55:08+00:00","og_image":[{"width":640,"height":390,"url":"https:\/\/www.copealcoy.es\/wp-content\/uploads\/2022\/04\/unnamed-21-scaled-e1649769988934.jpg","type":"image\/jpeg"}],"author":"Cope Alcoy","twitter_misc":{"Escrito por":"Cope Alcoy","Tiempo de lectura":"2 minutos"},"schema":{"@context":"https:\/\/schema.org","@graph":[{"@type":"Article","@id":"https:\/\/www.copealcoy.es\/es\/sant-jordiet-en-el-recuerdo\/#article","isPartOf":{"@id":"https:\/\/www.copealcoy.es\/es\/sant-jordiet-en-el-recuerdo\/"},"author":{"name":"Cope Alcoy","@id":"https:\/\/www.copealcoy.es\/es\/#\/schema\/person\/e777c87fa024e57d40170af9df39882c"},"headline":"Sant Jordiet, en el recuerdo","datePublished":"2022-04-12T13:43:30+00:00","dateModified":"2022-04-12T13:55:08+00:00","mainEntityOfPage":{"@id":"https:\/\/www.copealcoy.es\/es\/sant-jordiet-en-el-recuerdo\/"},"wordCount":438,"commentCount":0,"image":{"@id":"https:\/\/www.copealcoy.es\/es\/sant-jordiet-en-el-recuerdo\/#primaryimage"},"thumbnailUrl":"https:\/\/www.copealcoy.es\/wp-content\/uploads\/2022\/04\/unnamed-21-scaled-e1649769988934.jpg","keywords":["Alcoy","Cope Alcoy","im\u00e1genes","Milar","Revista","Sant Jordiet"],"articleSection":["Actualidad","Alcoy","Noticias","Portada"],"inLanguage":"es"},{"@type":"WebPage","@id":"https:\/\/www.copealcoy.es\/es\/sant-jordiet-en-el-recuerdo\/","url":"https:\/\/www.copealcoy.es\/es\/sant-jordiet-en-el-recuerdo\/","name":"Sant Jordiet, en el recuerdo - COPE Alcoy","isPartOf":{"@id":"https:\/\/www.copealcoy.es\/es\/#website"},"primaryImageOfPage":{"@id":"https:\/\/www.copealcoy.es\/es\/sant-jordiet-en-el-recuerdo\/#primaryimage"},"image":{"@id":"https:\/\/www.copealcoy.es\/es\/sant-jordiet-en-el-recuerdo\/#primaryimage"},"thumbnailUrl":"https:\/\/www.copealcoy.es\/wp-content\/uploads\/2022\/04\/unnamed-21-scaled-e1649769988934.jpg","datePublished":"2022-04-12T13:43:30+00:00","dateModified":"2022-04-12T13:55:08+00:00","author":{"@id":"https:\/\/www.copealcoy.es\/es\/#\/schema\/person\/e777c87fa024e57d40170af9df39882c"},"breadcrumb":{"@id":"https:\/\/www.copealcoy.es\/es\/sant-jordiet-en-el-recuerdo\/#breadcrumb"},"inLanguage":"es","potentialAction":[{"@type":"ReadAction","target":["https:\/\/www.copealcoy.es\/es\/sant-jordiet-en-el-recuerdo\/"]}]},{"@type":"ImageObject","inLanguage":"es","@id":"https:\/\/www.copealcoy.es\/es\/sant-jordiet-en-el-recuerdo\/#primaryimage","url":"https:\/\/www.copealcoy.es\/wp-content\/uploads\/2022\/04\/unnamed-21-scaled-e1649769988934.jpg","contentUrl":"https:\/\/www.copealcoy.es\/wp-content\/uploads\/2022\/04\/unnamed-21-scaled-e1649769988934.jpg","width":640,"height":390},{"@type":"BreadcrumbList","@id":"https:\/\/www.copealcoy.es\/es\/sant-jordiet-en-el-recuerdo\/#breadcrumb","itemListElement":[{"@type":"ListItem","position":1,"name":"Portada","item":"https:\/\/www.copealcoy.es\/es\/"},{"@type":"ListItem","position":2,"name":"Sant Jordiet, en el recuerdo"}]},{"@type":"WebSite","@id":"https:\/\/www.copealcoy.es\/es\/#website","url":"https:\/\/www.copealcoy.es\/es\/","name":"COPE Alcoy","description":"Emisora COPE de radio local con emisi\u00f3n online. Pont de Sant Jordi 8-10 03803 Alcoy","potentialAction":[{"@type":"SearchAction","target":{"@type":"EntryPoint","urlTemplate":"https:\/\/www.copealcoy.es\/es\/?s={search_term_string}"},"query-input":{"@type":"PropertyValueSpecification","valueRequired":true,"valueName":"search_term_string"}}],"inLanguage":"es"},{"@type":"Person","@id":"https:\/\/www.copealcoy.es\/es\/#\/schema\/person\/e777c87fa024e57d40170af9df39882c","name":"Cope Alcoy","image":{"@type":"ImageObject","inLanguage":"es","@id":"https:\/\/secure.gravatar.com\/avatar\/bb65d0283347e303893ba14f0692005417c1e0e690a325a4c5d8bb2b3943ee14?s=96&d=mm&r=g","url":"https:\/\/secure.gravatar.com\/avatar\/bb65d0283347e303893ba14f0692005417c1e0e690a325a4c5d8bb2b3943ee14?s=96&d=mm&r=g","contentUrl":"https:\/\/secure.gravatar.com\/avatar\/bb65d0283347e303893ba14f0692005417c1e0e690a325a4c5d8bb2b3943ee14?s=96&d=mm&r=g","caption":"Cope Alcoy"}}]}},"_links":{"self":[{"href":"https:\/\/www.copealcoy.es\/es\/wp-json\/wp\/v2\/posts\/86078","targetHints":{"allow":["GET"]}}],"collection":[{"href":"https:\/\/www.copealcoy.es\/es\/wp-json\/wp\/v2\/posts"}],"about":[{"href":"https:\/\/www.copealcoy.es\/es\/wp-json\/wp\/v2\/types\/post"}],"author":[{"embeddable":true,"href":"https:\/\/www.copealcoy.es\/es\/wp-json\/wp\/v2\/users\/1"}],"replies":[{"embeddable":true,"href":"https:\/\/www.copealcoy.es\/es\/wp-json\/wp\/v2\/comments?post=86078"}],"version-history":[{"count":0,"href":"https:\/\/www.copealcoy.es\/es\/wp-json\/wp\/v2\/posts\/86078\/revisions"}],"wp:featuredmedia":[{"embeddable":true,"href":"https:\/\/www.copealcoy.es\/es\/wp-json\/wp\/v2\/media\/86079"}],"wp:attachment":[{"href":"https:\/\/www.copealcoy.es\/es\/wp-json\/wp\/v2\/media?parent=86078"}],"wp:term":[{"taxonomy":"category","embeddable":true,"href":"https:\/\/www.copealcoy.es\/es\/wp-json\/wp\/v2\/categories?post=86078"},{"taxonomy":"post_tag","embeddable":true,"href":"https:\/\/www.copealcoy.es\/es\/wp-json\/wp\/v2\/tags?post=86078"}],"curies":[{"name":"wp","href":"https:\/\/api.w.org\/{rel}","templated":true}]}}