{"id":86069,"date":"2022-04-11T20:19:22","date_gmt":"2022-04-11T19:19:22","guid":{"rendered":"https:\/\/www.copealcoy.es\/?p=86069"},"modified":"2022-04-11T20:23:59","modified_gmt":"2022-04-11T19:23:59","slug":"la-fira-de-castalla-ja-te-cartell-anunciador","status":"publish","type":"post","link":"https:\/\/www.copealcoy.es\/es\/la-fira-de-castalla-ja-te-cartell-anunciador\/","title":{"rendered":"La Fira de Castalla ja t\u00e9 cartell anunciador"},"content":{"rendered":"<p style=\"text-align: justify;\">La<strong> Fira de Sant Isidre de Castalla<\/strong> ha presentat <strong>el cartell oficial de la XXVIII edici\u00f3<\/strong>, que aquest any est\u00e0 inspirat en una de les seues activitats m\u00e9s cridaneres de la festivitat; <strong><span class=\"hiddenGrammarError\">el Correfocs<\/span><\/strong>. Amb la llum i el fum com a fil conductor, apareixen a l&#8217;obra <strong>els diferents elements constitutius d&#8217;aquesta singular tradici\u00f3<\/strong> com els vehicles, els animals, la m\u00fasica o les atraccions. Tot aix\u00f2 <strong>emmarcat amb el Castell<\/strong>, un dels s\u00edmbols representatius de la localitat.<\/p>\n<p style=\"text-align: justify;\">L\u2019alcalde de Castalla, <strong>Antonio Bernabeu<\/strong>, ha assegurat que \u201c<em>amb la presentaci\u00f3 del cartell posem el focus en una de les imatges m\u00e9s recognoscibles de la Fira de\u00a0Sant\u00a0Isidre, la\u00a0<span class=\"hiddenGrammarError\">del Correfocs<\/span>\u201d. Per al primer edil, aquest \u201celement protagonista identificar\u00e0 a la fira i a la nostra ciutat en l\u2019imaginari de totes les persones que tinguen intenci\u00f3 en visitar-nos en el mes de maig, en el que deixem enrere dos anys en blanc per culpa de la pand\u00e8mia<\/em>\u201d. Per altre costat ha destacat que<strong> l\u2019Ajuntament<\/strong> \u201c<em>ha posat tots els recursos possibles per a tractar que aquesta edici\u00f3 de la Fira de Sant Isidre siga un \u00e8xit, per\u00f2 tamb\u00e9 que la convocat\u00f2ria es desenvolupe amb totes les garanties i\u00a0precaucions, ja que\u00a0l\u2019amena\u00e7a per covid no ha acabat, per\u00f2 la nostra ciutat vol i necessita tornar gradualment a la normalitat<\/em>\u201d.<\/p>\n<p style=\"text-align: justify;\">A m\u00e9s, l\u2019Ajuntament ha donat a\u00a0con\u00e9ixer\u00a0la web de la fira, que <strong>mant\u00e9 la direcci\u00f3 <a href=\"http:\/\/www.feriasanisidrocastalla.com\/\"><span style=\"color: #0000ff;\">www.feriasanisidrocastalla.com<\/span><\/a><\/strong>, per\u00f2 que ha sigut totalment renovada. En ella s\u2019inclou <strong>la informaci\u00f3 relativa a tots els actes d\u2019aquesta edici\u00f3<\/strong>, aix\u00ed com <strong>not\u00edcies i imatges d\u2019arxiu d\u2019edicions anteriors<\/strong> \u201c<em>el treball que hem dut a terme per a renovar a tots els nivells la Fira de Sant Isidre va dirigit a\u00a0fer\u00a0un salt de qualitat i convertir el cap de setmana de Sant Isidre en un referent firal de la comarca, per\u00f2 tamb\u00e9 de la\u00a0prov\u00edncia<\/em>\u201d, afirma el Director de la Fira;\u00a0<strong><span class=\"hiddenSpellError\">Javier<\/span>\u00a0<span class=\"hiddenSpellError\">Montava<\/span><\/strong>.<\/p>\n<p style=\"text-align: justify;\">La Fira de Sant Isidre de Castalla <strong>tindr\u00e0 lloc enguany els dies 13, 14 i 15 de maig<\/strong>. L&#8217;esdeveniment <strong>tornar\u00e0 als carrers del poble<\/strong> despr\u00e9s que en els darrers dos anys la pand\u00e8mia del Coronavirus ho impedira.<\/p>\n","protected":false},"excerpt":{"rendered":"<p>La Fira de Sant Isidre de Castalla ha presentat el cartell oficial de la XXVIII edici\u00f3, que aquest any est\u00e0&#8230;<\/p>\n","protected":false},"author":1,"featured_media":86071,"comment_status":"open","ping_status":"open","sticky":false,"template":"","format":"standard","meta":{"footnotes":""},"categories":[98,75],"tags":[9821,1619,3080,12551,9625],"class_list":["post-86069","post","type-post","status-publish","format-standard","has-post-thumbnail","hentry","category-comarcas","category-noticias","tag-cartell","tag-castalla","tag-correfocs","tag-fira-de-sant-isidre","tag-presentacio"],"yoast_head":"<!-- This site is optimized with the Yoast SEO plugin v27.3 - https:\/\/yoast.com\/product\/yoast-seo-wordpress\/ -->\n<title>La Fira de Castalla ja t\u00e9 cartell anunciador - COPE Alcoy<\/title>\n<meta name=\"robots\" content=\"index, follow, max-snippet:-1, max-image-preview:large, max-video-preview:-1\" \/>\n<link rel=\"canonical\" href=\"https:\/\/www.copealcoy.es\/es\/la-fira-de-castalla-ja-te-cartell-anunciador\/\" \/>\n<meta property=\"og:locale\" content=\"es_ES\" \/>\n<meta property=\"og:type\" content=\"article\" \/>\n<meta property=\"og:title\" content=\"La Fira de Castalla ja t\u00e9 cartell anunciador - COPE Alcoy\" \/>\n<meta property=\"og:description\" content=\"La Fira de Sant Isidre de Castalla ha presentat el cartell oficial de la XXVIII edici\u00f3, que aquest any est\u00e0...\" \/>\n<meta property=\"og:url\" content=\"https:\/\/www.copealcoy.es\/es\/la-fira-de-castalla-ja-te-cartell-anunciador\/\" \/>\n<meta property=\"og:site_name\" content=\"COPE Alcoy\" \/>\n<meta property=\"article:published_time\" content=\"2022-04-11T19:19:22+00:00\" \/>\n<meta property=\"article:modified_time\" content=\"2022-04-11T19:23:59+00:00\" \/>\n<meta property=\"og:image\" content=\"https:\/\/www.copealcoy.es\/wp-content\/uploads\/2022\/04\/0-6.jpg\" \/>\n\t<meta property=\"og:image:width\" content=\"1230\" \/>\n\t<meta property=\"og:image:height\" content=\"692\" \/>\n\t<meta property=\"og:image:type\" content=\"image\/jpeg\" \/>\n<meta name=\"author\" content=\"Cope Alcoy\" \/>\n<meta name=\"twitter:label1\" content=\"Escrito por\" \/>\n\t<meta name=\"twitter:data1\" content=\"Cope Alcoy\" \/>\n\t<meta name=\"twitter:label2\" content=\"Tiempo de lectura\" \/>\n\t<meta name=\"twitter:data2\" content=\"2 minutos\" \/>\n<script type=\"application\/ld+json\" class=\"yoast-schema-graph\">{\"@context\":\"https:\\\/\\\/schema.org\",\"@graph\":[{\"@type\":\"Article\",\"@id\":\"https:\\\/\\\/www.copealcoy.es\\\/es\\\/la-fira-de-castalla-ja-te-cartell-anunciador\\\/#article\",\"isPartOf\":{\"@id\":\"https:\\\/\\\/www.copealcoy.es\\\/es\\\/la-fira-de-castalla-ja-te-cartell-anunciador\\\/\"},\"author\":{\"name\":\"Cope Alcoy\",\"@id\":\"https:\\\/\\\/www.copealcoy.es\\\/es\\\/#\\\/schema\\\/person\\\/e777c87fa024e57d40170af9df39882c\"},\"headline\":\"La Fira de Castalla ja t\u00e9 cartell anunciador\",\"datePublished\":\"2022-04-11T19:19:22+00:00\",\"dateModified\":\"2022-04-11T19:23:59+00:00\",\"mainEntityOfPage\":{\"@id\":\"https:\\\/\\\/www.copealcoy.es\\\/es\\\/la-fira-de-castalla-ja-te-cartell-anunciador\\\/\"},\"wordCount\":384,\"commentCount\":0,\"image\":{\"@id\":\"https:\\\/\\\/www.copealcoy.es\\\/es\\\/la-fira-de-castalla-ja-te-cartell-anunciador\\\/#primaryimage\"},\"thumbnailUrl\":\"https:\\\/\\\/www.copealcoy.es\\\/wp-content\\\/uploads\\\/2022\\\/04\\\/0-6.jpg\",\"keywords\":[\"Cartell\",\"Castalla\",\"Correfocs\",\"Fira de Sant Isidre\",\"Presentaci\u00f3\"],\"articleSection\":[\"Comarcas\",\"Noticias\"],\"inLanguage\":\"es\"},{\"@type\":\"WebPage\",\"@id\":\"https:\\\/\\\/www.copealcoy.es\\\/es\\\/la-fira-de-castalla-ja-te-cartell-anunciador\\\/\",\"url\":\"https:\\\/\\\/www.copealcoy.es\\\/es\\\/la-fira-de-castalla-ja-te-cartell-anunciador\\\/\",\"name\":\"La Fira de Castalla ja t\u00e9 cartell anunciador - COPE Alcoy\",\"isPartOf\":{\"@id\":\"https:\\\/\\\/www.copealcoy.es\\\/es\\\/#website\"},\"primaryImageOfPage\":{\"@id\":\"https:\\\/\\\/www.copealcoy.es\\\/es\\\/la-fira-de-castalla-ja-te-cartell-anunciador\\\/#primaryimage\"},\"image\":{\"@id\":\"https:\\\/\\\/www.copealcoy.es\\\/es\\\/la-fira-de-castalla-ja-te-cartell-anunciador\\\/#primaryimage\"},\"thumbnailUrl\":\"https:\\\/\\\/www.copealcoy.es\\\/wp-content\\\/uploads\\\/2022\\\/04\\\/0-6.jpg\",\"datePublished\":\"2022-04-11T19:19:22+00:00\",\"dateModified\":\"2022-04-11T19:23:59+00:00\",\"author\":{\"@id\":\"https:\\\/\\\/www.copealcoy.es\\\/es\\\/#\\\/schema\\\/person\\\/e777c87fa024e57d40170af9df39882c\"},\"breadcrumb\":{\"@id\":\"https:\\\/\\\/www.copealcoy.es\\\/es\\\/la-fira-de-castalla-ja-te-cartell-anunciador\\\/#breadcrumb\"},\"inLanguage\":\"es\",\"potentialAction\":[{\"@type\":\"ReadAction\",\"target\":[\"https:\\\/\\\/www.copealcoy.es\\\/es\\\/la-fira-de-castalla-ja-te-cartell-anunciador\\\/\"]}]},{\"@type\":\"ImageObject\",\"inLanguage\":\"es\",\"@id\":\"https:\\\/\\\/www.copealcoy.es\\\/es\\\/la-fira-de-castalla-ja-te-cartell-anunciador\\\/#primaryimage\",\"url\":\"https:\\\/\\\/www.copealcoy.es\\\/wp-content\\\/uploads\\\/2022\\\/04\\\/0-6.jpg\",\"contentUrl\":\"https:\\\/\\\/www.copealcoy.es\\\/wp-content\\\/uploads\\\/2022\\\/04\\\/0-6.jpg\",\"width\":1230,\"height\":692},{\"@type\":\"BreadcrumbList\",\"@id\":\"https:\\\/\\\/www.copealcoy.es\\\/es\\\/la-fira-de-castalla-ja-te-cartell-anunciador\\\/#breadcrumb\",\"itemListElement\":[{\"@type\":\"ListItem\",\"position\":1,\"name\":\"Portada\",\"item\":\"https:\\\/\\\/www.copealcoy.es\\\/es\\\/\"},{\"@type\":\"ListItem\",\"position\":2,\"name\":\"La Fira de Castalla ja t\u00e9 cartell anunciador\"}]},{\"@type\":\"WebSite\",\"@id\":\"https:\\\/\\\/www.copealcoy.es\\\/es\\\/#website\",\"url\":\"https:\\\/\\\/www.copealcoy.es\\\/es\\\/\",\"name\":\"COPE Alcoy\",\"description\":\"Emisora COPE de radio local con emisi\u00f3n online. Pont de Sant Jordi 8-10 03803 Alcoy\",\"potentialAction\":[{\"@type\":\"SearchAction\",\"target\":{\"@type\":\"EntryPoint\",\"urlTemplate\":\"https:\\\/\\\/www.copealcoy.es\\\/es\\\/?s={search_term_string}\"},\"query-input\":{\"@type\":\"PropertyValueSpecification\",\"valueRequired\":true,\"valueName\":\"search_term_string\"}}],\"inLanguage\":\"es\"},{\"@type\":\"Person\",\"@id\":\"https:\\\/\\\/www.copealcoy.es\\\/es\\\/#\\\/schema\\\/person\\\/e777c87fa024e57d40170af9df39882c\",\"name\":\"Cope Alcoy\",\"image\":{\"@type\":\"ImageObject\",\"inLanguage\":\"es\",\"@id\":\"https:\\\/\\\/secure.gravatar.com\\\/avatar\\\/bb65d0283347e303893ba14f0692005417c1e0e690a325a4c5d8bb2b3943ee14?s=96&d=mm&r=g\",\"url\":\"https:\\\/\\\/secure.gravatar.com\\\/avatar\\\/bb65d0283347e303893ba14f0692005417c1e0e690a325a4c5d8bb2b3943ee14?s=96&d=mm&r=g\",\"contentUrl\":\"https:\\\/\\\/secure.gravatar.com\\\/avatar\\\/bb65d0283347e303893ba14f0692005417c1e0e690a325a4c5d8bb2b3943ee14?s=96&d=mm&r=g\",\"caption\":\"Cope Alcoy\"}}]}<\/script>\n<!-- \/ Yoast SEO plugin. -->","yoast_head_json":{"title":"La Fira de Castalla ja t\u00e9 cartell anunciador - COPE Alcoy","robots":{"index":"index","follow":"follow","max-snippet":"max-snippet:-1","max-image-preview":"max-image-preview:large","max-video-preview":"max-video-preview:-1"},"canonical":"https:\/\/www.copealcoy.es\/es\/la-fira-de-castalla-ja-te-cartell-anunciador\/","og_locale":"es_ES","og_type":"article","og_title":"La Fira de Castalla ja t\u00e9 cartell anunciador - COPE Alcoy","og_description":"La Fira de Sant Isidre de Castalla ha presentat el cartell oficial de la XXVIII edici\u00f3, que aquest any est\u00e0...","og_url":"https:\/\/www.copealcoy.es\/es\/la-fira-de-castalla-ja-te-cartell-anunciador\/","og_site_name":"COPE Alcoy","article_published_time":"2022-04-11T19:19:22+00:00","article_modified_time":"2022-04-11T19:23:59+00:00","og_image":[{"width":1230,"height":692,"url":"https:\/\/www.copealcoy.es\/wp-content\/uploads\/2022\/04\/0-6.jpg","type":"image\/jpeg"}],"author":"Cope Alcoy","twitter_misc":{"Escrito por":"Cope Alcoy","Tiempo de lectura":"2 minutos"},"schema":{"@context":"https:\/\/schema.org","@graph":[{"@type":"Article","@id":"https:\/\/www.copealcoy.es\/es\/la-fira-de-castalla-ja-te-cartell-anunciador\/#article","isPartOf":{"@id":"https:\/\/www.copealcoy.es\/es\/la-fira-de-castalla-ja-te-cartell-anunciador\/"},"author":{"name":"Cope Alcoy","@id":"https:\/\/www.copealcoy.es\/es\/#\/schema\/person\/e777c87fa024e57d40170af9df39882c"},"headline":"La Fira de Castalla ja t\u00e9 cartell anunciador","datePublished":"2022-04-11T19:19:22+00:00","dateModified":"2022-04-11T19:23:59+00:00","mainEntityOfPage":{"@id":"https:\/\/www.copealcoy.es\/es\/la-fira-de-castalla-ja-te-cartell-anunciador\/"},"wordCount":384,"commentCount":0,"image":{"@id":"https:\/\/www.copealcoy.es\/es\/la-fira-de-castalla-ja-te-cartell-anunciador\/#primaryimage"},"thumbnailUrl":"https:\/\/www.copealcoy.es\/wp-content\/uploads\/2022\/04\/0-6.jpg","keywords":["Cartell","Castalla","Correfocs","Fira de Sant Isidre","Presentaci\u00f3"],"articleSection":["Comarcas","Noticias"],"inLanguage":"es"},{"@type":"WebPage","@id":"https:\/\/www.copealcoy.es\/es\/la-fira-de-castalla-ja-te-cartell-anunciador\/","url":"https:\/\/www.copealcoy.es\/es\/la-fira-de-castalla-ja-te-cartell-anunciador\/","name":"La Fira de Castalla ja t\u00e9 cartell anunciador - COPE Alcoy","isPartOf":{"@id":"https:\/\/www.copealcoy.es\/es\/#website"},"primaryImageOfPage":{"@id":"https:\/\/www.copealcoy.es\/es\/la-fira-de-castalla-ja-te-cartell-anunciador\/#primaryimage"},"image":{"@id":"https:\/\/www.copealcoy.es\/es\/la-fira-de-castalla-ja-te-cartell-anunciador\/#primaryimage"},"thumbnailUrl":"https:\/\/www.copealcoy.es\/wp-content\/uploads\/2022\/04\/0-6.jpg","datePublished":"2022-04-11T19:19:22+00:00","dateModified":"2022-04-11T19:23:59+00:00","author":{"@id":"https:\/\/www.copealcoy.es\/es\/#\/schema\/person\/e777c87fa024e57d40170af9df39882c"},"breadcrumb":{"@id":"https:\/\/www.copealcoy.es\/es\/la-fira-de-castalla-ja-te-cartell-anunciador\/#breadcrumb"},"inLanguage":"es","potentialAction":[{"@type":"ReadAction","target":["https:\/\/www.copealcoy.es\/es\/la-fira-de-castalla-ja-te-cartell-anunciador\/"]}]},{"@type":"ImageObject","inLanguage":"es","@id":"https:\/\/www.copealcoy.es\/es\/la-fira-de-castalla-ja-te-cartell-anunciador\/#primaryimage","url":"https:\/\/www.copealcoy.es\/wp-content\/uploads\/2022\/04\/0-6.jpg","contentUrl":"https:\/\/www.copealcoy.es\/wp-content\/uploads\/2022\/04\/0-6.jpg","width":1230,"height":692},{"@type":"BreadcrumbList","@id":"https:\/\/www.copealcoy.es\/es\/la-fira-de-castalla-ja-te-cartell-anunciador\/#breadcrumb","itemListElement":[{"@type":"ListItem","position":1,"name":"Portada","item":"https:\/\/www.copealcoy.es\/es\/"},{"@type":"ListItem","position":2,"name":"La Fira de Castalla ja t\u00e9 cartell anunciador"}]},{"@type":"WebSite","@id":"https:\/\/www.copealcoy.es\/es\/#website","url":"https:\/\/www.copealcoy.es\/es\/","name":"COPE Alcoy","description":"Emisora COPE de radio local con emisi\u00f3n online. Pont de Sant Jordi 8-10 03803 Alcoy","potentialAction":[{"@type":"SearchAction","target":{"@type":"EntryPoint","urlTemplate":"https:\/\/www.copealcoy.es\/es\/?s={search_term_string}"},"query-input":{"@type":"PropertyValueSpecification","valueRequired":true,"valueName":"search_term_string"}}],"inLanguage":"es"},{"@type":"Person","@id":"https:\/\/www.copealcoy.es\/es\/#\/schema\/person\/e777c87fa024e57d40170af9df39882c","name":"Cope Alcoy","image":{"@type":"ImageObject","inLanguage":"es","@id":"https:\/\/secure.gravatar.com\/avatar\/bb65d0283347e303893ba14f0692005417c1e0e690a325a4c5d8bb2b3943ee14?s=96&d=mm&r=g","url":"https:\/\/secure.gravatar.com\/avatar\/bb65d0283347e303893ba14f0692005417c1e0e690a325a4c5d8bb2b3943ee14?s=96&d=mm&r=g","contentUrl":"https:\/\/secure.gravatar.com\/avatar\/bb65d0283347e303893ba14f0692005417c1e0e690a325a4c5d8bb2b3943ee14?s=96&d=mm&r=g","caption":"Cope Alcoy"}}]}},"_links":{"self":[{"href":"https:\/\/www.copealcoy.es\/es\/wp-json\/wp\/v2\/posts\/86069","targetHints":{"allow":["GET"]}}],"collection":[{"href":"https:\/\/www.copealcoy.es\/es\/wp-json\/wp\/v2\/posts"}],"about":[{"href":"https:\/\/www.copealcoy.es\/es\/wp-json\/wp\/v2\/types\/post"}],"author":[{"embeddable":true,"href":"https:\/\/www.copealcoy.es\/es\/wp-json\/wp\/v2\/users\/1"}],"replies":[{"embeddable":true,"href":"https:\/\/www.copealcoy.es\/es\/wp-json\/wp\/v2\/comments?post=86069"}],"version-history":[{"count":0,"href":"https:\/\/www.copealcoy.es\/es\/wp-json\/wp\/v2\/posts\/86069\/revisions"}],"wp:featuredmedia":[{"embeddable":true,"href":"https:\/\/www.copealcoy.es\/es\/wp-json\/wp\/v2\/media\/86071"}],"wp:attachment":[{"href":"https:\/\/www.copealcoy.es\/es\/wp-json\/wp\/v2\/media?parent=86069"}],"wp:term":[{"taxonomy":"category","embeddable":true,"href":"https:\/\/www.copealcoy.es\/es\/wp-json\/wp\/v2\/categories?post=86069"},{"taxonomy":"post_tag","embeddable":true,"href":"https:\/\/www.copealcoy.es\/es\/wp-json\/wp\/v2\/tags?post=86069"}],"curies":[{"name":"wp","href":"https:\/\/api.w.org\/{rel}","templated":true}]}}