{"id":86063,"date":"2022-04-11T19:56:36","date_gmt":"2022-04-11T18:56:36","guid":{"rendered":"https:\/\/www.copealcoy.es\/?p=86063"},"modified":"2022-04-11T20:03:56","modified_gmt":"2022-04-11T19:03:56","slug":"denuncian-que-siguen-sin-repararse-las-goteras-del-polideportivo","status":"publish","type":"post","link":"https:\/\/www.copealcoy.es\/es\/denuncian-que-siguen-sin-repararse-las-goteras-del-polideportivo\/","title":{"rendered":"Denuncian que siguen sin repararse las goteras del Polideportivo"},"content":{"rendered":"<p style=\"text-align: justify;\">El <strong>Partido Popular de Alcoy<\/strong> ha denunciado que <strong>todav\u00eda est\u00e1n pendientes de resolverse los problemas de goteras<\/strong> existentes en la cubierta del Pabell\u00f3n Mutualidad de Levante del Polideportivo. La <strong>Borrasca Gloria<\/strong>, de enero de 2020, <strong>agrav\u00f3 las filtraciones y provoc\u00f3 importantes da\u00f1os<\/strong> en el parqu\u00e9 de la pista.<\/p>\n<p style=\"text-align: justify;\">Desde la formaci\u00f3n pol\u00edtica indican que <strong>el Gobierno Local se comprometi\u00f3 en su d\u00eda a redactar el proyecto<\/strong> para acometer las obras de mejora y se\u00f1alan que se reserv\u00f3 para ello <strong>una partida de 150.000 euros<\/strong> en los Presupuestos de 2021. Ahora aseguran que<strong> la citada partida ha sido suprimida de las cuentas de 2022<\/strong> &#8220;<em>dos a\u00f1os despu\u00e9s de que las goteras da\u00f1asen la pista, seguimos sin tener ni siquiera un proyecto que determine una soluci\u00f3n con la que corregir el problema. Alcoy no puede tener en estas condiciones una de sus principales infraestructuras deportivas. Los grandes pl\u00e1sticos instalados para evitar que el agua caiga sobre la pista ofrecen una mala imagen de la ciudad a las centenares de personas que vienen de otros municipios a seguir las competiciones que se disputan en el pabell\u00f3n<\/em>\u201d, indica <strong>Jordi Reig<\/strong>; delegado del PP en el <strong>Centre d&#8217;Esports<\/strong>.<\/p>\n<p style=\"text-align: justify;\">Finalmente los populares recalcan que<strong> est\u00e1 pendiente tambi\u00e9n la mejora de la cubierta de la pista exterior<\/strong>. En este sentido, concluyen, que <strong>es necesaria una actuaci\u00f3n urgente<\/strong> para frenar que el agua encharque la pista en d\u00edas de lluvia.<\/p>\n","protected":false},"excerpt":{"rendered":"<p>El Partido Popular de Alcoy ha denunciado que todav\u00eda est\u00e1n pendientes de resolverse los problemas de goteras existentes en la&#8230;<\/p>\n","protected":false},"author":1,"featured_media":86064,"comment_status":"open","ping_status":"open","sticky":false,"template":"","format":"standard","meta":{"footnotes":""},"categories":[6909,97,75,79],"tags":[1494,1461,3395,1447,227,222],"class_list":["post-86063","post","type-post","status-publish","format-standard","has-post-thumbnail","hentry","category-actualidad","category-alcoy","category-noticias","category-politicayeconomia","tag-alcoy","tag-denuncia","tag-goteras","tag-polideportivo","tag-pp","tag-reparacion"],"yoast_head":"<!-- This site is optimized with the Yoast SEO plugin v27.3 - https:\/\/yoast.com\/product\/yoast-seo-wordpress\/ -->\n<title>Denuncian que siguen sin repararse las goteras del Polideportivo - COPE Alcoy<\/title>\n<meta name=\"robots\" content=\"index, follow, max-snippet:-1, max-image-preview:large, max-video-preview:-1\" \/>\n<link rel=\"canonical\" href=\"https:\/\/www.copealcoy.es\/es\/denuncian-que-siguen-sin-repararse-las-goteras-del-polideportivo\/\" \/>\n<meta property=\"og:locale\" content=\"es_ES\" \/>\n<meta property=\"og:type\" content=\"article\" \/>\n<meta property=\"og:title\" content=\"Denuncian que siguen sin repararse las goteras del Polideportivo - COPE Alcoy\" \/>\n<meta property=\"og:description\" content=\"El Partido Popular de Alcoy ha denunciado que todav\u00eda est\u00e1n pendientes de resolverse los problemas de goteras existentes en la...\" \/>\n<meta property=\"og:url\" content=\"https:\/\/www.copealcoy.es\/es\/denuncian-que-siguen-sin-repararse-las-goteras-del-polideportivo\/\" \/>\n<meta property=\"og:site_name\" content=\"COPE Alcoy\" \/>\n<meta property=\"article:published_time\" content=\"2022-04-11T18:56:36+00:00\" \/>\n<meta property=\"article:modified_time\" content=\"2022-04-11T19:03:56+00:00\" \/>\n<meta property=\"og:image\" content=\"https:\/\/www.copealcoy.es\/wp-content\/uploads\/2022\/04\/Pabellon-Mutua-Levante-300x225-1.jpg\" \/>\n\t<meta property=\"og:image:width\" content=\"300\" \/>\n\t<meta property=\"og:image:height\" content=\"225\" \/>\n\t<meta property=\"og:image:type\" content=\"image\/jpeg\" \/>\n<meta name=\"author\" content=\"Cope Alcoy\" \/>\n<meta name=\"twitter:label1\" content=\"Escrito por\" \/>\n\t<meta name=\"twitter:data1\" content=\"Cope Alcoy\" \/>\n\t<meta name=\"twitter:label2\" content=\"Tiempo de lectura\" \/>\n\t<meta name=\"twitter:data2\" content=\"2 minutos\" \/>\n<script type=\"application\/ld+json\" class=\"yoast-schema-graph\">{\"@context\":\"https:\\\/\\\/schema.org\",\"@graph\":[{\"@type\":\"Article\",\"@id\":\"https:\\\/\\\/www.copealcoy.es\\\/es\\\/denuncian-que-siguen-sin-repararse-las-goteras-del-polideportivo\\\/#article\",\"isPartOf\":{\"@id\":\"https:\\\/\\\/www.copealcoy.es\\\/es\\\/denuncian-que-siguen-sin-repararse-las-goteras-del-polideportivo\\\/\"},\"author\":{\"name\":\"Cope Alcoy\",\"@id\":\"https:\\\/\\\/www.copealcoy.es\\\/es\\\/#\\\/schema\\\/person\\\/e777c87fa024e57d40170af9df39882c\"},\"headline\":\"Denuncian que siguen sin repararse las goteras del Polideportivo\",\"datePublished\":\"2022-04-11T18:56:36+00:00\",\"dateModified\":\"2022-04-11T19:03:56+00:00\",\"mainEntityOfPage\":{\"@id\":\"https:\\\/\\\/www.copealcoy.es\\\/es\\\/denuncian-que-siguen-sin-repararse-las-goteras-del-polideportivo\\\/\"},\"wordCount\":255,\"commentCount\":0,\"image\":{\"@id\":\"https:\\\/\\\/www.copealcoy.es\\\/es\\\/denuncian-que-siguen-sin-repararse-las-goteras-del-polideportivo\\\/#primaryimage\"},\"thumbnailUrl\":\"https:\\\/\\\/www.copealcoy.es\\\/wp-content\\\/uploads\\\/2022\\\/04\\\/Pabellon-Mutua-Levante-300x225-1.jpg\",\"keywords\":[\"Alcoy\",\"Denuncia\",\"Goteras\",\"Polideportivo\",\"PP\",\"Reparaci\u00f3n\"],\"articleSection\":[\"Actualidad\",\"Alcoy\",\"Noticias\",\"Pol\u00edtica y Econom\u00eda\"],\"inLanguage\":\"es\"},{\"@type\":\"WebPage\",\"@id\":\"https:\\\/\\\/www.copealcoy.es\\\/es\\\/denuncian-que-siguen-sin-repararse-las-goteras-del-polideportivo\\\/\",\"url\":\"https:\\\/\\\/www.copealcoy.es\\\/es\\\/denuncian-que-siguen-sin-repararse-las-goteras-del-polideportivo\\\/\",\"name\":\"Denuncian que siguen sin repararse las goteras del Polideportivo - COPE Alcoy\",\"isPartOf\":{\"@id\":\"https:\\\/\\\/www.copealcoy.es\\\/es\\\/#website\"},\"primaryImageOfPage\":{\"@id\":\"https:\\\/\\\/www.copealcoy.es\\\/es\\\/denuncian-que-siguen-sin-repararse-las-goteras-del-polideportivo\\\/#primaryimage\"},\"image\":{\"@id\":\"https:\\\/\\\/www.copealcoy.es\\\/es\\\/denuncian-que-siguen-sin-repararse-las-goteras-del-polideportivo\\\/#primaryimage\"},\"thumbnailUrl\":\"https:\\\/\\\/www.copealcoy.es\\\/wp-content\\\/uploads\\\/2022\\\/04\\\/Pabellon-Mutua-Levante-300x225-1.jpg\",\"datePublished\":\"2022-04-11T18:56:36+00:00\",\"dateModified\":\"2022-04-11T19:03:56+00:00\",\"author\":{\"@id\":\"https:\\\/\\\/www.copealcoy.es\\\/es\\\/#\\\/schema\\\/person\\\/e777c87fa024e57d40170af9df39882c\"},\"breadcrumb\":{\"@id\":\"https:\\\/\\\/www.copealcoy.es\\\/es\\\/denuncian-que-siguen-sin-repararse-las-goteras-del-polideportivo\\\/#breadcrumb\"},\"inLanguage\":\"es\",\"potentialAction\":[{\"@type\":\"ReadAction\",\"target\":[\"https:\\\/\\\/www.copealcoy.es\\\/es\\\/denuncian-que-siguen-sin-repararse-las-goteras-del-polideportivo\\\/\"]}]},{\"@type\":\"ImageObject\",\"inLanguage\":\"es\",\"@id\":\"https:\\\/\\\/www.copealcoy.es\\\/es\\\/denuncian-que-siguen-sin-repararse-las-goteras-del-polideportivo\\\/#primaryimage\",\"url\":\"https:\\\/\\\/www.copealcoy.es\\\/wp-content\\\/uploads\\\/2022\\\/04\\\/Pabellon-Mutua-Levante-300x225-1.jpg\",\"contentUrl\":\"https:\\\/\\\/www.copealcoy.es\\\/wp-content\\\/uploads\\\/2022\\\/04\\\/Pabellon-Mutua-Levante-300x225-1.jpg\",\"width\":300,\"height\":225},{\"@type\":\"BreadcrumbList\",\"@id\":\"https:\\\/\\\/www.copealcoy.es\\\/es\\\/denuncian-que-siguen-sin-repararse-las-goteras-del-polideportivo\\\/#breadcrumb\",\"itemListElement\":[{\"@type\":\"ListItem\",\"position\":1,\"name\":\"Portada\",\"item\":\"https:\\\/\\\/www.copealcoy.es\\\/es\\\/\"},{\"@type\":\"ListItem\",\"position\":2,\"name\":\"Denuncian que siguen sin repararse las goteras del Polideportivo\"}]},{\"@type\":\"WebSite\",\"@id\":\"https:\\\/\\\/www.copealcoy.es\\\/es\\\/#website\",\"url\":\"https:\\\/\\\/www.copealcoy.es\\\/es\\\/\",\"name\":\"COPE Alcoy\",\"description\":\"Emisora COPE de radio local con emisi\u00f3n online. Pont de Sant Jordi 8-10 03803 Alcoy\",\"potentialAction\":[{\"@type\":\"SearchAction\",\"target\":{\"@type\":\"EntryPoint\",\"urlTemplate\":\"https:\\\/\\\/www.copealcoy.es\\\/es\\\/?s={search_term_string}\"},\"query-input\":{\"@type\":\"PropertyValueSpecification\",\"valueRequired\":true,\"valueName\":\"search_term_string\"}}],\"inLanguage\":\"es\"},{\"@type\":\"Person\",\"@id\":\"https:\\\/\\\/www.copealcoy.es\\\/es\\\/#\\\/schema\\\/person\\\/e777c87fa024e57d40170af9df39882c\",\"name\":\"Cope Alcoy\",\"image\":{\"@type\":\"ImageObject\",\"inLanguage\":\"es\",\"@id\":\"https:\\\/\\\/secure.gravatar.com\\\/avatar\\\/bb65d0283347e303893ba14f0692005417c1e0e690a325a4c5d8bb2b3943ee14?s=96&d=mm&r=g\",\"url\":\"https:\\\/\\\/secure.gravatar.com\\\/avatar\\\/bb65d0283347e303893ba14f0692005417c1e0e690a325a4c5d8bb2b3943ee14?s=96&d=mm&r=g\",\"contentUrl\":\"https:\\\/\\\/secure.gravatar.com\\\/avatar\\\/bb65d0283347e303893ba14f0692005417c1e0e690a325a4c5d8bb2b3943ee14?s=96&d=mm&r=g\",\"caption\":\"Cope Alcoy\"}}]}<\/script>\n<!-- \/ Yoast SEO plugin. -->","yoast_head_json":{"title":"Denuncian que siguen sin repararse las goteras del Polideportivo - COPE Alcoy","robots":{"index":"index","follow":"follow","max-snippet":"max-snippet:-1","max-image-preview":"max-image-preview:large","max-video-preview":"max-video-preview:-1"},"canonical":"https:\/\/www.copealcoy.es\/es\/denuncian-que-siguen-sin-repararse-las-goteras-del-polideportivo\/","og_locale":"es_ES","og_type":"article","og_title":"Denuncian que siguen sin repararse las goteras del Polideportivo - COPE Alcoy","og_description":"El Partido Popular de Alcoy ha denunciado que todav\u00eda est\u00e1n pendientes de resolverse los problemas de goteras existentes en la...","og_url":"https:\/\/www.copealcoy.es\/es\/denuncian-que-siguen-sin-repararse-las-goteras-del-polideportivo\/","og_site_name":"COPE Alcoy","article_published_time":"2022-04-11T18:56:36+00:00","article_modified_time":"2022-04-11T19:03:56+00:00","og_image":[{"width":300,"height":225,"url":"https:\/\/www.copealcoy.es\/wp-content\/uploads\/2022\/04\/Pabellon-Mutua-Levante-300x225-1.jpg","type":"image\/jpeg"}],"author":"Cope Alcoy","twitter_misc":{"Escrito por":"Cope Alcoy","Tiempo de lectura":"2 minutos"},"schema":{"@context":"https:\/\/schema.org","@graph":[{"@type":"Article","@id":"https:\/\/www.copealcoy.es\/es\/denuncian-que-siguen-sin-repararse-las-goteras-del-polideportivo\/#article","isPartOf":{"@id":"https:\/\/www.copealcoy.es\/es\/denuncian-que-siguen-sin-repararse-las-goteras-del-polideportivo\/"},"author":{"name":"Cope Alcoy","@id":"https:\/\/www.copealcoy.es\/es\/#\/schema\/person\/e777c87fa024e57d40170af9df39882c"},"headline":"Denuncian que siguen sin repararse las goteras del Polideportivo","datePublished":"2022-04-11T18:56:36+00:00","dateModified":"2022-04-11T19:03:56+00:00","mainEntityOfPage":{"@id":"https:\/\/www.copealcoy.es\/es\/denuncian-que-siguen-sin-repararse-las-goteras-del-polideportivo\/"},"wordCount":255,"commentCount":0,"image":{"@id":"https:\/\/www.copealcoy.es\/es\/denuncian-que-siguen-sin-repararse-las-goteras-del-polideportivo\/#primaryimage"},"thumbnailUrl":"https:\/\/www.copealcoy.es\/wp-content\/uploads\/2022\/04\/Pabellon-Mutua-Levante-300x225-1.jpg","keywords":["Alcoy","Denuncia","Goteras","Polideportivo","PP","Reparaci\u00f3n"],"articleSection":["Actualidad","Alcoy","Noticias","Pol\u00edtica y Econom\u00eda"],"inLanguage":"es"},{"@type":"WebPage","@id":"https:\/\/www.copealcoy.es\/es\/denuncian-que-siguen-sin-repararse-las-goteras-del-polideportivo\/","url":"https:\/\/www.copealcoy.es\/es\/denuncian-que-siguen-sin-repararse-las-goteras-del-polideportivo\/","name":"Denuncian que siguen sin repararse las goteras del Polideportivo - COPE Alcoy","isPartOf":{"@id":"https:\/\/www.copealcoy.es\/es\/#website"},"primaryImageOfPage":{"@id":"https:\/\/www.copealcoy.es\/es\/denuncian-que-siguen-sin-repararse-las-goteras-del-polideportivo\/#primaryimage"},"image":{"@id":"https:\/\/www.copealcoy.es\/es\/denuncian-que-siguen-sin-repararse-las-goteras-del-polideportivo\/#primaryimage"},"thumbnailUrl":"https:\/\/www.copealcoy.es\/wp-content\/uploads\/2022\/04\/Pabellon-Mutua-Levante-300x225-1.jpg","datePublished":"2022-04-11T18:56:36+00:00","dateModified":"2022-04-11T19:03:56+00:00","author":{"@id":"https:\/\/www.copealcoy.es\/es\/#\/schema\/person\/e777c87fa024e57d40170af9df39882c"},"breadcrumb":{"@id":"https:\/\/www.copealcoy.es\/es\/denuncian-que-siguen-sin-repararse-las-goteras-del-polideportivo\/#breadcrumb"},"inLanguage":"es","potentialAction":[{"@type":"ReadAction","target":["https:\/\/www.copealcoy.es\/es\/denuncian-que-siguen-sin-repararse-las-goteras-del-polideportivo\/"]}]},{"@type":"ImageObject","inLanguage":"es","@id":"https:\/\/www.copealcoy.es\/es\/denuncian-que-siguen-sin-repararse-las-goteras-del-polideportivo\/#primaryimage","url":"https:\/\/www.copealcoy.es\/wp-content\/uploads\/2022\/04\/Pabellon-Mutua-Levante-300x225-1.jpg","contentUrl":"https:\/\/www.copealcoy.es\/wp-content\/uploads\/2022\/04\/Pabellon-Mutua-Levante-300x225-1.jpg","width":300,"height":225},{"@type":"BreadcrumbList","@id":"https:\/\/www.copealcoy.es\/es\/denuncian-que-siguen-sin-repararse-las-goteras-del-polideportivo\/#breadcrumb","itemListElement":[{"@type":"ListItem","position":1,"name":"Portada","item":"https:\/\/www.copealcoy.es\/es\/"},{"@type":"ListItem","position":2,"name":"Denuncian que siguen sin repararse las goteras del Polideportivo"}]},{"@type":"WebSite","@id":"https:\/\/www.copealcoy.es\/es\/#website","url":"https:\/\/www.copealcoy.es\/es\/","name":"COPE Alcoy","description":"Emisora COPE de radio local con emisi\u00f3n online. Pont de Sant Jordi 8-10 03803 Alcoy","potentialAction":[{"@type":"SearchAction","target":{"@type":"EntryPoint","urlTemplate":"https:\/\/www.copealcoy.es\/es\/?s={search_term_string}"},"query-input":{"@type":"PropertyValueSpecification","valueRequired":true,"valueName":"search_term_string"}}],"inLanguage":"es"},{"@type":"Person","@id":"https:\/\/www.copealcoy.es\/es\/#\/schema\/person\/e777c87fa024e57d40170af9df39882c","name":"Cope Alcoy","image":{"@type":"ImageObject","inLanguage":"es","@id":"https:\/\/secure.gravatar.com\/avatar\/bb65d0283347e303893ba14f0692005417c1e0e690a325a4c5d8bb2b3943ee14?s=96&d=mm&r=g","url":"https:\/\/secure.gravatar.com\/avatar\/bb65d0283347e303893ba14f0692005417c1e0e690a325a4c5d8bb2b3943ee14?s=96&d=mm&r=g","contentUrl":"https:\/\/secure.gravatar.com\/avatar\/bb65d0283347e303893ba14f0692005417c1e0e690a325a4c5d8bb2b3943ee14?s=96&d=mm&r=g","caption":"Cope Alcoy"}}]}},"_links":{"self":[{"href":"https:\/\/www.copealcoy.es\/es\/wp-json\/wp\/v2\/posts\/86063","targetHints":{"allow":["GET"]}}],"collection":[{"href":"https:\/\/www.copealcoy.es\/es\/wp-json\/wp\/v2\/posts"}],"about":[{"href":"https:\/\/www.copealcoy.es\/es\/wp-json\/wp\/v2\/types\/post"}],"author":[{"embeddable":true,"href":"https:\/\/www.copealcoy.es\/es\/wp-json\/wp\/v2\/users\/1"}],"replies":[{"embeddable":true,"href":"https:\/\/www.copealcoy.es\/es\/wp-json\/wp\/v2\/comments?post=86063"}],"version-history":[{"count":0,"href":"https:\/\/www.copealcoy.es\/es\/wp-json\/wp\/v2\/posts\/86063\/revisions"}],"wp:featuredmedia":[{"embeddable":true,"href":"https:\/\/www.copealcoy.es\/es\/wp-json\/wp\/v2\/media\/86064"}],"wp:attachment":[{"href":"https:\/\/www.copealcoy.es\/es\/wp-json\/wp\/v2\/media?parent=86063"}],"wp:term":[{"taxonomy":"category","embeddable":true,"href":"https:\/\/www.copealcoy.es\/es\/wp-json\/wp\/v2\/categories?post=86063"},{"taxonomy":"post_tag","embeddable":true,"href":"https:\/\/www.copealcoy.es\/es\/wp-json\/wp\/v2\/tags?post=86063"}],"curies":[{"name":"wp","href":"https:\/\/api.w.org\/{rel}","templated":true}]}}