{"id":86023,"date":"2022-04-10T15:32:13","date_gmt":"2022-04-10T14:32:13","guid":{"rendered":"https:\/\/www.copealcoy.es\/?p=86023"},"modified":"2022-04-18T15:50:12","modified_gmt":"2022-04-18T14:50:12","slug":"multitudinaria-bendicion-de-ramos-en-cocentaina","status":"publish","type":"post","link":"https:\/\/www.copealcoy.es\/es\/multitudinaria-bendicion-de-ramos-en-cocentaina\/","title":{"rendered":"Multitudinaria bendici\u00f3n de ramos en Cocentaina"},"content":{"rendered":"<p style=\"text-align: justify;\">La <strong>Semana Santa Contestana<\/strong> ha regresado con fuerza <strong>tras dos a\u00f1os de pandemia<\/strong> y <strong>numerosos vecinos de Cocentaina han acudido hoy a las celebraciones del Domingo de Ramos<\/strong>. Estas <strong>han recuperado el formato habitual<\/strong> y han estado acompa\u00f1adas, en esta ocasi\u00f3n, por <strong>las altas temperaturas<\/strong> en una ma\u00f1ana de abril con nubes y claros.<\/p>\n<p style=\"text-align: justify;\">A las once de la ma\u00f1ana ha tenido lugar <strong>la solemne bendici\u00f3n de las palmas en la Placita del Convento de los Padres Franciscanos<\/strong>, llena de fieles, y en el acto tambi\u00e9n se han le\u00eddo diferentes pasajes referidos al momento de la Entrada de Jes\u00fas en Jerusal\u00e9n. A continuaci\u00f3n ha comenzado <strong>la procesi\u00f3n interparroquial<\/strong> en la que han tenido un protagonismo especial los peque\u00f1os de Primera Comuni\u00f3n y los representantes de las diferentes cofrad\u00edas de la Villa Condal. Esta procesi\u00f3n <strong>ha discurrido hasta El Pla<\/strong>, por el Passeig del Comtat, y ha finalizado de nuevo <strong>ante los muros del hist\u00f3rico Palau Comtal<\/strong>. All\u00ed, <strong>delante del Monasterio de la Mare de D\u00e9u del Miracle<\/strong>, se ha llevado a cabo <strong>la misa solemne<\/strong> oficiada por Don Eduardo Rengel (P\u00e1rroco de Santa Mar\u00eda), Don Javier Sanchiz (P\u00e1rroco del Salvador) y Fray Juan Quesada (Guardi\u00e1n de los Franciscanos).<\/p>\n<p style=\"text-align: justify;\">La jornada del Domingo de Ramos <strong>incluye el V\u00eda Crucis<\/strong>, a partir de las 17:30h, en el Calvario del Convento organizado por la Orden Franciscana Seglar. Por \u00faltimo, a las 20:00h, <strong>saldr\u00e1 la procesi\u00f3n de La Dolorosa<\/strong> desde la Parroquia del Salvador.<\/p>\n<div id='gallery-1' class='gallery galleryid-86023 gallery-columns-2 gallery-size-large'><figure class='gallery-item'>\n\t\t\t<div class='gallery-icon landscape'>\n\t\t\t\t<a href='https:\/\/www.copealcoy.es\/es\/multitudinaria-bendicion-de-ramos-en-cocentaina\/unnamed-2-16-42-41\/'><img loading=\"lazy\" decoding=\"async\" width=\"980\" height=\"588\" src=\"https:\/\/www.copealcoy.es\/wp-content\/uploads\/2022\/04\/unnamed-2-16.42.41-980x588.jpg\" class=\"attachment-large size-large\" alt=\"\" aria-describedby=\"gallery-1-86032\" \/><\/a>\n\t\t\t<\/div>\n\t\t\t\t<figcaption class='wp-caption-text gallery-caption' id='gallery-1-86032'>\n\t\t\t\tDomingo de Ramos Cocentaina 2022\n\t\t\t\t<\/figcaption><\/figure><figure class='gallery-item'>\n\t\t\t<div class='gallery-icon landscape'>\n\t\t\t\t<a href='https:\/\/www.copealcoy.es\/es\/multitudinaria-bendicion-de-ramos-en-cocentaina\/unnamed-3-16-42-41\/'><img loading=\"lazy\" decoding=\"async\" width=\"980\" height=\"588\" src=\"https:\/\/www.copealcoy.es\/wp-content\/uploads\/2022\/04\/unnamed-3-16.42.41-980x588.jpg\" class=\"attachment-large size-large\" alt=\"\" aria-describedby=\"gallery-1-86034\" \/><\/a>\n\t\t\t<\/div>\n\t\t\t\t<figcaption class='wp-caption-text gallery-caption' id='gallery-1-86034'>\n\t\t\t\tDomingo de Ramos Cocentaina 2022\n\t\t\t\t<\/figcaption><\/figure><figure class='gallery-item'>\n\t\t\t<div class='gallery-icon landscape'>\n\t\t\t\t<a href='https:\/\/www.copealcoy.es\/es\/multitudinaria-bendicion-de-ramos-en-cocentaina\/unnamed-4-16-42-41\/'><img loading=\"lazy\" decoding=\"async\" width=\"980\" height=\"588\" src=\"https:\/\/www.copealcoy.es\/wp-content\/uploads\/2022\/04\/unnamed-4-16.42.41-980x588.jpg\" class=\"attachment-large size-large\" alt=\"\" aria-describedby=\"gallery-1-86031\" \/><\/a>\n\t\t\t<\/div>\n\t\t\t\t<figcaption class='wp-caption-text gallery-caption' id='gallery-1-86031'>\n\t\t\t\tDomingo de Ramos Cocentaina 2022\n\t\t\t\t<\/figcaption><\/figure><figure class='gallery-item'>\n\t\t\t<div class='gallery-icon landscape'>\n\t\t\t\t<a href='https:\/\/www.copealcoy.es\/es\/multitudinaria-bendicion-de-ramos-en-cocentaina\/unnamed-1-16-42-41\/'><img loading=\"lazy\" decoding=\"async\" width=\"980\" height=\"588\" src=\"https:\/\/www.copealcoy.es\/wp-content\/uploads\/2022\/04\/unnamed-1-16.42.41-980x588.jpg\" class=\"attachment-large size-large\" alt=\"\" aria-describedby=\"gallery-1-86030\" \/><\/a>\n\t\t\t<\/div>\n\t\t\t\t<figcaption class='wp-caption-text gallery-caption' id='gallery-1-86030'>\n\t\t\t\tDomingo de Ramos Cocentaina 2022\n\t\t\t\t<\/figcaption><\/figure><figure class='gallery-item'>\n\t\t\t<div class='gallery-icon landscape'>\n\t\t\t\t<a href='https:\/\/www.copealcoy.es\/es\/multitudinaria-bendicion-de-ramos-en-cocentaina\/unnamed-16-42-41\/'><img loading=\"lazy\" decoding=\"async\" width=\"980\" height=\"588\" src=\"https:\/\/www.copealcoy.es\/wp-content\/uploads\/2022\/04\/unnamed-16.42.41-980x588.jpg\" class=\"attachment-large size-large\" alt=\"\" aria-describedby=\"gallery-1-86029\" \/><\/a>\n\t\t\t<\/div>\n\t\t\t\t<figcaption class='wp-caption-text gallery-caption' id='gallery-1-86029'>\n\t\t\t\tDomingo de Ramos Cocentaina 2022\n\t\t\t\t<\/figcaption><\/figure><figure class='gallery-item'>\n\t\t\t<div class='gallery-icon landscape'>\n\t\t\t\t<a href='https:\/\/www.copealcoy.es\/es\/multitudinaria-bendicion-de-ramos-en-cocentaina\/unnamed-5-10\/'><img loading=\"lazy\" decoding=\"async\" width=\"980\" height=\"588\" src=\"https:\/\/www.copealcoy.es\/wp-content\/uploads\/2022\/04\/unnamed-5-2-scaled-e1649601059898-980x588.jpg\" class=\"attachment-large size-large\" alt=\"\" aria-describedby=\"gallery-1-86024\" \/><\/a>\n\t\t\t<\/div>\n\t\t\t\t<figcaption class='wp-caption-text gallery-caption' id='gallery-1-86024'>\n\t\t\t\tDomingo de Ramos Cocentaina 2022\n\t\t\t\t<\/figcaption><\/figure>\n\t\t<\/div>\n\n","protected":false},"excerpt":{"rendered":"<p>La Semana Santa Contestana ha regresado con fuerza tras dos a\u00f1os de pandemia y numerosos vecinos de Cocentaina han acudido&#8230;<\/p>\n","protected":false},"author":1,"featured_media":86024,"comment_status":"open","ping_status":"open","sticky":false,"template":"","format":"standard","meta":{"footnotes":""},"categories":[98,75],"tags":[11076,132,889,12620,745],"class_list":["post-86023","post","type-post","status-publish","format-standard","has-post-thumbnail","hentry","category-comarcas","category-noticias","tag-bendicion","tag-cocentaina","tag-domingo-de-ramos","tag-placita-del-convento","tag-semana-santa"],"yoast_head":"<!-- This site is optimized with the Yoast SEO plugin v27.3 - https:\/\/yoast.com\/product\/yoast-seo-wordpress\/ -->\n<title>Multitudinaria bendici\u00f3n de ramos en Cocentaina - COPE Alcoy<\/title>\n<meta name=\"robots\" content=\"index, follow, max-snippet:-1, max-image-preview:large, max-video-preview:-1\" \/>\n<link rel=\"canonical\" href=\"https:\/\/www.copealcoy.es\/es\/multitudinaria-bendicion-de-ramos-en-cocentaina\/\" \/>\n<meta property=\"og:locale\" content=\"es_ES\" \/>\n<meta property=\"og:type\" content=\"article\" \/>\n<meta property=\"og:title\" content=\"Multitudinaria bendici\u00f3n de ramos en Cocentaina - COPE Alcoy\" \/>\n<meta property=\"og:description\" content=\"La Semana Santa Contestana ha regresado con fuerza tras dos a\u00f1os de pandemia y numerosos vecinos de Cocentaina han acudido...\" \/>\n<meta property=\"og:url\" content=\"https:\/\/www.copealcoy.es\/es\/multitudinaria-bendicion-de-ramos-en-cocentaina\/\" \/>\n<meta property=\"og:site_name\" content=\"COPE Alcoy\" \/>\n<meta property=\"article:published_time\" content=\"2022-04-10T14:32:13+00:00\" \/>\n<meta property=\"article:modified_time\" content=\"2022-04-18T14:50:12+00:00\" \/>\n<meta property=\"og:image\" content=\"https:\/\/www.copealcoy.es\/wp-content\/uploads\/2022\/04\/unnamed-5-2-scaled-e1649601076585.jpg\" \/>\n\t<meta property=\"og:image:width\" content=\"640\" \/>\n\t<meta property=\"og:image:height\" content=\"382\" \/>\n\t<meta property=\"og:image:type\" content=\"image\/jpeg\" \/>\n<meta name=\"author\" content=\"Cope Alcoy\" \/>\n<meta name=\"twitter:label1\" content=\"Escrito por\" \/>\n\t<meta name=\"twitter:data1\" content=\"Cope Alcoy\" \/>\n\t<meta name=\"twitter:label2\" content=\"Tiempo de lectura\" \/>\n\t<meta name=\"twitter:data2\" content=\"2 minutos\" \/>\n<script type=\"application\/ld+json\" class=\"yoast-schema-graph\">{\"@context\":\"https:\\\/\\\/schema.org\",\"@graph\":[{\"@type\":\"Article\",\"@id\":\"https:\\\/\\\/www.copealcoy.es\\\/es\\\/multitudinaria-bendicion-de-ramos-en-cocentaina\\\/#article\",\"isPartOf\":{\"@id\":\"https:\\\/\\\/www.copealcoy.es\\\/es\\\/multitudinaria-bendicion-de-ramos-en-cocentaina\\\/\"},\"author\":{\"name\":\"Cope Alcoy\",\"@id\":\"https:\\\/\\\/www.copealcoy.es\\\/es\\\/#\\\/schema\\\/person\\\/e777c87fa024e57d40170af9df39882c\"},\"headline\":\"Multitudinaria bendici\u00f3n de ramos en Cocentaina\",\"datePublished\":\"2022-04-10T14:32:13+00:00\",\"dateModified\":\"2022-04-18T14:50:12+00:00\",\"mainEntityOfPage\":{\"@id\":\"https:\\\/\\\/www.copealcoy.es\\\/es\\\/multitudinaria-bendicion-de-ramos-en-cocentaina\\\/\"},\"wordCount\":276,\"commentCount\":0,\"image\":{\"@id\":\"https:\\\/\\\/www.copealcoy.es\\\/es\\\/multitudinaria-bendicion-de-ramos-en-cocentaina\\\/#primaryimage\"},\"thumbnailUrl\":\"https:\\\/\\\/www.copealcoy.es\\\/wp-content\\\/uploads\\\/2022\\\/04\\\/unnamed-5-2-scaled-e1649601076585.jpg\",\"keywords\":[\"bendici\u00f3n\",\"Cocentaina\",\"Domingo de Ramos\",\"Placita del Convento\",\"Semana Santa\"],\"articleSection\":[\"Comarcas\",\"Noticias\"],\"inLanguage\":\"es\"},{\"@type\":\"WebPage\",\"@id\":\"https:\\\/\\\/www.copealcoy.es\\\/es\\\/multitudinaria-bendicion-de-ramos-en-cocentaina\\\/\",\"url\":\"https:\\\/\\\/www.copealcoy.es\\\/es\\\/multitudinaria-bendicion-de-ramos-en-cocentaina\\\/\",\"name\":\"Multitudinaria bendici\u00f3n de ramos en Cocentaina - COPE Alcoy\",\"isPartOf\":{\"@id\":\"https:\\\/\\\/www.copealcoy.es\\\/es\\\/#website\"},\"primaryImageOfPage\":{\"@id\":\"https:\\\/\\\/www.copealcoy.es\\\/es\\\/multitudinaria-bendicion-de-ramos-en-cocentaina\\\/#primaryimage\"},\"image\":{\"@id\":\"https:\\\/\\\/www.copealcoy.es\\\/es\\\/multitudinaria-bendicion-de-ramos-en-cocentaina\\\/#primaryimage\"},\"thumbnailUrl\":\"https:\\\/\\\/www.copealcoy.es\\\/wp-content\\\/uploads\\\/2022\\\/04\\\/unnamed-5-2-scaled-e1649601076585.jpg\",\"datePublished\":\"2022-04-10T14:32:13+00:00\",\"dateModified\":\"2022-04-18T14:50:12+00:00\",\"author\":{\"@id\":\"https:\\\/\\\/www.copealcoy.es\\\/es\\\/#\\\/schema\\\/person\\\/e777c87fa024e57d40170af9df39882c\"},\"breadcrumb\":{\"@id\":\"https:\\\/\\\/www.copealcoy.es\\\/es\\\/multitudinaria-bendicion-de-ramos-en-cocentaina\\\/#breadcrumb\"},\"inLanguage\":\"es\",\"potentialAction\":[{\"@type\":\"ReadAction\",\"target\":[\"https:\\\/\\\/www.copealcoy.es\\\/es\\\/multitudinaria-bendicion-de-ramos-en-cocentaina\\\/\"]}]},{\"@type\":\"ImageObject\",\"inLanguage\":\"es\",\"@id\":\"https:\\\/\\\/www.copealcoy.es\\\/es\\\/multitudinaria-bendicion-de-ramos-en-cocentaina\\\/#primaryimage\",\"url\":\"https:\\\/\\\/www.copealcoy.es\\\/wp-content\\\/uploads\\\/2022\\\/04\\\/unnamed-5-2-scaled-e1649601076585.jpg\",\"contentUrl\":\"https:\\\/\\\/www.copealcoy.es\\\/wp-content\\\/uploads\\\/2022\\\/04\\\/unnamed-5-2-scaled-e1649601076585.jpg\",\"width\":640,\"height\":382,\"caption\":\"Domingo de Ramos Cocentaina 2022\"},{\"@type\":\"BreadcrumbList\",\"@id\":\"https:\\\/\\\/www.copealcoy.es\\\/es\\\/multitudinaria-bendicion-de-ramos-en-cocentaina\\\/#breadcrumb\",\"itemListElement\":[{\"@type\":\"ListItem\",\"position\":1,\"name\":\"Portada\",\"item\":\"https:\\\/\\\/www.copealcoy.es\\\/es\\\/\"},{\"@type\":\"ListItem\",\"position\":2,\"name\":\"Multitudinaria bendici\u00f3n de ramos en Cocentaina\"}]},{\"@type\":\"WebSite\",\"@id\":\"https:\\\/\\\/www.copealcoy.es\\\/es\\\/#website\",\"url\":\"https:\\\/\\\/www.copealcoy.es\\\/es\\\/\",\"name\":\"COPE Alcoy\",\"description\":\"Emisora COPE de radio local con emisi\u00f3n online. Pont de Sant Jordi 8-10 03803 Alcoy\",\"potentialAction\":[{\"@type\":\"SearchAction\",\"target\":{\"@type\":\"EntryPoint\",\"urlTemplate\":\"https:\\\/\\\/www.copealcoy.es\\\/es\\\/?s={search_term_string}\"},\"query-input\":{\"@type\":\"PropertyValueSpecification\",\"valueRequired\":true,\"valueName\":\"search_term_string\"}}],\"inLanguage\":\"es\"},{\"@type\":\"Person\",\"@id\":\"https:\\\/\\\/www.copealcoy.es\\\/es\\\/#\\\/schema\\\/person\\\/e777c87fa024e57d40170af9df39882c\",\"name\":\"Cope Alcoy\",\"image\":{\"@type\":\"ImageObject\",\"inLanguage\":\"es\",\"@id\":\"https:\\\/\\\/secure.gravatar.com\\\/avatar\\\/bb65d0283347e303893ba14f0692005417c1e0e690a325a4c5d8bb2b3943ee14?s=96&d=mm&r=g\",\"url\":\"https:\\\/\\\/secure.gravatar.com\\\/avatar\\\/bb65d0283347e303893ba14f0692005417c1e0e690a325a4c5d8bb2b3943ee14?s=96&d=mm&r=g\",\"contentUrl\":\"https:\\\/\\\/secure.gravatar.com\\\/avatar\\\/bb65d0283347e303893ba14f0692005417c1e0e690a325a4c5d8bb2b3943ee14?s=96&d=mm&r=g\",\"caption\":\"Cope Alcoy\"}}]}<\/script>\n<!-- \/ Yoast SEO plugin. -->","yoast_head_json":{"title":"Multitudinaria bendici\u00f3n de ramos en Cocentaina - COPE Alcoy","robots":{"index":"index","follow":"follow","max-snippet":"max-snippet:-1","max-image-preview":"max-image-preview:large","max-video-preview":"max-video-preview:-1"},"canonical":"https:\/\/www.copealcoy.es\/es\/multitudinaria-bendicion-de-ramos-en-cocentaina\/","og_locale":"es_ES","og_type":"article","og_title":"Multitudinaria bendici\u00f3n de ramos en Cocentaina - COPE Alcoy","og_description":"La Semana Santa Contestana ha regresado con fuerza tras dos a\u00f1os de pandemia y numerosos vecinos de Cocentaina han acudido...","og_url":"https:\/\/www.copealcoy.es\/es\/multitudinaria-bendicion-de-ramos-en-cocentaina\/","og_site_name":"COPE Alcoy","article_published_time":"2022-04-10T14:32:13+00:00","article_modified_time":"2022-04-18T14:50:12+00:00","og_image":[{"width":640,"height":382,"url":"https:\/\/www.copealcoy.es\/wp-content\/uploads\/2022\/04\/unnamed-5-2-scaled-e1649601076585.jpg","type":"image\/jpeg"}],"author":"Cope Alcoy","twitter_misc":{"Escrito por":"Cope Alcoy","Tiempo de lectura":"2 minutos"},"schema":{"@context":"https:\/\/schema.org","@graph":[{"@type":"Article","@id":"https:\/\/www.copealcoy.es\/es\/multitudinaria-bendicion-de-ramos-en-cocentaina\/#article","isPartOf":{"@id":"https:\/\/www.copealcoy.es\/es\/multitudinaria-bendicion-de-ramos-en-cocentaina\/"},"author":{"name":"Cope Alcoy","@id":"https:\/\/www.copealcoy.es\/es\/#\/schema\/person\/e777c87fa024e57d40170af9df39882c"},"headline":"Multitudinaria bendici\u00f3n de ramos en Cocentaina","datePublished":"2022-04-10T14:32:13+00:00","dateModified":"2022-04-18T14:50:12+00:00","mainEntityOfPage":{"@id":"https:\/\/www.copealcoy.es\/es\/multitudinaria-bendicion-de-ramos-en-cocentaina\/"},"wordCount":276,"commentCount":0,"image":{"@id":"https:\/\/www.copealcoy.es\/es\/multitudinaria-bendicion-de-ramos-en-cocentaina\/#primaryimage"},"thumbnailUrl":"https:\/\/www.copealcoy.es\/wp-content\/uploads\/2022\/04\/unnamed-5-2-scaled-e1649601076585.jpg","keywords":["bendici\u00f3n","Cocentaina","Domingo de Ramos","Placita del Convento","Semana Santa"],"articleSection":["Comarcas","Noticias"],"inLanguage":"es"},{"@type":"WebPage","@id":"https:\/\/www.copealcoy.es\/es\/multitudinaria-bendicion-de-ramos-en-cocentaina\/","url":"https:\/\/www.copealcoy.es\/es\/multitudinaria-bendicion-de-ramos-en-cocentaina\/","name":"Multitudinaria bendici\u00f3n de ramos en Cocentaina - COPE Alcoy","isPartOf":{"@id":"https:\/\/www.copealcoy.es\/es\/#website"},"primaryImageOfPage":{"@id":"https:\/\/www.copealcoy.es\/es\/multitudinaria-bendicion-de-ramos-en-cocentaina\/#primaryimage"},"image":{"@id":"https:\/\/www.copealcoy.es\/es\/multitudinaria-bendicion-de-ramos-en-cocentaina\/#primaryimage"},"thumbnailUrl":"https:\/\/www.copealcoy.es\/wp-content\/uploads\/2022\/04\/unnamed-5-2-scaled-e1649601076585.jpg","datePublished":"2022-04-10T14:32:13+00:00","dateModified":"2022-04-18T14:50:12+00:00","author":{"@id":"https:\/\/www.copealcoy.es\/es\/#\/schema\/person\/e777c87fa024e57d40170af9df39882c"},"breadcrumb":{"@id":"https:\/\/www.copealcoy.es\/es\/multitudinaria-bendicion-de-ramos-en-cocentaina\/#breadcrumb"},"inLanguage":"es","potentialAction":[{"@type":"ReadAction","target":["https:\/\/www.copealcoy.es\/es\/multitudinaria-bendicion-de-ramos-en-cocentaina\/"]}]},{"@type":"ImageObject","inLanguage":"es","@id":"https:\/\/www.copealcoy.es\/es\/multitudinaria-bendicion-de-ramos-en-cocentaina\/#primaryimage","url":"https:\/\/www.copealcoy.es\/wp-content\/uploads\/2022\/04\/unnamed-5-2-scaled-e1649601076585.jpg","contentUrl":"https:\/\/www.copealcoy.es\/wp-content\/uploads\/2022\/04\/unnamed-5-2-scaled-e1649601076585.jpg","width":640,"height":382,"caption":"Domingo de Ramos Cocentaina 2022"},{"@type":"BreadcrumbList","@id":"https:\/\/www.copealcoy.es\/es\/multitudinaria-bendicion-de-ramos-en-cocentaina\/#breadcrumb","itemListElement":[{"@type":"ListItem","position":1,"name":"Portada","item":"https:\/\/www.copealcoy.es\/es\/"},{"@type":"ListItem","position":2,"name":"Multitudinaria bendici\u00f3n de ramos en Cocentaina"}]},{"@type":"WebSite","@id":"https:\/\/www.copealcoy.es\/es\/#website","url":"https:\/\/www.copealcoy.es\/es\/","name":"COPE Alcoy","description":"Emisora COPE de radio local con emisi\u00f3n online. Pont de Sant Jordi 8-10 03803 Alcoy","potentialAction":[{"@type":"SearchAction","target":{"@type":"EntryPoint","urlTemplate":"https:\/\/www.copealcoy.es\/es\/?s={search_term_string}"},"query-input":{"@type":"PropertyValueSpecification","valueRequired":true,"valueName":"search_term_string"}}],"inLanguage":"es"},{"@type":"Person","@id":"https:\/\/www.copealcoy.es\/es\/#\/schema\/person\/e777c87fa024e57d40170af9df39882c","name":"Cope Alcoy","image":{"@type":"ImageObject","inLanguage":"es","@id":"https:\/\/secure.gravatar.com\/avatar\/bb65d0283347e303893ba14f0692005417c1e0e690a325a4c5d8bb2b3943ee14?s=96&d=mm&r=g","url":"https:\/\/secure.gravatar.com\/avatar\/bb65d0283347e303893ba14f0692005417c1e0e690a325a4c5d8bb2b3943ee14?s=96&d=mm&r=g","contentUrl":"https:\/\/secure.gravatar.com\/avatar\/bb65d0283347e303893ba14f0692005417c1e0e690a325a4c5d8bb2b3943ee14?s=96&d=mm&r=g","caption":"Cope Alcoy"}}]}},"_links":{"self":[{"href":"https:\/\/www.copealcoy.es\/es\/wp-json\/wp\/v2\/posts\/86023","targetHints":{"allow":["GET"]}}],"collection":[{"href":"https:\/\/www.copealcoy.es\/es\/wp-json\/wp\/v2\/posts"}],"about":[{"href":"https:\/\/www.copealcoy.es\/es\/wp-json\/wp\/v2\/types\/post"}],"author":[{"embeddable":true,"href":"https:\/\/www.copealcoy.es\/es\/wp-json\/wp\/v2\/users\/1"}],"replies":[{"embeddable":true,"href":"https:\/\/www.copealcoy.es\/es\/wp-json\/wp\/v2\/comments?post=86023"}],"version-history":[{"count":0,"href":"https:\/\/www.copealcoy.es\/es\/wp-json\/wp\/v2\/posts\/86023\/revisions"}],"wp:featuredmedia":[{"embeddable":true,"href":"https:\/\/www.copealcoy.es\/es\/wp-json\/wp\/v2\/media\/86024"}],"wp:attachment":[{"href":"https:\/\/www.copealcoy.es\/es\/wp-json\/wp\/v2\/media?parent=86023"}],"wp:term":[{"taxonomy":"category","embeddable":true,"href":"https:\/\/www.copealcoy.es\/es\/wp-json\/wp\/v2\/categories?post=86023"},{"taxonomy":"post_tag","embeddable":true,"href":"https:\/\/www.copealcoy.es\/es\/wp-json\/wp\/v2\/tags?post=86023"}],"curies":[{"name":"wp","href":"https:\/\/api.w.org\/{rel}","templated":true}]}}