{"id":8600,"date":"2014-11-28T19:22:46","date_gmt":"2014-11-28T19:22:46","guid":{"rendered":"http:\/\/copealcoi.es\/new\/?p=8600"},"modified":"2014-11-28T19:25:09","modified_gmt":"2014-11-28T19:25:09","slug":"el-pp-ve-inviable-que-el-ayuntamiento-gestione-el-eduardo-latorre","status":"publish","type":"post","link":"https:\/\/www.copealcoy.es\/es\/el-pp-ve-inviable-que-el-ayuntamiento-gestione-el-eduardo-latorre\/","title":{"rendered":"El PP ve inviable que el Ayuntamiento gestione el Eduardo Latorre"},"content":{"rendered":"<p style=\"text-align: justify;\">El Partido Popular de Alcoy ha asegurado que es inviable que el Ayuntamiento asuma la gesti\u00f3n del Complejo Deportivo Eduardo Latorre tal y como anunci\u00f3 hace unas semanas el Gobierno Local. Los Populares advierten en este sentido que este hecho significar\u00eda un gran coste para las arcas municipales al hacerse cargo el Consistorio de un servicio \u00a0que no es b\u00e1sico al mismo tiempo que supondr\u00eda tambi\u00e9n engrosar la plantilla de funcionarios al pasar los empleados del Complejo Deportivo a ser trabajadores municipales.<\/p>\n<p style=\"text-align: justify;\">Ante esta situaci\u00f3n desde el PP proponen que ahora mismo el propio Ayuntamiento se encargue temporalmente del espacio cuya empresa adjudicataria actual adeuda el pago de hasta 206.000 euros. Adem\u00e1s instan a que inmediatamente despu\u00e9s se licite de nuevo la contrata por medio de un pliego de condiciones adaptado a la situaci\u00f3n \u00a0actual con el fin de que las empresas interesadas opten al concurso &#8220;lo que debe de primar es la calidad del servicio&#8221;, asegura el portavoz de la formaci\u00f3n pol\u00edtica, Fernando Pastor.<\/p>\n<p style=\"text-align: justify;\">Sobre los trabajadores Pastor afirma que uno de los aspectos m\u00e1s importantes y prioritarios es mantener el actual equipo y por eso &#8220;hay que poner una cla\u00fasula espec\u00edfica en ese nuevo pliego de condiciones en el que quede de manifiesto que se mantienen los puestos de trabajo para tranquilidad de la actual plantilla&#8221;, a\u00f1ade.<\/p>\n<p style=\"text-align: justify;\">Por \u00faltimo la concejal popular Eugenia del Castillo ha indicado que ser\u00e1 el martes cuando presentar\u00e1n esta propuesta en la Comisi\u00f3n Informativa y que posteriormente la llevar\u00e1n al Pleno que se ha convocado para el pr\u00f3ximo viernes.<\/p>\n","protected":false},"excerpt":{"rendered":"<p>El Partido Popular de Alcoy ha asegurado que es inviable que el Ayuntamiento asuma la gesti\u00f3n del Complejo Deportivo Eduardo&#8230;<\/p>\n","protected":false},"author":1,"featured_media":8603,"comment_status":"open","ping_status":"open","sticky":false,"template":"","format":"standard","meta":{"footnotes":""},"categories":[97,75,79],"tags":[230,229,232,231,228,233,227],"class_list":["post-8600","post","type-post","status-publish","format-standard","has-post-thumbnail","hentry","category-alcoy","category-noticias","category-politicayeconomia","tag-asuma","tag-ayuntamiento","tag-eduardo","tag-gestion","tag-inviable","tag-latorre","tag-pp"],"yoast_head":"<!-- This site is optimized with the Yoast SEO plugin v27.3 - https:\/\/yoast.com\/product\/yoast-seo-wordpress\/ -->\n<title>El PP ve inviable que el Ayuntamiento gestione el Eduardo Latorre - COPE Alcoy<\/title>\n<meta name=\"robots\" content=\"index, follow, max-snippet:-1, max-image-preview:large, max-video-preview:-1\" \/>\n<link rel=\"canonical\" href=\"https:\/\/www.copealcoy.es\/es\/el-pp-ve-inviable-que-el-ayuntamiento-gestione-el-eduardo-latorre\/\" \/>\n<meta property=\"og:locale\" content=\"es_ES\" \/>\n<meta property=\"og:type\" content=\"article\" \/>\n<meta property=\"og:title\" content=\"El PP ve inviable que el Ayuntamiento gestione el Eduardo Latorre - COPE Alcoy\" \/>\n<meta property=\"og:description\" content=\"El Partido Popular de Alcoy ha asegurado que es inviable que el Ayuntamiento asuma la gesti\u00f3n del Complejo Deportivo Eduardo...\" \/>\n<meta property=\"og:url\" content=\"https:\/\/www.copealcoy.es\/es\/el-pp-ve-inviable-que-el-ayuntamiento-gestione-el-eduardo-latorre\/\" \/>\n<meta property=\"og:site_name\" content=\"COPE Alcoy\" \/>\n<meta property=\"article:published_time\" content=\"2014-11-28T19:22:46+00:00\" \/>\n<meta property=\"article:modified_time\" content=\"2014-11-28T19:25:09+00:00\" \/>\n<meta property=\"og:image\" content=\"https:\/\/www.copealcoy.es\/wp-content\/uploads\/2014\/11\/image50.jpg\" \/>\n\t<meta property=\"og:image:width\" content=\"2568\" \/>\n\t<meta property=\"og:image:height\" content=\"1121\" \/>\n\t<meta property=\"og:image:type\" content=\"image\/jpeg\" \/>\n<meta name=\"author\" content=\"Cope Alcoy\" \/>\n<meta name=\"twitter:label1\" content=\"Escrito por\" \/>\n\t<meta name=\"twitter:data1\" content=\"Cope Alcoy\" \/>\n\t<meta name=\"twitter:label2\" content=\"Tiempo de lectura\" \/>\n\t<meta name=\"twitter:data2\" content=\"1 minuto\" \/>\n<script type=\"application\/ld+json\" class=\"yoast-schema-graph\">{\"@context\":\"https:\\\/\\\/schema.org\",\"@graph\":[{\"@type\":\"Article\",\"@id\":\"https:\\\/\\\/www.copealcoy.es\\\/es\\\/el-pp-ve-inviable-que-el-ayuntamiento-gestione-el-eduardo-latorre\\\/#article\",\"isPartOf\":{\"@id\":\"https:\\\/\\\/www.copealcoy.es\\\/es\\\/el-pp-ve-inviable-que-el-ayuntamiento-gestione-el-eduardo-latorre\\\/\"},\"author\":{\"name\":\"Cope Alcoy\",\"@id\":\"https:\\\/\\\/www.copealcoy.es\\\/es\\\/#\\\/schema\\\/person\\\/e777c87fa024e57d40170af9df39882c\"},\"headline\":\"El PP ve inviable que el Ayuntamiento gestione el Eduardo Latorre\",\"datePublished\":\"2014-11-28T19:22:46+00:00\",\"dateModified\":\"2014-11-28T19:25:09+00:00\",\"mainEntityOfPage\":{\"@id\":\"https:\\\/\\\/www.copealcoy.es\\\/es\\\/el-pp-ve-inviable-que-el-ayuntamiento-gestione-el-eduardo-latorre\\\/\"},\"wordCount\":285,\"commentCount\":0,\"image\":{\"@id\":\"https:\\\/\\\/www.copealcoy.es\\\/es\\\/el-pp-ve-inviable-que-el-ayuntamiento-gestione-el-eduardo-latorre\\\/#primaryimage\"},\"thumbnailUrl\":\"https:\\\/\\\/www.copealcoy.es\\\/wp-content\\\/uploads\\\/2014\\\/11\\\/image50.jpg\",\"keywords\":[\"Asuma\",\"Ayuntamiento\",\"Eduardo\",\"Gesti\u00f3n\",\"Inviable\",\"Latorre\",\"PP\"],\"articleSection\":[\"Alcoy\",\"Noticias\",\"Pol\u00edtica y Econom\u00eda\"],\"inLanguage\":\"es\"},{\"@type\":\"WebPage\",\"@id\":\"https:\\\/\\\/www.copealcoy.es\\\/es\\\/el-pp-ve-inviable-que-el-ayuntamiento-gestione-el-eduardo-latorre\\\/\",\"url\":\"https:\\\/\\\/www.copealcoy.es\\\/es\\\/el-pp-ve-inviable-que-el-ayuntamiento-gestione-el-eduardo-latorre\\\/\",\"name\":\"El PP ve inviable que el Ayuntamiento gestione el Eduardo Latorre - COPE Alcoy\",\"isPartOf\":{\"@id\":\"https:\\\/\\\/www.copealcoy.es\\\/es\\\/#website\"},\"primaryImageOfPage\":{\"@id\":\"https:\\\/\\\/www.copealcoy.es\\\/es\\\/el-pp-ve-inviable-que-el-ayuntamiento-gestione-el-eduardo-latorre\\\/#primaryimage\"},\"image\":{\"@id\":\"https:\\\/\\\/www.copealcoy.es\\\/es\\\/el-pp-ve-inviable-que-el-ayuntamiento-gestione-el-eduardo-latorre\\\/#primaryimage\"},\"thumbnailUrl\":\"https:\\\/\\\/www.copealcoy.es\\\/wp-content\\\/uploads\\\/2014\\\/11\\\/image50.jpg\",\"datePublished\":\"2014-11-28T19:22:46+00:00\",\"dateModified\":\"2014-11-28T19:25:09+00:00\",\"author\":{\"@id\":\"https:\\\/\\\/www.copealcoy.es\\\/es\\\/#\\\/schema\\\/person\\\/e777c87fa024e57d40170af9df39882c\"},\"breadcrumb\":{\"@id\":\"https:\\\/\\\/www.copealcoy.es\\\/es\\\/el-pp-ve-inviable-que-el-ayuntamiento-gestione-el-eduardo-latorre\\\/#breadcrumb\"},\"inLanguage\":\"es\",\"potentialAction\":[{\"@type\":\"ReadAction\",\"target\":[\"https:\\\/\\\/www.copealcoy.es\\\/es\\\/el-pp-ve-inviable-que-el-ayuntamiento-gestione-el-eduardo-latorre\\\/\"]}]},{\"@type\":\"ImageObject\",\"inLanguage\":\"es\",\"@id\":\"https:\\\/\\\/www.copealcoy.es\\\/es\\\/el-pp-ve-inviable-que-el-ayuntamiento-gestione-el-eduardo-latorre\\\/#primaryimage\",\"url\":\"https:\\\/\\\/www.copealcoy.es\\\/wp-content\\\/uploads\\\/2014\\\/11\\\/image50.jpg\",\"contentUrl\":\"https:\\\/\\\/www.copealcoy.es\\\/wp-content\\\/uploads\\\/2014\\\/11\\\/image50.jpg\",\"width\":1920,\"height\":838,\"caption\":\"Fernando Pastor, portavoz del PP\"},{\"@type\":\"BreadcrumbList\",\"@id\":\"https:\\\/\\\/www.copealcoy.es\\\/es\\\/el-pp-ve-inviable-que-el-ayuntamiento-gestione-el-eduardo-latorre\\\/#breadcrumb\",\"itemListElement\":[{\"@type\":\"ListItem\",\"position\":1,\"name\":\"Portada\",\"item\":\"https:\\\/\\\/www.copealcoy.es\\\/es\\\/\"},{\"@type\":\"ListItem\",\"position\":2,\"name\":\"El PP ve inviable que el Ayuntamiento gestione el Eduardo Latorre\"}]},{\"@type\":\"WebSite\",\"@id\":\"https:\\\/\\\/www.copealcoy.es\\\/es\\\/#website\",\"url\":\"https:\\\/\\\/www.copealcoy.es\\\/es\\\/\",\"name\":\"COPE Alcoy\",\"description\":\"Emisora COPE de radio local con emisi\u00f3n online. Pont de Sant Jordi 8-10 03803 Alcoy\",\"potentialAction\":[{\"@type\":\"SearchAction\",\"target\":{\"@type\":\"EntryPoint\",\"urlTemplate\":\"https:\\\/\\\/www.copealcoy.es\\\/es\\\/?s={search_term_string}\"},\"query-input\":{\"@type\":\"PropertyValueSpecification\",\"valueRequired\":true,\"valueName\":\"search_term_string\"}}],\"inLanguage\":\"es\"},{\"@type\":\"Person\",\"@id\":\"https:\\\/\\\/www.copealcoy.es\\\/es\\\/#\\\/schema\\\/person\\\/e777c87fa024e57d40170af9df39882c\",\"name\":\"Cope Alcoy\",\"image\":{\"@type\":\"ImageObject\",\"inLanguage\":\"es\",\"@id\":\"https:\\\/\\\/secure.gravatar.com\\\/avatar\\\/bb65d0283347e303893ba14f0692005417c1e0e690a325a4c5d8bb2b3943ee14?s=96&d=mm&r=g\",\"url\":\"https:\\\/\\\/secure.gravatar.com\\\/avatar\\\/bb65d0283347e303893ba14f0692005417c1e0e690a325a4c5d8bb2b3943ee14?s=96&d=mm&r=g\",\"contentUrl\":\"https:\\\/\\\/secure.gravatar.com\\\/avatar\\\/bb65d0283347e303893ba14f0692005417c1e0e690a325a4c5d8bb2b3943ee14?s=96&d=mm&r=g\",\"caption\":\"Cope Alcoy\"}}]}<\/script>\n<!-- \/ Yoast SEO plugin. -->","yoast_head_json":{"title":"El PP ve inviable que el Ayuntamiento gestione el Eduardo Latorre - COPE Alcoy","robots":{"index":"index","follow":"follow","max-snippet":"max-snippet:-1","max-image-preview":"max-image-preview:large","max-video-preview":"max-video-preview:-1"},"canonical":"https:\/\/www.copealcoy.es\/es\/el-pp-ve-inviable-que-el-ayuntamiento-gestione-el-eduardo-latorre\/","og_locale":"es_ES","og_type":"article","og_title":"El PP ve inviable que el Ayuntamiento gestione el Eduardo Latorre - COPE Alcoy","og_description":"El Partido Popular de Alcoy ha asegurado que es inviable que el Ayuntamiento asuma la gesti\u00f3n del Complejo Deportivo Eduardo...","og_url":"https:\/\/www.copealcoy.es\/es\/el-pp-ve-inviable-que-el-ayuntamiento-gestione-el-eduardo-latorre\/","og_site_name":"COPE Alcoy","article_published_time":"2014-11-28T19:22:46+00:00","article_modified_time":"2014-11-28T19:25:09+00:00","og_image":[{"width":2568,"height":1121,"url":"https:\/\/www.copealcoy.es\/wp-content\/uploads\/2014\/11\/image50.jpg","type":"image\/jpeg"}],"author":"Cope Alcoy","twitter_misc":{"Escrito por":"Cope Alcoy","Tiempo de lectura":"1 minuto"},"schema":{"@context":"https:\/\/schema.org","@graph":[{"@type":"Article","@id":"https:\/\/www.copealcoy.es\/es\/el-pp-ve-inviable-que-el-ayuntamiento-gestione-el-eduardo-latorre\/#article","isPartOf":{"@id":"https:\/\/www.copealcoy.es\/es\/el-pp-ve-inviable-que-el-ayuntamiento-gestione-el-eduardo-latorre\/"},"author":{"name":"Cope Alcoy","@id":"https:\/\/www.copealcoy.es\/es\/#\/schema\/person\/e777c87fa024e57d40170af9df39882c"},"headline":"El PP ve inviable que el Ayuntamiento gestione el Eduardo Latorre","datePublished":"2014-11-28T19:22:46+00:00","dateModified":"2014-11-28T19:25:09+00:00","mainEntityOfPage":{"@id":"https:\/\/www.copealcoy.es\/es\/el-pp-ve-inviable-que-el-ayuntamiento-gestione-el-eduardo-latorre\/"},"wordCount":285,"commentCount":0,"image":{"@id":"https:\/\/www.copealcoy.es\/es\/el-pp-ve-inviable-que-el-ayuntamiento-gestione-el-eduardo-latorre\/#primaryimage"},"thumbnailUrl":"https:\/\/www.copealcoy.es\/wp-content\/uploads\/2014\/11\/image50.jpg","keywords":["Asuma","Ayuntamiento","Eduardo","Gesti\u00f3n","Inviable","Latorre","PP"],"articleSection":["Alcoy","Noticias","Pol\u00edtica y Econom\u00eda"],"inLanguage":"es"},{"@type":"WebPage","@id":"https:\/\/www.copealcoy.es\/es\/el-pp-ve-inviable-que-el-ayuntamiento-gestione-el-eduardo-latorre\/","url":"https:\/\/www.copealcoy.es\/es\/el-pp-ve-inviable-que-el-ayuntamiento-gestione-el-eduardo-latorre\/","name":"El PP ve inviable que el Ayuntamiento gestione el Eduardo Latorre - COPE Alcoy","isPartOf":{"@id":"https:\/\/www.copealcoy.es\/es\/#website"},"primaryImageOfPage":{"@id":"https:\/\/www.copealcoy.es\/es\/el-pp-ve-inviable-que-el-ayuntamiento-gestione-el-eduardo-latorre\/#primaryimage"},"image":{"@id":"https:\/\/www.copealcoy.es\/es\/el-pp-ve-inviable-que-el-ayuntamiento-gestione-el-eduardo-latorre\/#primaryimage"},"thumbnailUrl":"https:\/\/www.copealcoy.es\/wp-content\/uploads\/2014\/11\/image50.jpg","datePublished":"2014-11-28T19:22:46+00:00","dateModified":"2014-11-28T19:25:09+00:00","author":{"@id":"https:\/\/www.copealcoy.es\/es\/#\/schema\/person\/e777c87fa024e57d40170af9df39882c"},"breadcrumb":{"@id":"https:\/\/www.copealcoy.es\/es\/el-pp-ve-inviable-que-el-ayuntamiento-gestione-el-eduardo-latorre\/#breadcrumb"},"inLanguage":"es","potentialAction":[{"@type":"ReadAction","target":["https:\/\/www.copealcoy.es\/es\/el-pp-ve-inviable-que-el-ayuntamiento-gestione-el-eduardo-latorre\/"]}]},{"@type":"ImageObject","inLanguage":"es","@id":"https:\/\/www.copealcoy.es\/es\/el-pp-ve-inviable-que-el-ayuntamiento-gestione-el-eduardo-latorre\/#primaryimage","url":"https:\/\/www.copealcoy.es\/wp-content\/uploads\/2014\/11\/image50.jpg","contentUrl":"https:\/\/www.copealcoy.es\/wp-content\/uploads\/2014\/11\/image50.jpg","width":1920,"height":838,"caption":"Fernando Pastor, portavoz del PP"},{"@type":"BreadcrumbList","@id":"https:\/\/www.copealcoy.es\/es\/el-pp-ve-inviable-que-el-ayuntamiento-gestione-el-eduardo-latorre\/#breadcrumb","itemListElement":[{"@type":"ListItem","position":1,"name":"Portada","item":"https:\/\/www.copealcoy.es\/es\/"},{"@type":"ListItem","position":2,"name":"El PP ve inviable que el Ayuntamiento gestione el Eduardo Latorre"}]},{"@type":"WebSite","@id":"https:\/\/www.copealcoy.es\/es\/#website","url":"https:\/\/www.copealcoy.es\/es\/","name":"COPE Alcoy","description":"Emisora COPE de radio local con emisi\u00f3n online. Pont de Sant Jordi 8-10 03803 Alcoy","potentialAction":[{"@type":"SearchAction","target":{"@type":"EntryPoint","urlTemplate":"https:\/\/www.copealcoy.es\/es\/?s={search_term_string}"},"query-input":{"@type":"PropertyValueSpecification","valueRequired":true,"valueName":"search_term_string"}}],"inLanguage":"es"},{"@type":"Person","@id":"https:\/\/www.copealcoy.es\/es\/#\/schema\/person\/e777c87fa024e57d40170af9df39882c","name":"Cope Alcoy","image":{"@type":"ImageObject","inLanguage":"es","@id":"https:\/\/secure.gravatar.com\/avatar\/bb65d0283347e303893ba14f0692005417c1e0e690a325a4c5d8bb2b3943ee14?s=96&d=mm&r=g","url":"https:\/\/secure.gravatar.com\/avatar\/bb65d0283347e303893ba14f0692005417c1e0e690a325a4c5d8bb2b3943ee14?s=96&d=mm&r=g","contentUrl":"https:\/\/secure.gravatar.com\/avatar\/bb65d0283347e303893ba14f0692005417c1e0e690a325a4c5d8bb2b3943ee14?s=96&d=mm&r=g","caption":"Cope Alcoy"}}]}},"_links":{"self":[{"href":"https:\/\/www.copealcoy.es\/es\/wp-json\/wp\/v2\/posts\/8600","targetHints":{"allow":["GET"]}}],"collection":[{"href":"https:\/\/www.copealcoy.es\/es\/wp-json\/wp\/v2\/posts"}],"about":[{"href":"https:\/\/www.copealcoy.es\/es\/wp-json\/wp\/v2\/types\/post"}],"author":[{"embeddable":true,"href":"https:\/\/www.copealcoy.es\/es\/wp-json\/wp\/v2\/users\/1"}],"replies":[{"embeddable":true,"href":"https:\/\/www.copealcoy.es\/es\/wp-json\/wp\/v2\/comments?post=8600"}],"version-history":[{"count":0,"href":"https:\/\/www.copealcoy.es\/es\/wp-json\/wp\/v2\/posts\/8600\/revisions"}],"wp:featuredmedia":[{"embeddable":true,"href":"https:\/\/www.copealcoy.es\/es\/wp-json\/wp\/v2\/media\/8603"}],"wp:attachment":[{"href":"https:\/\/www.copealcoy.es\/es\/wp-json\/wp\/v2\/media?parent=8600"}],"wp:term":[{"taxonomy":"category","embeddable":true,"href":"https:\/\/www.copealcoy.es\/es\/wp-json\/wp\/v2\/categories?post=8600"},{"taxonomy":"post_tag","embeddable":true,"href":"https:\/\/www.copealcoy.es\/es\/wp-json\/wp\/v2\/tags?post=8600"}],"curies":[{"name":"wp","href":"https:\/\/api.w.org\/{rel}","templated":true}]}}