{"id":85998,"date":"2022-04-09T22:26:18","date_gmt":"2022-04-09T21:26:18","guid":{"rendered":"https:\/\/www.copealcoy.es\/?p=85998"},"modified":"2022-09-10T21:53:27","modified_gmt":"2022-09-10T20:53:27","slug":"la-pasion-llena-de-nuevo-las-calles-de-cocentaina","status":"publish","type":"post","link":"https:\/\/www.copealcoy.es\/es\/la-pasion-llena-de-nuevo-las-calles-de-cocentaina\/","title":{"rendered":"La Pasi\u00f3n llena de nuevo las calles de Cocentaina"},"content":{"rendered":"<p style=\"text-align: justify;\">Cocentaina ha iniciado este s\u00e1bado <strong>la Semana Santa<\/strong> con <strong>el regreso de la representaci\u00f3n de la Pasi\u00f3n a las calles del municipio<\/strong>, una iniciativa que <strong>hace posible el Grup de Teatre del Patronat<\/strong> y que cuenta con <strong>el apoyo de las diferentes cofrad\u00edas<\/strong>. Numeroso p\u00fablico <strong>se ha reunido en el caso antiguo de la Villa Condal<\/strong> para ser testigo de una puesta en escena que se vio por \u00faltima vez en 2019 antes del estallido de la pandemia.<\/p>\n<p style=\"text-align: justify;\">La escenificaci\u00f3n ha comenzado <strong>pasadas las 20:30h en el Pla de la Font<\/strong> con <strong>la Entrada Triunfal de Jes\u00fas en Jerusal\u00e9n<\/strong> y seguidamente, con el acompa\u00f1amiento de cantos y ramos de olivos, los protagonistas <strong>se han dirigido a la Plaza del Cardenal F\u00e9rriz<\/strong>. All\u00ed, ante la iglesia de Santa Mar\u00eda, ha sido el turno de recordar momentos como <strong>la \u00daltima Cena o el Lavatorio de los Pies a los Ap\u00f3stoles<\/strong>. A continuaci\u00f3n, los espectadores han podido ver <strong>la Oraci\u00f3n en el Huerto en El Pla<\/strong>, ante el Monasterio de la Mare de D\u00e9u del Miracle, y all\u00ed se ha efectuado tambi\u00e9n <strong>el Prendimiento<\/strong>. Posteriormente, y con las arcadas del patio del Palau Comtal como testigos de excepci\u00f3n, se ha representado <strong>el Juicio ante Pilatos<\/strong> junto a <strong>la Flagelaci\u00f3n<\/strong>.<\/p>\n<p><iframe loading=\"lazy\" title=\"Representaci\u00f3n de la Pasi\u00f3n en Cocentaina 2022\" width=\"1200\" height=\"675\" src=\"https:\/\/www.youtube.com\/embed\/68oETxzwcz0?feature=oembed\" frameborder=\"0\" allow=\"accelerometer; autoplay; clipboard-write; encrypted-media; gyroscope; picture-in-picture\" allowfullscreen><\/iframe><\/p>\n<p style=\"text-align: justify;\">El momento culminante de la Pasi\u00f3n ha tenido lugar, una vez m\u00e1s, en <strong>lo alto de la Sant\u00edsima Trinidad<\/strong>. Hasta all\u00ed <strong>ha llegado Jes\u00fas cargado con la cruz<\/strong> emulando el ascenso al Calvario y se han rememorado pasajes como <strong>la Crucifixi\u00f3n<\/strong>, <strong>la bajada del madero<\/strong> o <strong>la soledad de la Virgen Mar\u00eda<\/strong> ante el cuerpo yacente de su hijo. Finalmente, en este marco \u00fanico ubicado a los pies de la Serra de Mariola, se ha puesto fin al acto con el instante de <strong>la Resurecci\u00f3n<\/strong>.<\/p>\n<div id='gallery-1' class='gallery galleryid-85998 gallery-columns-2 gallery-size-full'><figure class='gallery-item'>\n\t\t\t<div class='gallery-icon landscape'>\n\t\t\t\t<a href='https:\/\/www.copealcoy.es\/es\/la-pasion-llena-de-nuevo-las-calles-de-cocentaina\/unnamed-7-8\/'><img loading=\"lazy\" decoding=\"async\" width=\"1491\" height=\"1080\" src=\"https:\/\/www.copealcoy.es\/wp-content\/uploads\/2022\/04\/unnamed-7-1-scaled.jpg\" class=\"attachment-full size-full\" alt=\"\" aria-describedby=\"gallery-1-86008\" srcset=\"https:\/\/www.copealcoy.es\/wp-content\/uploads\/2022\/04\/unnamed-7-1-scaled.jpg 1491w, https:\/\/www.copealcoy.es\/wp-content\/uploads\/2022\/04\/unnamed-7-1-768x556.jpg 768w, https:\/\/www.copealcoy.es\/wp-content\/uploads\/2022\/04\/unnamed-7-1-1536x1113.jpg 1536w, https:\/\/www.copealcoy.es\/wp-content\/uploads\/2022\/04\/unnamed-7-1-2048x1484.jpg 2048w\" sizes=\"auto, (max-width: 1491px) 100vw, 1491px\" \/><\/a>\n\t\t\t<\/div>\n\t\t\t\t<figcaption class='wp-caption-text gallery-caption' id='gallery-1-86008'>\n\t\t\t\tPasi\u00f3n Cocentaina 2022\n\t\t\t\t<\/figcaption><\/figure><figure class='gallery-item'>\n\t\t\t<div class='gallery-icon landscape'>\n\t\t\t\t<a href='https:\/\/www.copealcoy.es\/es\/la-pasion-llena-de-nuevo-las-calles-de-cocentaina\/unnamed-6-8\/'><img loading=\"lazy\" decoding=\"async\" width=\"1695\" height=\"1080\" src=\"https:\/\/www.copealcoy.es\/wp-content\/uploads\/2022\/04\/unnamed-6-1-scaled.jpg\" class=\"attachment-full size-full\" alt=\"\" aria-describedby=\"gallery-1-86002\" srcset=\"https:\/\/www.copealcoy.es\/wp-content\/uploads\/2022\/04\/unnamed-6-1-scaled.jpg 1695w, https:\/\/www.copealcoy.es\/wp-content\/uploads\/2022\/04\/unnamed-6-1-768x489.jpg 768w, https:\/\/www.copealcoy.es\/wp-content\/uploads\/2022\/04\/unnamed-6-1-1536x979.jpg 1536w, https:\/\/www.copealcoy.es\/wp-content\/uploads\/2022\/04\/unnamed-6-1-2048x1305.jpg 2048w\" sizes=\"auto, (max-width: 1695px) 100vw, 1695px\" \/><\/a>\n\t\t\t<\/div>\n\t\t\t\t<figcaption class='wp-caption-text gallery-caption' id='gallery-1-86002'>\n\t\t\t\tPasi\u00f3n Cocentaina 2022\n\t\t\t\t<\/figcaption><\/figure><figure class='gallery-item'>\n\t\t\t<div class='gallery-icon landscape'>\n\t\t\t\t<a href='https:\/\/www.copealcoy.es\/es\/la-pasion-llena-de-nuevo-las-calles-de-cocentaina\/unnamed-5-9\/'><img loading=\"lazy\" decoding=\"async\" width=\"1440\" height=\"1080\" src=\"https:\/\/www.copealcoy.es\/wp-content\/uploads\/2022\/04\/unnamed-5-1-scaled.jpg\" class=\"attachment-full size-full\" alt=\"\" aria-describedby=\"gallery-1-86003\" srcset=\"https:\/\/www.copealcoy.es\/wp-content\/uploads\/2022\/04\/unnamed-5-1-scaled.jpg 1440w, https:\/\/www.copealcoy.es\/wp-content\/uploads\/2022\/04\/unnamed-5-1-768x576.jpg 768w, https:\/\/www.copealcoy.es\/wp-content\/uploads\/2022\/04\/unnamed-5-1-1536x1152.jpg 1536w, https:\/\/www.copealcoy.es\/wp-content\/uploads\/2022\/04\/unnamed-5-1-2048x1536.jpg 2048w\" sizes=\"auto, (max-width: 1440px) 100vw, 1440px\" \/><\/a>\n\t\t\t<\/div>\n\t\t\t\t<figcaption class='wp-caption-text gallery-caption' id='gallery-1-86003'>\n\t\t\t\tPasi\u00f3n Cocentaina 2022\n\t\t\t\t<\/figcaption><\/figure><figure class='gallery-item'>\n\t\t\t<div class='gallery-icon landscape'>\n\t\t\t\t<a href='https:\/\/www.copealcoy.es\/es\/la-pasion-llena-de-nuevo-las-calles-de-cocentaina\/unnamed-225\/'><img loading=\"lazy\" decoding=\"async\" width=\"1500\" height=\"1000\" src=\"https:\/\/www.copealcoy.es\/wp-content\/uploads\/2022\/04\/unnamed-17.jpg\" class=\"attachment-full size-full\" alt=\"\" aria-describedby=\"gallery-1-86005\" srcset=\"https:\/\/www.copealcoy.es\/wp-content\/uploads\/2022\/04\/unnamed-17.jpg 1500w, https:\/\/www.copealcoy.es\/wp-content\/uploads\/2022\/04\/unnamed-17-768x512.jpg 768w, https:\/\/www.copealcoy.es\/wp-content\/uploads\/2022\/04\/unnamed-17-300x200.jpg 300w, https:\/\/www.copealcoy.es\/wp-content\/uploads\/2022\/04\/unnamed-17-600x400.jpg 600w, https:\/\/www.copealcoy.es\/wp-content\/uploads\/2022\/04\/unnamed-17-1200x800.jpg 1200w\" sizes=\"auto, (max-width: 1500px) 100vw, 1500px\" \/><\/a>\n\t\t\t<\/div>\n\t\t\t\t<figcaption class='wp-caption-text gallery-caption' id='gallery-1-86005'>\n\t\t\t\tPasi\u00f3n Cocentaina 2022\n\t\t\t\t<\/figcaption><\/figure><figure class='gallery-item'>\n\t\t\t<div class='gallery-icon landscape'>\n\t\t\t\t<a href='https:\/\/www.copealcoy.es\/es\/la-pasion-llena-de-nuevo-las-calles-de-cocentaina\/unnamed-8-8\/'><img loading=\"lazy\" decoding=\"async\" width=\"954\" height=\"632\" src=\"https:\/\/www.copealcoy.es\/wp-content\/uploads\/2022\/04\/unnamed-8-1.jpg\" class=\"attachment-full size-full\" alt=\"\" aria-describedby=\"gallery-1-86010\" srcset=\"https:\/\/www.copealcoy.es\/wp-content\/uploads\/2022\/04\/unnamed-8-1.jpg 954w, https:\/\/www.copealcoy.es\/wp-content\/uploads\/2022\/04\/unnamed-8-1-768x509.jpg 768w, https:\/\/www.copealcoy.es\/wp-content\/uploads\/2022\/04\/unnamed-8-1-300x200.jpg 300w\" sizes=\"auto, (max-width: 954px) 100vw, 954px\" \/><\/a>\n\t\t\t<\/div>\n\t\t\t\t<figcaption class='wp-caption-text gallery-caption' id='gallery-1-86010'>\n\t\t\t\tPasi\u00f3n Cocentaina 2022\n\t\t\t\t<\/figcaption><\/figure><figure class='gallery-item'>\n\t\t\t<div class='gallery-icon landscape'>\n\t\t\t\t<a href='https:\/\/www.copealcoy.es\/es\/la-pasion-llena-de-nuevo-las-calles-de-cocentaina\/unnamed-2-12\/'><img loading=\"lazy\" decoding=\"async\" width=\"1600\" height=\"901\" src=\"https:\/\/www.copealcoy.es\/wp-content\/uploads\/2022\/04\/unnamed-2-1.jpg\" class=\"attachment-full size-full\" alt=\"\" aria-describedby=\"gallery-1-86007\" srcset=\"https:\/\/www.copealcoy.es\/wp-content\/uploads\/2022\/04\/unnamed-2-1.jpg 1600w, https:\/\/www.copealcoy.es\/wp-content\/uploads\/2022\/04\/unnamed-2-1-768x432.jpg 768w, https:\/\/www.copealcoy.es\/wp-content\/uploads\/2022\/04\/unnamed-2-1-1536x865.jpg 1536w\" sizes=\"auto, (max-width: 1600px) 100vw, 1600px\" \/><\/a>\n\t\t\t<\/div>\n\t\t\t\t<figcaption class='wp-caption-text gallery-caption' id='gallery-1-86007'>\n\t\t\t\tPasi\u00f3n Cocentaina 2022\n\t\t\t\t<\/figcaption><\/figure><figure class='gallery-item'>\n\t\t\t<div class='gallery-icon landscape'>\n\t\t\t\t<a href='https:\/\/www.copealcoy.es\/es\/la-pasion-llena-de-nuevo-las-calles-de-cocentaina\/unnamed-3-10\/'><img loading=\"lazy\" decoding=\"async\" width=\"1209\" height=\"785\" src=\"https:\/\/www.copealcoy.es\/wp-content\/uploads\/2022\/04\/unnamed-3-2.jpg\" class=\"attachment-full size-full\" alt=\"\" aria-describedby=\"gallery-1-86009\" srcset=\"https:\/\/www.copealcoy.es\/wp-content\/uploads\/2022\/04\/unnamed-3-2.jpg 1209w, https:\/\/www.copealcoy.es\/wp-content\/uploads\/2022\/04\/unnamed-3-2-768x499.jpg 768w\" sizes=\"auto, (max-width: 1209px) 100vw, 1209px\" \/><\/a>\n\t\t\t<\/div>\n\t\t\t\t<figcaption class='wp-caption-text gallery-caption' id='gallery-1-86009'>\n\t\t\t\tPasi\u00f3n Cocentaina 2022\n\t\t\t\t<\/figcaption><\/figure><figure class='gallery-item'>\n\t\t\t<div class='gallery-icon landscape'>\n\t\t\t\t<a href='https:\/\/www.copealcoy.es\/es\/la-pasion-llena-de-nuevo-las-calles-de-cocentaina\/unnamed-1-21\/'><img loading=\"lazy\" decoding=\"async\" width=\"1058\" height=\"650\" src=\"https:\/\/www.copealcoy.es\/wp-content\/uploads\/2022\/04\/unnamed-1-1.jpg\" class=\"attachment-full size-full\" alt=\"\" aria-describedby=\"gallery-1-86006\" srcset=\"https:\/\/www.copealcoy.es\/wp-content\/uploads\/2022\/04\/unnamed-1-1.jpg 1058w, https:\/\/www.copealcoy.es\/wp-content\/uploads\/2022\/04\/unnamed-1-1-768x472.jpg 768w\" sizes=\"auto, (max-width: 1058px) 100vw, 1058px\" \/><\/a>\n\t\t\t<\/div>\n\t\t\t\t<figcaption class='wp-caption-text gallery-caption' id='gallery-1-86006'>\n\t\t\t\tPasi\u00f3n Cocentaina 2022\n\t\t\t\t<\/figcaption><\/figure>\n\t\t<\/div>\n\n","protected":false},"excerpt":{"rendered":"<p>Cocentaina ha iniciado este s\u00e1bado la Semana Santa con el regreso de la representaci\u00f3n de la Pasi\u00f3n a las calles&#8230;<\/p>\n","protected":false},"author":1,"featured_media":85999,"comment_status":"open","ping_status":"open","sticky":false,"template":"","format":"standard","meta":{"footnotes":""},"categories":[98,75,3907],"tags":[132,12619,3967,4011,745],"class_list":["post-85998","post","type-post","status-publish","format-standard","has-post-thumbnail","hentry","category-comarcas","category-noticias","category-videos","tag-cocentaina","tag-grup-de-teatre-el-patronat","tag-la-pasion","tag-representacion","tag-semana-santa"],"yoast_head":"<!-- This site is optimized with the Yoast SEO plugin v27.3 - https:\/\/yoast.com\/product\/yoast-seo-wordpress\/ -->\n<title>La Pasi\u00f3n llena de nuevo las calles de Cocentaina - COPE Alcoy<\/title>\n<meta name=\"robots\" content=\"index, follow, max-snippet:-1, max-image-preview:large, max-video-preview:-1\" \/>\n<link rel=\"canonical\" href=\"https:\/\/www.copealcoy.es\/es\/la-pasion-llena-de-nuevo-las-calles-de-cocentaina\/\" \/>\n<meta property=\"og:locale\" content=\"es_ES\" \/>\n<meta property=\"og:type\" content=\"article\" \/>\n<meta property=\"og:title\" content=\"La Pasi\u00f3n llena de nuevo las calles de Cocentaina - COPE Alcoy\" \/>\n<meta property=\"og:description\" content=\"Cocentaina ha iniciado este s\u00e1bado la Semana Santa con el regreso de la representaci\u00f3n de la Pasi\u00f3n a las calles...\" \/>\n<meta property=\"og:url\" content=\"https:\/\/www.copealcoy.es\/es\/la-pasion-llena-de-nuevo-las-calles-de-cocentaina\/\" \/>\n<meta property=\"og:site_name\" content=\"COPE Alcoy\" \/>\n<meta property=\"article:published_time\" content=\"2022-04-09T21:26:18+00:00\" \/>\n<meta property=\"article:modified_time\" content=\"2022-09-10T20:53:27+00:00\" \/>\n<meta property=\"og:image\" content=\"https:\/\/www.copealcoy.es\/wp-content\/uploads\/2022\/04\/unnamed-3-1.jpg\" \/>\n\t<meta property=\"og:image:width\" content=\"1209\" \/>\n\t<meta property=\"og:image:height\" content=\"785\" \/>\n\t<meta property=\"og:image:type\" content=\"image\/jpeg\" \/>\n<meta name=\"author\" content=\"Cope Alcoy\" \/>\n<meta name=\"twitter:label1\" content=\"Escrito por\" \/>\n\t<meta name=\"twitter:data1\" content=\"Cope Alcoy\" \/>\n\t<meta name=\"twitter:label2\" content=\"Tiempo de lectura\" \/>\n\t<meta name=\"twitter:data2\" content=\"2 minutos\" \/>\n<script type=\"application\/ld+json\" class=\"yoast-schema-graph\">{\"@context\":\"https:\\\/\\\/schema.org\",\"@graph\":[{\"@type\":\"Article\",\"@id\":\"https:\\\/\\\/www.copealcoy.es\\\/es\\\/la-pasion-llena-de-nuevo-las-calles-de-cocentaina\\\/#article\",\"isPartOf\":{\"@id\":\"https:\\\/\\\/www.copealcoy.es\\\/es\\\/la-pasion-llena-de-nuevo-las-calles-de-cocentaina\\\/\"},\"author\":{\"name\":\"Cope Alcoy\",\"@id\":\"https:\\\/\\\/www.copealcoy.es\\\/es\\\/#\\\/schema\\\/person\\\/e777c87fa024e57d40170af9df39882c\"},\"headline\":\"La Pasi\u00f3n llena de nuevo las calles de Cocentaina\",\"datePublished\":\"2022-04-09T21:26:18+00:00\",\"dateModified\":\"2022-09-10T20:53:27+00:00\",\"mainEntityOfPage\":{\"@id\":\"https:\\\/\\\/www.copealcoy.es\\\/es\\\/la-pasion-llena-de-nuevo-las-calles-de-cocentaina\\\/\"},\"wordCount\":341,\"commentCount\":0,\"image\":{\"@id\":\"https:\\\/\\\/www.copealcoy.es\\\/es\\\/la-pasion-llena-de-nuevo-las-calles-de-cocentaina\\\/#primaryimage\"},\"thumbnailUrl\":\"https:\\\/\\\/www.copealcoy.es\\\/wp-content\\\/uploads\\\/2022\\\/04\\\/unnamed-3-1.jpg\",\"keywords\":[\"Cocentaina\",\"Grup de Teatre El Patronat\",\"La Pasi\u00f3n\",\"representaci\u00f3n\",\"Semana Santa\"],\"articleSection\":[\"Comarcas\",\"Noticias\",\"V\u00eddeos\"],\"inLanguage\":\"es\"},{\"@type\":\"WebPage\",\"@id\":\"https:\\\/\\\/www.copealcoy.es\\\/es\\\/la-pasion-llena-de-nuevo-las-calles-de-cocentaina\\\/\",\"url\":\"https:\\\/\\\/www.copealcoy.es\\\/es\\\/la-pasion-llena-de-nuevo-las-calles-de-cocentaina\\\/\",\"name\":\"La Pasi\u00f3n llena de nuevo las calles de Cocentaina - COPE Alcoy\",\"isPartOf\":{\"@id\":\"https:\\\/\\\/www.copealcoy.es\\\/es\\\/#website\"},\"primaryImageOfPage\":{\"@id\":\"https:\\\/\\\/www.copealcoy.es\\\/es\\\/la-pasion-llena-de-nuevo-las-calles-de-cocentaina\\\/#primaryimage\"},\"image\":{\"@id\":\"https:\\\/\\\/www.copealcoy.es\\\/es\\\/la-pasion-llena-de-nuevo-las-calles-de-cocentaina\\\/#primaryimage\"},\"thumbnailUrl\":\"https:\\\/\\\/www.copealcoy.es\\\/wp-content\\\/uploads\\\/2022\\\/04\\\/unnamed-3-1.jpg\",\"datePublished\":\"2022-04-09T21:26:18+00:00\",\"dateModified\":\"2022-09-10T20:53:27+00:00\",\"author\":{\"@id\":\"https:\\\/\\\/www.copealcoy.es\\\/es\\\/#\\\/schema\\\/person\\\/e777c87fa024e57d40170af9df39882c\"},\"breadcrumb\":{\"@id\":\"https:\\\/\\\/www.copealcoy.es\\\/es\\\/la-pasion-llena-de-nuevo-las-calles-de-cocentaina\\\/#breadcrumb\"},\"inLanguage\":\"es\",\"potentialAction\":[{\"@type\":\"ReadAction\",\"target\":[\"https:\\\/\\\/www.copealcoy.es\\\/es\\\/la-pasion-llena-de-nuevo-las-calles-de-cocentaina\\\/\"]}]},{\"@type\":\"ImageObject\",\"inLanguage\":\"es\",\"@id\":\"https:\\\/\\\/www.copealcoy.es\\\/es\\\/la-pasion-llena-de-nuevo-las-calles-de-cocentaina\\\/#primaryimage\",\"url\":\"https:\\\/\\\/www.copealcoy.es\\\/wp-content\\\/uploads\\\/2022\\\/04\\\/unnamed-3-1.jpg\",\"contentUrl\":\"https:\\\/\\\/www.copealcoy.es\\\/wp-content\\\/uploads\\\/2022\\\/04\\\/unnamed-3-1.jpg\",\"width\":1209,\"height\":785},{\"@type\":\"BreadcrumbList\",\"@id\":\"https:\\\/\\\/www.copealcoy.es\\\/es\\\/la-pasion-llena-de-nuevo-las-calles-de-cocentaina\\\/#breadcrumb\",\"itemListElement\":[{\"@type\":\"ListItem\",\"position\":1,\"name\":\"Portada\",\"item\":\"https:\\\/\\\/www.copealcoy.es\\\/es\\\/\"},{\"@type\":\"ListItem\",\"position\":2,\"name\":\"La Pasi\u00f3n llena de nuevo las calles de Cocentaina\"}]},{\"@type\":\"WebSite\",\"@id\":\"https:\\\/\\\/www.copealcoy.es\\\/es\\\/#website\",\"url\":\"https:\\\/\\\/www.copealcoy.es\\\/es\\\/\",\"name\":\"COPE Alcoy\",\"description\":\"Emisora COPE de radio local con emisi\u00f3n online. Pont de Sant Jordi 8-10 03803 Alcoy\",\"potentialAction\":[{\"@type\":\"SearchAction\",\"target\":{\"@type\":\"EntryPoint\",\"urlTemplate\":\"https:\\\/\\\/www.copealcoy.es\\\/es\\\/?s={search_term_string}\"},\"query-input\":{\"@type\":\"PropertyValueSpecification\",\"valueRequired\":true,\"valueName\":\"search_term_string\"}}],\"inLanguage\":\"es\"},{\"@type\":\"Person\",\"@id\":\"https:\\\/\\\/www.copealcoy.es\\\/es\\\/#\\\/schema\\\/person\\\/e777c87fa024e57d40170af9df39882c\",\"name\":\"Cope Alcoy\",\"image\":{\"@type\":\"ImageObject\",\"inLanguage\":\"es\",\"@id\":\"https:\\\/\\\/secure.gravatar.com\\\/avatar\\\/bb65d0283347e303893ba14f0692005417c1e0e690a325a4c5d8bb2b3943ee14?s=96&d=mm&r=g\",\"url\":\"https:\\\/\\\/secure.gravatar.com\\\/avatar\\\/bb65d0283347e303893ba14f0692005417c1e0e690a325a4c5d8bb2b3943ee14?s=96&d=mm&r=g\",\"contentUrl\":\"https:\\\/\\\/secure.gravatar.com\\\/avatar\\\/bb65d0283347e303893ba14f0692005417c1e0e690a325a4c5d8bb2b3943ee14?s=96&d=mm&r=g\",\"caption\":\"Cope Alcoy\"}}]}<\/script>\n<!-- \/ Yoast SEO plugin. -->","yoast_head_json":{"title":"La Pasi\u00f3n llena de nuevo las calles de Cocentaina - COPE Alcoy","robots":{"index":"index","follow":"follow","max-snippet":"max-snippet:-1","max-image-preview":"max-image-preview:large","max-video-preview":"max-video-preview:-1"},"canonical":"https:\/\/www.copealcoy.es\/es\/la-pasion-llena-de-nuevo-las-calles-de-cocentaina\/","og_locale":"es_ES","og_type":"article","og_title":"La Pasi\u00f3n llena de nuevo las calles de Cocentaina - COPE Alcoy","og_description":"Cocentaina ha iniciado este s\u00e1bado la Semana Santa con el regreso de la representaci\u00f3n de la Pasi\u00f3n a las calles...","og_url":"https:\/\/www.copealcoy.es\/es\/la-pasion-llena-de-nuevo-las-calles-de-cocentaina\/","og_site_name":"COPE Alcoy","article_published_time":"2022-04-09T21:26:18+00:00","article_modified_time":"2022-09-10T20:53:27+00:00","og_image":[{"width":1209,"height":785,"url":"https:\/\/www.copealcoy.es\/wp-content\/uploads\/2022\/04\/unnamed-3-1.jpg","type":"image\/jpeg"}],"author":"Cope Alcoy","twitter_misc":{"Escrito por":"Cope Alcoy","Tiempo de lectura":"2 minutos"},"schema":{"@context":"https:\/\/schema.org","@graph":[{"@type":"Article","@id":"https:\/\/www.copealcoy.es\/es\/la-pasion-llena-de-nuevo-las-calles-de-cocentaina\/#article","isPartOf":{"@id":"https:\/\/www.copealcoy.es\/es\/la-pasion-llena-de-nuevo-las-calles-de-cocentaina\/"},"author":{"name":"Cope Alcoy","@id":"https:\/\/www.copealcoy.es\/es\/#\/schema\/person\/e777c87fa024e57d40170af9df39882c"},"headline":"La Pasi\u00f3n llena de nuevo las calles de Cocentaina","datePublished":"2022-04-09T21:26:18+00:00","dateModified":"2022-09-10T20:53:27+00:00","mainEntityOfPage":{"@id":"https:\/\/www.copealcoy.es\/es\/la-pasion-llena-de-nuevo-las-calles-de-cocentaina\/"},"wordCount":341,"commentCount":0,"image":{"@id":"https:\/\/www.copealcoy.es\/es\/la-pasion-llena-de-nuevo-las-calles-de-cocentaina\/#primaryimage"},"thumbnailUrl":"https:\/\/www.copealcoy.es\/wp-content\/uploads\/2022\/04\/unnamed-3-1.jpg","keywords":["Cocentaina","Grup de Teatre El Patronat","La Pasi\u00f3n","representaci\u00f3n","Semana Santa"],"articleSection":["Comarcas","Noticias","V\u00eddeos"],"inLanguage":"es"},{"@type":"WebPage","@id":"https:\/\/www.copealcoy.es\/es\/la-pasion-llena-de-nuevo-las-calles-de-cocentaina\/","url":"https:\/\/www.copealcoy.es\/es\/la-pasion-llena-de-nuevo-las-calles-de-cocentaina\/","name":"La Pasi\u00f3n llena de nuevo las calles de Cocentaina - COPE Alcoy","isPartOf":{"@id":"https:\/\/www.copealcoy.es\/es\/#website"},"primaryImageOfPage":{"@id":"https:\/\/www.copealcoy.es\/es\/la-pasion-llena-de-nuevo-las-calles-de-cocentaina\/#primaryimage"},"image":{"@id":"https:\/\/www.copealcoy.es\/es\/la-pasion-llena-de-nuevo-las-calles-de-cocentaina\/#primaryimage"},"thumbnailUrl":"https:\/\/www.copealcoy.es\/wp-content\/uploads\/2022\/04\/unnamed-3-1.jpg","datePublished":"2022-04-09T21:26:18+00:00","dateModified":"2022-09-10T20:53:27+00:00","author":{"@id":"https:\/\/www.copealcoy.es\/es\/#\/schema\/person\/e777c87fa024e57d40170af9df39882c"},"breadcrumb":{"@id":"https:\/\/www.copealcoy.es\/es\/la-pasion-llena-de-nuevo-las-calles-de-cocentaina\/#breadcrumb"},"inLanguage":"es","potentialAction":[{"@type":"ReadAction","target":["https:\/\/www.copealcoy.es\/es\/la-pasion-llena-de-nuevo-las-calles-de-cocentaina\/"]}]},{"@type":"ImageObject","inLanguage":"es","@id":"https:\/\/www.copealcoy.es\/es\/la-pasion-llena-de-nuevo-las-calles-de-cocentaina\/#primaryimage","url":"https:\/\/www.copealcoy.es\/wp-content\/uploads\/2022\/04\/unnamed-3-1.jpg","contentUrl":"https:\/\/www.copealcoy.es\/wp-content\/uploads\/2022\/04\/unnamed-3-1.jpg","width":1209,"height":785},{"@type":"BreadcrumbList","@id":"https:\/\/www.copealcoy.es\/es\/la-pasion-llena-de-nuevo-las-calles-de-cocentaina\/#breadcrumb","itemListElement":[{"@type":"ListItem","position":1,"name":"Portada","item":"https:\/\/www.copealcoy.es\/es\/"},{"@type":"ListItem","position":2,"name":"La Pasi\u00f3n llena de nuevo las calles de Cocentaina"}]},{"@type":"WebSite","@id":"https:\/\/www.copealcoy.es\/es\/#website","url":"https:\/\/www.copealcoy.es\/es\/","name":"COPE Alcoy","description":"Emisora COPE de radio local con emisi\u00f3n online. Pont de Sant Jordi 8-10 03803 Alcoy","potentialAction":[{"@type":"SearchAction","target":{"@type":"EntryPoint","urlTemplate":"https:\/\/www.copealcoy.es\/es\/?s={search_term_string}"},"query-input":{"@type":"PropertyValueSpecification","valueRequired":true,"valueName":"search_term_string"}}],"inLanguage":"es"},{"@type":"Person","@id":"https:\/\/www.copealcoy.es\/es\/#\/schema\/person\/e777c87fa024e57d40170af9df39882c","name":"Cope Alcoy","image":{"@type":"ImageObject","inLanguage":"es","@id":"https:\/\/secure.gravatar.com\/avatar\/bb65d0283347e303893ba14f0692005417c1e0e690a325a4c5d8bb2b3943ee14?s=96&d=mm&r=g","url":"https:\/\/secure.gravatar.com\/avatar\/bb65d0283347e303893ba14f0692005417c1e0e690a325a4c5d8bb2b3943ee14?s=96&d=mm&r=g","contentUrl":"https:\/\/secure.gravatar.com\/avatar\/bb65d0283347e303893ba14f0692005417c1e0e690a325a4c5d8bb2b3943ee14?s=96&d=mm&r=g","caption":"Cope Alcoy"}}]}},"_links":{"self":[{"href":"https:\/\/www.copealcoy.es\/es\/wp-json\/wp\/v2\/posts\/85998","targetHints":{"allow":["GET"]}}],"collection":[{"href":"https:\/\/www.copealcoy.es\/es\/wp-json\/wp\/v2\/posts"}],"about":[{"href":"https:\/\/www.copealcoy.es\/es\/wp-json\/wp\/v2\/types\/post"}],"author":[{"embeddable":true,"href":"https:\/\/www.copealcoy.es\/es\/wp-json\/wp\/v2\/users\/1"}],"replies":[{"embeddable":true,"href":"https:\/\/www.copealcoy.es\/es\/wp-json\/wp\/v2\/comments?post=85998"}],"version-history":[{"count":0,"href":"https:\/\/www.copealcoy.es\/es\/wp-json\/wp\/v2\/posts\/85998\/revisions"}],"wp:featuredmedia":[{"embeddable":true,"href":"https:\/\/www.copealcoy.es\/es\/wp-json\/wp\/v2\/media\/85999"}],"wp:attachment":[{"href":"https:\/\/www.copealcoy.es\/es\/wp-json\/wp\/v2\/media?parent=85998"}],"wp:term":[{"taxonomy":"category","embeddable":true,"href":"https:\/\/www.copealcoy.es\/es\/wp-json\/wp\/v2\/categories?post=85998"},{"taxonomy":"post_tag","embeddable":true,"href":"https:\/\/www.copealcoy.es\/es\/wp-json\/wp\/v2\/tags?post=85998"}],"curies":[{"name":"wp","href":"https:\/\/api.w.org\/{rel}","templated":true}]}}