{"id":85971,"date":"2022-04-09T17:01:53","date_gmt":"2022-04-09T16:01:53","guid":{"rendered":"https:\/\/www.copealcoy.es\/?p=85971"},"modified":"2022-04-09T17:15:19","modified_gmt":"2022-04-09T16:15:19","slug":"un-recorrido-por-las-escenas-de-la-pasion","status":"publish","type":"post","link":"https:\/\/www.copealcoy.es\/es\/un-recorrido-por-las-escenas-de-la-pasion\/","title":{"rendered":"Un recorrido por las escenas de la pasi\u00f3n"},"content":{"rendered":"<p style=\"text-align: justify;\">La <strong>Parroquia de Santa Mar\u00eda de Alcoy<\/strong> acoge desde el pasado 25 de marzo <strong>una interesante muestra<\/strong> en la que <strong>se hace un recorrido por los \u00faltimos d\u00edas de la vida p\u00fablica de Jesucristo<\/strong>. Se trata de <strong>un total de siete dioramas<\/strong>, elaborados por<strong> la Asociaci\u00f3n Belenista de Santa Rosa<\/strong>, que recrean las principales escenas de la pasi\u00f3n.<\/p>\n<p style=\"text-align: justify;\">Esta iniciativa arranc\u00f3 en 2019, con la creaci\u00f3n de <strong>un diorama de la Crucifixi\u00f3n<\/strong>, y a partir de ah\u00ed <strong>comenz\u00f3 una aventura<\/strong> que sigui\u00f3 durante la pandemia hasta que culmin\u00f3 en 2021 con la elaboraci\u00f3n de tres escenas m\u00e1s: <strong>la Flagelaci\u00f3n, la \u00daltima Cena y la Entrada de Jes\u00fas en Jerusal\u00e9n<\/strong>. Finalmente este a\u00f1o, con el respaldo tambi\u00e9n de las cofrad\u00edas de la ciudad, se han preparado otros <strong>tres nuevos dioramas<\/strong> que representan a <strong>Jes\u00fas cargado con la cruz camino del calvario, el Cristo Yacente y la Resurecci\u00f3n<\/strong>.<\/p>\n<p style=\"text-align: justify;\">Los citados dioramas <strong>se pueden contemplar hasta el Viernes Santo en los horarios de apertura al culto de la iglesia de Santa Mar\u00eda<\/strong>. De esta forma el Domingo de Ramos estar\u00e1 abierta a partir de las 12:15h con motivo de la misa de esta jornada mientras que el Viernes Santo ser\u00e1 a las 10:00h coincidiendo con el rezo de laudes y\u00a0 a las 18:30h para los Santos Oficios.<\/p>\n<p style=\"text-align: justify;\">Aqu\u00ed <strong>puedes escuchar<\/strong> lo que nos han contado desde la Asociaci\u00f3n Belenista de Santa Rosa:<\/p>\n<p><iframe loading=\"lazy\" title=\"Entrevista Dioramas Semana Santa Alcoy 2022\" width=\"100%\" height=\"120\" src=\"https:\/\/www.mixcloud.com\/widget\/iframe\/?feed=https%3A%2F%2Fwww.mixcloud.com%2FCOPEAlcoy%2Fentrevista-dioramas-semana-santa-alcoy%2F&amp;hide_cover=1\" frameborder=\"0\"><\/iframe><\/p>\n<p>&nbsp;<\/p>\n","protected":false},"excerpt":{"rendered":"<p>La Parroquia de Santa Mar\u00eda de Alcoy acoge desde el pasado 25 de marzo una interesante muestra en la que&#8230;<\/p>\n","protected":false},"author":1,"featured_media":85972,"comment_status":"open","ping_status":"open","sticky":false,"template":"","format":"standard","meta":{"footnotes":""},"categories":[6909,97,78,75],"tags":[9502,11064,11065,3967,745],"class_list":["post-85971","post","type-post","status-publish","format-standard","has-post-thumbnail","hentry","category-actualidad","category-alcoy","category-fiestaycultura","category-noticias","tag-asociacion-belenista-de-santa-rosa","tag-dioramas","tag-escenas","tag-la-pasion","tag-semana-santa"],"yoast_head":"<!-- This site is optimized with the Yoast SEO plugin v27.3 - https:\/\/yoast.com\/product\/yoast-seo-wordpress\/ -->\n<title>Un recorrido por las escenas de la pasi\u00f3n - COPE Alcoy<\/title>\n<meta name=\"robots\" content=\"index, follow, max-snippet:-1, max-image-preview:large, max-video-preview:-1\" \/>\n<link rel=\"canonical\" href=\"https:\/\/www.copealcoy.es\/es\/un-recorrido-por-las-escenas-de-la-pasion\/\" \/>\n<meta property=\"og:locale\" content=\"es_ES\" \/>\n<meta property=\"og:type\" content=\"article\" \/>\n<meta property=\"og:title\" content=\"Un recorrido por las escenas de la pasi\u00f3n - COPE Alcoy\" \/>\n<meta property=\"og:description\" content=\"La Parroquia de Santa Mar\u00eda de Alcoy acoge desde el pasado 25 de marzo una interesante muestra en la que...\" \/>\n<meta property=\"og:url\" content=\"https:\/\/www.copealcoy.es\/es\/un-recorrido-por-las-escenas-de-la-pasion\/\" \/>\n<meta property=\"og:site_name\" content=\"COPE Alcoy\" \/>\n<meta property=\"article:published_time\" content=\"2022-04-09T16:01:53+00:00\" \/>\n<meta property=\"article:modified_time\" content=\"2022-04-09T16:15:19+00:00\" \/>\n<meta property=\"og:image\" content=\"https:\/\/www.copealcoy.es\/wp-content\/uploads\/2022\/04\/unnamed-16-scaled-e1649520027264.jpg\" \/>\n\t<meta property=\"og:image:width\" content=\"640\" \/>\n\t<meta property=\"og:image:height\" content=\"480\" \/>\n\t<meta property=\"og:image:type\" content=\"image\/jpeg\" \/>\n<meta name=\"author\" content=\"Cope Alcoy\" \/>\n<meta name=\"twitter:label1\" content=\"Escrito por\" \/>\n\t<meta name=\"twitter:data1\" content=\"Cope Alcoy\" \/>\n\t<meta name=\"twitter:label2\" content=\"Tiempo de lectura\" \/>\n\t<meta name=\"twitter:data2\" content=\"2 minutos\" \/>\n<script type=\"application\/ld+json\" class=\"yoast-schema-graph\">{\"@context\":\"https:\\\/\\\/schema.org\",\"@graph\":[{\"@type\":\"Article\",\"@id\":\"https:\\\/\\\/www.copealcoy.es\\\/es\\\/un-recorrido-por-las-escenas-de-la-pasion\\\/#article\",\"isPartOf\":{\"@id\":\"https:\\\/\\\/www.copealcoy.es\\\/es\\\/un-recorrido-por-las-escenas-de-la-pasion\\\/\"},\"author\":{\"name\":\"Cope Alcoy\",\"@id\":\"https:\\\/\\\/www.copealcoy.es\\\/es\\\/#\\\/schema\\\/person\\\/e777c87fa024e57d40170af9df39882c\"},\"headline\":\"Un recorrido por las escenas de la pasi\u00f3n\",\"datePublished\":\"2022-04-09T16:01:53+00:00\",\"dateModified\":\"2022-04-09T16:15:19+00:00\",\"mainEntityOfPage\":{\"@id\":\"https:\\\/\\\/www.copealcoy.es\\\/es\\\/un-recorrido-por-las-escenas-de-la-pasion\\\/\"},\"wordCount\":261,\"commentCount\":0,\"image\":{\"@id\":\"https:\\\/\\\/www.copealcoy.es\\\/es\\\/un-recorrido-por-las-escenas-de-la-pasion\\\/#primaryimage\"},\"thumbnailUrl\":\"https:\\\/\\\/www.copealcoy.es\\\/wp-content\\\/uploads\\\/2022\\\/04\\\/unnamed-16-scaled-e1649520027264.jpg\",\"keywords\":[\"Asociaci\u00f3n Belenista de Santa Rosa\",\"dioramas\",\"escenas\",\"La Pasi\u00f3n\",\"Semana Santa\"],\"articleSection\":[\"Actualidad\",\"Alcoy\",\"Fiesta y Cultura\",\"Noticias\"],\"inLanguage\":\"es\"},{\"@type\":\"WebPage\",\"@id\":\"https:\\\/\\\/www.copealcoy.es\\\/es\\\/un-recorrido-por-las-escenas-de-la-pasion\\\/\",\"url\":\"https:\\\/\\\/www.copealcoy.es\\\/es\\\/un-recorrido-por-las-escenas-de-la-pasion\\\/\",\"name\":\"Un recorrido por las escenas de la pasi\u00f3n - COPE Alcoy\",\"isPartOf\":{\"@id\":\"https:\\\/\\\/www.copealcoy.es\\\/es\\\/#website\"},\"primaryImageOfPage\":{\"@id\":\"https:\\\/\\\/www.copealcoy.es\\\/es\\\/un-recorrido-por-las-escenas-de-la-pasion\\\/#primaryimage\"},\"image\":{\"@id\":\"https:\\\/\\\/www.copealcoy.es\\\/es\\\/un-recorrido-por-las-escenas-de-la-pasion\\\/#primaryimage\"},\"thumbnailUrl\":\"https:\\\/\\\/www.copealcoy.es\\\/wp-content\\\/uploads\\\/2022\\\/04\\\/unnamed-16-scaled-e1649520027264.jpg\",\"datePublished\":\"2022-04-09T16:01:53+00:00\",\"dateModified\":\"2022-04-09T16:15:19+00:00\",\"author\":{\"@id\":\"https:\\\/\\\/www.copealcoy.es\\\/es\\\/#\\\/schema\\\/person\\\/e777c87fa024e57d40170af9df39882c\"},\"breadcrumb\":{\"@id\":\"https:\\\/\\\/www.copealcoy.es\\\/es\\\/un-recorrido-por-las-escenas-de-la-pasion\\\/#breadcrumb\"},\"inLanguage\":\"es\",\"potentialAction\":[{\"@type\":\"ReadAction\",\"target\":[\"https:\\\/\\\/www.copealcoy.es\\\/es\\\/un-recorrido-por-las-escenas-de-la-pasion\\\/\"]}]},{\"@type\":\"ImageObject\",\"inLanguage\":\"es\",\"@id\":\"https:\\\/\\\/www.copealcoy.es\\\/es\\\/un-recorrido-por-las-escenas-de-la-pasion\\\/#primaryimage\",\"url\":\"https:\\\/\\\/www.copealcoy.es\\\/wp-content\\\/uploads\\\/2022\\\/04\\\/unnamed-16-scaled-e1649520027264.jpg\",\"contentUrl\":\"https:\\\/\\\/www.copealcoy.es\\\/wp-content\\\/uploads\\\/2022\\\/04\\\/unnamed-16-scaled-e1649520027264.jpg\",\"width\":640,\"height\":480},{\"@type\":\"BreadcrumbList\",\"@id\":\"https:\\\/\\\/www.copealcoy.es\\\/es\\\/un-recorrido-por-las-escenas-de-la-pasion\\\/#breadcrumb\",\"itemListElement\":[{\"@type\":\"ListItem\",\"position\":1,\"name\":\"Portada\",\"item\":\"https:\\\/\\\/www.copealcoy.es\\\/es\\\/\"},{\"@type\":\"ListItem\",\"position\":2,\"name\":\"Un recorrido por las escenas de la pasi\u00f3n\"}]},{\"@type\":\"WebSite\",\"@id\":\"https:\\\/\\\/www.copealcoy.es\\\/es\\\/#website\",\"url\":\"https:\\\/\\\/www.copealcoy.es\\\/es\\\/\",\"name\":\"COPE Alcoy\",\"description\":\"Emisora COPE de radio local con emisi\u00f3n online. Pont de Sant Jordi 8-10 03803 Alcoy\",\"potentialAction\":[{\"@type\":\"SearchAction\",\"target\":{\"@type\":\"EntryPoint\",\"urlTemplate\":\"https:\\\/\\\/www.copealcoy.es\\\/es\\\/?s={search_term_string}\"},\"query-input\":{\"@type\":\"PropertyValueSpecification\",\"valueRequired\":true,\"valueName\":\"search_term_string\"}}],\"inLanguage\":\"es\"},{\"@type\":\"Person\",\"@id\":\"https:\\\/\\\/www.copealcoy.es\\\/es\\\/#\\\/schema\\\/person\\\/e777c87fa024e57d40170af9df39882c\",\"name\":\"Cope Alcoy\",\"image\":{\"@type\":\"ImageObject\",\"inLanguage\":\"es\",\"@id\":\"https:\\\/\\\/secure.gravatar.com\\\/avatar\\\/bb65d0283347e303893ba14f0692005417c1e0e690a325a4c5d8bb2b3943ee14?s=96&d=mm&r=g\",\"url\":\"https:\\\/\\\/secure.gravatar.com\\\/avatar\\\/bb65d0283347e303893ba14f0692005417c1e0e690a325a4c5d8bb2b3943ee14?s=96&d=mm&r=g\",\"contentUrl\":\"https:\\\/\\\/secure.gravatar.com\\\/avatar\\\/bb65d0283347e303893ba14f0692005417c1e0e690a325a4c5d8bb2b3943ee14?s=96&d=mm&r=g\",\"caption\":\"Cope Alcoy\"}}]}<\/script>\n<!-- \/ Yoast SEO plugin. -->","yoast_head_json":{"title":"Un recorrido por las escenas de la pasi\u00f3n - COPE Alcoy","robots":{"index":"index","follow":"follow","max-snippet":"max-snippet:-1","max-image-preview":"max-image-preview:large","max-video-preview":"max-video-preview:-1"},"canonical":"https:\/\/www.copealcoy.es\/es\/un-recorrido-por-las-escenas-de-la-pasion\/","og_locale":"es_ES","og_type":"article","og_title":"Un recorrido por las escenas de la pasi\u00f3n - COPE Alcoy","og_description":"La Parroquia de Santa Mar\u00eda de Alcoy acoge desde el pasado 25 de marzo una interesante muestra en la que...","og_url":"https:\/\/www.copealcoy.es\/es\/un-recorrido-por-las-escenas-de-la-pasion\/","og_site_name":"COPE Alcoy","article_published_time":"2022-04-09T16:01:53+00:00","article_modified_time":"2022-04-09T16:15:19+00:00","og_image":[{"width":640,"height":480,"url":"https:\/\/www.copealcoy.es\/wp-content\/uploads\/2022\/04\/unnamed-16-scaled-e1649520027264.jpg","type":"image\/jpeg"}],"author":"Cope Alcoy","twitter_misc":{"Escrito por":"Cope Alcoy","Tiempo de lectura":"2 minutos"},"schema":{"@context":"https:\/\/schema.org","@graph":[{"@type":"Article","@id":"https:\/\/www.copealcoy.es\/es\/un-recorrido-por-las-escenas-de-la-pasion\/#article","isPartOf":{"@id":"https:\/\/www.copealcoy.es\/es\/un-recorrido-por-las-escenas-de-la-pasion\/"},"author":{"name":"Cope Alcoy","@id":"https:\/\/www.copealcoy.es\/es\/#\/schema\/person\/e777c87fa024e57d40170af9df39882c"},"headline":"Un recorrido por las escenas de la pasi\u00f3n","datePublished":"2022-04-09T16:01:53+00:00","dateModified":"2022-04-09T16:15:19+00:00","mainEntityOfPage":{"@id":"https:\/\/www.copealcoy.es\/es\/un-recorrido-por-las-escenas-de-la-pasion\/"},"wordCount":261,"commentCount":0,"image":{"@id":"https:\/\/www.copealcoy.es\/es\/un-recorrido-por-las-escenas-de-la-pasion\/#primaryimage"},"thumbnailUrl":"https:\/\/www.copealcoy.es\/wp-content\/uploads\/2022\/04\/unnamed-16-scaled-e1649520027264.jpg","keywords":["Asociaci\u00f3n Belenista de Santa Rosa","dioramas","escenas","La Pasi\u00f3n","Semana Santa"],"articleSection":["Actualidad","Alcoy","Fiesta y Cultura","Noticias"],"inLanguage":"es"},{"@type":"WebPage","@id":"https:\/\/www.copealcoy.es\/es\/un-recorrido-por-las-escenas-de-la-pasion\/","url":"https:\/\/www.copealcoy.es\/es\/un-recorrido-por-las-escenas-de-la-pasion\/","name":"Un recorrido por las escenas de la pasi\u00f3n - COPE Alcoy","isPartOf":{"@id":"https:\/\/www.copealcoy.es\/es\/#website"},"primaryImageOfPage":{"@id":"https:\/\/www.copealcoy.es\/es\/un-recorrido-por-las-escenas-de-la-pasion\/#primaryimage"},"image":{"@id":"https:\/\/www.copealcoy.es\/es\/un-recorrido-por-las-escenas-de-la-pasion\/#primaryimage"},"thumbnailUrl":"https:\/\/www.copealcoy.es\/wp-content\/uploads\/2022\/04\/unnamed-16-scaled-e1649520027264.jpg","datePublished":"2022-04-09T16:01:53+00:00","dateModified":"2022-04-09T16:15:19+00:00","author":{"@id":"https:\/\/www.copealcoy.es\/es\/#\/schema\/person\/e777c87fa024e57d40170af9df39882c"},"breadcrumb":{"@id":"https:\/\/www.copealcoy.es\/es\/un-recorrido-por-las-escenas-de-la-pasion\/#breadcrumb"},"inLanguage":"es","potentialAction":[{"@type":"ReadAction","target":["https:\/\/www.copealcoy.es\/es\/un-recorrido-por-las-escenas-de-la-pasion\/"]}]},{"@type":"ImageObject","inLanguage":"es","@id":"https:\/\/www.copealcoy.es\/es\/un-recorrido-por-las-escenas-de-la-pasion\/#primaryimage","url":"https:\/\/www.copealcoy.es\/wp-content\/uploads\/2022\/04\/unnamed-16-scaled-e1649520027264.jpg","contentUrl":"https:\/\/www.copealcoy.es\/wp-content\/uploads\/2022\/04\/unnamed-16-scaled-e1649520027264.jpg","width":640,"height":480},{"@type":"BreadcrumbList","@id":"https:\/\/www.copealcoy.es\/es\/un-recorrido-por-las-escenas-de-la-pasion\/#breadcrumb","itemListElement":[{"@type":"ListItem","position":1,"name":"Portada","item":"https:\/\/www.copealcoy.es\/es\/"},{"@type":"ListItem","position":2,"name":"Un recorrido por las escenas de la pasi\u00f3n"}]},{"@type":"WebSite","@id":"https:\/\/www.copealcoy.es\/es\/#website","url":"https:\/\/www.copealcoy.es\/es\/","name":"COPE Alcoy","description":"Emisora COPE de radio local con emisi\u00f3n online. Pont de Sant Jordi 8-10 03803 Alcoy","potentialAction":[{"@type":"SearchAction","target":{"@type":"EntryPoint","urlTemplate":"https:\/\/www.copealcoy.es\/es\/?s={search_term_string}"},"query-input":{"@type":"PropertyValueSpecification","valueRequired":true,"valueName":"search_term_string"}}],"inLanguage":"es"},{"@type":"Person","@id":"https:\/\/www.copealcoy.es\/es\/#\/schema\/person\/e777c87fa024e57d40170af9df39882c","name":"Cope Alcoy","image":{"@type":"ImageObject","inLanguage":"es","@id":"https:\/\/secure.gravatar.com\/avatar\/bb65d0283347e303893ba14f0692005417c1e0e690a325a4c5d8bb2b3943ee14?s=96&d=mm&r=g","url":"https:\/\/secure.gravatar.com\/avatar\/bb65d0283347e303893ba14f0692005417c1e0e690a325a4c5d8bb2b3943ee14?s=96&d=mm&r=g","contentUrl":"https:\/\/secure.gravatar.com\/avatar\/bb65d0283347e303893ba14f0692005417c1e0e690a325a4c5d8bb2b3943ee14?s=96&d=mm&r=g","caption":"Cope Alcoy"}}]}},"_links":{"self":[{"href":"https:\/\/www.copealcoy.es\/es\/wp-json\/wp\/v2\/posts\/85971","targetHints":{"allow":["GET"]}}],"collection":[{"href":"https:\/\/www.copealcoy.es\/es\/wp-json\/wp\/v2\/posts"}],"about":[{"href":"https:\/\/www.copealcoy.es\/es\/wp-json\/wp\/v2\/types\/post"}],"author":[{"embeddable":true,"href":"https:\/\/www.copealcoy.es\/es\/wp-json\/wp\/v2\/users\/1"}],"replies":[{"embeddable":true,"href":"https:\/\/www.copealcoy.es\/es\/wp-json\/wp\/v2\/comments?post=85971"}],"version-history":[{"count":0,"href":"https:\/\/www.copealcoy.es\/es\/wp-json\/wp\/v2\/posts\/85971\/revisions"}],"wp:featuredmedia":[{"embeddable":true,"href":"https:\/\/www.copealcoy.es\/es\/wp-json\/wp\/v2\/media\/85972"}],"wp:attachment":[{"href":"https:\/\/www.copealcoy.es\/es\/wp-json\/wp\/v2\/media?parent=85971"}],"wp:term":[{"taxonomy":"category","embeddable":true,"href":"https:\/\/www.copealcoy.es\/es\/wp-json\/wp\/v2\/categories?post=85971"},{"taxonomy":"post_tag","embeddable":true,"href":"https:\/\/www.copealcoy.es\/es\/wp-json\/wp\/v2\/tags?post=85971"}],"curies":[{"name":"wp","href":"https:\/\/api.w.org\/{rel}","templated":true}]}}