{"id":85945,"date":"2022-04-08T15:38:25","date_gmt":"2022-04-08T14:38:25","guid":{"rendered":"https:\/\/www.copealcoy.es\/?p=85945"},"modified":"2022-04-08T15:38:25","modified_gmt":"2022-04-08T14:38:25","slug":"la-diocesis-de-valencia-recoge-la-mayor-colecta-de-su-historia-por-los-afectados-por-la-invasion-de-ucrania","status":"publish","type":"post","link":"https:\/\/www.copealcoy.es\/es\/la-diocesis-de-valencia-recoge-la-mayor-colecta-de-su-historia-por-los-afectados-por-la-invasion-de-ucrania\/","title":{"rendered":"La di\u00f3cesis de Valencia recoge la mayor colecta de su historia por los afectados por la invasi\u00f3n de Ucrania"},"content":{"rendered":"<p style=\"text-align: justify;\">M\u00e1s de <strong>828.000 euros de donativos<\/strong>, la mayor colecta de la historia de la di\u00f3cesis, han sido recogidos por parte de los valencianos <strong>a trav\u00e9s de la di\u00f3cesis y de C\u00e1ritas a favor de las familias, desplazados y v\u00edctimas de la guerra de Ucrania<\/strong>.<\/p>\n<p class=\"x_gmail-p1\" style=\"text-align: justify;\"><span class=\"x_gmail-s2\">Con <strong>fecha de 6 abril<\/strong>, los donativos directos de la di\u00f3cesis de Valencia para la campa\u00f1a de emergencia de C\u00e1ritas destinada a Ucrania ascienden a 516.238,16 euros. A esta cifra hay que sumar <strong>la colecta extraordinaria convocada por el cardenal arzobispo de Valencia, Antonio Ca\u00f1izares<\/strong>, el pasado 20 de marzo, de la cual est\u00e1n contabilizados 312.065,71 euros.<\/span><\/p>\n<p class=\"x_gmail-p1\" style=\"text-align: justify;\"><span class=\"x_gmail-s2\">Por tanto, el total recaudado en la di\u00f3cesis asciende a 828.303,87 euros, dato no definitivo &#8220;<em>porque siguen llegando donativos y colectas por Ucrania&#8221;<\/em>, se\u00f1ala el obispo auxiliar de Valencia, monse\u00f1or Arturo Ros que ha trasladado a todos los valencianos y a todas la parroquias su agradecimiento.<\/span><\/p>\n<p class=\"x_gmail-p1\" style=\"text-align: justify;\"><span class=\"x_gmail-s2\">El obispo auxiliar de Valencia, monse\u00f1or Arturo Ros, ha hecho balance y asegura que en la labor de ayuda y atenci\u00f3n a las familias ucranianas, desde la di\u00f3cesis de Valencia &#8220;<em>mantenemos comunicaci\u00f3n y colaboraci\u00f3n directa con las autoridades auton\u00f3micas y con el Gobierno de Espa\u00f1a&#8221;.<\/em><\/span><\/p>\n<p class=\"x_gmail-p1\" style=\"text-align: justify;\"><span class=\"x_gmail-s2\">Hace un mes <strong>se puso en marcha una Comisi\u00f3n Diocesana<\/strong> en la que el Arzobispado de Valencia y C\u00e1ritas Diocesana de Valencia <strong>suman esfuerzos<\/strong> para canalizar las ayudas de la Iglesia para Ucrania.<\/span><\/p>\n<p style=\"text-align: justify;\">Al respecto, como balance de este primer mes el obispo Arturo Ros destaca que la di\u00f3cesis sigue siendo &#8220;l<em>ugar de acogida y emergencia temporal para familias ucranianas que han tenido que huir de su pa\u00eds, a las que acogemos en un antiguo convento en Torrent\u201d. <\/em>En este sentido<em>, \u201c&#8221;a tarea de derivaci\u00f3n de estas familias a viviendas ya est\u00e1 en marcha y actualmente contamos con el ofrecimiento de 43 viviendas&#8221;<\/em>, subraya.<\/p>\n<p style=\"text-align: justify;\"><span class=\"x_gmail-s2\">&#8220;<em>La situaci\u00f3n de Ucrania sigue siendo de extrema gravedad y el n\u00famero de acogidos sigue creciendo considerablemente\u201d, <\/em><strong>precisa monse\u00f1or Ros, quien hace hincapi\u00e9 en el &#8220;<\/strong><em>admirable trabajo de acogida y acompa\u00f1amiento&#8221;<\/em>\u00a0de las 70 C\u00e1ritas parroquiales que atienden a m\u00e1s de 300 personas ucranianas, de las cuales cerca de un centenar son menores.<\/span><\/p>\n<p class=\"x_gmail-p1\" style=\"text-align: justify;\"><span class=\"x_gmail-s2\">En esta l\u00ednea, la respuesta de acogida en la di\u00f3cesis ha sido articulada &#8220;<em>identificando con claridad d\u00f3nde es m\u00e1s necesaria nuestra acci\u00f3n social y que las iniciativas conecten los recursos y apoyos necesarios para un acompa\u00f1amiento integral&#8221;.<\/em> Igualmente, &#8220;l<em>a transparencia y efectividad de C\u00e1ritas garantiza un trabajo riguroso ahora y, sobre todo, a medio y largo plazo\u201d,<\/em> puntualiza.<\/span><\/p>\n<p class=\"x_gmail-p1\" style=\"text-align: justify;\"><span class=\"x_gmail-s2\">Dentro de las tareas de la Comisi\u00f3n Diocesana en este primer mes en marcha destaca <strong>la reuni\u00f3n mantenida el pasado 28 de marzo<\/strong> con el c\u00f3nsul honorario de Ucrania, quien agradeci\u00f3 el trabajo realizado en la di\u00f3cesis y &#8220;<em>con el que nos comprometimos a mantener la comunicaci\u00f3n y el trabajo coordinado&#8221;<\/em><strong>,<\/strong>\u00a0indica monse\u00f1or Ros.<\/span><\/p>\n<aside class=\"add add-300 centeradv\">\n<div style=\"text-align: justify;\">Finalmente, el obispo auxiliar reitera su agradecimiento a todas las parroquias por las colectas y donaciones recibidas <em>\u201cporque con ellas hacen verdad las palabras del Evangelio: \u2018bienaventurados los que trabajan por la paz porque ellos ser\u00e1n llamados hijos de Dios&#8221;\u00a0<\/em>y traslada la &#8220;<em>gratitud y admiraci\u00f3n&#8221;<\/em>\u00a0del director de C\u00e1ritas Diocesana de Valencia, <strong>Ignacio Grande<\/strong>,\u00a0<em>\u201cpor todo el trabajo realizado a favor de Ucrania por todas las parroquias y por el compromiso que tienen con C\u00e1ritas\u201d<\/em><strong>.<\/strong><\/div>\n<\/aside>\n","protected":false},"excerpt":{"rendered":"<p>M\u00e1s de 828.000 euros de donativos, la mayor colecta de la historia de la di\u00f3cesis, han sido recogidos por parte&#8230;<\/p>\n","protected":false},"author":1,"featured_media":85946,"comment_status":"open","ping_status":"open","sticky":false,"template":"","format":"standard","meta":{"footnotes":""},"categories":[6909,75,79],"tags":[12615,7594,4058,12616,12466],"class_list":["post-85945","post","type-post","status-publish","format-standard","has-post-thumbnail","hentry","category-actualidad","category-noticias","category-politicayeconomia","tag-colecta","tag-diocesis-de-valencia","tag-donativos","tag-invasion-rusa","tag-ucrania"],"yoast_head":"<!-- This site is optimized with the Yoast SEO plugin v27.3 - https:\/\/yoast.com\/product\/yoast-seo-wordpress\/ -->\n<title>La di\u00f3cesis de Valencia recoge la mayor colecta de su historia por los afectados por la invasi\u00f3n de Ucrania - COPE Alcoy<\/title>\n<meta name=\"robots\" content=\"index, follow, max-snippet:-1, max-image-preview:large, max-video-preview:-1\" \/>\n<link rel=\"canonical\" href=\"https:\/\/www.copealcoy.es\/es\/la-diocesis-de-valencia-recoge-la-mayor-colecta-de-su-historia-por-los-afectados-por-la-invasion-de-ucrania\/\" \/>\n<meta property=\"og:locale\" content=\"es_ES\" \/>\n<meta property=\"og:type\" content=\"article\" \/>\n<meta property=\"og:title\" content=\"La di\u00f3cesis de Valencia recoge la mayor colecta de su historia por los afectados por la invasi\u00f3n de Ucrania - COPE Alcoy\" \/>\n<meta property=\"og:description\" content=\"M\u00e1s de 828.000 euros de donativos, la mayor colecta de la historia de la di\u00f3cesis, han sido recogidos por parte...\" \/>\n<meta property=\"og:url\" content=\"https:\/\/www.copealcoy.es\/es\/la-diocesis-de-valencia-recoge-la-mayor-colecta-de-su-historia-por-los-afectados-por-la-invasion-de-ucrania\/\" \/>\n<meta property=\"og:site_name\" content=\"COPE Alcoy\" \/>\n<meta property=\"article:published_time\" content=\"2022-04-08T14:38:25+00:00\" \/>\n<meta property=\"og:image\" content=\"https:\/\/www.copealcoy.es\/wp-content\/uploads\/2022\/04\/Q7VLMPNKJRHP3PBBXONL3SQENI.jpg\" \/>\n\t<meta property=\"og:image:width\" content=\"736\" \/>\n\t<meta property=\"og:image:height\" content=\"552\" \/>\n\t<meta property=\"og:image:type\" content=\"image\/jpeg\" \/>\n<meta name=\"author\" content=\"Cope Alcoy\" \/>\n<meta name=\"twitter:label1\" content=\"Escrito por\" \/>\n\t<meta name=\"twitter:data1\" content=\"Cope Alcoy\" \/>\n\t<meta name=\"twitter:label2\" content=\"Tiempo de lectura\" \/>\n\t<meta name=\"twitter:data2\" content=\"3 minutos\" \/>\n<script type=\"application\/ld+json\" class=\"yoast-schema-graph\">{\"@context\":\"https:\\\/\\\/schema.org\",\"@graph\":[{\"@type\":\"Article\",\"@id\":\"https:\\\/\\\/www.copealcoy.es\\\/es\\\/la-diocesis-de-valencia-recoge-la-mayor-colecta-de-su-historia-por-los-afectados-por-la-invasion-de-ucrania\\\/#article\",\"isPartOf\":{\"@id\":\"https:\\\/\\\/www.copealcoy.es\\\/es\\\/la-diocesis-de-valencia-recoge-la-mayor-colecta-de-su-historia-por-los-afectados-por-la-invasion-de-ucrania\\\/\"},\"author\":{\"name\":\"Cope Alcoy\",\"@id\":\"https:\\\/\\\/www.copealcoy.es\\\/es\\\/#\\\/schema\\\/person\\\/e777c87fa024e57d40170af9df39882c\"},\"headline\":\"La di\u00f3cesis de Valencia recoge la mayor colecta de su historia por los afectados por la invasi\u00f3n de Ucrania\",\"datePublished\":\"2022-04-08T14:38:25+00:00\",\"mainEntityOfPage\":{\"@id\":\"https:\\\/\\\/www.copealcoy.es\\\/es\\\/la-diocesis-de-valencia-recoge-la-mayor-colecta-de-su-historia-por-los-afectados-por-la-invasion-de-ucrania\\\/\"},\"wordCount\":597,\"commentCount\":0,\"image\":{\"@id\":\"https:\\\/\\\/www.copealcoy.es\\\/es\\\/la-diocesis-de-valencia-recoge-la-mayor-colecta-de-su-historia-por-los-afectados-por-la-invasion-de-ucrania\\\/#primaryimage\"},\"thumbnailUrl\":\"https:\\\/\\\/www.copealcoy.es\\\/wp-content\\\/uploads\\\/2022\\\/04\\\/Q7VLMPNKJRHP3PBBXONL3SQENI.jpg\",\"keywords\":[\"colecta\",\"Di\u00f3cesis de Valencia\",\"donativos\",\"invasi\u00f3n rusa\",\"Ucrania\"],\"articleSection\":[\"Actualidad\",\"Noticias\",\"Pol\u00edtica y Econom\u00eda\"],\"inLanguage\":\"es\"},{\"@type\":\"WebPage\",\"@id\":\"https:\\\/\\\/www.copealcoy.es\\\/es\\\/la-diocesis-de-valencia-recoge-la-mayor-colecta-de-su-historia-por-los-afectados-por-la-invasion-de-ucrania\\\/\",\"url\":\"https:\\\/\\\/www.copealcoy.es\\\/es\\\/la-diocesis-de-valencia-recoge-la-mayor-colecta-de-su-historia-por-los-afectados-por-la-invasion-de-ucrania\\\/\",\"name\":\"La di\u00f3cesis de Valencia recoge la mayor colecta de su historia por los afectados por la invasi\u00f3n de Ucrania - COPE Alcoy\",\"isPartOf\":{\"@id\":\"https:\\\/\\\/www.copealcoy.es\\\/es\\\/#website\"},\"primaryImageOfPage\":{\"@id\":\"https:\\\/\\\/www.copealcoy.es\\\/es\\\/la-diocesis-de-valencia-recoge-la-mayor-colecta-de-su-historia-por-los-afectados-por-la-invasion-de-ucrania\\\/#primaryimage\"},\"image\":{\"@id\":\"https:\\\/\\\/www.copealcoy.es\\\/es\\\/la-diocesis-de-valencia-recoge-la-mayor-colecta-de-su-historia-por-los-afectados-por-la-invasion-de-ucrania\\\/#primaryimage\"},\"thumbnailUrl\":\"https:\\\/\\\/www.copealcoy.es\\\/wp-content\\\/uploads\\\/2022\\\/04\\\/Q7VLMPNKJRHP3PBBXONL3SQENI.jpg\",\"datePublished\":\"2022-04-08T14:38:25+00:00\",\"author\":{\"@id\":\"https:\\\/\\\/www.copealcoy.es\\\/es\\\/#\\\/schema\\\/person\\\/e777c87fa024e57d40170af9df39882c\"},\"breadcrumb\":{\"@id\":\"https:\\\/\\\/www.copealcoy.es\\\/es\\\/la-diocesis-de-valencia-recoge-la-mayor-colecta-de-su-historia-por-los-afectados-por-la-invasion-de-ucrania\\\/#breadcrumb\"},\"inLanguage\":\"es\",\"potentialAction\":[{\"@type\":\"ReadAction\",\"target\":[\"https:\\\/\\\/www.copealcoy.es\\\/es\\\/la-diocesis-de-valencia-recoge-la-mayor-colecta-de-su-historia-por-los-afectados-por-la-invasion-de-ucrania\\\/\"]}]},{\"@type\":\"ImageObject\",\"inLanguage\":\"es\",\"@id\":\"https:\\\/\\\/www.copealcoy.es\\\/es\\\/la-diocesis-de-valencia-recoge-la-mayor-colecta-de-su-historia-por-los-afectados-por-la-invasion-de-ucrania\\\/#primaryimage\",\"url\":\"https:\\\/\\\/www.copealcoy.es\\\/wp-content\\\/uploads\\\/2022\\\/04\\\/Q7VLMPNKJRHP3PBBXONL3SQENI.jpg\",\"contentUrl\":\"https:\\\/\\\/www.copealcoy.es\\\/wp-content\\\/uploads\\\/2022\\\/04\\\/Q7VLMPNKJRHP3PBBXONL3SQENI.jpg\",\"width\":736,\"height\":552},{\"@type\":\"BreadcrumbList\",\"@id\":\"https:\\\/\\\/www.copealcoy.es\\\/es\\\/la-diocesis-de-valencia-recoge-la-mayor-colecta-de-su-historia-por-los-afectados-por-la-invasion-de-ucrania\\\/#breadcrumb\",\"itemListElement\":[{\"@type\":\"ListItem\",\"position\":1,\"name\":\"Portada\",\"item\":\"https:\\\/\\\/www.copealcoy.es\\\/es\\\/\"},{\"@type\":\"ListItem\",\"position\":2,\"name\":\"La di\u00f3cesis de Valencia recoge la mayor colecta de su historia por los afectados por la invasi\u00f3n de Ucrania\"}]},{\"@type\":\"WebSite\",\"@id\":\"https:\\\/\\\/www.copealcoy.es\\\/es\\\/#website\",\"url\":\"https:\\\/\\\/www.copealcoy.es\\\/es\\\/\",\"name\":\"COPE Alcoy\",\"description\":\"Emisora COPE de radio local con emisi\u00f3n online. Pont de Sant Jordi 8-10 03803 Alcoy\",\"potentialAction\":[{\"@type\":\"SearchAction\",\"target\":{\"@type\":\"EntryPoint\",\"urlTemplate\":\"https:\\\/\\\/www.copealcoy.es\\\/es\\\/?s={search_term_string}\"},\"query-input\":{\"@type\":\"PropertyValueSpecification\",\"valueRequired\":true,\"valueName\":\"search_term_string\"}}],\"inLanguage\":\"es\"},{\"@type\":\"Person\",\"@id\":\"https:\\\/\\\/www.copealcoy.es\\\/es\\\/#\\\/schema\\\/person\\\/e777c87fa024e57d40170af9df39882c\",\"name\":\"Cope Alcoy\",\"image\":{\"@type\":\"ImageObject\",\"inLanguage\":\"es\",\"@id\":\"https:\\\/\\\/secure.gravatar.com\\\/avatar\\\/bb65d0283347e303893ba14f0692005417c1e0e690a325a4c5d8bb2b3943ee14?s=96&d=mm&r=g\",\"url\":\"https:\\\/\\\/secure.gravatar.com\\\/avatar\\\/bb65d0283347e303893ba14f0692005417c1e0e690a325a4c5d8bb2b3943ee14?s=96&d=mm&r=g\",\"contentUrl\":\"https:\\\/\\\/secure.gravatar.com\\\/avatar\\\/bb65d0283347e303893ba14f0692005417c1e0e690a325a4c5d8bb2b3943ee14?s=96&d=mm&r=g\",\"caption\":\"Cope Alcoy\"}}]}<\/script>\n<!-- \/ Yoast SEO plugin. -->","yoast_head_json":{"title":"La di\u00f3cesis de Valencia recoge la mayor colecta de su historia por los afectados por la invasi\u00f3n de Ucrania - COPE Alcoy","robots":{"index":"index","follow":"follow","max-snippet":"max-snippet:-1","max-image-preview":"max-image-preview:large","max-video-preview":"max-video-preview:-1"},"canonical":"https:\/\/www.copealcoy.es\/es\/la-diocesis-de-valencia-recoge-la-mayor-colecta-de-su-historia-por-los-afectados-por-la-invasion-de-ucrania\/","og_locale":"es_ES","og_type":"article","og_title":"La di\u00f3cesis de Valencia recoge la mayor colecta de su historia por los afectados por la invasi\u00f3n de Ucrania - COPE Alcoy","og_description":"M\u00e1s de 828.000 euros de donativos, la mayor colecta de la historia de la di\u00f3cesis, han sido recogidos por parte...","og_url":"https:\/\/www.copealcoy.es\/es\/la-diocesis-de-valencia-recoge-la-mayor-colecta-de-su-historia-por-los-afectados-por-la-invasion-de-ucrania\/","og_site_name":"COPE Alcoy","article_published_time":"2022-04-08T14:38:25+00:00","og_image":[{"width":736,"height":552,"url":"https:\/\/www.copealcoy.es\/wp-content\/uploads\/2022\/04\/Q7VLMPNKJRHP3PBBXONL3SQENI.jpg","type":"image\/jpeg"}],"author":"Cope Alcoy","twitter_misc":{"Escrito por":"Cope Alcoy","Tiempo de lectura":"3 minutos"},"schema":{"@context":"https:\/\/schema.org","@graph":[{"@type":"Article","@id":"https:\/\/www.copealcoy.es\/es\/la-diocesis-de-valencia-recoge-la-mayor-colecta-de-su-historia-por-los-afectados-por-la-invasion-de-ucrania\/#article","isPartOf":{"@id":"https:\/\/www.copealcoy.es\/es\/la-diocesis-de-valencia-recoge-la-mayor-colecta-de-su-historia-por-los-afectados-por-la-invasion-de-ucrania\/"},"author":{"name":"Cope Alcoy","@id":"https:\/\/www.copealcoy.es\/es\/#\/schema\/person\/e777c87fa024e57d40170af9df39882c"},"headline":"La di\u00f3cesis de Valencia recoge la mayor colecta de su historia por los afectados por la invasi\u00f3n de Ucrania","datePublished":"2022-04-08T14:38:25+00:00","mainEntityOfPage":{"@id":"https:\/\/www.copealcoy.es\/es\/la-diocesis-de-valencia-recoge-la-mayor-colecta-de-su-historia-por-los-afectados-por-la-invasion-de-ucrania\/"},"wordCount":597,"commentCount":0,"image":{"@id":"https:\/\/www.copealcoy.es\/es\/la-diocesis-de-valencia-recoge-la-mayor-colecta-de-su-historia-por-los-afectados-por-la-invasion-de-ucrania\/#primaryimage"},"thumbnailUrl":"https:\/\/www.copealcoy.es\/wp-content\/uploads\/2022\/04\/Q7VLMPNKJRHP3PBBXONL3SQENI.jpg","keywords":["colecta","Di\u00f3cesis de Valencia","donativos","invasi\u00f3n rusa","Ucrania"],"articleSection":["Actualidad","Noticias","Pol\u00edtica y Econom\u00eda"],"inLanguage":"es"},{"@type":"WebPage","@id":"https:\/\/www.copealcoy.es\/es\/la-diocesis-de-valencia-recoge-la-mayor-colecta-de-su-historia-por-los-afectados-por-la-invasion-de-ucrania\/","url":"https:\/\/www.copealcoy.es\/es\/la-diocesis-de-valencia-recoge-la-mayor-colecta-de-su-historia-por-los-afectados-por-la-invasion-de-ucrania\/","name":"La di\u00f3cesis de Valencia recoge la mayor colecta de su historia por los afectados por la invasi\u00f3n de Ucrania - COPE Alcoy","isPartOf":{"@id":"https:\/\/www.copealcoy.es\/es\/#website"},"primaryImageOfPage":{"@id":"https:\/\/www.copealcoy.es\/es\/la-diocesis-de-valencia-recoge-la-mayor-colecta-de-su-historia-por-los-afectados-por-la-invasion-de-ucrania\/#primaryimage"},"image":{"@id":"https:\/\/www.copealcoy.es\/es\/la-diocesis-de-valencia-recoge-la-mayor-colecta-de-su-historia-por-los-afectados-por-la-invasion-de-ucrania\/#primaryimage"},"thumbnailUrl":"https:\/\/www.copealcoy.es\/wp-content\/uploads\/2022\/04\/Q7VLMPNKJRHP3PBBXONL3SQENI.jpg","datePublished":"2022-04-08T14:38:25+00:00","author":{"@id":"https:\/\/www.copealcoy.es\/es\/#\/schema\/person\/e777c87fa024e57d40170af9df39882c"},"breadcrumb":{"@id":"https:\/\/www.copealcoy.es\/es\/la-diocesis-de-valencia-recoge-la-mayor-colecta-de-su-historia-por-los-afectados-por-la-invasion-de-ucrania\/#breadcrumb"},"inLanguage":"es","potentialAction":[{"@type":"ReadAction","target":["https:\/\/www.copealcoy.es\/es\/la-diocesis-de-valencia-recoge-la-mayor-colecta-de-su-historia-por-los-afectados-por-la-invasion-de-ucrania\/"]}]},{"@type":"ImageObject","inLanguage":"es","@id":"https:\/\/www.copealcoy.es\/es\/la-diocesis-de-valencia-recoge-la-mayor-colecta-de-su-historia-por-los-afectados-por-la-invasion-de-ucrania\/#primaryimage","url":"https:\/\/www.copealcoy.es\/wp-content\/uploads\/2022\/04\/Q7VLMPNKJRHP3PBBXONL3SQENI.jpg","contentUrl":"https:\/\/www.copealcoy.es\/wp-content\/uploads\/2022\/04\/Q7VLMPNKJRHP3PBBXONL3SQENI.jpg","width":736,"height":552},{"@type":"BreadcrumbList","@id":"https:\/\/www.copealcoy.es\/es\/la-diocesis-de-valencia-recoge-la-mayor-colecta-de-su-historia-por-los-afectados-por-la-invasion-de-ucrania\/#breadcrumb","itemListElement":[{"@type":"ListItem","position":1,"name":"Portada","item":"https:\/\/www.copealcoy.es\/es\/"},{"@type":"ListItem","position":2,"name":"La di\u00f3cesis de Valencia recoge la mayor colecta de su historia por los afectados por la invasi\u00f3n de Ucrania"}]},{"@type":"WebSite","@id":"https:\/\/www.copealcoy.es\/es\/#website","url":"https:\/\/www.copealcoy.es\/es\/","name":"COPE Alcoy","description":"Emisora COPE de radio local con emisi\u00f3n online. Pont de Sant Jordi 8-10 03803 Alcoy","potentialAction":[{"@type":"SearchAction","target":{"@type":"EntryPoint","urlTemplate":"https:\/\/www.copealcoy.es\/es\/?s={search_term_string}"},"query-input":{"@type":"PropertyValueSpecification","valueRequired":true,"valueName":"search_term_string"}}],"inLanguage":"es"},{"@type":"Person","@id":"https:\/\/www.copealcoy.es\/es\/#\/schema\/person\/e777c87fa024e57d40170af9df39882c","name":"Cope Alcoy","image":{"@type":"ImageObject","inLanguage":"es","@id":"https:\/\/secure.gravatar.com\/avatar\/bb65d0283347e303893ba14f0692005417c1e0e690a325a4c5d8bb2b3943ee14?s=96&d=mm&r=g","url":"https:\/\/secure.gravatar.com\/avatar\/bb65d0283347e303893ba14f0692005417c1e0e690a325a4c5d8bb2b3943ee14?s=96&d=mm&r=g","contentUrl":"https:\/\/secure.gravatar.com\/avatar\/bb65d0283347e303893ba14f0692005417c1e0e690a325a4c5d8bb2b3943ee14?s=96&d=mm&r=g","caption":"Cope Alcoy"}}]}},"_links":{"self":[{"href":"https:\/\/www.copealcoy.es\/es\/wp-json\/wp\/v2\/posts\/85945","targetHints":{"allow":["GET"]}}],"collection":[{"href":"https:\/\/www.copealcoy.es\/es\/wp-json\/wp\/v2\/posts"}],"about":[{"href":"https:\/\/www.copealcoy.es\/es\/wp-json\/wp\/v2\/types\/post"}],"author":[{"embeddable":true,"href":"https:\/\/www.copealcoy.es\/es\/wp-json\/wp\/v2\/users\/1"}],"replies":[{"embeddable":true,"href":"https:\/\/www.copealcoy.es\/es\/wp-json\/wp\/v2\/comments?post=85945"}],"version-history":[{"count":0,"href":"https:\/\/www.copealcoy.es\/es\/wp-json\/wp\/v2\/posts\/85945\/revisions"}],"wp:featuredmedia":[{"embeddable":true,"href":"https:\/\/www.copealcoy.es\/es\/wp-json\/wp\/v2\/media\/85946"}],"wp:attachment":[{"href":"https:\/\/www.copealcoy.es\/es\/wp-json\/wp\/v2\/media?parent=85945"}],"wp:term":[{"taxonomy":"category","embeddable":true,"href":"https:\/\/www.copealcoy.es\/es\/wp-json\/wp\/v2\/categories?post=85945"},{"taxonomy":"post_tag","embeddable":true,"href":"https:\/\/www.copealcoy.es\/es\/wp-json\/wp\/v2\/tags?post=85945"}],"curies":[{"name":"wp","href":"https:\/\/api.w.org\/{rel}","templated":true}]}}