{"id":8594,"date":"2014-11-28T15:33:14","date_gmt":"2014-11-28T15:33:14","guid":{"rendered":"http:\/\/copealcoi.es\/new\/?p=8594"},"modified":"2014-11-28T15:33:14","modified_gmt":"2014-11-28T15:33:14","slug":"cuatro-candidatos-a-sargento-infantil-moro","status":"publish","type":"post","link":"https:\/\/www.copealcoy.es\/es\/cuatro-candidatos-a-sargento-infantil-moro\/","title":{"rendered":"Cuatro candidatos a Sargento Infantil Moro"},"content":{"rendered":"<p style=\"text-align: justify;\">Un total de cuatro candidatos\u00a0optan al cargo de Sargento Infantil Moro cuya elecci\u00f3n tendr\u00e1 lugar este s\u00e1bado a partir de las cinco de la tarde en la sede de la fil\u00e0 Muntanyesos. Se trata de los ni\u00f1os Ian Ferri Puig de los Ligeros, Nicol\u00e1s Cano Cant\u00f3 de los Alcodianos, Arnau Cloquel Iva\u00f1ez de los Aragoneses y Lluc Momp\u00f3\u00a0Juli\u00e0 de los<br \/>\nMud\u00e9jares. Por su parte recordar que tambi\u00e9n el s\u00e1bado a partir de las 10:30h en la iglesia de San Jorge se impondr\u00e1n las insignias a los Embajadores y Sargentos Mayores de la fiesta, una iniciativa que ha surgido de este colectivo con el respaldo de la Junta Directiva y el Cuerpo de Mayorales.<\/p>\n","protected":false},"excerpt":{"rendered":"<p>Un total de cuatro candidatos\u00a0optan al cargo de Sargento Infantil Moro cuya elecci\u00f3n tendr\u00e1 lugar este s\u00e1bado a partir de&#8230;<\/p>\n","protected":false},"author":1,"featured_media":8595,"comment_status":"open","ping_status":"open","sticky":false,"template":"","format":"standard","meta":{"footnotes":""},"categories":[97,78],"tags":[1494,223,225,226,224],"class_list":["post-8594","post","type-post","status-publish","format-standard","has-post-thumbnail","hentry","category-alcoy","category-fiestaycultura","tag-alcoy","tag-candidatos","tag-infantil","tag-moro","tag-sargento"],"yoast_head":"<!-- This site is optimized with the Yoast SEO plugin v27.3 - https:\/\/yoast.com\/product\/yoast-seo-wordpress\/ -->\n<title>Cuatro candidatos a Sargento Infantil Moro - COPE Alcoy<\/title>\n<meta name=\"robots\" content=\"index, follow, max-snippet:-1, max-image-preview:large, max-video-preview:-1\" \/>\n<link rel=\"canonical\" href=\"https:\/\/www.copealcoy.es\/es\/cuatro-candidatos-a-sargento-infantil-moro\/\" \/>\n<meta property=\"og:locale\" content=\"es_ES\" \/>\n<meta property=\"og:type\" content=\"article\" \/>\n<meta property=\"og:title\" content=\"Cuatro candidatos a Sargento Infantil Moro - COPE Alcoy\" \/>\n<meta property=\"og:description\" content=\"Un total de cuatro candidatos\u00a0optan al cargo de Sargento Infantil Moro cuya elecci\u00f3n tendr\u00e1 lugar este s\u00e1bado a partir de...\" \/>\n<meta property=\"og:url\" content=\"https:\/\/www.copealcoy.es\/es\/cuatro-candidatos-a-sargento-infantil-moro\/\" \/>\n<meta property=\"og:site_name\" content=\"COPE Alcoy\" \/>\n<meta property=\"article:published_time\" content=\"2014-11-28T15:33:14+00:00\" \/>\n<meta property=\"og:image\" content=\"https:\/\/www.copealcoy.es\/wp-content\/uploads\/2014\/11\/image47.jpg\" \/>\n\t<meta property=\"og:image:width\" content=\"682\" \/>\n\t<meta property=\"og:image:height\" content=\"452\" \/>\n\t<meta property=\"og:image:type\" content=\"image\/jpeg\" \/>\n<meta name=\"author\" content=\"Cope Alcoy\" \/>\n<meta name=\"twitter:label1\" content=\"Escrito por\" \/>\n\t<meta name=\"twitter:data1\" content=\"Cope Alcoy\" \/>\n\t<meta name=\"twitter:label2\" content=\"Tiempo de lectura\" \/>\n\t<meta name=\"twitter:data2\" content=\"1 minuto\" \/>\n<script type=\"application\/ld+json\" class=\"yoast-schema-graph\">{\"@context\":\"https:\\\/\\\/schema.org\",\"@graph\":[{\"@type\":\"Article\",\"@id\":\"https:\\\/\\\/www.copealcoy.es\\\/es\\\/cuatro-candidatos-a-sargento-infantil-moro\\\/#article\",\"isPartOf\":{\"@id\":\"https:\\\/\\\/www.copealcoy.es\\\/es\\\/cuatro-candidatos-a-sargento-infantil-moro\\\/\"},\"author\":{\"name\":\"Cope Alcoy\",\"@id\":\"https:\\\/\\\/www.copealcoy.es\\\/es\\\/#\\\/schema\\\/person\\\/e777c87fa024e57d40170af9df39882c\"},\"headline\":\"Cuatro candidatos a Sargento Infantil Moro\",\"datePublished\":\"2014-11-28T15:33:14+00:00\",\"mainEntityOfPage\":{\"@id\":\"https:\\\/\\\/www.copealcoy.es\\\/es\\\/cuatro-candidatos-a-sargento-infantil-moro\\\/\"},\"wordCount\":130,\"commentCount\":0,\"image\":{\"@id\":\"https:\\\/\\\/www.copealcoy.es\\\/es\\\/cuatro-candidatos-a-sargento-infantil-moro\\\/#primaryimage\"},\"thumbnailUrl\":\"https:\\\/\\\/www.copealcoy.es\\\/wp-content\\\/uploads\\\/2014\\\/11\\\/image47.jpg\",\"keywords\":[\"Alcoy\",\"Candidatos\",\"infantil\",\"Moro\",\"Sargento\"],\"articleSection\":[\"Alcoy\",\"Fiesta y Cultura\"],\"inLanguage\":\"es\"},{\"@type\":\"WebPage\",\"@id\":\"https:\\\/\\\/www.copealcoy.es\\\/es\\\/cuatro-candidatos-a-sargento-infantil-moro\\\/\",\"url\":\"https:\\\/\\\/www.copealcoy.es\\\/es\\\/cuatro-candidatos-a-sargento-infantil-moro\\\/\",\"name\":\"Cuatro candidatos a Sargento Infantil Moro - COPE Alcoy\",\"isPartOf\":{\"@id\":\"https:\\\/\\\/www.copealcoy.es\\\/es\\\/#website\"},\"primaryImageOfPage\":{\"@id\":\"https:\\\/\\\/www.copealcoy.es\\\/es\\\/cuatro-candidatos-a-sargento-infantil-moro\\\/#primaryimage\"},\"image\":{\"@id\":\"https:\\\/\\\/www.copealcoy.es\\\/es\\\/cuatro-candidatos-a-sargento-infantil-moro\\\/#primaryimage\"},\"thumbnailUrl\":\"https:\\\/\\\/www.copealcoy.es\\\/wp-content\\\/uploads\\\/2014\\\/11\\\/image47.jpg\",\"datePublished\":\"2014-11-28T15:33:14+00:00\",\"author\":{\"@id\":\"https:\\\/\\\/www.copealcoy.es\\\/es\\\/#\\\/schema\\\/person\\\/e777c87fa024e57d40170af9df39882c\"},\"breadcrumb\":{\"@id\":\"https:\\\/\\\/www.copealcoy.es\\\/es\\\/cuatro-candidatos-a-sargento-infantil-moro\\\/#breadcrumb\"},\"inLanguage\":\"es\",\"potentialAction\":[{\"@type\":\"ReadAction\",\"target\":[\"https:\\\/\\\/www.copealcoy.es\\\/es\\\/cuatro-candidatos-a-sargento-infantil-moro\\\/\"]}]},{\"@type\":\"ImageObject\",\"inLanguage\":\"es\",\"@id\":\"https:\\\/\\\/www.copealcoy.es\\\/es\\\/cuatro-candidatos-a-sargento-infantil-moro\\\/#primaryimage\",\"url\":\"https:\\\/\\\/www.copealcoy.es\\\/wp-content\\\/uploads\\\/2014\\\/11\\\/image47.jpg\",\"contentUrl\":\"https:\\\/\\\/www.copealcoy.es\\\/wp-content\\\/uploads\\\/2014\\\/11\\\/image47.jpg\",\"width\":682,\"height\":452},{\"@type\":\"BreadcrumbList\",\"@id\":\"https:\\\/\\\/www.copealcoy.es\\\/es\\\/cuatro-candidatos-a-sargento-infantil-moro\\\/#breadcrumb\",\"itemListElement\":[{\"@type\":\"ListItem\",\"position\":1,\"name\":\"Portada\",\"item\":\"https:\\\/\\\/www.copealcoy.es\\\/es\\\/\"},{\"@type\":\"ListItem\",\"position\":2,\"name\":\"Cuatro candidatos a Sargento Infantil Moro\"}]},{\"@type\":\"WebSite\",\"@id\":\"https:\\\/\\\/www.copealcoy.es\\\/es\\\/#website\",\"url\":\"https:\\\/\\\/www.copealcoy.es\\\/es\\\/\",\"name\":\"COPE Alcoy\",\"description\":\"Emisora COPE de radio local con emisi\u00f3n online. Pont de Sant Jordi 8-10 03803 Alcoy\",\"potentialAction\":[{\"@type\":\"SearchAction\",\"target\":{\"@type\":\"EntryPoint\",\"urlTemplate\":\"https:\\\/\\\/www.copealcoy.es\\\/es\\\/?s={search_term_string}\"},\"query-input\":{\"@type\":\"PropertyValueSpecification\",\"valueRequired\":true,\"valueName\":\"search_term_string\"}}],\"inLanguage\":\"es\"},{\"@type\":\"Person\",\"@id\":\"https:\\\/\\\/www.copealcoy.es\\\/es\\\/#\\\/schema\\\/person\\\/e777c87fa024e57d40170af9df39882c\",\"name\":\"Cope Alcoy\",\"image\":{\"@type\":\"ImageObject\",\"inLanguage\":\"es\",\"@id\":\"https:\\\/\\\/secure.gravatar.com\\\/avatar\\\/bb65d0283347e303893ba14f0692005417c1e0e690a325a4c5d8bb2b3943ee14?s=96&d=mm&r=g\",\"url\":\"https:\\\/\\\/secure.gravatar.com\\\/avatar\\\/bb65d0283347e303893ba14f0692005417c1e0e690a325a4c5d8bb2b3943ee14?s=96&d=mm&r=g\",\"contentUrl\":\"https:\\\/\\\/secure.gravatar.com\\\/avatar\\\/bb65d0283347e303893ba14f0692005417c1e0e690a325a4c5d8bb2b3943ee14?s=96&d=mm&r=g\",\"caption\":\"Cope Alcoy\"}}]}<\/script>\n<!-- \/ Yoast SEO plugin. -->","yoast_head_json":{"title":"Cuatro candidatos a Sargento Infantil Moro - COPE Alcoy","robots":{"index":"index","follow":"follow","max-snippet":"max-snippet:-1","max-image-preview":"max-image-preview:large","max-video-preview":"max-video-preview:-1"},"canonical":"https:\/\/www.copealcoy.es\/es\/cuatro-candidatos-a-sargento-infantil-moro\/","og_locale":"es_ES","og_type":"article","og_title":"Cuatro candidatos a Sargento Infantil Moro - COPE Alcoy","og_description":"Un total de cuatro candidatos\u00a0optan al cargo de Sargento Infantil Moro cuya elecci\u00f3n tendr\u00e1 lugar este s\u00e1bado a partir de...","og_url":"https:\/\/www.copealcoy.es\/es\/cuatro-candidatos-a-sargento-infantil-moro\/","og_site_name":"COPE Alcoy","article_published_time":"2014-11-28T15:33:14+00:00","og_image":[{"width":682,"height":452,"url":"https:\/\/www.copealcoy.es\/wp-content\/uploads\/2014\/11\/image47.jpg","type":"image\/jpeg"}],"author":"Cope Alcoy","twitter_misc":{"Escrito por":"Cope Alcoy","Tiempo de lectura":"1 minuto"},"schema":{"@context":"https:\/\/schema.org","@graph":[{"@type":"Article","@id":"https:\/\/www.copealcoy.es\/es\/cuatro-candidatos-a-sargento-infantil-moro\/#article","isPartOf":{"@id":"https:\/\/www.copealcoy.es\/es\/cuatro-candidatos-a-sargento-infantil-moro\/"},"author":{"name":"Cope Alcoy","@id":"https:\/\/www.copealcoy.es\/es\/#\/schema\/person\/e777c87fa024e57d40170af9df39882c"},"headline":"Cuatro candidatos a Sargento Infantil Moro","datePublished":"2014-11-28T15:33:14+00:00","mainEntityOfPage":{"@id":"https:\/\/www.copealcoy.es\/es\/cuatro-candidatos-a-sargento-infantil-moro\/"},"wordCount":130,"commentCount":0,"image":{"@id":"https:\/\/www.copealcoy.es\/es\/cuatro-candidatos-a-sargento-infantil-moro\/#primaryimage"},"thumbnailUrl":"https:\/\/www.copealcoy.es\/wp-content\/uploads\/2014\/11\/image47.jpg","keywords":["Alcoy","Candidatos","infantil","Moro","Sargento"],"articleSection":["Alcoy","Fiesta y Cultura"],"inLanguage":"es"},{"@type":"WebPage","@id":"https:\/\/www.copealcoy.es\/es\/cuatro-candidatos-a-sargento-infantil-moro\/","url":"https:\/\/www.copealcoy.es\/es\/cuatro-candidatos-a-sargento-infantil-moro\/","name":"Cuatro candidatos a Sargento Infantil Moro - COPE Alcoy","isPartOf":{"@id":"https:\/\/www.copealcoy.es\/es\/#website"},"primaryImageOfPage":{"@id":"https:\/\/www.copealcoy.es\/es\/cuatro-candidatos-a-sargento-infantil-moro\/#primaryimage"},"image":{"@id":"https:\/\/www.copealcoy.es\/es\/cuatro-candidatos-a-sargento-infantil-moro\/#primaryimage"},"thumbnailUrl":"https:\/\/www.copealcoy.es\/wp-content\/uploads\/2014\/11\/image47.jpg","datePublished":"2014-11-28T15:33:14+00:00","author":{"@id":"https:\/\/www.copealcoy.es\/es\/#\/schema\/person\/e777c87fa024e57d40170af9df39882c"},"breadcrumb":{"@id":"https:\/\/www.copealcoy.es\/es\/cuatro-candidatos-a-sargento-infantil-moro\/#breadcrumb"},"inLanguage":"es","potentialAction":[{"@type":"ReadAction","target":["https:\/\/www.copealcoy.es\/es\/cuatro-candidatos-a-sargento-infantil-moro\/"]}]},{"@type":"ImageObject","inLanguage":"es","@id":"https:\/\/www.copealcoy.es\/es\/cuatro-candidatos-a-sargento-infantil-moro\/#primaryimage","url":"https:\/\/www.copealcoy.es\/wp-content\/uploads\/2014\/11\/image47.jpg","contentUrl":"https:\/\/www.copealcoy.es\/wp-content\/uploads\/2014\/11\/image47.jpg","width":682,"height":452},{"@type":"BreadcrumbList","@id":"https:\/\/www.copealcoy.es\/es\/cuatro-candidatos-a-sargento-infantil-moro\/#breadcrumb","itemListElement":[{"@type":"ListItem","position":1,"name":"Portada","item":"https:\/\/www.copealcoy.es\/es\/"},{"@type":"ListItem","position":2,"name":"Cuatro candidatos a Sargento Infantil Moro"}]},{"@type":"WebSite","@id":"https:\/\/www.copealcoy.es\/es\/#website","url":"https:\/\/www.copealcoy.es\/es\/","name":"COPE Alcoy","description":"Emisora COPE de radio local con emisi\u00f3n online. Pont de Sant Jordi 8-10 03803 Alcoy","potentialAction":[{"@type":"SearchAction","target":{"@type":"EntryPoint","urlTemplate":"https:\/\/www.copealcoy.es\/es\/?s={search_term_string}"},"query-input":{"@type":"PropertyValueSpecification","valueRequired":true,"valueName":"search_term_string"}}],"inLanguage":"es"},{"@type":"Person","@id":"https:\/\/www.copealcoy.es\/es\/#\/schema\/person\/e777c87fa024e57d40170af9df39882c","name":"Cope Alcoy","image":{"@type":"ImageObject","inLanguage":"es","@id":"https:\/\/secure.gravatar.com\/avatar\/bb65d0283347e303893ba14f0692005417c1e0e690a325a4c5d8bb2b3943ee14?s=96&d=mm&r=g","url":"https:\/\/secure.gravatar.com\/avatar\/bb65d0283347e303893ba14f0692005417c1e0e690a325a4c5d8bb2b3943ee14?s=96&d=mm&r=g","contentUrl":"https:\/\/secure.gravatar.com\/avatar\/bb65d0283347e303893ba14f0692005417c1e0e690a325a4c5d8bb2b3943ee14?s=96&d=mm&r=g","caption":"Cope Alcoy"}}]}},"_links":{"self":[{"href":"https:\/\/www.copealcoy.es\/es\/wp-json\/wp\/v2\/posts\/8594","targetHints":{"allow":["GET"]}}],"collection":[{"href":"https:\/\/www.copealcoy.es\/es\/wp-json\/wp\/v2\/posts"}],"about":[{"href":"https:\/\/www.copealcoy.es\/es\/wp-json\/wp\/v2\/types\/post"}],"author":[{"embeddable":true,"href":"https:\/\/www.copealcoy.es\/es\/wp-json\/wp\/v2\/users\/1"}],"replies":[{"embeddable":true,"href":"https:\/\/www.copealcoy.es\/es\/wp-json\/wp\/v2\/comments?post=8594"}],"version-history":[{"count":0,"href":"https:\/\/www.copealcoy.es\/es\/wp-json\/wp\/v2\/posts\/8594\/revisions"}],"wp:featuredmedia":[{"embeddable":true,"href":"https:\/\/www.copealcoy.es\/es\/wp-json\/wp\/v2\/media\/8595"}],"wp:attachment":[{"href":"https:\/\/www.copealcoy.es\/es\/wp-json\/wp\/v2\/media?parent=8594"}],"wp:term":[{"taxonomy":"category","embeddable":true,"href":"https:\/\/www.copealcoy.es\/es\/wp-json\/wp\/v2\/categories?post=8594"},{"taxonomy":"post_tag","embeddable":true,"href":"https:\/\/www.copealcoy.es\/es\/wp-json\/wp\/v2\/tags?post=8594"}],"curies":[{"name":"wp","href":"https:\/\/api.w.org\/{rel}","templated":true}]}}