{"id":85932,"date":"2022-04-07T21:50:21","date_gmt":"2022-04-07T20:50:21","guid":{"rendered":"https:\/\/www.copealcoy.es\/?p=85932"},"modified":"2022-04-08T10:16:45","modified_gmt":"2022-04-08T09:16:45","slug":"aitex-entrega-sus-iii-premios-empresariales","status":"publish","type":"post","link":"https:\/\/www.copealcoy.es\/es\/aitex-entrega-sus-iii-premios-empresariales\/","title":{"rendered":"AITEX entrega sus III Premios Empresariales"},"content":{"rendered":"<p style=\"text-align: justify;\">El <strong>sal\u00f3n de actos del IVAM-CADA de Alcoy<\/strong> ha acogido este jueves <strong>el acto de entrega de la III edici\u00f3n de los Premios Empresariales<\/strong> que otorga el Instituto Tecnol\u00f3gico del Textil (AITEX). A la cita han acudido el Conseller de Econom\u00eda Sostenible de la Generalitat Valenciana <strong>(Rafael Climent)<\/strong> y la Directora General del IVACE <strong>(Julia Company)<\/strong>. Tambi\u00e9n <strong>se han dado cita<\/strong> representantes municipales, de ATEVAL y el Director General de AITEX (Vicente Blanes).<\/p>\n<p style=\"text-align: justify;\">Han sido <strong>cuatro los premiados e<\/strong>n las dos categor\u00edas que ten\u00edan los galardones. En la modalidad<strong> Innovaci\u00f3n ante la COVID-19, <\/strong>La empresa ganadora del <strong>Primer Premio<\/strong> ha sido BIOINICIA SL, con una dotaci\u00f3n econ\u00f3mica de 20.000\u20ac, y que fue recogido por <strong>Maria Pardo<\/strong>, responsable de I+D de la empresa. El <strong>Segundo Premio<\/strong>, con una dotaci\u00f3n econ\u00f3mica de 10.000\u20ac, ha correspondido a la empresa DESTINY DECOR S.L, que fue recogido por <strong>Rafael Pascual<\/strong>, director general de la firma.<\/p>\n<p style=\"text-align: justify;\">Por su parte en la categor\u00eda <strong>Sostenibilidad, <\/strong>el <strong>Primer Premio<\/strong>, con una dotaci\u00f3n econ\u00f3mica de 20.000\u20ac, ha correspondido a la empresa CARE APPLICATIONS S.L.U., que fue recogido por <strong>Carmina Ferri<\/strong>, <em>founder<\/em> y CEO de la empresa. La empresa ganadora del <strong>Segundo Premio<\/strong> de esta modalidad ha sido CREACIONES EUROMODA S.L, con una dotaci\u00f3n econ\u00f3mica de 10.000\u20ac, y que fue recogido por <strong>Antonio Beneito<\/strong>, director general de la misma.<\/p>\n<p style=\"text-align: justify;\">El <strong>Conseller Climent<\/strong> ha se\u00f1alado en su intervenci\u00f3n <strong>la importancia de que estos galardones se hayan consolidado<\/strong> y <strong>ha felicitado a AITEX por el impulso de los mismos<\/strong>. Adem\u00e1s ha anunciado que IVACE, a trav\u00e9s de los Fondos Next Generation de la Uni\u00f3n Europea, <strong>gestionar\u00e1 120 millones de euros para impulsar la movilidad el\u00e9ctrica, el autoconsumo y las energ\u00edas para aplicaciones t\u00e9rmicas<\/strong> &#8220;<em>son dos galardones que reconocen aspectos estrat\u00e9gicos para las empresas: la innovaci\u00f3n como motor del cambio y la sostenibilidad como necesidad, reto y oportunidad<\/em>&#8220;, afirm\u00f3. Por su parte, el Presidente de AITEX, <strong>Le\u00f3n Grau<\/strong>, remarc\u00f3 e<strong>l trabajo que hace la instituci\u00f3n a la hora de dinamizar\u00a0el tejido empresarial, apoyando a las empresas a que sean m\u00e1s competitivas ante los retos que supone la Industria<\/strong>. Finalmente <strong>dio un recado a las administraciones presentes en la ceremonia<\/strong> &#8220;<em>necesitamos trabajar conjuntamente para impulsar suelo industrial ya que es una de las necesidades b\u00e1sicas que tiene Alcoy desde hace m\u00e1s de treinta a\u00f1os<\/em>&#8220;, concluy\u00f3.<\/p>\n<p style=\"text-align: justify;\">El \u00e9xito de esta nueva convocatoria, tras la gran cantidad de candidaturas que se presentaron para optar a los premios, <strong>ha animado a AITEX a lanzar la convocatoria de la IV edici\u00f3n<\/strong>. En los pr\u00f3ximos meses <strong>se dar\u00e1n a conocer todos los detalles<\/strong> de esta nueva cita.<\/p>\n","protected":false},"excerpt":{"rendered":"<p>El sal\u00f3n de actos del IVAM-CADA de Alcoy ha acogido este jueves el acto de entrega de la III edici\u00f3n&#8230;<\/p>\n","protected":false},"author":1,"featured_media":85933,"comment_status":"open","ping_status":"open","sticky":false,"template":"","format":"standard","meta":{"footnotes":""},"categories":[6909,97,75,79],"tags":[771,7766,10009,8031],"class_list":["post-85932","post","type-post","status-publish","format-standard","has-post-thumbnail","hentry","category-actualidad","category-alcoy","category-noticias","category-politicayeconomia","tag-aitex","tag-leon-grau","tag-premios-empresariales","tag-tercera-edicion"],"yoast_head":"<!-- This site is optimized with the Yoast SEO plugin v27.3 - https:\/\/yoast.com\/product\/yoast-seo-wordpress\/ -->\n<title>AITEX entrega sus III Premios Empresariales - COPE Alcoy<\/title>\n<meta name=\"robots\" content=\"index, follow, max-snippet:-1, max-image-preview:large, max-video-preview:-1\" \/>\n<link rel=\"canonical\" href=\"https:\/\/www.copealcoy.es\/es\/aitex-entrega-sus-iii-premios-empresariales\/\" \/>\n<meta property=\"og:locale\" content=\"es_ES\" \/>\n<meta property=\"og:type\" content=\"article\" \/>\n<meta property=\"og:title\" content=\"AITEX entrega sus III Premios Empresariales - COPE Alcoy\" \/>\n<meta property=\"og:description\" content=\"El sal\u00f3n de actos del IVAM-CADA de Alcoy ha acogido este jueves el acto de entrega de la III edici\u00f3n...\" \/>\n<meta property=\"og:url\" content=\"https:\/\/www.copealcoy.es\/es\/aitex-entrega-sus-iii-premios-empresariales\/\" \/>\n<meta property=\"og:site_name\" content=\"COPE Alcoy\" \/>\n<meta property=\"article:published_time\" content=\"2022-04-07T20:50:21+00:00\" \/>\n<meta property=\"article:modified_time\" content=\"2022-04-08T09:16:45+00:00\" \/>\n<meta property=\"og:image\" content=\"https:\/\/www.copealcoy.es\/wp-content\/uploads\/2022\/04\/unnamed-11-scaled.jpg\" \/>\n\t<meta property=\"og:image:width\" content=\"1440\" \/>\n\t<meta property=\"og:image:height\" content=\"1080\" \/>\n\t<meta property=\"og:image:type\" content=\"image\/jpeg\" \/>\n<meta name=\"author\" content=\"Cope Alcoy\" \/>\n<meta name=\"twitter:label1\" content=\"Escrito por\" \/>\n\t<meta name=\"twitter:data1\" content=\"Cope Alcoy\" \/>\n\t<meta name=\"twitter:label2\" content=\"Tiempo de lectura\" \/>\n\t<meta name=\"twitter:data2\" content=\"2 minutos\" \/>\n<script type=\"application\/ld+json\" class=\"yoast-schema-graph\">{\"@context\":\"https:\\\/\\\/schema.org\",\"@graph\":[{\"@type\":\"Article\",\"@id\":\"https:\\\/\\\/www.copealcoy.es\\\/es\\\/aitex-entrega-sus-iii-premios-empresariales\\\/#article\",\"isPartOf\":{\"@id\":\"https:\\\/\\\/www.copealcoy.es\\\/es\\\/aitex-entrega-sus-iii-premios-empresariales\\\/\"},\"author\":{\"name\":\"Cope Alcoy\",\"@id\":\"https:\\\/\\\/www.copealcoy.es\\\/es\\\/#\\\/schema\\\/person\\\/e777c87fa024e57d40170af9df39882c\"},\"headline\":\"AITEX entrega sus III Premios Empresariales\",\"datePublished\":\"2022-04-07T20:50:21+00:00\",\"dateModified\":\"2022-04-08T09:16:45+00:00\",\"mainEntityOfPage\":{\"@id\":\"https:\\\/\\\/www.copealcoy.es\\\/es\\\/aitex-entrega-sus-iii-premios-empresariales\\\/\"},\"wordCount\":470,\"commentCount\":0,\"image\":{\"@id\":\"https:\\\/\\\/www.copealcoy.es\\\/es\\\/aitex-entrega-sus-iii-premios-empresariales\\\/#primaryimage\"},\"thumbnailUrl\":\"https:\\\/\\\/www.copealcoy.es\\\/wp-content\\\/uploads\\\/2022\\\/04\\\/unnamed-11-scaled.jpg\",\"keywords\":[\"Aitex\",\"Leon Grau\",\"Premios Empresariales\",\"tercera edici\u00f3n\"],\"articleSection\":[\"Actualidad\",\"Alcoy\",\"Noticias\",\"Pol\u00edtica y Econom\u00eda\"],\"inLanguage\":\"es\"},{\"@type\":\"WebPage\",\"@id\":\"https:\\\/\\\/www.copealcoy.es\\\/es\\\/aitex-entrega-sus-iii-premios-empresariales\\\/\",\"url\":\"https:\\\/\\\/www.copealcoy.es\\\/es\\\/aitex-entrega-sus-iii-premios-empresariales\\\/\",\"name\":\"AITEX entrega sus III Premios Empresariales - COPE Alcoy\",\"isPartOf\":{\"@id\":\"https:\\\/\\\/www.copealcoy.es\\\/es\\\/#website\"},\"primaryImageOfPage\":{\"@id\":\"https:\\\/\\\/www.copealcoy.es\\\/es\\\/aitex-entrega-sus-iii-premios-empresariales\\\/#primaryimage\"},\"image\":{\"@id\":\"https:\\\/\\\/www.copealcoy.es\\\/es\\\/aitex-entrega-sus-iii-premios-empresariales\\\/#primaryimage\"},\"thumbnailUrl\":\"https:\\\/\\\/www.copealcoy.es\\\/wp-content\\\/uploads\\\/2022\\\/04\\\/unnamed-11-scaled.jpg\",\"datePublished\":\"2022-04-07T20:50:21+00:00\",\"dateModified\":\"2022-04-08T09:16:45+00:00\",\"author\":{\"@id\":\"https:\\\/\\\/www.copealcoy.es\\\/es\\\/#\\\/schema\\\/person\\\/e777c87fa024e57d40170af9df39882c\"},\"breadcrumb\":{\"@id\":\"https:\\\/\\\/www.copealcoy.es\\\/es\\\/aitex-entrega-sus-iii-premios-empresariales\\\/#breadcrumb\"},\"inLanguage\":\"es\",\"potentialAction\":[{\"@type\":\"ReadAction\",\"target\":[\"https:\\\/\\\/www.copealcoy.es\\\/es\\\/aitex-entrega-sus-iii-premios-empresariales\\\/\"]}]},{\"@type\":\"ImageObject\",\"inLanguage\":\"es\",\"@id\":\"https:\\\/\\\/www.copealcoy.es\\\/es\\\/aitex-entrega-sus-iii-premios-empresariales\\\/#primaryimage\",\"url\":\"https:\\\/\\\/www.copealcoy.es\\\/wp-content\\\/uploads\\\/2022\\\/04\\\/unnamed-11-scaled.jpg\",\"contentUrl\":\"https:\\\/\\\/www.copealcoy.es\\\/wp-content\\\/uploads\\\/2022\\\/04\\\/unnamed-11-scaled.jpg\",\"width\":1440,\"height\":1080},{\"@type\":\"BreadcrumbList\",\"@id\":\"https:\\\/\\\/www.copealcoy.es\\\/es\\\/aitex-entrega-sus-iii-premios-empresariales\\\/#breadcrumb\",\"itemListElement\":[{\"@type\":\"ListItem\",\"position\":1,\"name\":\"Portada\",\"item\":\"https:\\\/\\\/www.copealcoy.es\\\/es\\\/\"},{\"@type\":\"ListItem\",\"position\":2,\"name\":\"AITEX entrega sus III Premios Empresariales\"}]},{\"@type\":\"WebSite\",\"@id\":\"https:\\\/\\\/www.copealcoy.es\\\/es\\\/#website\",\"url\":\"https:\\\/\\\/www.copealcoy.es\\\/es\\\/\",\"name\":\"COPE Alcoy\",\"description\":\"Emisora COPE de radio local con emisi\u00f3n online. Pont de Sant Jordi 8-10 03803 Alcoy\",\"potentialAction\":[{\"@type\":\"SearchAction\",\"target\":{\"@type\":\"EntryPoint\",\"urlTemplate\":\"https:\\\/\\\/www.copealcoy.es\\\/es\\\/?s={search_term_string}\"},\"query-input\":{\"@type\":\"PropertyValueSpecification\",\"valueRequired\":true,\"valueName\":\"search_term_string\"}}],\"inLanguage\":\"es\"},{\"@type\":\"Person\",\"@id\":\"https:\\\/\\\/www.copealcoy.es\\\/es\\\/#\\\/schema\\\/person\\\/e777c87fa024e57d40170af9df39882c\",\"name\":\"Cope Alcoy\",\"image\":{\"@type\":\"ImageObject\",\"inLanguage\":\"es\",\"@id\":\"https:\\\/\\\/secure.gravatar.com\\\/avatar\\\/bb65d0283347e303893ba14f0692005417c1e0e690a325a4c5d8bb2b3943ee14?s=96&d=mm&r=g\",\"url\":\"https:\\\/\\\/secure.gravatar.com\\\/avatar\\\/bb65d0283347e303893ba14f0692005417c1e0e690a325a4c5d8bb2b3943ee14?s=96&d=mm&r=g\",\"contentUrl\":\"https:\\\/\\\/secure.gravatar.com\\\/avatar\\\/bb65d0283347e303893ba14f0692005417c1e0e690a325a4c5d8bb2b3943ee14?s=96&d=mm&r=g\",\"caption\":\"Cope Alcoy\"}}]}<\/script>\n<!-- \/ Yoast SEO plugin. -->","yoast_head_json":{"title":"AITEX entrega sus III Premios Empresariales - COPE Alcoy","robots":{"index":"index","follow":"follow","max-snippet":"max-snippet:-1","max-image-preview":"max-image-preview:large","max-video-preview":"max-video-preview:-1"},"canonical":"https:\/\/www.copealcoy.es\/es\/aitex-entrega-sus-iii-premios-empresariales\/","og_locale":"es_ES","og_type":"article","og_title":"AITEX entrega sus III Premios Empresariales - COPE Alcoy","og_description":"El sal\u00f3n de actos del IVAM-CADA de Alcoy ha acogido este jueves el acto de entrega de la III edici\u00f3n...","og_url":"https:\/\/www.copealcoy.es\/es\/aitex-entrega-sus-iii-premios-empresariales\/","og_site_name":"COPE Alcoy","article_published_time":"2022-04-07T20:50:21+00:00","article_modified_time":"2022-04-08T09:16:45+00:00","og_image":[{"width":1440,"height":1080,"url":"https:\/\/www.copealcoy.es\/wp-content\/uploads\/2022\/04\/unnamed-11-scaled.jpg","type":"image\/jpeg"}],"author":"Cope Alcoy","twitter_misc":{"Escrito por":"Cope Alcoy","Tiempo de lectura":"2 minutos"},"schema":{"@context":"https:\/\/schema.org","@graph":[{"@type":"Article","@id":"https:\/\/www.copealcoy.es\/es\/aitex-entrega-sus-iii-premios-empresariales\/#article","isPartOf":{"@id":"https:\/\/www.copealcoy.es\/es\/aitex-entrega-sus-iii-premios-empresariales\/"},"author":{"name":"Cope Alcoy","@id":"https:\/\/www.copealcoy.es\/es\/#\/schema\/person\/e777c87fa024e57d40170af9df39882c"},"headline":"AITEX entrega sus III Premios Empresariales","datePublished":"2022-04-07T20:50:21+00:00","dateModified":"2022-04-08T09:16:45+00:00","mainEntityOfPage":{"@id":"https:\/\/www.copealcoy.es\/es\/aitex-entrega-sus-iii-premios-empresariales\/"},"wordCount":470,"commentCount":0,"image":{"@id":"https:\/\/www.copealcoy.es\/es\/aitex-entrega-sus-iii-premios-empresariales\/#primaryimage"},"thumbnailUrl":"https:\/\/www.copealcoy.es\/wp-content\/uploads\/2022\/04\/unnamed-11-scaled.jpg","keywords":["Aitex","Leon Grau","Premios Empresariales","tercera edici\u00f3n"],"articleSection":["Actualidad","Alcoy","Noticias","Pol\u00edtica y Econom\u00eda"],"inLanguage":"es"},{"@type":"WebPage","@id":"https:\/\/www.copealcoy.es\/es\/aitex-entrega-sus-iii-premios-empresariales\/","url":"https:\/\/www.copealcoy.es\/es\/aitex-entrega-sus-iii-premios-empresariales\/","name":"AITEX entrega sus III Premios Empresariales - COPE Alcoy","isPartOf":{"@id":"https:\/\/www.copealcoy.es\/es\/#website"},"primaryImageOfPage":{"@id":"https:\/\/www.copealcoy.es\/es\/aitex-entrega-sus-iii-premios-empresariales\/#primaryimage"},"image":{"@id":"https:\/\/www.copealcoy.es\/es\/aitex-entrega-sus-iii-premios-empresariales\/#primaryimage"},"thumbnailUrl":"https:\/\/www.copealcoy.es\/wp-content\/uploads\/2022\/04\/unnamed-11-scaled.jpg","datePublished":"2022-04-07T20:50:21+00:00","dateModified":"2022-04-08T09:16:45+00:00","author":{"@id":"https:\/\/www.copealcoy.es\/es\/#\/schema\/person\/e777c87fa024e57d40170af9df39882c"},"breadcrumb":{"@id":"https:\/\/www.copealcoy.es\/es\/aitex-entrega-sus-iii-premios-empresariales\/#breadcrumb"},"inLanguage":"es","potentialAction":[{"@type":"ReadAction","target":["https:\/\/www.copealcoy.es\/es\/aitex-entrega-sus-iii-premios-empresariales\/"]}]},{"@type":"ImageObject","inLanguage":"es","@id":"https:\/\/www.copealcoy.es\/es\/aitex-entrega-sus-iii-premios-empresariales\/#primaryimage","url":"https:\/\/www.copealcoy.es\/wp-content\/uploads\/2022\/04\/unnamed-11-scaled.jpg","contentUrl":"https:\/\/www.copealcoy.es\/wp-content\/uploads\/2022\/04\/unnamed-11-scaled.jpg","width":1440,"height":1080},{"@type":"BreadcrumbList","@id":"https:\/\/www.copealcoy.es\/es\/aitex-entrega-sus-iii-premios-empresariales\/#breadcrumb","itemListElement":[{"@type":"ListItem","position":1,"name":"Portada","item":"https:\/\/www.copealcoy.es\/es\/"},{"@type":"ListItem","position":2,"name":"AITEX entrega sus III Premios Empresariales"}]},{"@type":"WebSite","@id":"https:\/\/www.copealcoy.es\/es\/#website","url":"https:\/\/www.copealcoy.es\/es\/","name":"COPE Alcoy","description":"Emisora COPE de radio local con emisi\u00f3n online. Pont de Sant Jordi 8-10 03803 Alcoy","potentialAction":[{"@type":"SearchAction","target":{"@type":"EntryPoint","urlTemplate":"https:\/\/www.copealcoy.es\/es\/?s={search_term_string}"},"query-input":{"@type":"PropertyValueSpecification","valueRequired":true,"valueName":"search_term_string"}}],"inLanguage":"es"},{"@type":"Person","@id":"https:\/\/www.copealcoy.es\/es\/#\/schema\/person\/e777c87fa024e57d40170af9df39882c","name":"Cope Alcoy","image":{"@type":"ImageObject","inLanguage":"es","@id":"https:\/\/secure.gravatar.com\/avatar\/bb65d0283347e303893ba14f0692005417c1e0e690a325a4c5d8bb2b3943ee14?s=96&d=mm&r=g","url":"https:\/\/secure.gravatar.com\/avatar\/bb65d0283347e303893ba14f0692005417c1e0e690a325a4c5d8bb2b3943ee14?s=96&d=mm&r=g","contentUrl":"https:\/\/secure.gravatar.com\/avatar\/bb65d0283347e303893ba14f0692005417c1e0e690a325a4c5d8bb2b3943ee14?s=96&d=mm&r=g","caption":"Cope Alcoy"}}]}},"_links":{"self":[{"href":"https:\/\/www.copealcoy.es\/es\/wp-json\/wp\/v2\/posts\/85932","targetHints":{"allow":["GET"]}}],"collection":[{"href":"https:\/\/www.copealcoy.es\/es\/wp-json\/wp\/v2\/posts"}],"about":[{"href":"https:\/\/www.copealcoy.es\/es\/wp-json\/wp\/v2\/types\/post"}],"author":[{"embeddable":true,"href":"https:\/\/www.copealcoy.es\/es\/wp-json\/wp\/v2\/users\/1"}],"replies":[{"embeddable":true,"href":"https:\/\/www.copealcoy.es\/es\/wp-json\/wp\/v2\/comments?post=85932"}],"version-history":[{"count":0,"href":"https:\/\/www.copealcoy.es\/es\/wp-json\/wp\/v2\/posts\/85932\/revisions"}],"wp:featuredmedia":[{"embeddable":true,"href":"https:\/\/www.copealcoy.es\/es\/wp-json\/wp\/v2\/media\/85933"}],"wp:attachment":[{"href":"https:\/\/www.copealcoy.es\/es\/wp-json\/wp\/v2\/media?parent=85932"}],"wp:term":[{"taxonomy":"category","embeddable":true,"href":"https:\/\/www.copealcoy.es\/es\/wp-json\/wp\/v2\/categories?post=85932"},{"taxonomy":"post_tag","embeddable":true,"href":"https:\/\/www.copealcoy.es\/es\/wp-json\/wp\/v2\/tags?post=85932"}],"curies":[{"name":"wp","href":"https:\/\/api.w.org\/{rel}","templated":true}]}}