{"id":85852,"date":"2022-04-06T14:32:32","date_gmt":"2022-04-06T13:32:32","guid":{"rendered":"https:\/\/www.copealcoy.es\/?p=85852"},"modified":"2022-04-06T15:02:11","modified_gmt":"2022-04-06T14:02:11","slug":"las-fiestas-balon-de-oxigeno-para-la-hosteleria-local","status":"publish","type":"post","link":"https:\/\/www.copealcoy.es\/es\/las-fiestas-balon-de-oxigeno-para-la-hosteleria-local\/","title":{"rendered":"Las Fiestas, bal\u00f3n de ox\u00edgeno para la hosteler\u00eda local"},"content":{"rendered":"<p style=\"text-align: justify;\">El <strong>sector de la hosteler\u00eda de Alcoy<\/strong> afronta como <strong>un aut\u00e9ntico bal\u00f3n de ox\u00edgeno<\/strong> que haya Fiestas de Moros y Cristianos. Tras dos a\u00f1os sin festejos, a causa de la pandemia, <strong>la mayor parte de bares y restaurantes del Centro<\/strong> ya <strong>cuelgan el cartel de completo<\/strong> para las reservas de d\u00edas como los de la <strong>Gloria Mayor, las Entradas <\/strong>o <strong>San Jorge<\/strong>.<\/p>\n<p style=\"text-align: justify;\">Los hosteleros aseguran que estas reservas <strong>est\u00e1n concertadas desde hace tiempo<\/strong>, especialmente desde que se suavizaron las medidas restrictivas frente a la pandemia y <strong>desde que<\/strong> <strong>se supo con exactitud que habr\u00eda trilog\u00eda en honor a San Jorge<\/strong>. As\u00ed lo destacaba hoy mi\u00e9rcoles en la antena de COPE ALCOY <strong>Borja Gadea<\/strong>, el cual <strong>regenta un restaurante en la calle Joan Cant\u00f3 de Alcoy<\/strong> y quien afirma que <strong>el pasado fin de semana ya hubo una importante actividad<\/strong> a ra\u00edz del descubrimiento del cartel de nuestras Fiestas de Moros y Cristianos:<\/p>\n<audio class=\"wp-audio-shortcode\" id=\"audio-85852-1\" preload=\"none\" style=\"width: 100%;\" controls=\"controls\"><source type=\"audio\/mpeg\" src=\"https:\/\/www.copealcoy.es\/wp-content\/uploads\/2022\/04\/2022.04.06-BORJA-HOSTELERI\u0301A-MEDIODI\u0301A-1.mp3?_=1\" \/><a href=\"https:\/\/www.copealcoy.es\/wp-content\/uploads\/2022\/04\/2022.04.06-BORJA-HOSTELERI\u0301A-MEDIODI\u0301A-1.mp3\">https:\/\/www.copealcoy.es\/wp-content\/uploads\/2022\/04\/2022.04.06-BORJA-HOSTELERI\u0301A-MEDIODI\u0301A-1.mp3<\/a><\/audio>\n<p>&nbsp;<\/p>\n<p style=\"text-align: justify;\">A pesar de este optimismo de cara a Fiestas, <strong>los profesionales de la hosteler\u00eda miran al futuro con cierto recelo<\/strong>. En este sentido temen que despu\u00e9s de la trilog\u00eda <strong>baje la actividad a causa de la llegada del verano o de las consecuencias derivadas de los incrementos de precios<\/strong> de los productos de alimentaci\u00f3n, luz o gas:<\/p>\n<audio class=\"wp-audio-shortcode\" id=\"audio-85852-2\" preload=\"none\" style=\"width: 100%;\" controls=\"controls\"><source type=\"audio\/mpeg\" src=\"https:\/\/www.copealcoy.es\/wp-content\/uploads\/2022\/04\/2022.04.06-BORJA-HOSTELERI\u0301A-MEDIODI\u0301A-2.mp3?_=2\" \/><a href=\"https:\/\/www.copealcoy.es\/wp-content\/uploads\/2022\/04\/2022.04.06-BORJA-HOSTELERI\u0301A-MEDIODI\u0301A-2.mp3\">https:\/\/www.copealcoy.es\/wp-content\/uploads\/2022\/04\/2022.04.06-BORJA-HOSTELERI\u0301A-MEDIODI\u0301A-2.mp3<\/a><\/audio>\n<p>&nbsp;<\/p>\n<p style=\"text-align: justify;\">Indicar que la hosteler\u00eda <strong>fue una de las actividades econ\u00f3micas<\/strong> que m\u00e1s padeci\u00f3 las consecuencias econ\u00f3micas surgidas de la pandemia de la Covid-19. El cierre de<strong> los negocios durante los confinamientos<\/strong>, y las posteriores medidas restrictivas vigentes hasta casi el pasado oto\u00f1o, se tradujeron en <strong>una bajada de clientes<\/strong> con las posteriores p\u00e9rdidas para bares y restaurantes.<\/p>\n","protected":false},"excerpt":{"rendered":"<p>El sector de la hosteler\u00eda de Alcoy afronta como un aut\u00e9ntico bal\u00f3n de ox\u00edgeno que haya Fiestas de Moros y&#8230;<\/p>\n","protected":false},"author":1,"featured_media":80825,"comment_status":"open","ping_status":"open","sticky":false,"template":"","format":"standard","meta":{"footnotes":""},"categories":[6909,97,75,79],"tags":[1494,12605,390,2001,1377],"class_list":["post-85852","post","type-post","status-publish","format-standard","has-post-thumbnail","hentry","category-actualidad","category-alcoy","category-noticias","category-politicayeconomia","tag-alcoy","tag-balon-de-oxigeno","tag-economia","tag-fiestas-de-moros-y-cristianos","tag-hosteleria"],"yoast_head":"<!-- This site is optimized with the Yoast SEO plugin v27.3 - https:\/\/yoast.com\/product\/yoast-seo-wordpress\/ -->\n<title>Las Fiestas, bal\u00f3n de ox\u00edgeno para la hosteler\u00eda local - COPE Alcoy<\/title>\n<meta name=\"robots\" content=\"index, follow, max-snippet:-1, max-image-preview:large, max-video-preview:-1\" \/>\n<link rel=\"canonical\" href=\"https:\/\/www.copealcoy.es\/es\/las-fiestas-balon-de-oxigeno-para-la-hosteleria-local\/\" \/>\n<meta property=\"og:locale\" content=\"es_ES\" \/>\n<meta property=\"og:type\" content=\"article\" \/>\n<meta property=\"og:title\" content=\"Las Fiestas, bal\u00f3n de ox\u00edgeno para la hosteler\u00eda local - COPE Alcoy\" \/>\n<meta property=\"og:description\" content=\"El sector de la hosteler\u00eda de Alcoy afronta como un aut\u00e9ntico bal\u00f3n de ox\u00edgeno que haya Fiestas de Moros y...\" \/>\n<meta property=\"og:url\" content=\"https:\/\/www.copealcoy.es\/es\/las-fiestas-balon-de-oxigeno-para-la-hosteleria-local\/\" \/>\n<meta property=\"og:site_name\" content=\"COPE Alcoy\" \/>\n<meta property=\"article:published_time\" content=\"2022-04-06T13:32:32+00:00\" \/>\n<meta property=\"article:modified_time\" content=\"2022-04-06T14:02:11+00:00\" \/>\n<meta property=\"og:image\" content=\"https:\/\/www.copealcoy.es\/wp-content\/uploads\/2021\/12\/67699288_1375313219285114_4744499257761857536_n-e1638485261696.jpg\" \/>\n\t<meta property=\"og:image:width\" content=\"1080\" \/>\n\t<meta property=\"og:image:height\" content=\"685\" \/>\n\t<meta property=\"og:image:type\" content=\"image\/jpeg\" \/>\n<meta name=\"author\" content=\"Cope Alcoy\" \/>\n<meta name=\"twitter:label1\" content=\"Escrito por\" \/>\n\t<meta name=\"twitter:data1\" content=\"Cope Alcoy\" \/>\n\t<meta name=\"twitter:label2\" content=\"Tiempo de lectura\" \/>\n\t<meta name=\"twitter:data2\" content=\"2 minutos\" \/>\n<script type=\"application\/ld+json\" class=\"yoast-schema-graph\">{\"@context\":\"https:\\\/\\\/schema.org\",\"@graph\":[{\"@type\":\"Article\",\"@id\":\"https:\\\/\\\/www.copealcoy.es\\\/es\\\/las-fiestas-balon-de-oxigeno-para-la-hosteleria-local\\\/#article\",\"isPartOf\":{\"@id\":\"https:\\\/\\\/www.copealcoy.es\\\/es\\\/las-fiestas-balon-de-oxigeno-para-la-hosteleria-local\\\/\"},\"author\":{\"name\":\"Cope Alcoy\",\"@id\":\"https:\\\/\\\/www.copealcoy.es\\\/es\\\/#\\\/schema\\\/person\\\/e777c87fa024e57d40170af9df39882c\"},\"headline\":\"Las Fiestas, bal\u00f3n de ox\u00edgeno para la hosteler\u00eda local\",\"datePublished\":\"2022-04-06T13:32:32+00:00\",\"dateModified\":\"2022-04-06T14:02:11+00:00\",\"mainEntityOfPage\":{\"@id\":\"https:\\\/\\\/www.copealcoy.es\\\/es\\\/las-fiestas-balon-de-oxigeno-para-la-hosteleria-local\\\/\"},\"wordCount\":327,\"commentCount\":0,\"image\":{\"@id\":\"https:\\\/\\\/www.copealcoy.es\\\/es\\\/las-fiestas-balon-de-oxigeno-para-la-hosteleria-local\\\/#primaryimage\"},\"thumbnailUrl\":\"https:\\\/\\\/www.copealcoy.es\\\/wp-content\\\/uploads\\\/2021\\\/12\\\/67699288_1375313219285114_4744499257761857536_n-e1638485261696.jpg\",\"keywords\":[\"Alcoy\",\"bal\u00f3n de ox\u00edgeno\",\"Econom\u00eda\",\"Fiestas de Moros y Cristianos\",\"hosteler\u00eda\"],\"articleSection\":[\"Actualidad\",\"Alcoy\",\"Noticias\",\"Pol\u00edtica y Econom\u00eda\"],\"inLanguage\":\"es\"},{\"@type\":\"WebPage\",\"@id\":\"https:\\\/\\\/www.copealcoy.es\\\/es\\\/las-fiestas-balon-de-oxigeno-para-la-hosteleria-local\\\/\",\"url\":\"https:\\\/\\\/www.copealcoy.es\\\/es\\\/las-fiestas-balon-de-oxigeno-para-la-hosteleria-local\\\/\",\"name\":\"Las Fiestas, bal\u00f3n de ox\u00edgeno para la hosteler\u00eda local - COPE Alcoy\",\"isPartOf\":{\"@id\":\"https:\\\/\\\/www.copealcoy.es\\\/es\\\/#website\"},\"primaryImageOfPage\":{\"@id\":\"https:\\\/\\\/www.copealcoy.es\\\/es\\\/las-fiestas-balon-de-oxigeno-para-la-hosteleria-local\\\/#primaryimage\"},\"image\":{\"@id\":\"https:\\\/\\\/www.copealcoy.es\\\/es\\\/las-fiestas-balon-de-oxigeno-para-la-hosteleria-local\\\/#primaryimage\"},\"thumbnailUrl\":\"https:\\\/\\\/www.copealcoy.es\\\/wp-content\\\/uploads\\\/2021\\\/12\\\/67699288_1375313219285114_4744499257761857536_n-e1638485261696.jpg\",\"datePublished\":\"2022-04-06T13:32:32+00:00\",\"dateModified\":\"2022-04-06T14:02:11+00:00\",\"author\":{\"@id\":\"https:\\\/\\\/www.copealcoy.es\\\/es\\\/#\\\/schema\\\/person\\\/e777c87fa024e57d40170af9df39882c\"},\"breadcrumb\":{\"@id\":\"https:\\\/\\\/www.copealcoy.es\\\/es\\\/las-fiestas-balon-de-oxigeno-para-la-hosteleria-local\\\/#breadcrumb\"},\"inLanguage\":\"es\",\"potentialAction\":[{\"@type\":\"ReadAction\",\"target\":[\"https:\\\/\\\/www.copealcoy.es\\\/es\\\/las-fiestas-balon-de-oxigeno-para-la-hosteleria-local\\\/\"]}]},{\"@type\":\"ImageObject\",\"inLanguage\":\"es\",\"@id\":\"https:\\\/\\\/www.copealcoy.es\\\/es\\\/las-fiestas-balon-de-oxigeno-para-la-hosteleria-local\\\/#primaryimage\",\"url\":\"https:\\\/\\\/www.copealcoy.es\\\/wp-content\\\/uploads\\\/2021\\\/12\\\/67699288_1375313219285114_4744499257761857536_n-e1638485261696.jpg\",\"contentUrl\":\"https:\\\/\\\/www.copealcoy.es\\\/wp-content\\\/uploads\\\/2021\\\/12\\\/67699288_1375313219285114_4744499257761857536_n-e1638485261696.jpg\",\"width\":1080,\"height\":685},{\"@type\":\"BreadcrumbList\",\"@id\":\"https:\\\/\\\/www.copealcoy.es\\\/es\\\/las-fiestas-balon-de-oxigeno-para-la-hosteleria-local\\\/#breadcrumb\",\"itemListElement\":[{\"@type\":\"ListItem\",\"position\":1,\"name\":\"Portada\",\"item\":\"https:\\\/\\\/www.copealcoy.es\\\/es\\\/\"},{\"@type\":\"ListItem\",\"position\":2,\"name\":\"Las Fiestas, bal\u00f3n de ox\u00edgeno para la hosteler\u00eda local\"}]},{\"@type\":\"WebSite\",\"@id\":\"https:\\\/\\\/www.copealcoy.es\\\/es\\\/#website\",\"url\":\"https:\\\/\\\/www.copealcoy.es\\\/es\\\/\",\"name\":\"COPE Alcoy\",\"description\":\"Emisora COPE de radio local con emisi\u00f3n online. Pont de Sant Jordi 8-10 03803 Alcoy\",\"potentialAction\":[{\"@type\":\"SearchAction\",\"target\":{\"@type\":\"EntryPoint\",\"urlTemplate\":\"https:\\\/\\\/www.copealcoy.es\\\/es\\\/?s={search_term_string}\"},\"query-input\":{\"@type\":\"PropertyValueSpecification\",\"valueRequired\":true,\"valueName\":\"search_term_string\"}}],\"inLanguage\":\"es\"},{\"@type\":\"Person\",\"@id\":\"https:\\\/\\\/www.copealcoy.es\\\/es\\\/#\\\/schema\\\/person\\\/e777c87fa024e57d40170af9df39882c\",\"name\":\"Cope Alcoy\",\"image\":{\"@type\":\"ImageObject\",\"inLanguage\":\"es\",\"@id\":\"https:\\\/\\\/secure.gravatar.com\\\/avatar\\\/bb65d0283347e303893ba14f0692005417c1e0e690a325a4c5d8bb2b3943ee14?s=96&d=mm&r=g\",\"url\":\"https:\\\/\\\/secure.gravatar.com\\\/avatar\\\/bb65d0283347e303893ba14f0692005417c1e0e690a325a4c5d8bb2b3943ee14?s=96&d=mm&r=g\",\"contentUrl\":\"https:\\\/\\\/secure.gravatar.com\\\/avatar\\\/bb65d0283347e303893ba14f0692005417c1e0e690a325a4c5d8bb2b3943ee14?s=96&d=mm&r=g\",\"caption\":\"Cope Alcoy\"}}]}<\/script>\n<!-- \/ Yoast SEO plugin. -->","yoast_head_json":{"title":"Las Fiestas, bal\u00f3n de ox\u00edgeno para la hosteler\u00eda local - COPE Alcoy","robots":{"index":"index","follow":"follow","max-snippet":"max-snippet:-1","max-image-preview":"max-image-preview:large","max-video-preview":"max-video-preview:-1"},"canonical":"https:\/\/www.copealcoy.es\/es\/las-fiestas-balon-de-oxigeno-para-la-hosteleria-local\/","og_locale":"es_ES","og_type":"article","og_title":"Las Fiestas, bal\u00f3n de ox\u00edgeno para la hosteler\u00eda local - COPE Alcoy","og_description":"El sector de la hosteler\u00eda de Alcoy afronta como un aut\u00e9ntico bal\u00f3n de ox\u00edgeno que haya Fiestas de Moros y...","og_url":"https:\/\/www.copealcoy.es\/es\/las-fiestas-balon-de-oxigeno-para-la-hosteleria-local\/","og_site_name":"COPE Alcoy","article_published_time":"2022-04-06T13:32:32+00:00","article_modified_time":"2022-04-06T14:02:11+00:00","og_image":[{"width":1080,"height":685,"url":"https:\/\/www.copealcoy.es\/wp-content\/uploads\/2021\/12\/67699288_1375313219285114_4744499257761857536_n-e1638485261696.jpg","type":"image\/jpeg"}],"author":"Cope Alcoy","twitter_misc":{"Escrito por":"Cope Alcoy","Tiempo de lectura":"2 minutos"},"schema":{"@context":"https:\/\/schema.org","@graph":[{"@type":"Article","@id":"https:\/\/www.copealcoy.es\/es\/las-fiestas-balon-de-oxigeno-para-la-hosteleria-local\/#article","isPartOf":{"@id":"https:\/\/www.copealcoy.es\/es\/las-fiestas-balon-de-oxigeno-para-la-hosteleria-local\/"},"author":{"name":"Cope Alcoy","@id":"https:\/\/www.copealcoy.es\/es\/#\/schema\/person\/e777c87fa024e57d40170af9df39882c"},"headline":"Las Fiestas, bal\u00f3n de ox\u00edgeno para la hosteler\u00eda local","datePublished":"2022-04-06T13:32:32+00:00","dateModified":"2022-04-06T14:02:11+00:00","mainEntityOfPage":{"@id":"https:\/\/www.copealcoy.es\/es\/las-fiestas-balon-de-oxigeno-para-la-hosteleria-local\/"},"wordCount":327,"commentCount":0,"image":{"@id":"https:\/\/www.copealcoy.es\/es\/las-fiestas-balon-de-oxigeno-para-la-hosteleria-local\/#primaryimage"},"thumbnailUrl":"https:\/\/www.copealcoy.es\/wp-content\/uploads\/2021\/12\/67699288_1375313219285114_4744499257761857536_n-e1638485261696.jpg","keywords":["Alcoy","bal\u00f3n de ox\u00edgeno","Econom\u00eda","Fiestas de Moros y Cristianos","hosteler\u00eda"],"articleSection":["Actualidad","Alcoy","Noticias","Pol\u00edtica y Econom\u00eda"],"inLanguage":"es"},{"@type":"WebPage","@id":"https:\/\/www.copealcoy.es\/es\/las-fiestas-balon-de-oxigeno-para-la-hosteleria-local\/","url":"https:\/\/www.copealcoy.es\/es\/las-fiestas-balon-de-oxigeno-para-la-hosteleria-local\/","name":"Las Fiestas, bal\u00f3n de ox\u00edgeno para la hosteler\u00eda local - COPE Alcoy","isPartOf":{"@id":"https:\/\/www.copealcoy.es\/es\/#website"},"primaryImageOfPage":{"@id":"https:\/\/www.copealcoy.es\/es\/las-fiestas-balon-de-oxigeno-para-la-hosteleria-local\/#primaryimage"},"image":{"@id":"https:\/\/www.copealcoy.es\/es\/las-fiestas-balon-de-oxigeno-para-la-hosteleria-local\/#primaryimage"},"thumbnailUrl":"https:\/\/www.copealcoy.es\/wp-content\/uploads\/2021\/12\/67699288_1375313219285114_4744499257761857536_n-e1638485261696.jpg","datePublished":"2022-04-06T13:32:32+00:00","dateModified":"2022-04-06T14:02:11+00:00","author":{"@id":"https:\/\/www.copealcoy.es\/es\/#\/schema\/person\/e777c87fa024e57d40170af9df39882c"},"breadcrumb":{"@id":"https:\/\/www.copealcoy.es\/es\/las-fiestas-balon-de-oxigeno-para-la-hosteleria-local\/#breadcrumb"},"inLanguage":"es","potentialAction":[{"@type":"ReadAction","target":["https:\/\/www.copealcoy.es\/es\/las-fiestas-balon-de-oxigeno-para-la-hosteleria-local\/"]}]},{"@type":"ImageObject","inLanguage":"es","@id":"https:\/\/www.copealcoy.es\/es\/las-fiestas-balon-de-oxigeno-para-la-hosteleria-local\/#primaryimage","url":"https:\/\/www.copealcoy.es\/wp-content\/uploads\/2021\/12\/67699288_1375313219285114_4744499257761857536_n-e1638485261696.jpg","contentUrl":"https:\/\/www.copealcoy.es\/wp-content\/uploads\/2021\/12\/67699288_1375313219285114_4744499257761857536_n-e1638485261696.jpg","width":1080,"height":685},{"@type":"BreadcrumbList","@id":"https:\/\/www.copealcoy.es\/es\/las-fiestas-balon-de-oxigeno-para-la-hosteleria-local\/#breadcrumb","itemListElement":[{"@type":"ListItem","position":1,"name":"Portada","item":"https:\/\/www.copealcoy.es\/es\/"},{"@type":"ListItem","position":2,"name":"Las Fiestas, bal\u00f3n de ox\u00edgeno para la hosteler\u00eda local"}]},{"@type":"WebSite","@id":"https:\/\/www.copealcoy.es\/es\/#website","url":"https:\/\/www.copealcoy.es\/es\/","name":"COPE Alcoy","description":"Emisora COPE de radio local con emisi\u00f3n online. Pont de Sant Jordi 8-10 03803 Alcoy","potentialAction":[{"@type":"SearchAction","target":{"@type":"EntryPoint","urlTemplate":"https:\/\/www.copealcoy.es\/es\/?s={search_term_string}"},"query-input":{"@type":"PropertyValueSpecification","valueRequired":true,"valueName":"search_term_string"}}],"inLanguage":"es"},{"@type":"Person","@id":"https:\/\/www.copealcoy.es\/es\/#\/schema\/person\/e777c87fa024e57d40170af9df39882c","name":"Cope Alcoy","image":{"@type":"ImageObject","inLanguage":"es","@id":"https:\/\/secure.gravatar.com\/avatar\/bb65d0283347e303893ba14f0692005417c1e0e690a325a4c5d8bb2b3943ee14?s=96&d=mm&r=g","url":"https:\/\/secure.gravatar.com\/avatar\/bb65d0283347e303893ba14f0692005417c1e0e690a325a4c5d8bb2b3943ee14?s=96&d=mm&r=g","contentUrl":"https:\/\/secure.gravatar.com\/avatar\/bb65d0283347e303893ba14f0692005417c1e0e690a325a4c5d8bb2b3943ee14?s=96&d=mm&r=g","caption":"Cope Alcoy"}}]}},"_links":{"self":[{"href":"https:\/\/www.copealcoy.es\/es\/wp-json\/wp\/v2\/posts\/85852","targetHints":{"allow":["GET"]}}],"collection":[{"href":"https:\/\/www.copealcoy.es\/es\/wp-json\/wp\/v2\/posts"}],"about":[{"href":"https:\/\/www.copealcoy.es\/es\/wp-json\/wp\/v2\/types\/post"}],"author":[{"embeddable":true,"href":"https:\/\/www.copealcoy.es\/es\/wp-json\/wp\/v2\/users\/1"}],"replies":[{"embeddable":true,"href":"https:\/\/www.copealcoy.es\/es\/wp-json\/wp\/v2\/comments?post=85852"}],"version-history":[{"count":0,"href":"https:\/\/www.copealcoy.es\/es\/wp-json\/wp\/v2\/posts\/85852\/revisions"}],"wp:featuredmedia":[{"embeddable":true,"href":"https:\/\/www.copealcoy.es\/es\/wp-json\/wp\/v2\/media\/80825"}],"wp:attachment":[{"href":"https:\/\/www.copealcoy.es\/es\/wp-json\/wp\/v2\/media?parent=85852"}],"wp:term":[{"taxonomy":"category","embeddable":true,"href":"https:\/\/www.copealcoy.es\/es\/wp-json\/wp\/v2\/categories?post=85852"},{"taxonomy":"post_tag","embeddable":true,"href":"https:\/\/www.copealcoy.es\/es\/wp-json\/wp\/v2\/tags?post=85852"}],"curies":[{"name":"wp","href":"https:\/\/api.w.org\/{rel}","templated":true}]}}