{"id":85764,"date":"2022-04-04T14:56:40","date_gmt":"2022-04-04T13:56:40","guid":{"rendered":"https:\/\/www.copealcoy.es\/?p=85764"},"modified":"2022-04-04T17:29:57","modified_gmt":"2022-04-04T16:29:57","slug":"la-diputacion-invertira-300-000-euros-en-la-rehabilitacion-del-patrimonio","status":"publish","type":"post","link":"https:\/\/www.copealcoy.es\/es\/la-diputacion-invertira-300-000-euros-en-la-rehabilitacion-del-patrimonio\/","title":{"rendered":"La Diputaci\u00f3n invertir\u00e1 300.000 euros en la rehabilitaci\u00f3n del patrimonio"},"content":{"rendered":"<p style=\"text-align: justify;\">La <strong>Diputaci\u00f3n Provincial de Alicante<\/strong> invertir\u00e1<strong> 300.000 euros<\/strong> en<strong> la rehabilitaci\u00f3n del patrimonio hist\u00f3rico de ocho municipios de la provincia<\/strong>. Las actuaciones ser\u00e1n ejecutadas por los consistorios e <strong>incluyen<\/strong> la consolidaci\u00f3n, protecci\u00f3n y valorizaci\u00f3n de edificios, construcciones y restos arquitect\u00f3nicos<\/p>\n<p style=\"text-align: justify;\">A nuestras comarcas llegar\u00e1n 36.600\u20ac a <strong>Tibi<\/strong> para la restauraci\u00f3n y consolidaci\u00f3n de la torre oriental de su castillo almohade y\u00a0 54.000\u20ac a <strong>Fageca<\/strong> para actuaciones en la nevera o pozo de hielo del Pla de la Casa. Tambi\u00e9n destacan 45.000\u20ac para <strong>Pen\u00e1guila<\/strong>, que se invertir\u00e1n en\u00a0 la excavaci\u00f3n arqueol\u00f3gica y consolidaci\u00f3n de las estructuras en la Plaza del Portalet, y la misma cantidad para llevar a cabo en <strong>Gorga<\/strong> la valoraci\u00f3n del entorno del puente acueducto del Barranc de M\u00f3nica.<\/p>\n<p style=\"text-align: justify;\">El BOP ha publicado\u00a0 la resoluci\u00f3n de esta convocatoria <strong>impulsada por el \u00e1rea de Arquitectura<\/strong> y dirigida a <strong>poblaciones de menos de 2.000 habitantes<\/strong>.<\/p>\n","protected":false},"excerpt":{"rendered":"<p>La Diputaci\u00f3n Provincial de Alicante invertir\u00e1 300.000 euros en la rehabilitaci\u00f3n del patrimonio hist\u00f3rico de ocho municipios de la provincia&#8230;.<\/p>\n","protected":false},"author":1,"featured_media":24346,"comment_status":"open","ping_status":"open","sticky":false,"template":"","format":"standard","meta":{"footnotes":""},"categories":[98,75],"tags":[407,947,235,176],"class_list":["post-85764","post","type-post","status-publish","format-standard","has-post-thumbnail","hentry","category-comarcas","category-noticias","tag-ayudas","tag-diputacion-de-alicante","tag-inversiones","tag-patrimonio"],"yoast_head":"<!-- This site is optimized with the Yoast SEO plugin v27.3 - https:\/\/yoast.com\/product\/yoast-seo-wordpress\/ -->\n<title>La Diputaci\u00f3n invertir\u00e1 300.000 euros en la rehabilitaci\u00f3n del patrimonio - COPE Alcoy<\/title>\n<meta name=\"robots\" content=\"index, follow, max-snippet:-1, max-image-preview:large, max-video-preview:-1\" \/>\n<link rel=\"canonical\" href=\"https:\/\/www.copealcoy.es\/es\/la-diputacion-invertira-300-000-euros-en-la-rehabilitacion-del-patrimonio\/\" \/>\n<meta property=\"og:locale\" content=\"es_ES\" \/>\n<meta property=\"og:type\" content=\"article\" \/>\n<meta property=\"og:title\" content=\"La Diputaci\u00f3n invertir\u00e1 300.000 euros en la rehabilitaci\u00f3n del patrimonio - COPE Alcoy\" \/>\n<meta property=\"og:description\" content=\"La Diputaci\u00f3n Provincial de Alicante invertir\u00e1 300.000 euros en la rehabilitaci\u00f3n del patrimonio hist\u00f3rico de ocho municipios de la provincia....\" \/>\n<meta property=\"og:url\" content=\"https:\/\/www.copealcoy.es\/es\/la-diputacion-invertira-300-000-euros-en-la-rehabilitacion-del-patrimonio\/\" \/>\n<meta property=\"og:site_name\" content=\"COPE Alcoy\" \/>\n<meta property=\"article:published_time\" content=\"2022-04-04T13:56:40+00:00\" \/>\n<meta property=\"article:modified_time\" content=\"2022-04-04T16:29:57+00:00\" \/>\n<meta property=\"og:image\" content=\"https:\/\/www.copealcoy.es\/wp-content\/uploads\/2016\/08\/Fageca.jpg\" \/>\n\t<meta property=\"og:image:width\" content=\"1006\" \/>\n\t<meta property=\"og:image:height\" content=\"768\" \/>\n\t<meta property=\"og:image:type\" content=\"image\/jpeg\" \/>\n<meta name=\"author\" content=\"Cope Alcoy\" \/>\n<meta name=\"twitter:label1\" content=\"Escrito por\" \/>\n\t<meta name=\"twitter:data1\" content=\"Cope Alcoy\" \/>\n\t<meta name=\"twitter:label2\" content=\"Tiempo de lectura\" \/>\n\t<meta name=\"twitter:data2\" content=\"1 minuto\" \/>\n<script type=\"application\/ld+json\" class=\"yoast-schema-graph\">{\"@context\":\"https:\\\/\\\/schema.org\",\"@graph\":[{\"@type\":\"Article\",\"@id\":\"https:\\\/\\\/www.copealcoy.es\\\/es\\\/la-diputacion-invertira-300-000-euros-en-la-rehabilitacion-del-patrimonio\\\/#article\",\"isPartOf\":{\"@id\":\"https:\\\/\\\/www.copealcoy.es\\\/es\\\/la-diputacion-invertira-300-000-euros-en-la-rehabilitacion-del-patrimonio\\\/\"},\"author\":{\"name\":\"Cope Alcoy\",\"@id\":\"https:\\\/\\\/www.copealcoy.es\\\/es\\\/#\\\/schema\\\/person\\\/e777c87fa024e57d40170af9df39882c\"},\"headline\":\"La Diputaci\u00f3n invertir\u00e1 300.000 euros en la rehabilitaci\u00f3n del patrimonio\",\"datePublished\":\"2022-04-04T13:56:40+00:00\",\"dateModified\":\"2022-04-04T16:29:57+00:00\",\"mainEntityOfPage\":{\"@id\":\"https:\\\/\\\/www.copealcoy.es\\\/es\\\/la-diputacion-invertira-300-000-euros-en-la-rehabilitacion-del-patrimonio\\\/\"},\"wordCount\":171,\"commentCount\":0,\"image\":{\"@id\":\"https:\\\/\\\/www.copealcoy.es\\\/es\\\/la-diputacion-invertira-300-000-euros-en-la-rehabilitacion-del-patrimonio\\\/#primaryimage\"},\"thumbnailUrl\":\"https:\\\/\\\/www.copealcoy.es\\\/wp-content\\\/uploads\\\/2016\\\/08\\\/Fageca.jpg\",\"keywords\":[\"Ayudas\",\"Diputaci\u00f3n de Alicante\",\"Inversiones\",\"Patrimonio\"],\"articleSection\":[\"Comarcas\",\"Noticias\"],\"inLanguage\":\"es\"},{\"@type\":\"WebPage\",\"@id\":\"https:\\\/\\\/www.copealcoy.es\\\/es\\\/la-diputacion-invertira-300-000-euros-en-la-rehabilitacion-del-patrimonio\\\/\",\"url\":\"https:\\\/\\\/www.copealcoy.es\\\/es\\\/la-diputacion-invertira-300-000-euros-en-la-rehabilitacion-del-patrimonio\\\/\",\"name\":\"La Diputaci\u00f3n invertir\u00e1 300.000 euros en la rehabilitaci\u00f3n del patrimonio - COPE Alcoy\",\"isPartOf\":{\"@id\":\"https:\\\/\\\/www.copealcoy.es\\\/es\\\/#website\"},\"primaryImageOfPage\":{\"@id\":\"https:\\\/\\\/www.copealcoy.es\\\/es\\\/la-diputacion-invertira-300-000-euros-en-la-rehabilitacion-del-patrimonio\\\/#primaryimage\"},\"image\":{\"@id\":\"https:\\\/\\\/www.copealcoy.es\\\/es\\\/la-diputacion-invertira-300-000-euros-en-la-rehabilitacion-del-patrimonio\\\/#primaryimage\"},\"thumbnailUrl\":\"https:\\\/\\\/www.copealcoy.es\\\/wp-content\\\/uploads\\\/2016\\\/08\\\/Fageca.jpg\",\"datePublished\":\"2022-04-04T13:56:40+00:00\",\"dateModified\":\"2022-04-04T16:29:57+00:00\",\"author\":{\"@id\":\"https:\\\/\\\/www.copealcoy.es\\\/es\\\/#\\\/schema\\\/person\\\/e777c87fa024e57d40170af9df39882c\"},\"breadcrumb\":{\"@id\":\"https:\\\/\\\/www.copealcoy.es\\\/es\\\/la-diputacion-invertira-300-000-euros-en-la-rehabilitacion-del-patrimonio\\\/#breadcrumb\"},\"inLanguage\":\"es\",\"potentialAction\":[{\"@type\":\"ReadAction\",\"target\":[\"https:\\\/\\\/www.copealcoy.es\\\/es\\\/la-diputacion-invertira-300-000-euros-en-la-rehabilitacion-del-patrimonio\\\/\"]}]},{\"@type\":\"ImageObject\",\"inLanguage\":\"es\",\"@id\":\"https:\\\/\\\/www.copealcoy.es\\\/es\\\/la-diputacion-invertira-300-000-euros-en-la-rehabilitacion-del-patrimonio\\\/#primaryimage\",\"url\":\"https:\\\/\\\/www.copealcoy.es\\\/wp-content\\\/uploads\\\/2016\\\/08\\\/Fageca.jpg\",\"contentUrl\":\"https:\\\/\\\/www.copealcoy.es\\\/wp-content\\\/uploads\\\/2016\\\/08\\\/Fageca.jpg\",\"width\":1006,\"height\":768,\"caption\":\"Fageca es uno de los municipios que recibir\u00e1 ayudas para rehabilitar su piscina\"},{\"@type\":\"BreadcrumbList\",\"@id\":\"https:\\\/\\\/www.copealcoy.es\\\/es\\\/la-diputacion-invertira-300-000-euros-en-la-rehabilitacion-del-patrimonio\\\/#breadcrumb\",\"itemListElement\":[{\"@type\":\"ListItem\",\"position\":1,\"name\":\"Portada\",\"item\":\"https:\\\/\\\/www.copealcoy.es\\\/es\\\/\"},{\"@type\":\"ListItem\",\"position\":2,\"name\":\"La Diputaci\u00f3n invertir\u00e1 300.000 euros en la rehabilitaci\u00f3n del patrimonio\"}]},{\"@type\":\"WebSite\",\"@id\":\"https:\\\/\\\/www.copealcoy.es\\\/es\\\/#website\",\"url\":\"https:\\\/\\\/www.copealcoy.es\\\/es\\\/\",\"name\":\"COPE Alcoy\",\"description\":\"Emisora COPE de radio local con emisi\u00f3n online. Pont de Sant Jordi 8-10 03803 Alcoy\",\"potentialAction\":[{\"@type\":\"SearchAction\",\"target\":{\"@type\":\"EntryPoint\",\"urlTemplate\":\"https:\\\/\\\/www.copealcoy.es\\\/es\\\/?s={search_term_string}\"},\"query-input\":{\"@type\":\"PropertyValueSpecification\",\"valueRequired\":true,\"valueName\":\"search_term_string\"}}],\"inLanguage\":\"es\"},{\"@type\":\"Person\",\"@id\":\"https:\\\/\\\/www.copealcoy.es\\\/es\\\/#\\\/schema\\\/person\\\/e777c87fa024e57d40170af9df39882c\",\"name\":\"Cope Alcoy\",\"image\":{\"@type\":\"ImageObject\",\"inLanguage\":\"es\",\"@id\":\"https:\\\/\\\/secure.gravatar.com\\\/avatar\\\/bb65d0283347e303893ba14f0692005417c1e0e690a325a4c5d8bb2b3943ee14?s=96&d=mm&r=g\",\"url\":\"https:\\\/\\\/secure.gravatar.com\\\/avatar\\\/bb65d0283347e303893ba14f0692005417c1e0e690a325a4c5d8bb2b3943ee14?s=96&d=mm&r=g\",\"contentUrl\":\"https:\\\/\\\/secure.gravatar.com\\\/avatar\\\/bb65d0283347e303893ba14f0692005417c1e0e690a325a4c5d8bb2b3943ee14?s=96&d=mm&r=g\",\"caption\":\"Cope Alcoy\"}}]}<\/script>\n<!-- \/ Yoast SEO plugin. -->","yoast_head_json":{"title":"La Diputaci\u00f3n invertir\u00e1 300.000 euros en la rehabilitaci\u00f3n del patrimonio - COPE Alcoy","robots":{"index":"index","follow":"follow","max-snippet":"max-snippet:-1","max-image-preview":"max-image-preview:large","max-video-preview":"max-video-preview:-1"},"canonical":"https:\/\/www.copealcoy.es\/es\/la-diputacion-invertira-300-000-euros-en-la-rehabilitacion-del-patrimonio\/","og_locale":"es_ES","og_type":"article","og_title":"La Diputaci\u00f3n invertir\u00e1 300.000 euros en la rehabilitaci\u00f3n del patrimonio - COPE Alcoy","og_description":"La Diputaci\u00f3n Provincial de Alicante invertir\u00e1 300.000 euros en la rehabilitaci\u00f3n del patrimonio hist\u00f3rico de ocho municipios de la provincia....","og_url":"https:\/\/www.copealcoy.es\/es\/la-diputacion-invertira-300-000-euros-en-la-rehabilitacion-del-patrimonio\/","og_site_name":"COPE Alcoy","article_published_time":"2022-04-04T13:56:40+00:00","article_modified_time":"2022-04-04T16:29:57+00:00","og_image":[{"width":1006,"height":768,"url":"https:\/\/www.copealcoy.es\/wp-content\/uploads\/2016\/08\/Fageca.jpg","type":"image\/jpeg"}],"author":"Cope Alcoy","twitter_misc":{"Escrito por":"Cope Alcoy","Tiempo de lectura":"1 minuto"},"schema":{"@context":"https:\/\/schema.org","@graph":[{"@type":"Article","@id":"https:\/\/www.copealcoy.es\/es\/la-diputacion-invertira-300-000-euros-en-la-rehabilitacion-del-patrimonio\/#article","isPartOf":{"@id":"https:\/\/www.copealcoy.es\/es\/la-diputacion-invertira-300-000-euros-en-la-rehabilitacion-del-patrimonio\/"},"author":{"name":"Cope Alcoy","@id":"https:\/\/www.copealcoy.es\/es\/#\/schema\/person\/e777c87fa024e57d40170af9df39882c"},"headline":"La Diputaci\u00f3n invertir\u00e1 300.000 euros en la rehabilitaci\u00f3n del patrimonio","datePublished":"2022-04-04T13:56:40+00:00","dateModified":"2022-04-04T16:29:57+00:00","mainEntityOfPage":{"@id":"https:\/\/www.copealcoy.es\/es\/la-diputacion-invertira-300-000-euros-en-la-rehabilitacion-del-patrimonio\/"},"wordCount":171,"commentCount":0,"image":{"@id":"https:\/\/www.copealcoy.es\/es\/la-diputacion-invertira-300-000-euros-en-la-rehabilitacion-del-patrimonio\/#primaryimage"},"thumbnailUrl":"https:\/\/www.copealcoy.es\/wp-content\/uploads\/2016\/08\/Fageca.jpg","keywords":["Ayudas","Diputaci\u00f3n de Alicante","Inversiones","Patrimonio"],"articleSection":["Comarcas","Noticias"],"inLanguage":"es"},{"@type":"WebPage","@id":"https:\/\/www.copealcoy.es\/es\/la-diputacion-invertira-300-000-euros-en-la-rehabilitacion-del-patrimonio\/","url":"https:\/\/www.copealcoy.es\/es\/la-diputacion-invertira-300-000-euros-en-la-rehabilitacion-del-patrimonio\/","name":"La Diputaci\u00f3n invertir\u00e1 300.000 euros en la rehabilitaci\u00f3n del patrimonio - COPE Alcoy","isPartOf":{"@id":"https:\/\/www.copealcoy.es\/es\/#website"},"primaryImageOfPage":{"@id":"https:\/\/www.copealcoy.es\/es\/la-diputacion-invertira-300-000-euros-en-la-rehabilitacion-del-patrimonio\/#primaryimage"},"image":{"@id":"https:\/\/www.copealcoy.es\/es\/la-diputacion-invertira-300-000-euros-en-la-rehabilitacion-del-patrimonio\/#primaryimage"},"thumbnailUrl":"https:\/\/www.copealcoy.es\/wp-content\/uploads\/2016\/08\/Fageca.jpg","datePublished":"2022-04-04T13:56:40+00:00","dateModified":"2022-04-04T16:29:57+00:00","author":{"@id":"https:\/\/www.copealcoy.es\/es\/#\/schema\/person\/e777c87fa024e57d40170af9df39882c"},"breadcrumb":{"@id":"https:\/\/www.copealcoy.es\/es\/la-diputacion-invertira-300-000-euros-en-la-rehabilitacion-del-patrimonio\/#breadcrumb"},"inLanguage":"es","potentialAction":[{"@type":"ReadAction","target":["https:\/\/www.copealcoy.es\/es\/la-diputacion-invertira-300-000-euros-en-la-rehabilitacion-del-patrimonio\/"]}]},{"@type":"ImageObject","inLanguage":"es","@id":"https:\/\/www.copealcoy.es\/es\/la-diputacion-invertira-300-000-euros-en-la-rehabilitacion-del-patrimonio\/#primaryimage","url":"https:\/\/www.copealcoy.es\/wp-content\/uploads\/2016\/08\/Fageca.jpg","contentUrl":"https:\/\/www.copealcoy.es\/wp-content\/uploads\/2016\/08\/Fageca.jpg","width":1006,"height":768,"caption":"Fageca es uno de los municipios que recibir\u00e1 ayudas para rehabilitar su piscina"},{"@type":"BreadcrumbList","@id":"https:\/\/www.copealcoy.es\/es\/la-diputacion-invertira-300-000-euros-en-la-rehabilitacion-del-patrimonio\/#breadcrumb","itemListElement":[{"@type":"ListItem","position":1,"name":"Portada","item":"https:\/\/www.copealcoy.es\/es\/"},{"@type":"ListItem","position":2,"name":"La Diputaci\u00f3n invertir\u00e1 300.000 euros en la rehabilitaci\u00f3n del patrimonio"}]},{"@type":"WebSite","@id":"https:\/\/www.copealcoy.es\/es\/#website","url":"https:\/\/www.copealcoy.es\/es\/","name":"COPE Alcoy","description":"Emisora COPE de radio local con emisi\u00f3n online. Pont de Sant Jordi 8-10 03803 Alcoy","potentialAction":[{"@type":"SearchAction","target":{"@type":"EntryPoint","urlTemplate":"https:\/\/www.copealcoy.es\/es\/?s={search_term_string}"},"query-input":{"@type":"PropertyValueSpecification","valueRequired":true,"valueName":"search_term_string"}}],"inLanguage":"es"},{"@type":"Person","@id":"https:\/\/www.copealcoy.es\/es\/#\/schema\/person\/e777c87fa024e57d40170af9df39882c","name":"Cope Alcoy","image":{"@type":"ImageObject","inLanguage":"es","@id":"https:\/\/secure.gravatar.com\/avatar\/bb65d0283347e303893ba14f0692005417c1e0e690a325a4c5d8bb2b3943ee14?s=96&d=mm&r=g","url":"https:\/\/secure.gravatar.com\/avatar\/bb65d0283347e303893ba14f0692005417c1e0e690a325a4c5d8bb2b3943ee14?s=96&d=mm&r=g","contentUrl":"https:\/\/secure.gravatar.com\/avatar\/bb65d0283347e303893ba14f0692005417c1e0e690a325a4c5d8bb2b3943ee14?s=96&d=mm&r=g","caption":"Cope Alcoy"}}]}},"_links":{"self":[{"href":"https:\/\/www.copealcoy.es\/es\/wp-json\/wp\/v2\/posts\/85764","targetHints":{"allow":["GET"]}}],"collection":[{"href":"https:\/\/www.copealcoy.es\/es\/wp-json\/wp\/v2\/posts"}],"about":[{"href":"https:\/\/www.copealcoy.es\/es\/wp-json\/wp\/v2\/types\/post"}],"author":[{"embeddable":true,"href":"https:\/\/www.copealcoy.es\/es\/wp-json\/wp\/v2\/users\/1"}],"replies":[{"embeddable":true,"href":"https:\/\/www.copealcoy.es\/es\/wp-json\/wp\/v2\/comments?post=85764"}],"version-history":[{"count":0,"href":"https:\/\/www.copealcoy.es\/es\/wp-json\/wp\/v2\/posts\/85764\/revisions"}],"wp:featuredmedia":[{"embeddable":true,"href":"https:\/\/www.copealcoy.es\/es\/wp-json\/wp\/v2\/media\/24346"}],"wp:attachment":[{"href":"https:\/\/www.copealcoy.es\/es\/wp-json\/wp\/v2\/media?parent=85764"}],"wp:term":[{"taxonomy":"category","embeddable":true,"href":"https:\/\/www.copealcoy.es\/es\/wp-json\/wp\/v2\/categories?post=85764"},{"taxonomy":"post_tag","embeddable":true,"href":"https:\/\/www.copealcoy.es\/es\/wp-json\/wp\/v2\/tags?post=85764"}],"curies":[{"name":"wp","href":"https:\/\/api.w.org\/{rel}","templated":true}]}}