{"id":85742,"date":"2022-04-03T20:10:05","date_gmt":"2022-04-03T19:10:05","guid":{"rendered":"https:\/\/www.copealcoy.es\/?p=85742"},"modified":"2022-04-04T12:34:17","modified_gmt":"2022-04-04T11:34:17","slug":"como-acceder-a-los-garajes-del-centro-durante-las-fiestas","status":"publish","type":"post","link":"https:\/\/www.copealcoy.es\/es\/como-acceder-a-los-garajes-del-centro-durante-las-fiestas\/","title":{"rendered":"\u00bfC\u00f3mo acceder a los garajes del Centro durante las Fiestas?"},"content":{"rendered":"<p style=\"text-align: justify;\">El Ayuntamiento de Alcoy ha comunicado que a partir de esta semana podr\u00e1n obtenerse los pases para poder acceder a los garajes ubicados en el Centro de la ciudad durante los d\u00edas de las Fiestas de Moros y Cristianos. Ser\u00e1 en las dependencias de la Polic\u00eda Local.<\/p>\n<p align=\"justify\"><span lang=\"ca-ES\">Para ello, ser\u00e1 obligatorio pedir cita previa a trav\u00e9s de la web\u00a0<\/span><strong><span lang=\"zxx\" style=\"color: #0000ff;\"><a style=\"color: #0000ff;\" href=\"https:\/\/citaprevia.alcoi.org\/\"><span lang=\"ca-ES\">https:\/\/citaprevia.alcoi.org<\/span><\/a><\/span><\/strong><span lang=\"ca-ES\"><strong><span style=\"color: #0000ff;\">.<\/span><\/strong> Una vez dentro de la p\u00e1gina, se debe elegir \u00abpedir cita previa\u00bb, seleccionar el departamento de \u00abPolic\u00eda Local\u00bb y el tr\u00e1mite \u00abPases Fiestas 2022\u00bb. Esto \u00faltimo, seg\u00fan la informaci\u00f3n facilitada, dar\u00e1 opci\u00f3n a escoger d\u00eda y hora para ser atendido en las instalaciones de la calle Casablanca. Pueden reservarse citas para los d\u00edas 4, 5, 6, 7, 8, 11, 12 y 13 de abril.<\/span><\/p>\n<p align=\"justify\"><span lang=\"ca-ES\">Recordar que durante los d\u00edas en los que se celebran &#8216;E<\/span><span lang=\"ca-ES\">ntraetes&#8217;<\/span><span lang=\"ca-ES\">, la zona afectada por el itinerario del acto est\u00e1 cortada al tr\u00e1fico a partir de las diez de la noche.<\/span><\/p>\n","protected":false},"excerpt":{"rendered":"<p>El Ayuntamiento de Alcoy ha comunicado que a partir de esta semana podr\u00e1n obtenerse los pases para poder acceder a&#8230;<\/p>\n","protected":false},"author":1,"featured_media":85743,"comment_status":"open","ping_status":"open","sticky":false,"template":"","format":"standard","meta":{"footnotes":""},"categories":[6909,97,75,79,125],"tags":[146,295,2001,12601],"class_list":["post-85742","post","type-post","status-publish","format-standard","has-post-thumbnail","hentry","category-actualidad","category-alcoy","category-noticias","category-politicayeconomia","category-portada","tag-aparcamiento","tag-centro","tag-fiestas-de-moros-y-cristianos","tag-garaje"],"yoast_head":"<!-- This site is optimized with the Yoast SEO plugin v27.3 - https:\/\/yoast.com\/product\/yoast-seo-wordpress\/ -->\n<title>\u00bfC\u00f3mo acceder a los garajes del Centro durante las Fiestas? - COPE Alcoy<\/title>\n<meta name=\"robots\" content=\"index, follow, max-snippet:-1, max-image-preview:large, max-video-preview:-1\" \/>\n<link rel=\"canonical\" href=\"https:\/\/www.copealcoy.es\/es\/como-acceder-a-los-garajes-del-centro-durante-las-fiestas\/\" \/>\n<meta property=\"og:locale\" content=\"es_ES\" \/>\n<meta property=\"og:type\" content=\"article\" \/>\n<meta property=\"og:title\" content=\"\u00bfC\u00f3mo acceder a los garajes del Centro durante las Fiestas? - COPE Alcoy\" \/>\n<meta property=\"og:description\" content=\"El Ayuntamiento de Alcoy ha comunicado que a partir de esta semana podr\u00e1n obtenerse los pases para poder acceder a...\" \/>\n<meta property=\"og:url\" content=\"https:\/\/www.copealcoy.es\/es\/como-acceder-a-los-garajes-del-centro-durante-las-fiestas\/\" \/>\n<meta property=\"og:site_name\" content=\"COPE Alcoy\" \/>\n<meta property=\"article:published_time\" content=\"2022-04-03T19:10:05+00:00\" \/>\n<meta property=\"article:modified_time\" content=\"2022-04-04T11:34:17+00:00\" \/>\n<meta property=\"og:image\" content=\"https:\/\/www.copealcoy.es\/wp-content\/uploads\/2022\/04\/alcoi-serv-policia-local.jpg\" \/>\n\t<meta property=\"og:image:width\" content=\"619\" \/>\n\t<meta property=\"og:image:height\" content=\"462\" \/>\n\t<meta property=\"og:image:type\" content=\"image\/jpeg\" \/>\n<meta name=\"author\" content=\"Cope Alcoy\" \/>\n<meta name=\"twitter:label1\" content=\"Escrito por\" \/>\n\t<meta name=\"twitter:data1\" content=\"Cope Alcoy\" \/>\n\t<meta name=\"twitter:label2\" content=\"Tiempo de lectura\" \/>\n\t<meta name=\"twitter:data2\" content=\"1 minuto\" \/>\n<script type=\"application\/ld+json\" class=\"yoast-schema-graph\">{\"@context\":\"https:\\\/\\\/schema.org\",\"@graph\":[{\"@type\":\"Article\",\"@id\":\"https:\\\/\\\/www.copealcoy.es\\\/es\\\/como-acceder-a-los-garajes-del-centro-durante-las-fiestas\\\/#article\",\"isPartOf\":{\"@id\":\"https:\\\/\\\/www.copealcoy.es\\\/es\\\/como-acceder-a-los-garajes-del-centro-durante-las-fiestas\\\/\"},\"author\":{\"name\":\"Cope Alcoy\",\"@id\":\"https:\\\/\\\/www.copealcoy.es\\\/es\\\/#\\\/schema\\\/person\\\/e777c87fa024e57d40170af9df39882c\"},\"headline\":\"\u00bfC\u00f3mo acceder a los garajes del Centro durante las Fiestas?\",\"datePublished\":\"2022-04-03T19:10:05+00:00\",\"dateModified\":\"2022-04-04T11:34:17+00:00\",\"mainEntityOfPage\":{\"@id\":\"https:\\\/\\\/www.copealcoy.es\\\/es\\\/como-acceder-a-los-garajes-del-centro-durante-las-fiestas\\\/\"},\"wordCount\":175,\"commentCount\":0,\"image\":{\"@id\":\"https:\\\/\\\/www.copealcoy.es\\\/es\\\/como-acceder-a-los-garajes-del-centro-durante-las-fiestas\\\/#primaryimage\"},\"thumbnailUrl\":\"https:\\\/\\\/www.copealcoy.es\\\/wp-content\\\/uploads\\\/2022\\\/04\\\/alcoi-serv-policia-local.jpg\",\"keywords\":[\"Aparcamiento\",\"Centro\",\"Fiestas de Moros y Cristianos\",\"garaje\"],\"articleSection\":[\"Actualidad\",\"Alcoy\",\"Noticias\",\"Pol\u00edtica y Econom\u00eda\",\"Portada\"],\"inLanguage\":\"es\"},{\"@type\":\"WebPage\",\"@id\":\"https:\\\/\\\/www.copealcoy.es\\\/es\\\/como-acceder-a-los-garajes-del-centro-durante-las-fiestas\\\/\",\"url\":\"https:\\\/\\\/www.copealcoy.es\\\/es\\\/como-acceder-a-los-garajes-del-centro-durante-las-fiestas\\\/\",\"name\":\"\u00bfC\u00f3mo acceder a los garajes del Centro durante las Fiestas? - COPE Alcoy\",\"isPartOf\":{\"@id\":\"https:\\\/\\\/www.copealcoy.es\\\/es\\\/#website\"},\"primaryImageOfPage\":{\"@id\":\"https:\\\/\\\/www.copealcoy.es\\\/es\\\/como-acceder-a-los-garajes-del-centro-durante-las-fiestas\\\/#primaryimage\"},\"image\":{\"@id\":\"https:\\\/\\\/www.copealcoy.es\\\/es\\\/como-acceder-a-los-garajes-del-centro-durante-las-fiestas\\\/#primaryimage\"},\"thumbnailUrl\":\"https:\\\/\\\/www.copealcoy.es\\\/wp-content\\\/uploads\\\/2022\\\/04\\\/alcoi-serv-policia-local.jpg\",\"datePublished\":\"2022-04-03T19:10:05+00:00\",\"dateModified\":\"2022-04-04T11:34:17+00:00\",\"author\":{\"@id\":\"https:\\\/\\\/www.copealcoy.es\\\/es\\\/#\\\/schema\\\/person\\\/e777c87fa024e57d40170af9df39882c\"},\"breadcrumb\":{\"@id\":\"https:\\\/\\\/www.copealcoy.es\\\/es\\\/como-acceder-a-los-garajes-del-centro-durante-las-fiestas\\\/#breadcrumb\"},\"inLanguage\":\"es\",\"potentialAction\":[{\"@type\":\"ReadAction\",\"target\":[\"https:\\\/\\\/www.copealcoy.es\\\/es\\\/como-acceder-a-los-garajes-del-centro-durante-las-fiestas\\\/\"]}]},{\"@type\":\"ImageObject\",\"inLanguage\":\"es\",\"@id\":\"https:\\\/\\\/www.copealcoy.es\\\/es\\\/como-acceder-a-los-garajes-del-centro-durante-las-fiestas\\\/#primaryimage\",\"url\":\"https:\\\/\\\/www.copealcoy.es\\\/wp-content\\\/uploads\\\/2022\\\/04\\\/alcoi-serv-policia-local.jpg\",\"contentUrl\":\"https:\\\/\\\/www.copealcoy.es\\\/wp-content\\\/uploads\\\/2022\\\/04\\\/alcoi-serv-policia-local.jpg\",\"width\":619,\"height\":462},{\"@type\":\"BreadcrumbList\",\"@id\":\"https:\\\/\\\/www.copealcoy.es\\\/es\\\/como-acceder-a-los-garajes-del-centro-durante-las-fiestas\\\/#breadcrumb\",\"itemListElement\":[{\"@type\":\"ListItem\",\"position\":1,\"name\":\"Portada\",\"item\":\"https:\\\/\\\/www.copealcoy.es\\\/es\\\/\"},{\"@type\":\"ListItem\",\"position\":2,\"name\":\"\u00bfC\u00f3mo acceder a los garajes del Centro durante las Fiestas?\"}]},{\"@type\":\"WebSite\",\"@id\":\"https:\\\/\\\/www.copealcoy.es\\\/es\\\/#website\",\"url\":\"https:\\\/\\\/www.copealcoy.es\\\/es\\\/\",\"name\":\"COPE Alcoy\",\"description\":\"Emisora COPE de radio local con emisi\u00f3n online. Pont de Sant Jordi 8-10 03803 Alcoy\",\"potentialAction\":[{\"@type\":\"SearchAction\",\"target\":{\"@type\":\"EntryPoint\",\"urlTemplate\":\"https:\\\/\\\/www.copealcoy.es\\\/es\\\/?s={search_term_string}\"},\"query-input\":{\"@type\":\"PropertyValueSpecification\",\"valueRequired\":true,\"valueName\":\"search_term_string\"}}],\"inLanguage\":\"es\"},{\"@type\":\"Person\",\"@id\":\"https:\\\/\\\/www.copealcoy.es\\\/es\\\/#\\\/schema\\\/person\\\/e777c87fa024e57d40170af9df39882c\",\"name\":\"Cope Alcoy\",\"image\":{\"@type\":\"ImageObject\",\"inLanguage\":\"es\",\"@id\":\"https:\\\/\\\/secure.gravatar.com\\\/avatar\\\/bb65d0283347e303893ba14f0692005417c1e0e690a325a4c5d8bb2b3943ee14?s=96&d=mm&r=g\",\"url\":\"https:\\\/\\\/secure.gravatar.com\\\/avatar\\\/bb65d0283347e303893ba14f0692005417c1e0e690a325a4c5d8bb2b3943ee14?s=96&d=mm&r=g\",\"contentUrl\":\"https:\\\/\\\/secure.gravatar.com\\\/avatar\\\/bb65d0283347e303893ba14f0692005417c1e0e690a325a4c5d8bb2b3943ee14?s=96&d=mm&r=g\",\"caption\":\"Cope Alcoy\"}}]}<\/script>\n<!-- \/ Yoast SEO plugin. -->","yoast_head_json":{"title":"\u00bfC\u00f3mo acceder a los garajes del Centro durante las Fiestas? - COPE Alcoy","robots":{"index":"index","follow":"follow","max-snippet":"max-snippet:-1","max-image-preview":"max-image-preview:large","max-video-preview":"max-video-preview:-1"},"canonical":"https:\/\/www.copealcoy.es\/es\/como-acceder-a-los-garajes-del-centro-durante-las-fiestas\/","og_locale":"es_ES","og_type":"article","og_title":"\u00bfC\u00f3mo acceder a los garajes del Centro durante las Fiestas? - COPE Alcoy","og_description":"El Ayuntamiento de Alcoy ha comunicado que a partir de esta semana podr\u00e1n obtenerse los pases para poder acceder a...","og_url":"https:\/\/www.copealcoy.es\/es\/como-acceder-a-los-garajes-del-centro-durante-las-fiestas\/","og_site_name":"COPE Alcoy","article_published_time":"2022-04-03T19:10:05+00:00","article_modified_time":"2022-04-04T11:34:17+00:00","og_image":[{"width":619,"height":462,"url":"https:\/\/www.copealcoy.es\/wp-content\/uploads\/2022\/04\/alcoi-serv-policia-local.jpg","type":"image\/jpeg"}],"author":"Cope Alcoy","twitter_misc":{"Escrito por":"Cope Alcoy","Tiempo de lectura":"1 minuto"},"schema":{"@context":"https:\/\/schema.org","@graph":[{"@type":"Article","@id":"https:\/\/www.copealcoy.es\/es\/como-acceder-a-los-garajes-del-centro-durante-las-fiestas\/#article","isPartOf":{"@id":"https:\/\/www.copealcoy.es\/es\/como-acceder-a-los-garajes-del-centro-durante-las-fiestas\/"},"author":{"name":"Cope Alcoy","@id":"https:\/\/www.copealcoy.es\/es\/#\/schema\/person\/e777c87fa024e57d40170af9df39882c"},"headline":"\u00bfC\u00f3mo acceder a los garajes del Centro durante las Fiestas?","datePublished":"2022-04-03T19:10:05+00:00","dateModified":"2022-04-04T11:34:17+00:00","mainEntityOfPage":{"@id":"https:\/\/www.copealcoy.es\/es\/como-acceder-a-los-garajes-del-centro-durante-las-fiestas\/"},"wordCount":175,"commentCount":0,"image":{"@id":"https:\/\/www.copealcoy.es\/es\/como-acceder-a-los-garajes-del-centro-durante-las-fiestas\/#primaryimage"},"thumbnailUrl":"https:\/\/www.copealcoy.es\/wp-content\/uploads\/2022\/04\/alcoi-serv-policia-local.jpg","keywords":["Aparcamiento","Centro","Fiestas de Moros y Cristianos","garaje"],"articleSection":["Actualidad","Alcoy","Noticias","Pol\u00edtica y Econom\u00eda","Portada"],"inLanguage":"es"},{"@type":"WebPage","@id":"https:\/\/www.copealcoy.es\/es\/como-acceder-a-los-garajes-del-centro-durante-las-fiestas\/","url":"https:\/\/www.copealcoy.es\/es\/como-acceder-a-los-garajes-del-centro-durante-las-fiestas\/","name":"\u00bfC\u00f3mo acceder a los garajes del Centro durante las Fiestas? - COPE Alcoy","isPartOf":{"@id":"https:\/\/www.copealcoy.es\/es\/#website"},"primaryImageOfPage":{"@id":"https:\/\/www.copealcoy.es\/es\/como-acceder-a-los-garajes-del-centro-durante-las-fiestas\/#primaryimage"},"image":{"@id":"https:\/\/www.copealcoy.es\/es\/como-acceder-a-los-garajes-del-centro-durante-las-fiestas\/#primaryimage"},"thumbnailUrl":"https:\/\/www.copealcoy.es\/wp-content\/uploads\/2022\/04\/alcoi-serv-policia-local.jpg","datePublished":"2022-04-03T19:10:05+00:00","dateModified":"2022-04-04T11:34:17+00:00","author":{"@id":"https:\/\/www.copealcoy.es\/es\/#\/schema\/person\/e777c87fa024e57d40170af9df39882c"},"breadcrumb":{"@id":"https:\/\/www.copealcoy.es\/es\/como-acceder-a-los-garajes-del-centro-durante-las-fiestas\/#breadcrumb"},"inLanguage":"es","potentialAction":[{"@type":"ReadAction","target":["https:\/\/www.copealcoy.es\/es\/como-acceder-a-los-garajes-del-centro-durante-las-fiestas\/"]}]},{"@type":"ImageObject","inLanguage":"es","@id":"https:\/\/www.copealcoy.es\/es\/como-acceder-a-los-garajes-del-centro-durante-las-fiestas\/#primaryimage","url":"https:\/\/www.copealcoy.es\/wp-content\/uploads\/2022\/04\/alcoi-serv-policia-local.jpg","contentUrl":"https:\/\/www.copealcoy.es\/wp-content\/uploads\/2022\/04\/alcoi-serv-policia-local.jpg","width":619,"height":462},{"@type":"BreadcrumbList","@id":"https:\/\/www.copealcoy.es\/es\/como-acceder-a-los-garajes-del-centro-durante-las-fiestas\/#breadcrumb","itemListElement":[{"@type":"ListItem","position":1,"name":"Portada","item":"https:\/\/www.copealcoy.es\/es\/"},{"@type":"ListItem","position":2,"name":"\u00bfC\u00f3mo acceder a los garajes del Centro durante las Fiestas?"}]},{"@type":"WebSite","@id":"https:\/\/www.copealcoy.es\/es\/#website","url":"https:\/\/www.copealcoy.es\/es\/","name":"COPE Alcoy","description":"Emisora COPE de radio local con emisi\u00f3n online. Pont de Sant Jordi 8-10 03803 Alcoy","potentialAction":[{"@type":"SearchAction","target":{"@type":"EntryPoint","urlTemplate":"https:\/\/www.copealcoy.es\/es\/?s={search_term_string}"},"query-input":{"@type":"PropertyValueSpecification","valueRequired":true,"valueName":"search_term_string"}}],"inLanguage":"es"},{"@type":"Person","@id":"https:\/\/www.copealcoy.es\/es\/#\/schema\/person\/e777c87fa024e57d40170af9df39882c","name":"Cope Alcoy","image":{"@type":"ImageObject","inLanguage":"es","@id":"https:\/\/secure.gravatar.com\/avatar\/bb65d0283347e303893ba14f0692005417c1e0e690a325a4c5d8bb2b3943ee14?s=96&d=mm&r=g","url":"https:\/\/secure.gravatar.com\/avatar\/bb65d0283347e303893ba14f0692005417c1e0e690a325a4c5d8bb2b3943ee14?s=96&d=mm&r=g","contentUrl":"https:\/\/secure.gravatar.com\/avatar\/bb65d0283347e303893ba14f0692005417c1e0e690a325a4c5d8bb2b3943ee14?s=96&d=mm&r=g","caption":"Cope Alcoy"}}]}},"_links":{"self":[{"href":"https:\/\/www.copealcoy.es\/es\/wp-json\/wp\/v2\/posts\/85742","targetHints":{"allow":["GET"]}}],"collection":[{"href":"https:\/\/www.copealcoy.es\/es\/wp-json\/wp\/v2\/posts"}],"about":[{"href":"https:\/\/www.copealcoy.es\/es\/wp-json\/wp\/v2\/types\/post"}],"author":[{"embeddable":true,"href":"https:\/\/www.copealcoy.es\/es\/wp-json\/wp\/v2\/users\/1"}],"replies":[{"embeddable":true,"href":"https:\/\/www.copealcoy.es\/es\/wp-json\/wp\/v2\/comments?post=85742"}],"version-history":[{"count":0,"href":"https:\/\/www.copealcoy.es\/es\/wp-json\/wp\/v2\/posts\/85742\/revisions"}],"wp:featuredmedia":[{"embeddable":true,"href":"https:\/\/www.copealcoy.es\/es\/wp-json\/wp\/v2\/media\/85743"}],"wp:attachment":[{"href":"https:\/\/www.copealcoy.es\/es\/wp-json\/wp\/v2\/media?parent=85742"}],"wp:term":[{"taxonomy":"category","embeddable":true,"href":"https:\/\/www.copealcoy.es\/es\/wp-json\/wp\/v2\/categories?post=85742"},{"taxonomy":"post_tag","embeddable":true,"href":"https:\/\/www.copealcoy.es\/es\/wp-json\/wp\/v2\/tags?post=85742"}],"curies":[{"name":"wp","href":"https:\/\/api.w.org\/{rel}","templated":true}]}}