{"id":85618,"date":"2022-03-31T14:16:47","date_gmt":"2022-03-31T13:16:47","guid":{"rendered":"https:\/\/www.copealcoy.es\/?p=85618"},"modified":"2022-03-31T14:33:58","modified_gmt":"2022-03-31T13:33:58","slug":"alcoy-ciudad-referente-en-la-investigacion-del-cancer","status":"publish","type":"post","link":"https:\/\/www.copealcoy.es\/es\/alcoy-ciudad-referente-en-la-investigacion-del-cancer\/","title":{"rendered":"Alcoy, ciudad referente en la investigaci\u00f3n del C\u00e1ncer"},"content":{"rendered":"<p style=\"text-align: justify;\">Alcoy acoger\u00e1 <strong>los d\u00edas 20 y 21 de abril<\/strong> la <strong>sexta edici\u00f3n del encuentro de investigadores en C\u00e1ncer<\/strong>, una cita que se ha presentado hoy coincidiendo con <strong>el D\u00eda Internacional del C\u00e1ncer de C\u00f3lon<\/strong>. Ser\u00e1 en esta ocasi\u00f3n<strong> bajo el lema \u2018Juntos + Contra el C\u00e1ncer\u2019<\/strong> y en esta cita se analizar\u00e1n<strong>\u00a0los \u00faltimos avances <\/strong>en <strong>la lucha contra la enfermedad, los objetivos conseguidos y los retos<\/strong> que se plantean de cara al futuro m\u00e1s inmediato.<\/p>\n<p style=\"text-align: justify;\">Destacados investigadores del \u00e1mbito auton\u00f3mico y nacional <strong>participar\u00e1n en una cita que se ha convertido en un referente en esta materia<\/strong> en la Comunitat Valenciana. <strong>Jos\u00e9 Antonio L\u00f3pez Guerrero<\/strong>, Director del encuentro y Jefe del Laboratorio de Biolog\u00eda Molecular del IVO, pone el acento en \u00c1ngela Nieto; la encargada de cerrar las sesiones:<\/p>\n<audio class=\"wp-audio-shortcode\" id=\"audio-85618-1\" preload=\"none\" style=\"width: 100%;\" controls=\"controls\"><source type=\"audio\/mpeg\" src=\"https:\/\/www.copealcoy.es\/wp-content\/uploads\/2022\/03\/2022.03.31-JOSE\u0301-ANTONIO-CONGRESO-MEDIODI\u0301A.mp3?_=1\" \/><a href=\"https:\/\/www.copealcoy.es\/wp-content\/uploads\/2022\/03\/2022.03.31-JOSE\u0301-ANTONIO-CONGRESO-MEDIODI\u0301A.mp3\">https:\/\/www.copealcoy.es\/wp-content\/uploads\/2022\/03\/2022.03.31-JOSE\u0301-ANTONIO-CONGRESO-MEDIODI\u0301A.mp3<\/a><\/audio>\n<p>&nbsp;<\/p>\n<p style=\"text-align: justify;\"><strong>M\u00f3nica Pont<\/strong>, Directora de la Fundaci\u00f3n Fisabio, ha remarcado la necesidad de reforzar la colaboraci\u00f3n de instituciones y empresas para avanzar en la lucha contra el C\u00e1ncer. Tambi\u00e9n ha hablado de que las jornadas contar\u00e1n con las intervenciones de investigadores s\u00e9niors y j\u00f3venes, los cuales aportar\u00e1n sus conocimientos y experiencias:<\/p>\n<audio class=\"wp-audio-shortcode\" id=\"audio-85618-2\" preload=\"none\" style=\"width: 100%;\" controls=\"controls\"><source type=\"audio\/mpeg\" src=\"https:\/\/www.copealcoy.es\/wp-content\/uploads\/2022\/03\/2022.03.31-MO\u0301NICA-CONGRESO-MEDIODI\u0301A.mp3?_=2\" \/><a href=\"https:\/\/www.copealcoy.es\/wp-content\/uploads\/2022\/03\/2022.03.31-MO\u0301NICA-CONGRESO-MEDIODI\u0301A.mp3\">https:\/\/www.copealcoy.es\/wp-content\/uploads\/2022\/03\/2022.03.31-MO\u0301NICA-CONGRESO-MEDIODI\u0301A.mp3<\/a><\/audio>\n<p style=\"text-align: justify;\"><strong>\u00a0<\/strong><\/p>\n<p style=\"text-align: justify;\">Por su parte <strong>Enrique Barbeito<\/strong>, Gerente del Departamento de Salud de Alcoy, ha indicado esta ma\u00f1ana la importancia de que nuestra \u00e1rea sanitaria acoja un encuentro de estas caracter\u00edsticas. Adem\u00e1s ha expresado su satisfacci\u00f3n por estar presente en la presentaci\u00f3n del encuentro:<\/p>\n<audio class=\"wp-audio-shortcode\" id=\"audio-85618-3\" preload=\"none\" style=\"width: 100%;\" controls=\"controls\"><source type=\"audio\/mpeg\" src=\"https:\/\/www.copealcoy.es\/wp-content\/uploads\/2022\/03\/2022.03.31-BARBEITO-CONGRESO-MEDIODI\u0301A.mp3?_=3\" \/><a href=\"https:\/\/www.copealcoy.es\/wp-content\/uploads\/2022\/03\/2022.03.31-BARBEITO-CONGRESO-MEDIODI\u0301A.mp3\">https:\/\/www.copealcoy.es\/wp-content\/uploads\/2022\/03\/2022.03.31-BARBEITO-CONGRESO-MEDIODI\u0301A.mp3<\/a><\/audio>\n<p style=\"text-align: justify;\"><strong>\u00a0\u00a0<\/strong><\/p>\n<p style=\"text-align: justify;\">Desde el <strong>Campus \u00a0de Alcoy de la Universidad Polit\u00e9cnica de Valencia (<\/strong>UPV) vuelven a dar a apoyo a esta cita. Su director es <strong>Pau Bernab\u00e9u<\/strong>: <strong>\u00a0\u00a0<\/strong><\/p>\n<audio class=\"wp-audio-shortcode\" id=\"audio-85618-4\" preload=\"none\" style=\"width: 100%;\" controls=\"controls\"><source type=\"audio\/mpeg\" src=\"https:\/\/www.copealcoy.es\/wp-content\/uploads\/2022\/03\/2022.03.31-BERNABEU-CONGRESO-MEDIODI\u0301A.mp3?_=4\" \/><a href=\"https:\/\/www.copealcoy.es\/wp-content\/uploads\/2022\/03\/2022.03.31-BERNABEU-CONGRESO-MEDIODI\u0301A.mp3\">https:\/\/www.copealcoy.es\/wp-content\/uploads\/2022\/03\/2022.03.31-BERNABEU-CONGRESO-MEDIODI\u0301A.mp3<\/a><\/audio>\n<p>&nbsp;<\/p>\n<p style=\"text-align: justify;\">La Asociaci\u00f3n +QueUnTrail vuelve a promover el encuentro y su Presidente, <strong>Paco Fuster<\/strong>, se muestra muy satisfecho por <strong>la consolidaci\u00f3n<\/strong> que ha adquirido el mismo en las \u00faltimas ediciones:<\/p>\n<audio class=\"wp-audio-shortcode\" id=\"audio-85618-5\" preload=\"none\" style=\"width: 100%;\" controls=\"controls\"><source type=\"audio\/mpeg\" src=\"https:\/\/www.copealcoy.es\/wp-content\/uploads\/2022\/03\/2022.03.31-PACO-FUSTER-CONGRESO-MEDIODI\u0301A.mp3?_=5\" \/><a href=\"https:\/\/www.copealcoy.es\/wp-content\/uploads\/2022\/03\/2022.03.31-PACO-FUSTER-CONGRESO-MEDIODI\u0301A.mp3\">https:\/\/www.copealcoy.es\/wp-content\/uploads\/2022\/03\/2022.03.31-PACO-FUSTER-CONGRESO-MEDIODI\u0301A.mp3<\/a><\/audio>\n<p>&nbsp;<\/p>\n<p style=\"text-align: justify;\">Por \u00faltimo, el alcalde, <strong>Antonio Franc\u00e9s<\/strong>, afirma que Alcoy da un paso m\u00e1s y se convierte <strong>en referencia de la lucha contra el C\u00e1ncer<\/strong>:<\/p>\n<audio class=\"wp-audio-shortcode\" id=\"audio-85618-6\" preload=\"none\" style=\"width: 100%;\" controls=\"controls\"><source type=\"audio\/mpeg\" src=\"https:\/\/www.copealcoy.es\/wp-content\/uploads\/2022\/03\/2022.03.31-FRANCE\u0301S-CONGRESO-MEDIODI\u0301A.mp3?_=6\" \/><a href=\"https:\/\/www.copealcoy.es\/wp-content\/uploads\/2022\/03\/2022.03.31-FRANCE\u0301S-CONGRESO-MEDIODI\u0301A.mp3\">https:\/\/www.copealcoy.es\/wp-content\/uploads\/2022\/03\/2022.03.31-FRANCE\u0301S-CONGRESO-MEDIODI\u0301A.mp3<\/a><\/audio>\n<p style=\"text-align: justify;\"><strong>\u00a0<\/strong><\/p>\n<p style=\"text-align: justify;\">El congreso se ha presentado esta ma\u00f1ana y tendr\u00e1 lugar, como hemos dicho, <strong>el 20 y 21 de abril en el IVAM-CADA<\/strong>.\u00a0 Toda <strong>la informaci\u00f3n<\/strong> la puedes consultar <a href=\"https:\/\/www.trailsolidarialcoi.com\/inci-trobada-2020\"><strong><span style=\"color: #0000ff;\">aqu\u00ed<\/span><\/strong><\/a>:<\/p>\n","protected":false},"excerpt":{"rendered":"<p>Alcoy acoger\u00e1 los d\u00edas 20 y 21 de abril la sexta edici\u00f3n del encuentro de investigadores en C\u00e1ncer, una cita&#8230;<\/p>\n","protected":false},"author":1,"featured_media":85619,"comment_status":"open","ping_status":"open","sticky":false,"template":"","format":"standard","meta":{"footnotes":""},"categories":[6909,97,75,125],"tags":[12591,1494,606,8328],"class_list":["post-85618","post","type-post","status-publish","format-standard","has-post-thumbnail","hentry","category-actualidad","category-alcoy","category-noticias","category-portada","tag-queuntrail","tag-alcoy","tag-cancer","tag-investigacion"],"yoast_head":"<!-- This site is optimized with the Yoast SEO plugin v27.3 - https:\/\/yoast.com\/product\/yoast-seo-wordpress\/ -->\n<title>Alcoy, ciudad referente en la investigaci\u00f3n del C\u00e1ncer - COPE Alcoy<\/title>\n<meta name=\"robots\" content=\"index, follow, max-snippet:-1, max-image-preview:large, max-video-preview:-1\" \/>\n<link rel=\"canonical\" href=\"https:\/\/www.copealcoy.es\/es\/alcoy-ciudad-referente-en-la-investigacion-del-cancer\/\" \/>\n<meta property=\"og:locale\" content=\"es_ES\" \/>\n<meta property=\"og:type\" content=\"article\" \/>\n<meta property=\"og:title\" content=\"Alcoy, ciudad referente en la investigaci\u00f3n del C\u00e1ncer - COPE Alcoy\" \/>\n<meta property=\"og:description\" content=\"Alcoy acoger\u00e1 los d\u00edas 20 y 21 de abril la sexta edici\u00f3n del encuentro de investigadores en C\u00e1ncer, una cita...\" \/>\n<meta property=\"og:url\" content=\"https:\/\/www.copealcoy.es\/es\/alcoy-ciudad-referente-en-la-investigacion-del-cancer\/\" \/>\n<meta property=\"og:site_name\" content=\"COPE Alcoy\" \/>\n<meta property=\"article:published_time\" content=\"2022-03-31T13:16:47+00:00\" \/>\n<meta property=\"article:modified_time\" content=\"2022-03-31T13:33:58+00:00\" \/>\n<meta property=\"og:image\" content=\"https:\/\/www.copealcoy.es\/wp-content\/uploads\/2022\/03\/Foto-de-la-roda-de-premsa-Investigacio-Cancer-e1648732596482.jpg\" \/>\n\t<meta property=\"og:image:width\" content=\"640\" \/>\n\t<meta property=\"og:image:height\" content=\"426\" \/>\n\t<meta property=\"og:image:type\" content=\"image\/jpeg\" \/>\n<meta name=\"author\" content=\"Cope Alcoy\" \/>\n<meta name=\"twitter:label1\" content=\"Escrito por\" \/>\n\t<meta name=\"twitter:data1\" content=\"Cope Alcoy\" \/>\n\t<meta name=\"twitter:label2\" content=\"Tiempo de lectura\" \/>\n\t<meta name=\"twitter:data2\" content=\"2 minutos\" \/>\n<script type=\"application\/ld+json\" class=\"yoast-schema-graph\">{\"@context\":\"https:\\\/\\\/schema.org\",\"@graph\":[{\"@type\":\"Article\",\"@id\":\"https:\\\/\\\/www.copealcoy.es\\\/es\\\/alcoy-ciudad-referente-en-la-investigacion-del-cancer\\\/#article\",\"isPartOf\":{\"@id\":\"https:\\\/\\\/www.copealcoy.es\\\/es\\\/alcoy-ciudad-referente-en-la-investigacion-del-cancer\\\/\"},\"author\":{\"name\":\"Cope Alcoy\",\"@id\":\"https:\\\/\\\/www.copealcoy.es\\\/es\\\/#\\\/schema\\\/person\\\/e777c87fa024e57d40170af9df39882c\"},\"headline\":\"Alcoy, ciudad referente en la investigaci\u00f3n del C\u00e1ncer\",\"datePublished\":\"2022-03-31T13:16:47+00:00\",\"dateModified\":\"2022-03-31T13:33:58+00:00\",\"mainEntityOfPage\":{\"@id\":\"https:\\\/\\\/www.copealcoy.es\\\/es\\\/alcoy-ciudad-referente-en-la-investigacion-del-cancer\\\/\"},\"wordCount\":448,\"commentCount\":0,\"image\":{\"@id\":\"https:\\\/\\\/www.copealcoy.es\\\/es\\\/alcoy-ciudad-referente-en-la-investigacion-del-cancer\\\/#primaryimage\"},\"thumbnailUrl\":\"https:\\\/\\\/www.copealcoy.es\\\/wp-content\\\/uploads\\\/2022\\\/03\\\/Foto-de-la-roda-de-premsa-Investigacio-Cancer-e1648732596482.jpg\",\"keywords\":[\"+QueUnTrail\",\"Alcoy\",\"C\u00e1ncer\",\"Investigaci\u00f3n\"],\"articleSection\":[\"Actualidad\",\"Alcoy\",\"Noticias\",\"Portada\"],\"inLanguage\":\"es\"},{\"@type\":\"WebPage\",\"@id\":\"https:\\\/\\\/www.copealcoy.es\\\/es\\\/alcoy-ciudad-referente-en-la-investigacion-del-cancer\\\/\",\"url\":\"https:\\\/\\\/www.copealcoy.es\\\/es\\\/alcoy-ciudad-referente-en-la-investigacion-del-cancer\\\/\",\"name\":\"Alcoy, ciudad referente en la investigaci\u00f3n del C\u00e1ncer - COPE Alcoy\",\"isPartOf\":{\"@id\":\"https:\\\/\\\/www.copealcoy.es\\\/es\\\/#website\"},\"primaryImageOfPage\":{\"@id\":\"https:\\\/\\\/www.copealcoy.es\\\/es\\\/alcoy-ciudad-referente-en-la-investigacion-del-cancer\\\/#primaryimage\"},\"image\":{\"@id\":\"https:\\\/\\\/www.copealcoy.es\\\/es\\\/alcoy-ciudad-referente-en-la-investigacion-del-cancer\\\/#primaryimage\"},\"thumbnailUrl\":\"https:\\\/\\\/www.copealcoy.es\\\/wp-content\\\/uploads\\\/2022\\\/03\\\/Foto-de-la-roda-de-premsa-Investigacio-Cancer-e1648732596482.jpg\",\"datePublished\":\"2022-03-31T13:16:47+00:00\",\"dateModified\":\"2022-03-31T13:33:58+00:00\",\"author\":{\"@id\":\"https:\\\/\\\/www.copealcoy.es\\\/es\\\/#\\\/schema\\\/person\\\/e777c87fa024e57d40170af9df39882c\"},\"breadcrumb\":{\"@id\":\"https:\\\/\\\/www.copealcoy.es\\\/es\\\/alcoy-ciudad-referente-en-la-investigacion-del-cancer\\\/#breadcrumb\"},\"inLanguage\":\"es\",\"potentialAction\":[{\"@type\":\"ReadAction\",\"target\":[\"https:\\\/\\\/www.copealcoy.es\\\/es\\\/alcoy-ciudad-referente-en-la-investigacion-del-cancer\\\/\"]}]},{\"@type\":\"ImageObject\",\"inLanguage\":\"es\",\"@id\":\"https:\\\/\\\/www.copealcoy.es\\\/es\\\/alcoy-ciudad-referente-en-la-investigacion-del-cancer\\\/#primaryimage\",\"url\":\"https:\\\/\\\/www.copealcoy.es\\\/wp-content\\\/uploads\\\/2022\\\/03\\\/Foto-de-la-roda-de-premsa-Investigacio-Cancer-e1648732596482.jpg\",\"contentUrl\":\"https:\\\/\\\/www.copealcoy.es\\\/wp-content\\\/uploads\\\/2022\\\/03\\\/Foto-de-la-roda-de-premsa-Investigacio-Cancer-e1648732596482.jpg\",\"width\":640,\"height\":426},{\"@type\":\"BreadcrumbList\",\"@id\":\"https:\\\/\\\/www.copealcoy.es\\\/es\\\/alcoy-ciudad-referente-en-la-investigacion-del-cancer\\\/#breadcrumb\",\"itemListElement\":[{\"@type\":\"ListItem\",\"position\":1,\"name\":\"Portada\",\"item\":\"https:\\\/\\\/www.copealcoy.es\\\/es\\\/\"},{\"@type\":\"ListItem\",\"position\":2,\"name\":\"Alcoy, ciudad referente en la investigaci\u00f3n del C\u00e1ncer\"}]},{\"@type\":\"WebSite\",\"@id\":\"https:\\\/\\\/www.copealcoy.es\\\/es\\\/#website\",\"url\":\"https:\\\/\\\/www.copealcoy.es\\\/es\\\/\",\"name\":\"COPE Alcoy\",\"description\":\"Emisora COPE de radio local con emisi\u00f3n online. Pont de Sant Jordi 8-10 03803 Alcoy\",\"potentialAction\":[{\"@type\":\"SearchAction\",\"target\":{\"@type\":\"EntryPoint\",\"urlTemplate\":\"https:\\\/\\\/www.copealcoy.es\\\/es\\\/?s={search_term_string}\"},\"query-input\":{\"@type\":\"PropertyValueSpecification\",\"valueRequired\":true,\"valueName\":\"search_term_string\"}}],\"inLanguage\":\"es\"},{\"@type\":\"Person\",\"@id\":\"https:\\\/\\\/www.copealcoy.es\\\/es\\\/#\\\/schema\\\/person\\\/e777c87fa024e57d40170af9df39882c\",\"name\":\"Cope Alcoy\",\"image\":{\"@type\":\"ImageObject\",\"inLanguage\":\"es\",\"@id\":\"https:\\\/\\\/secure.gravatar.com\\\/avatar\\\/bb65d0283347e303893ba14f0692005417c1e0e690a325a4c5d8bb2b3943ee14?s=96&d=mm&r=g\",\"url\":\"https:\\\/\\\/secure.gravatar.com\\\/avatar\\\/bb65d0283347e303893ba14f0692005417c1e0e690a325a4c5d8bb2b3943ee14?s=96&d=mm&r=g\",\"contentUrl\":\"https:\\\/\\\/secure.gravatar.com\\\/avatar\\\/bb65d0283347e303893ba14f0692005417c1e0e690a325a4c5d8bb2b3943ee14?s=96&d=mm&r=g\",\"caption\":\"Cope Alcoy\"}}]}<\/script>\n<!-- \/ Yoast SEO plugin. -->","yoast_head_json":{"title":"Alcoy, ciudad referente en la investigaci\u00f3n del C\u00e1ncer - COPE Alcoy","robots":{"index":"index","follow":"follow","max-snippet":"max-snippet:-1","max-image-preview":"max-image-preview:large","max-video-preview":"max-video-preview:-1"},"canonical":"https:\/\/www.copealcoy.es\/es\/alcoy-ciudad-referente-en-la-investigacion-del-cancer\/","og_locale":"es_ES","og_type":"article","og_title":"Alcoy, ciudad referente en la investigaci\u00f3n del C\u00e1ncer - COPE Alcoy","og_description":"Alcoy acoger\u00e1 los d\u00edas 20 y 21 de abril la sexta edici\u00f3n del encuentro de investigadores en C\u00e1ncer, una cita...","og_url":"https:\/\/www.copealcoy.es\/es\/alcoy-ciudad-referente-en-la-investigacion-del-cancer\/","og_site_name":"COPE Alcoy","article_published_time":"2022-03-31T13:16:47+00:00","article_modified_time":"2022-03-31T13:33:58+00:00","og_image":[{"width":640,"height":426,"url":"https:\/\/www.copealcoy.es\/wp-content\/uploads\/2022\/03\/Foto-de-la-roda-de-premsa-Investigacio-Cancer-e1648732596482.jpg","type":"image\/jpeg"}],"author":"Cope Alcoy","twitter_misc":{"Escrito por":"Cope Alcoy","Tiempo de lectura":"2 minutos"},"schema":{"@context":"https:\/\/schema.org","@graph":[{"@type":"Article","@id":"https:\/\/www.copealcoy.es\/es\/alcoy-ciudad-referente-en-la-investigacion-del-cancer\/#article","isPartOf":{"@id":"https:\/\/www.copealcoy.es\/es\/alcoy-ciudad-referente-en-la-investigacion-del-cancer\/"},"author":{"name":"Cope Alcoy","@id":"https:\/\/www.copealcoy.es\/es\/#\/schema\/person\/e777c87fa024e57d40170af9df39882c"},"headline":"Alcoy, ciudad referente en la investigaci\u00f3n del C\u00e1ncer","datePublished":"2022-03-31T13:16:47+00:00","dateModified":"2022-03-31T13:33:58+00:00","mainEntityOfPage":{"@id":"https:\/\/www.copealcoy.es\/es\/alcoy-ciudad-referente-en-la-investigacion-del-cancer\/"},"wordCount":448,"commentCount":0,"image":{"@id":"https:\/\/www.copealcoy.es\/es\/alcoy-ciudad-referente-en-la-investigacion-del-cancer\/#primaryimage"},"thumbnailUrl":"https:\/\/www.copealcoy.es\/wp-content\/uploads\/2022\/03\/Foto-de-la-roda-de-premsa-Investigacio-Cancer-e1648732596482.jpg","keywords":["+QueUnTrail","Alcoy","C\u00e1ncer","Investigaci\u00f3n"],"articleSection":["Actualidad","Alcoy","Noticias","Portada"],"inLanguage":"es"},{"@type":"WebPage","@id":"https:\/\/www.copealcoy.es\/es\/alcoy-ciudad-referente-en-la-investigacion-del-cancer\/","url":"https:\/\/www.copealcoy.es\/es\/alcoy-ciudad-referente-en-la-investigacion-del-cancer\/","name":"Alcoy, ciudad referente en la investigaci\u00f3n del C\u00e1ncer - COPE Alcoy","isPartOf":{"@id":"https:\/\/www.copealcoy.es\/es\/#website"},"primaryImageOfPage":{"@id":"https:\/\/www.copealcoy.es\/es\/alcoy-ciudad-referente-en-la-investigacion-del-cancer\/#primaryimage"},"image":{"@id":"https:\/\/www.copealcoy.es\/es\/alcoy-ciudad-referente-en-la-investigacion-del-cancer\/#primaryimage"},"thumbnailUrl":"https:\/\/www.copealcoy.es\/wp-content\/uploads\/2022\/03\/Foto-de-la-roda-de-premsa-Investigacio-Cancer-e1648732596482.jpg","datePublished":"2022-03-31T13:16:47+00:00","dateModified":"2022-03-31T13:33:58+00:00","author":{"@id":"https:\/\/www.copealcoy.es\/es\/#\/schema\/person\/e777c87fa024e57d40170af9df39882c"},"breadcrumb":{"@id":"https:\/\/www.copealcoy.es\/es\/alcoy-ciudad-referente-en-la-investigacion-del-cancer\/#breadcrumb"},"inLanguage":"es","potentialAction":[{"@type":"ReadAction","target":["https:\/\/www.copealcoy.es\/es\/alcoy-ciudad-referente-en-la-investigacion-del-cancer\/"]}]},{"@type":"ImageObject","inLanguage":"es","@id":"https:\/\/www.copealcoy.es\/es\/alcoy-ciudad-referente-en-la-investigacion-del-cancer\/#primaryimage","url":"https:\/\/www.copealcoy.es\/wp-content\/uploads\/2022\/03\/Foto-de-la-roda-de-premsa-Investigacio-Cancer-e1648732596482.jpg","contentUrl":"https:\/\/www.copealcoy.es\/wp-content\/uploads\/2022\/03\/Foto-de-la-roda-de-premsa-Investigacio-Cancer-e1648732596482.jpg","width":640,"height":426},{"@type":"BreadcrumbList","@id":"https:\/\/www.copealcoy.es\/es\/alcoy-ciudad-referente-en-la-investigacion-del-cancer\/#breadcrumb","itemListElement":[{"@type":"ListItem","position":1,"name":"Portada","item":"https:\/\/www.copealcoy.es\/es\/"},{"@type":"ListItem","position":2,"name":"Alcoy, ciudad referente en la investigaci\u00f3n del C\u00e1ncer"}]},{"@type":"WebSite","@id":"https:\/\/www.copealcoy.es\/es\/#website","url":"https:\/\/www.copealcoy.es\/es\/","name":"COPE Alcoy","description":"Emisora COPE de radio local con emisi\u00f3n online. Pont de Sant Jordi 8-10 03803 Alcoy","potentialAction":[{"@type":"SearchAction","target":{"@type":"EntryPoint","urlTemplate":"https:\/\/www.copealcoy.es\/es\/?s={search_term_string}"},"query-input":{"@type":"PropertyValueSpecification","valueRequired":true,"valueName":"search_term_string"}}],"inLanguage":"es"},{"@type":"Person","@id":"https:\/\/www.copealcoy.es\/es\/#\/schema\/person\/e777c87fa024e57d40170af9df39882c","name":"Cope Alcoy","image":{"@type":"ImageObject","inLanguage":"es","@id":"https:\/\/secure.gravatar.com\/avatar\/bb65d0283347e303893ba14f0692005417c1e0e690a325a4c5d8bb2b3943ee14?s=96&d=mm&r=g","url":"https:\/\/secure.gravatar.com\/avatar\/bb65d0283347e303893ba14f0692005417c1e0e690a325a4c5d8bb2b3943ee14?s=96&d=mm&r=g","contentUrl":"https:\/\/secure.gravatar.com\/avatar\/bb65d0283347e303893ba14f0692005417c1e0e690a325a4c5d8bb2b3943ee14?s=96&d=mm&r=g","caption":"Cope Alcoy"}}]}},"_links":{"self":[{"href":"https:\/\/www.copealcoy.es\/es\/wp-json\/wp\/v2\/posts\/85618","targetHints":{"allow":["GET"]}}],"collection":[{"href":"https:\/\/www.copealcoy.es\/es\/wp-json\/wp\/v2\/posts"}],"about":[{"href":"https:\/\/www.copealcoy.es\/es\/wp-json\/wp\/v2\/types\/post"}],"author":[{"embeddable":true,"href":"https:\/\/www.copealcoy.es\/es\/wp-json\/wp\/v2\/users\/1"}],"replies":[{"embeddable":true,"href":"https:\/\/www.copealcoy.es\/es\/wp-json\/wp\/v2\/comments?post=85618"}],"version-history":[{"count":0,"href":"https:\/\/www.copealcoy.es\/es\/wp-json\/wp\/v2\/posts\/85618\/revisions"}],"wp:featuredmedia":[{"embeddable":true,"href":"https:\/\/www.copealcoy.es\/es\/wp-json\/wp\/v2\/media\/85619"}],"wp:attachment":[{"href":"https:\/\/www.copealcoy.es\/es\/wp-json\/wp\/v2\/media?parent=85618"}],"wp:term":[{"taxonomy":"category","embeddable":true,"href":"https:\/\/www.copealcoy.es\/es\/wp-json\/wp\/v2\/categories?post=85618"},{"taxonomy":"post_tag","embeddable":true,"href":"https:\/\/www.copealcoy.es\/es\/wp-json\/wp\/v2\/tags?post=85618"}],"curies":[{"name":"wp","href":"https:\/\/api.w.org\/{rel}","templated":true}]}}