{"id":8559,"date":"2014-11-27T17:20:35","date_gmt":"2014-11-27T17:20:35","guid":{"rendered":"http:\/\/copealcoi.es\/new\/?p=8559"},"modified":"2014-11-27T17:29:22","modified_gmt":"2014-11-27T17:29:22","slug":"tirisiti-regresa-un-ano-mas","status":"publish","type":"post","link":"https:\/\/www.copealcoy.es\/es\/tirisiti-regresa-un-ano-mas\/","title":{"rendered":"Tirisiti regresa un a\u00f1o m\u00e1s"},"content":{"rendered":"<p style=\"text-align: justify;\">El Bel\u00e9n del Tirisiti arranca el lunes la campa\u00f1a de estas navidades con las funciones dedicadas a los escolares. Desde ese mismo d\u00eda y hasta el cinco de enero est\u00e1 previsto que se realicen 207 representaciones y se estima una asistencia de 12.000 espectadores de los cuales 4.000 son solo de Alcoy seg\u00fan las previsiones que maneja la compa\u00f1\u00eda La Dependent.<\/p>\n<p style=\"text-align: justify;\">Del 1 al 22 de diciembre por la ma\u00f1ana pasar\u00e1n 141 entidades por la campa\u00f1a escolar y a partir del d\u00eda 20 comenzar\u00e1n los espect\u00e1culos para el p\u00fablico en general. Se han dispuesto 7.650 entradas, la mitad del total del aforo, para venderlas por Internet a partir del d\u00eda 18 a las seis de la tarde. Desde La Compa\u00f1\u00eda La Dependent su director, JoanFran Rozal\u00e9n, explica que este a\u00f1o como novedad se ha introducido una gu\u00eda did\u00e1ctica &#8220;la han elaborado Pep Sell\u00e9s y Elisa\u00a0Beneyto y servir\u00e1 para que en los colegios se trabaje la figura de Tirisiti y todo lo que envuelve el Bel\u00e9n antes o despu\u00e9s de venir a la funci\u00f3n&#8221;, explica. Al margen de esto tambi\u00e9n se ha incorporado otro aspecto novedoso relacionado con el retablo navide\u00f1o alcoyano como es la puesta en marcha de una exposici\u00f3n en el vest\u00edbulo de El Principal en el que se podr\u00e1n ver las figuras de las 28 filaes alcoyanas que se emplean cada a\u00f1o en las sesiones y que han sido donadas por las propias entidades festeras.<\/p>\n<p style=\"text-align: justify;\">Por \u00faltimo recordar que el Tirisiti mantiene su vertiente solidaria y durante los d\u00edas de representaciones se recoger\u00e1n alimentos no perecederos que ir\u00e1n a parar a C\u00e1ritas Alcoy.<\/p>\n<p style=\"text-align: justify;\">\n<p style=\"text-align: justify;\"><a href=\"https:\/\/www.copealcoy.es\/wp-content\/uploads\/2014\/11\/image41.jpg\"><img loading=\"lazy\" decoding=\"async\" class=\"alignleft size-full wp-image-8562\" src=\"https:\/\/www.copealcoy.es\/wp-content\/uploads\/2014\/11\/image41.jpg\" alt=\"Figuras filaes \" width=\"960\" height=\"720\" srcset=\"https:\/\/www.copealcoy.es\/wp-content\/uploads\/2014\/11\/image41.jpg 960w, https:\/\/www.copealcoy.es\/wp-content\/uploads\/2014\/11\/image41-300x225.jpg 300w\" sizes=\"auto, (max-width: 960px) 100vw, 960px\" \/><\/a><\/p>\n<p style=\"text-align: justify;\">\n<p style=\"text-align: justify;\">\n<p style=\"text-align: justify;\">\n<p style=\"text-align: justify;\">\n<p style=\"text-align: justify;\">\n<p style=\"text-align: justify;\">\n<p style=\"text-align: justify;\">\n<p style=\"text-align: justify;\">\n<p style=\"text-align: justify;\">\n<p style=\"text-align: justify;\">\n<p style=\"text-align: justify;\">\n","protected":false},"excerpt":{"rendered":"<p>El Bel\u00e9n del Tirisiti arranca el lunes la campa\u00f1a de estas navidades con las funciones dedicadas a los escolares. Desde&#8230;<\/p>\n","protected":false},"author":1,"featured_media":8560,"comment_status":"open","ping_status":"open","sticky":false,"template":"","format":"standard","meta":{"footnotes":""},"categories":[97,78,75],"tags":[1494,210,199,174,209],"class_list":["post-8559","post","type-post","status-publish","format-standard","has-post-thumbnail","hentry","category-alcoy","category-fiestaycultura","category-noticias","tag-alcoy","tag-belen","tag-campana","tag-navidad","tag-tirisiti"],"yoast_head":"<!-- This site is optimized with the Yoast SEO plugin v27.3 - https:\/\/yoast.com\/product\/yoast-seo-wordpress\/ -->\n<title>Tirisiti regresa un a\u00f1o m\u00e1s - COPE Alcoy<\/title>\n<meta name=\"robots\" content=\"index, follow, max-snippet:-1, max-image-preview:large, max-video-preview:-1\" \/>\n<link rel=\"canonical\" href=\"https:\/\/www.copealcoy.es\/es\/tirisiti-regresa-un-ano-mas\/\" \/>\n<meta property=\"og:locale\" content=\"es_ES\" \/>\n<meta property=\"og:type\" content=\"article\" \/>\n<meta property=\"og:title\" content=\"Tirisiti regresa un a\u00f1o m\u00e1s - COPE Alcoy\" \/>\n<meta property=\"og:description\" content=\"El Bel\u00e9n del Tirisiti arranca el lunes la campa\u00f1a de estas navidades con las funciones dedicadas a los escolares. Desde...\" \/>\n<meta property=\"og:url\" content=\"https:\/\/www.copealcoy.es\/es\/tirisiti-regresa-un-ano-mas\/\" \/>\n<meta property=\"og:site_name\" content=\"COPE Alcoy\" \/>\n<meta property=\"article:published_time\" content=\"2014-11-27T17:20:35+00:00\" \/>\n<meta property=\"article:modified_time\" content=\"2014-11-27T17:29:22+00:00\" \/>\n<meta property=\"og:image\" content=\"https:\/\/www.copealcoy.es\/wp-content\/uploads\/2014\/11\/image40.jpg\" \/>\n\t<meta property=\"og:image:width\" content=\"500\" \/>\n\t<meta property=\"og:image:height\" content=\"333\" \/>\n\t<meta property=\"og:image:type\" content=\"image\/jpeg\" \/>\n<meta name=\"author\" content=\"Cope Alcoy\" \/>\n<meta name=\"twitter:label1\" content=\"Escrito por\" \/>\n\t<meta name=\"twitter:data1\" content=\"Cope Alcoy\" \/>\n\t<meta name=\"twitter:label2\" content=\"Tiempo de lectura\" \/>\n\t<meta name=\"twitter:data2\" content=\"1 minuto\" \/>\n<script type=\"application\/ld+json\" class=\"yoast-schema-graph\">{\"@context\":\"https:\\\/\\\/schema.org\",\"@graph\":[{\"@type\":\"Article\",\"@id\":\"https:\\\/\\\/www.copealcoy.es\\\/es\\\/tirisiti-regresa-un-ano-mas\\\/#article\",\"isPartOf\":{\"@id\":\"https:\\\/\\\/www.copealcoy.es\\\/es\\\/tirisiti-regresa-un-ano-mas\\\/\"},\"author\":{\"name\":\"Cope Alcoy\",\"@id\":\"https:\\\/\\\/www.copealcoy.es\\\/es\\\/#\\\/schema\\\/person\\\/e777c87fa024e57d40170af9df39882c\"},\"headline\":\"Tirisiti regresa un a\u00f1o m\u00e1s\",\"datePublished\":\"2014-11-27T17:20:35+00:00\",\"dateModified\":\"2014-11-27T17:29:22+00:00\",\"mainEntityOfPage\":{\"@id\":\"https:\\\/\\\/www.copealcoy.es\\\/es\\\/tirisiti-regresa-un-ano-mas\\\/\"},\"wordCount\":295,\"commentCount\":0,\"image\":{\"@id\":\"https:\\\/\\\/www.copealcoy.es\\\/es\\\/tirisiti-regresa-un-ano-mas\\\/#primaryimage\"},\"thumbnailUrl\":\"https:\\\/\\\/www.copealcoy.es\\\/wp-content\\\/uploads\\\/2014\\\/11\\\/image40.jpg\",\"keywords\":[\"Alcoy\",\"Bel\u00e9n\",\"Campa\u00f1a\",\"Navidad\",\"Tirisiti\"],\"articleSection\":[\"Alcoy\",\"Fiesta y Cultura\",\"Noticias\"],\"inLanguage\":\"es\"},{\"@type\":\"WebPage\",\"@id\":\"https:\\\/\\\/www.copealcoy.es\\\/es\\\/tirisiti-regresa-un-ano-mas\\\/\",\"url\":\"https:\\\/\\\/www.copealcoy.es\\\/es\\\/tirisiti-regresa-un-ano-mas\\\/\",\"name\":\"Tirisiti regresa un a\u00f1o m\u00e1s - COPE Alcoy\",\"isPartOf\":{\"@id\":\"https:\\\/\\\/www.copealcoy.es\\\/es\\\/#website\"},\"primaryImageOfPage\":{\"@id\":\"https:\\\/\\\/www.copealcoy.es\\\/es\\\/tirisiti-regresa-un-ano-mas\\\/#primaryimage\"},\"image\":{\"@id\":\"https:\\\/\\\/www.copealcoy.es\\\/es\\\/tirisiti-regresa-un-ano-mas\\\/#primaryimage\"},\"thumbnailUrl\":\"https:\\\/\\\/www.copealcoy.es\\\/wp-content\\\/uploads\\\/2014\\\/11\\\/image40.jpg\",\"datePublished\":\"2014-11-27T17:20:35+00:00\",\"dateModified\":\"2014-11-27T17:29:22+00:00\",\"author\":{\"@id\":\"https:\\\/\\\/www.copealcoy.es\\\/es\\\/#\\\/schema\\\/person\\\/e777c87fa024e57d40170af9df39882c\"},\"breadcrumb\":{\"@id\":\"https:\\\/\\\/www.copealcoy.es\\\/es\\\/tirisiti-regresa-un-ano-mas\\\/#breadcrumb\"},\"inLanguage\":\"es\",\"potentialAction\":[{\"@type\":\"ReadAction\",\"target\":[\"https:\\\/\\\/www.copealcoy.es\\\/es\\\/tirisiti-regresa-un-ano-mas\\\/\"]}]},{\"@type\":\"ImageObject\",\"inLanguage\":\"es\",\"@id\":\"https:\\\/\\\/www.copealcoy.es\\\/es\\\/tirisiti-regresa-un-ano-mas\\\/#primaryimage\",\"url\":\"https:\\\/\\\/www.copealcoy.es\\\/wp-content\\\/uploads\\\/2014\\\/11\\\/image40.jpg\",\"contentUrl\":\"https:\\\/\\\/www.copealcoy.es\\\/wp-content\\\/uploads\\\/2014\\\/11\\\/image40.jpg\",\"width\":500,\"height\":333},{\"@type\":\"BreadcrumbList\",\"@id\":\"https:\\\/\\\/www.copealcoy.es\\\/es\\\/tirisiti-regresa-un-ano-mas\\\/#breadcrumb\",\"itemListElement\":[{\"@type\":\"ListItem\",\"position\":1,\"name\":\"Portada\",\"item\":\"https:\\\/\\\/www.copealcoy.es\\\/es\\\/\"},{\"@type\":\"ListItem\",\"position\":2,\"name\":\"Tirisiti regresa un a\u00f1o m\u00e1s\"}]},{\"@type\":\"WebSite\",\"@id\":\"https:\\\/\\\/www.copealcoy.es\\\/es\\\/#website\",\"url\":\"https:\\\/\\\/www.copealcoy.es\\\/es\\\/\",\"name\":\"COPE Alcoy\",\"description\":\"Emisora COPE de radio local con emisi\u00f3n online. Pont de Sant Jordi 8-10 03803 Alcoy\",\"potentialAction\":[{\"@type\":\"SearchAction\",\"target\":{\"@type\":\"EntryPoint\",\"urlTemplate\":\"https:\\\/\\\/www.copealcoy.es\\\/es\\\/?s={search_term_string}\"},\"query-input\":{\"@type\":\"PropertyValueSpecification\",\"valueRequired\":true,\"valueName\":\"search_term_string\"}}],\"inLanguage\":\"es\"},{\"@type\":\"Person\",\"@id\":\"https:\\\/\\\/www.copealcoy.es\\\/es\\\/#\\\/schema\\\/person\\\/e777c87fa024e57d40170af9df39882c\",\"name\":\"Cope Alcoy\",\"image\":{\"@type\":\"ImageObject\",\"inLanguage\":\"es\",\"@id\":\"https:\\\/\\\/secure.gravatar.com\\\/avatar\\\/bb65d0283347e303893ba14f0692005417c1e0e690a325a4c5d8bb2b3943ee14?s=96&d=mm&r=g\",\"url\":\"https:\\\/\\\/secure.gravatar.com\\\/avatar\\\/bb65d0283347e303893ba14f0692005417c1e0e690a325a4c5d8bb2b3943ee14?s=96&d=mm&r=g\",\"contentUrl\":\"https:\\\/\\\/secure.gravatar.com\\\/avatar\\\/bb65d0283347e303893ba14f0692005417c1e0e690a325a4c5d8bb2b3943ee14?s=96&d=mm&r=g\",\"caption\":\"Cope Alcoy\"}}]}<\/script>\n<!-- \/ Yoast SEO plugin. -->","yoast_head_json":{"title":"Tirisiti regresa un a\u00f1o m\u00e1s - COPE Alcoy","robots":{"index":"index","follow":"follow","max-snippet":"max-snippet:-1","max-image-preview":"max-image-preview:large","max-video-preview":"max-video-preview:-1"},"canonical":"https:\/\/www.copealcoy.es\/es\/tirisiti-regresa-un-ano-mas\/","og_locale":"es_ES","og_type":"article","og_title":"Tirisiti regresa un a\u00f1o m\u00e1s - COPE Alcoy","og_description":"El Bel\u00e9n del Tirisiti arranca el lunes la campa\u00f1a de estas navidades con las funciones dedicadas a los escolares. Desde...","og_url":"https:\/\/www.copealcoy.es\/es\/tirisiti-regresa-un-ano-mas\/","og_site_name":"COPE Alcoy","article_published_time":"2014-11-27T17:20:35+00:00","article_modified_time":"2014-11-27T17:29:22+00:00","og_image":[{"width":500,"height":333,"url":"https:\/\/www.copealcoy.es\/wp-content\/uploads\/2014\/11\/image40.jpg","type":"image\/jpeg"}],"author":"Cope Alcoy","twitter_misc":{"Escrito por":"Cope Alcoy","Tiempo de lectura":"1 minuto"},"schema":{"@context":"https:\/\/schema.org","@graph":[{"@type":"Article","@id":"https:\/\/www.copealcoy.es\/es\/tirisiti-regresa-un-ano-mas\/#article","isPartOf":{"@id":"https:\/\/www.copealcoy.es\/es\/tirisiti-regresa-un-ano-mas\/"},"author":{"name":"Cope Alcoy","@id":"https:\/\/www.copealcoy.es\/es\/#\/schema\/person\/e777c87fa024e57d40170af9df39882c"},"headline":"Tirisiti regresa un a\u00f1o m\u00e1s","datePublished":"2014-11-27T17:20:35+00:00","dateModified":"2014-11-27T17:29:22+00:00","mainEntityOfPage":{"@id":"https:\/\/www.copealcoy.es\/es\/tirisiti-regresa-un-ano-mas\/"},"wordCount":295,"commentCount":0,"image":{"@id":"https:\/\/www.copealcoy.es\/es\/tirisiti-regresa-un-ano-mas\/#primaryimage"},"thumbnailUrl":"https:\/\/www.copealcoy.es\/wp-content\/uploads\/2014\/11\/image40.jpg","keywords":["Alcoy","Bel\u00e9n","Campa\u00f1a","Navidad","Tirisiti"],"articleSection":["Alcoy","Fiesta y Cultura","Noticias"],"inLanguage":"es"},{"@type":"WebPage","@id":"https:\/\/www.copealcoy.es\/es\/tirisiti-regresa-un-ano-mas\/","url":"https:\/\/www.copealcoy.es\/es\/tirisiti-regresa-un-ano-mas\/","name":"Tirisiti regresa un a\u00f1o m\u00e1s - COPE Alcoy","isPartOf":{"@id":"https:\/\/www.copealcoy.es\/es\/#website"},"primaryImageOfPage":{"@id":"https:\/\/www.copealcoy.es\/es\/tirisiti-regresa-un-ano-mas\/#primaryimage"},"image":{"@id":"https:\/\/www.copealcoy.es\/es\/tirisiti-regresa-un-ano-mas\/#primaryimage"},"thumbnailUrl":"https:\/\/www.copealcoy.es\/wp-content\/uploads\/2014\/11\/image40.jpg","datePublished":"2014-11-27T17:20:35+00:00","dateModified":"2014-11-27T17:29:22+00:00","author":{"@id":"https:\/\/www.copealcoy.es\/es\/#\/schema\/person\/e777c87fa024e57d40170af9df39882c"},"breadcrumb":{"@id":"https:\/\/www.copealcoy.es\/es\/tirisiti-regresa-un-ano-mas\/#breadcrumb"},"inLanguage":"es","potentialAction":[{"@type":"ReadAction","target":["https:\/\/www.copealcoy.es\/es\/tirisiti-regresa-un-ano-mas\/"]}]},{"@type":"ImageObject","inLanguage":"es","@id":"https:\/\/www.copealcoy.es\/es\/tirisiti-regresa-un-ano-mas\/#primaryimage","url":"https:\/\/www.copealcoy.es\/wp-content\/uploads\/2014\/11\/image40.jpg","contentUrl":"https:\/\/www.copealcoy.es\/wp-content\/uploads\/2014\/11\/image40.jpg","width":500,"height":333},{"@type":"BreadcrumbList","@id":"https:\/\/www.copealcoy.es\/es\/tirisiti-regresa-un-ano-mas\/#breadcrumb","itemListElement":[{"@type":"ListItem","position":1,"name":"Portada","item":"https:\/\/www.copealcoy.es\/es\/"},{"@type":"ListItem","position":2,"name":"Tirisiti regresa un a\u00f1o m\u00e1s"}]},{"@type":"WebSite","@id":"https:\/\/www.copealcoy.es\/es\/#website","url":"https:\/\/www.copealcoy.es\/es\/","name":"COPE Alcoy","description":"Emisora COPE de radio local con emisi\u00f3n online. Pont de Sant Jordi 8-10 03803 Alcoy","potentialAction":[{"@type":"SearchAction","target":{"@type":"EntryPoint","urlTemplate":"https:\/\/www.copealcoy.es\/es\/?s={search_term_string}"},"query-input":{"@type":"PropertyValueSpecification","valueRequired":true,"valueName":"search_term_string"}}],"inLanguage":"es"},{"@type":"Person","@id":"https:\/\/www.copealcoy.es\/es\/#\/schema\/person\/e777c87fa024e57d40170af9df39882c","name":"Cope Alcoy","image":{"@type":"ImageObject","inLanguage":"es","@id":"https:\/\/secure.gravatar.com\/avatar\/bb65d0283347e303893ba14f0692005417c1e0e690a325a4c5d8bb2b3943ee14?s=96&d=mm&r=g","url":"https:\/\/secure.gravatar.com\/avatar\/bb65d0283347e303893ba14f0692005417c1e0e690a325a4c5d8bb2b3943ee14?s=96&d=mm&r=g","contentUrl":"https:\/\/secure.gravatar.com\/avatar\/bb65d0283347e303893ba14f0692005417c1e0e690a325a4c5d8bb2b3943ee14?s=96&d=mm&r=g","caption":"Cope Alcoy"}}]}},"_links":{"self":[{"href":"https:\/\/www.copealcoy.es\/es\/wp-json\/wp\/v2\/posts\/8559","targetHints":{"allow":["GET"]}}],"collection":[{"href":"https:\/\/www.copealcoy.es\/es\/wp-json\/wp\/v2\/posts"}],"about":[{"href":"https:\/\/www.copealcoy.es\/es\/wp-json\/wp\/v2\/types\/post"}],"author":[{"embeddable":true,"href":"https:\/\/www.copealcoy.es\/es\/wp-json\/wp\/v2\/users\/1"}],"replies":[{"embeddable":true,"href":"https:\/\/www.copealcoy.es\/es\/wp-json\/wp\/v2\/comments?post=8559"}],"version-history":[{"count":0,"href":"https:\/\/www.copealcoy.es\/es\/wp-json\/wp\/v2\/posts\/8559\/revisions"}],"wp:featuredmedia":[{"embeddable":true,"href":"https:\/\/www.copealcoy.es\/es\/wp-json\/wp\/v2\/media\/8560"}],"wp:attachment":[{"href":"https:\/\/www.copealcoy.es\/es\/wp-json\/wp\/v2\/media?parent=8559"}],"wp:term":[{"taxonomy":"category","embeddable":true,"href":"https:\/\/www.copealcoy.es\/es\/wp-json\/wp\/v2\/categories?post=8559"},{"taxonomy":"post_tag","embeddable":true,"href":"https:\/\/www.copealcoy.es\/es\/wp-json\/wp\/v2\/tags?post=8559"}],"curies":[{"name":"wp","href":"https:\/\/api.w.org\/{rel}","templated":true}]}}