{"id":85577,"date":"2022-03-30T15:48:05","date_gmt":"2022-03-30T14:48:05","guid":{"rendered":"https:\/\/www.copealcoy.es\/?p=85577"},"modified":"2022-03-30T15:58:49","modified_gmt":"2022-03-30T14:58:49","slug":"el-pp-dice-que-la-peatonalizacion-si-que-ha-provocado-el-cierre-de-comercios","status":"publish","type":"post","link":"https:\/\/www.copealcoy.es\/es\/el-pp-dice-que-la-peatonalizacion-si-que-ha-provocado-el-cierre-de-comercios\/","title":{"rendered":"El PP dice que la peatonalizaci\u00f3n si que ha provocado el cierre de comercios"},"content":{"rendered":"<p style=\"text-align: justify;\">El <strong>Partido Popular de Alcoy<\/strong> ha respondido al Gobierno Local del PSOE despu\u00e9s de que ayer este \u00faltimo dijese que <strong>la peatonalizaci\u00f3n del Centro hab\u00eda contribuido a generar actividad econ\u00f3mica en la zona<\/strong>. Los populares alcoyanos se\u00f1alan que en los \u00faltimos doce meses<strong> no se ha conseguido recuperar el barrio<\/strong> ni <strong>reactivar econ\u00f3micamente el Centro<\/strong> al mismo tiempo que aseguran que durante este tiempo <strong>se han llegado a cerrar hasta 11 negocios<\/strong>.<\/p>\n<p style=\"text-align: justify;\">El portavoz del PP, <strong>Quique Ruiz<\/strong>, indica que el Ejecutivo de Franc\u00e9s<strong> no aporta datos concretos sobre la reducci\u00f3n de los \u00edndices de contaminaci\u00f3n en la zona peatonalizada<\/strong> al mismo tiempo que apunta que <strong>tampoco hay cifras concretas sobre el notable incremento del tr\u00e1fico<\/strong> que se ha dado en calles como Casablanca o Sant Jaume. Finalmente pide que <strong>se elabore un nuevo proyecto de peatonalizaci\u00f3n<\/strong> surgido del consenso entre vecinos y comerciantes:<\/p>\n<audio class=\"wp-audio-shortcode\" id=\"audio-85577-1\" preload=\"none\" style=\"width: 100%;\" controls=\"controls\"><source type=\"audio\/mpeg\" src=\"https:\/\/www.copealcoy.es\/wp-content\/uploads\/2022\/03\/AUDIO-2022-03-30-12-20-58.m4a?_=1\" \/><a href=\"https:\/\/www.copealcoy.es\/wp-content\/uploads\/2022\/03\/AUDIO-2022-03-30-12-20-58.m4a\">https:\/\/www.copealcoy.es\/wp-content\/uploads\/2022\/03\/AUDIO-2022-03-30-12-20-58.m4a<\/a><\/audio>\n","protected":false},"excerpt":{"rendered":"<p>El Partido Popular de Alcoy ha respondido al Gobierno Local del PSOE despu\u00e9s de que ayer este \u00faltimo dijese que&#8230;<\/p>\n","protected":false},"author":1,"featured_media":85525,"comment_status":"open","ping_status":"open","sticky":false,"template":"","format":"standard","meta":{"footnotes":""},"categories":[97,75,79],"tags":[1494,295,1200,2031,448,6934],"class_list":["post-85577","post","type-post","status-publish","format-standard","has-post-thumbnail","hentry","category-alcoy","category-noticias","category-politicayeconomia","tag-alcoy","tag-centro","tag-cierre","tag-comercios","tag-partido-popular","tag-quique-ruiz"],"yoast_head":"<!-- This site is optimized with the Yoast SEO plugin v27.3 - https:\/\/yoast.com\/product\/yoast-seo-wordpress\/ -->\n<title>El PP dice que la peatonalizaci\u00f3n si que ha provocado el cierre de comercios - COPE Alcoy<\/title>\n<meta name=\"robots\" content=\"index, follow, max-snippet:-1, max-image-preview:large, max-video-preview:-1\" \/>\n<link rel=\"canonical\" href=\"https:\/\/www.copealcoy.es\/es\/el-pp-dice-que-la-peatonalizacion-si-que-ha-provocado-el-cierre-de-comercios\/\" \/>\n<meta property=\"og:locale\" content=\"es_ES\" \/>\n<meta property=\"og:type\" content=\"article\" \/>\n<meta property=\"og:title\" content=\"El PP dice que la peatonalizaci\u00f3n si que ha provocado el cierre de comercios - COPE Alcoy\" \/>\n<meta property=\"og:description\" content=\"El Partido Popular de Alcoy ha respondido al Gobierno Local del PSOE despu\u00e9s de que ayer este \u00faltimo dijese que...\" \/>\n<meta property=\"og:url\" content=\"https:\/\/www.copealcoy.es\/es\/el-pp-dice-que-la-peatonalizacion-si-que-ha-provocado-el-cierre-de-comercios\/\" \/>\n<meta property=\"og:site_name\" content=\"COPE Alcoy\" \/>\n<meta property=\"article:published_time\" content=\"2022-03-30T14:48:05+00:00\" \/>\n<meta property=\"article:modified_time\" content=\"2022-03-30T14:58:49+00:00\" \/>\n<meta property=\"og:image\" content=\"https:\/\/www.copealcoy.es\/wp-content\/uploads\/2022\/03\/119103015_5005197429506401_7070069087167750794_n-980x588-1-e1648567007552.jpg\" \/>\n\t<meta property=\"og:image:width\" content=\"640\" \/>\n\t<meta property=\"og:image:height\" content=\"384\" \/>\n\t<meta property=\"og:image:type\" content=\"image\/jpeg\" \/>\n<meta name=\"author\" content=\"Cope Alcoy\" \/>\n<meta name=\"twitter:label1\" content=\"Escrito por\" \/>\n\t<meta name=\"twitter:data1\" content=\"Cope Alcoy\" \/>\n\t<meta name=\"twitter:label2\" content=\"Tiempo de lectura\" \/>\n\t<meta name=\"twitter:data2\" content=\"1 minuto\" \/>\n<script type=\"application\/ld+json\" class=\"yoast-schema-graph\">{\"@context\":\"https:\\\/\\\/schema.org\",\"@graph\":[{\"@type\":\"Article\",\"@id\":\"https:\\\/\\\/www.copealcoy.es\\\/es\\\/el-pp-dice-que-la-peatonalizacion-si-que-ha-provocado-el-cierre-de-comercios\\\/#article\",\"isPartOf\":{\"@id\":\"https:\\\/\\\/www.copealcoy.es\\\/es\\\/el-pp-dice-que-la-peatonalizacion-si-que-ha-provocado-el-cierre-de-comercios\\\/\"},\"author\":{\"name\":\"Cope Alcoy\",\"@id\":\"https:\\\/\\\/www.copealcoy.es\\\/es\\\/#\\\/schema\\\/person\\\/e777c87fa024e57d40170af9df39882c\"},\"headline\":\"El PP dice que la peatonalizaci\u00f3n si que ha provocado el cierre de comercios\",\"datePublished\":\"2022-03-30T14:48:05+00:00\",\"dateModified\":\"2022-03-30T14:58:49+00:00\",\"mainEntityOfPage\":{\"@id\":\"https:\\\/\\\/www.copealcoy.es\\\/es\\\/el-pp-dice-que-la-peatonalizacion-si-que-ha-provocado-el-cierre-de-comercios\\\/\"},\"wordCount\":187,\"commentCount\":0,\"image\":{\"@id\":\"https:\\\/\\\/www.copealcoy.es\\\/es\\\/el-pp-dice-que-la-peatonalizacion-si-que-ha-provocado-el-cierre-de-comercios\\\/#primaryimage\"},\"thumbnailUrl\":\"https:\\\/\\\/www.copealcoy.es\\\/wp-content\\\/uploads\\\/2022\\\/03\\\/119103015_5005197429506401_7070069087167750794_n-980x588-1-e1648567007552.jpg\",\"keywords\":[\"Alcoy\",\"Centro\",\"cierre\",\"Comercios\",\"Partido Popular\",\"Quique Ruiz\"],\"articleSection\":[\"Alcoy\",\"Noticias\",\"Pol\u00edtica y Econom\u00eda\"],\"inLanguage\":\"es\"},{\"@type\":\"WebPage\",\"@id\":\"https:\\\/\\\/www.copealcoy.es\\\/es\\\/el-pp-dice-que-la-peatonalizacion-si-que-ha-provocado-el-cierre-de-comercios\\\/\",\"url\":\"https:\\\/\\\/www.copealcoy.es\\\/es\\\/el-pp-dice-que-la-peatonalizacion-si-que-ha-provocado-el-cierre-de-comercios\\\/\",\"name\":\"El PP dice que la peatonalizaci\u00f3n si que ha provocado el cierre de comercios - COPE Alcoy\",\"isPartOf\":{\"@id\":\"https:\\\/\\\/www.copealcoy.es\\\/es\\\/#website\"},\"primaryImageOfPage\":{\"@id\":\"https:\\\/\\\/www.copealcoy.es\\\/es\\\/el-pp-dice-que-la-peatonalizacion-si-que-ha-provocado-el-cierre-de-comercios\\\/#primaryimage\"},\"image\":{\"@id\":\"https:\\\/\\\/www.copealcoy.es\\\/es\\\/el-pp-dice-que-la-peatonalizacion-si-que-ha-provocado-el-cierre-de-comercios\\\/#primaryimage\"},\"thumbnailUrl\":\"https:\\\/\\\/www.copealcoy.es\\\/wp-content\\\/uploads\\\/2022\\\/03\\\/119103015_5005197429506401_7070069087167750794_n-980x588-1-e1648567007552.jpg\",\"datePublished\":\"2022-03-30T14:48:05+00:00\",\"dateModified\":\"2022-03-30T14:58:49+00:00\",\"author\":{\"@id\":\"https:\\\/\\\/www.copealcoy.es\\\/es\\\/#\\\/schema\\\/person\\\/e777c87fa024e57d40170af9df39882c\"},\"breadcrumb\":{\"@id\":\"https:\\\/\\\/www.copealcoy.es\\\/es\\\/el-pp-dice-que-la-peatonalizacion-si-que-ha-provocado-el-cierre-de-comercios\\\/#breadcrumb\"},\"inLanguage\":\"es\",\"potentialAction\":[{\"@type\":\"ReadAction\",\"target\":[\"https:\\\/\\\/www.copealcoy.es\\\/es\\\/el-pp-dice-que-la-peatonalizacion-si-que-ha-provocado-el-cierre-de-comercios\\\/\"]}]},{\"@type\":\"ImageObject\",\"inLanguage\":\"es\",\"@id\":\"https:\\\/\\\/www.copealcoy.es\\\/es\\\/el-pp-dice-que-la-peatonalizacion-si-que-ha-provocado-el-cierre-de-comercios\\\/#primaryimage\",\"url\":\"https:\\\/\\\/www.copealcoy.es\\\/wp-content\\\/uploads\\\/2022\\\/03\\\/119103015_5005197429506401_7070069087167750794_n-980x588-1-e1648567007552.jpg\",\"contentUrl\":\"https:\\\/\\\/www.copealcoy.es\\\/wp-content\\\/uploads\\\/2022\\\/03\\\/119103015_5005197429506401_7070069087167750794_n-980x588-1-e1648567007552.jpg\",\"width\":640,\"height\":384},{\"@type\":\"BreadcrumbList\",\"@id\":\"https:\\\/\\\/www.copealcoy.es\\\/es\\\/el-pp-dice-que-la-peatonalizacion-si-que-ha-provocado-el-cierre-de-comercios\\\/#breadcrumb\",\"itemListElement\":[{\"@type\":\"ListItem\",\"position\":1,\"name\":\"Portada\",\"item\":\"https:\\\/\\\/www.copealcoy.es\\\/es\\\/\"},{\"@type\":\"ListItem\",\"position\":2,\"name\":\"El PP dice que la peatonalizaci\u00f3n si que ha provocado el cierre de comercios\"}]},{\"@type\":\"WebSite\",\"@id\":\"https:\\\/\\\/www.copealcoy.es\\\/es\\\/#website\",\"url\":\"https:\\\/\\\/www.copealcoy.es\\\/es\\\/\",\"name\":\"COPE Alcoy\",\"description\":\"Emisora COPE de radio local con emisi\u00f3n online. Pont de Sant Jordi 8-10 03803 Alcoy\",\"potentialAction\":[{\"@type\":\"SearchAction\",\"target\":{\"@type\":\"EntryPoint\",\"urlTemplate\":\"https:\\\/\\\/www.copealcoy.es\\\/es\\\/?s={search_term_string}\"},\"query-input\":{\"@type\":\"PropertyValueSpecification\",\"valueRequired\":true,\"valueName\":\"search_term_string\"}}],\"inLanguage\":\"es\"},{\"@type\":\"Person\",\"@id\":\"https:\\\/\\\/www.copealcoy.es\\\/es\\\/#\\\/schema\\\/person\\\/e777c87fa024e57d40170af9df39882c\",\"name\":\"Cope Alcoy\",\"image\":{\"@type\":\"ImageObject\",\"inLanguage\":\"es\",\"@id\":\"https:\\\/\\\/secure.gravatar.com\\\/avatar\\\/bb65d0283347e303893ba14f0692005417c1e0e690a325a4c5d8bb2b3943ee14?s=96&d=mm&r=g\",\"url\":\"https:\\\/\\\/secure.gravatar.com\\\/avatar\\\/bb65d0283347e303893ba14f0692005417c1e0e690a325a4c5d8bb2b3943ee14?s=96&d=mm&r=g\",\"contentUrl\":\"https:\\\/\\\/secure.gravatar.com\\\/avatar\\\/bb65d0283347e303893ba14f0692005417c1e0e690a325a4c5d8bb2b3943ee14?s=96&d=mm&r=g\",\"caption\":\"Cope Alcoy\"}}]}<\/script>\n<!-- \/ Yoast SEO plugin. -->","yoast_head_json":{"title":"El PP dice que la peatonalizaci\u00f3n si que ha provocado el cierre de comercios - COPE Alcoy","robots":{"index":"index","follow":"follow","max-snippet":"max-snippet:-1","max-image-preview":"max-image-preview:large","max-video-preview":"max-video-preview:-1"},"canonical":"https:\/\/www.copealcoy.es\/es\/el-pp-dice-que-la-peatonalizacion-si-que-ha-provocado-el-cierre-de-comercios\/","og_locale":"es_ES","og_type":"article","og_title":"El PP dice que la peatonalizaci\u00f3n si que ha provocado el cierre de comercios - COPE Alcoy","og_description":"El Partido Popular de Alcoy ha respondido al Gobierno Local del PSOE despu\u00e9s de que ayer este \u00faltimo dijese que...","og_url":"https:\/\/www.copealcoy.es\/es\/el-pp-dice-que-la-peatonalizacion-si-que-ha-provocado-el-cierre-de-comercios\/","og_site_name":"COPE Alcoy","article_published_time":"2022-03-30T14:48:05+00:00","article_modified_time":"2022-03-30T14:58:49+00:00","og_image":[{"width":640,"height":384,"url":"https:\/\/www.copealcoy.es\/wp-content\/uploads\/2022\/03\/119103015_5005197429506401_7070069087167750794_n-980x588-1-e1648567007552.jpg","type":"image\/jpeg"}],"author":"Cope Alcoy","twitter_misc":{"Escrito por":"Cope Alcoy","Tiempo de lectura":"1 minuto"},"schema":{"@context":"https:\/\/schema.org","@graph":[{"@type":"Article","@id":"https:\/\/www.copealcoy.es\/es\/el-pp-dice-que-la-peatonalizacion-si-que-ha-provocado-el-cierre-de-comercios\/#article","isPartOf":{"@id":"https:\/\/www.copealcoy.es\/es\/el-pp-dice-que-la-peatonalizacion-si-que-ha-provocado-el-cierre-de-comercios\/"},"author":{"name":"Cope Alcoy","@id":"https:\/\/www.copealcoy.es\/es\/#\/schema\/person\/e777c87fa024e57d40170af9df39882c"},"headline":"El PP dice que la peatonalizaci\u00f3n si que ha provocado el cierre de comercios","datePublished":"2022-03-30T14:48:05+00:00","dateModified":"2022-03-30T14:58:49+00:00","mainEntityOfPage":{"@id":"https:\/\/www.copealcoy.es\/es\/el-pp-dice-que-la-peatonalizacion-si-que-ha-provocado-el-cierre-de-comercios\/"},"wordCount":187,"commentCount":0,"image":{"@id":"https:\/\/www.copealcoy.es\/es\/el-pp-dice-que-la-peatonalizacion-si-que-ha-provocado-el-cierre-de-comercios\/#primaryimage"},"thumbnailUrl":"https:\/\/www.copealcoy.es\/wp-content\/uploads\/2022\/03\/119103015_5005197429506401_7070069087167750794_n-980x588-1-e1648567007552.jpg","keywords":["Alcoy","Centro","cierre","Comercios","Partido Popular","Quique Ruiz"],"articleSection":["Alcoy","Noticias","Pol\u00edtica y Econom\u00eda"],"inLanguage":"es"},{"@type":"WebPage","@id":"https:\/\/www.copealcoy.es\/es\/el-pp-dice-que-la-peatonalizacion-si-que-ha-provocado-el-cierre-de-comercios\/","url":"https:\/\/www.copealcoy.es\/es\/el-pp-dice-que-la-peatonalizacion-si-que-ha-provocado-el-cierre-de-comercios\/","name":"El PP dice que la peatonalizaci\u00f3n si que ha provocado el cierre de comercios - COPE Alcoy","isPartOf":{"@id":"https:\/\/www.copealcoy.es\/es\/#website"},"primaryImageOfPage":{"@id":"https:\/\/www.copealcoy.es\/es\/el-pp-dice-que-la-peatonalizacion-si-que-ha-provocado-el-cierre-de-comercios\/#primaryimage"},"image":{"@id":"https:\/\/www.copealcoy.es\/es\/el-pp-dice-que-la-peatonalizacion-si-que-ha-provocado-el-cierre-de-comercios\/#primaryimage"},"thumbnailUrl":"https:\/\/www.copealcoy.es\/wp-content\/uploads\/2022\/03\/119103015_5005197429506401_7070069087167750794_n-980x588-1-e1648567007552.jpg","datePublished":"2022-03-30T14:48:05+00:00","dateModified":"2022-03-30T14:58:49+00:00","author":{"@id":"https:\/\/www.copealcoy.es\/es\/#\/schema\/person\/e777c87fa024e57d40170af9df39882c"},"breadcrumb":{"@id":"https:\/\/www.copealcoy.es\/es\/el-pp-dice-que-la-peatonalizacion-si-que-ha-provocado-el-cierre-de-comercios\/#breadcrumb"},"inLanguage":"es","potentialAction":[{"@type":"ReadAction","target":["https:\/\/www.copealcoy.es\/es\/el-pp-dice-que-la-peatonalizacion-si-que-ha-provocado-el-cierre-de-comercios\/"]}]},{"@type":"ImageObject","inLanguage":"es","@id":"https:\/\/www.copealcoy.es\/es\/el-pp-dice-que-la-peatonalizacion-si-que-ha-provocado-el-cierre-de-comercios\/#primaryimage","url":"https:\/\/www.copealcoy.es\/wp-content\/uploads\/2022\/03\/119103015_5005197429506401_7070069087167750794_n-980x588-1-e1648567007552.jpg","contentUrl":"https:\/\/www.copealcoy.es\/wp-content\/uploads\/2022\/03\/119103015_5005197429506401_7070069087167750794_n-980x588-1-e1648567007552.jpg","width":640,"height":384},{"@type":"BreadcrumbList","@id":"https:\/\/www.copealcoy.es\/es\/el-pp-dice-que-la-peatonalizacion-si-que-ha-provocado-el-cierre-de-comercios\/#breadcrumb","itemListElement":[{"@type":"ListItem","position":1,"name":"Portada","item":"https:\/\/www.copealcoy.es\/es\/"},{"@type":"ListItem","position":2,"name":"El PP dice que la peatonalizaci\u00f3n si que ha provocado el cierre de comercios"}]},{"@type":"WebSite","@id":"https:\/\/www.copealcoy.es\/es\/#website","url":"https:\/\/www.copealcoy.es\/es\/","name":"COPE Alcoy","description":"Emisora COPE de radio local con emisi\u00f3n online. Pont de Sant Jordi 8-10 03803 Alcoy","potentialAction":[{"@type":"SearchAction","target":{"@type":"EntryPoint","urlTemplate":"https:\/\/www.copealcoy.es\/es\/?s={search_term_string}"},"query-input":{"@type":"PropertyValueSpecification","valueRequired":true,"valueName":"search_term_string"}}],"inLanguage":"es"},{"@type":"Person","@id":"https:\/\/www.copealcoy.es\/es\/#\/schema\/person\/e777c87fa024e57d40170af9df39882c","name":"Cope Alcoy","image":{"@type":"ImageObject","inLanguage":"es","@id":"https:\/\/secure.gravatar.com\/avatar\/bb65d0283347e303893ba14f0692005417c1e0e690a325a4c5d8bb2b3943ee14?s=96&d=mm&r=g","url":"https:\/\/secure.gravatar.com\/avatar\/bb65d0283347e303893ba14f0692005417c1e0e690a325a4c5d8bb2b3943ee14?s=96&d=mm&r=g","contentUrl":"https:\/\/secure.gravatar.com\/avatar\/bb65d0283347e303893ba14f0692005417c1e0e690a325a4c5d8bb2b3943ee14?s=96&d=mm&r=g","caption":"Cope Alcoy"}}]}},"_links":{"self":[{"href":"https:\/\/www.copealcoy.es\/es\/wp-json\/wp\/v2\/posts\/85577","targetHints":{"allow":["GET"]}}],"collection":[{"href":"https:\/\/www.copealcoy.es\/es\/wp-json\/wp\/v2\/posts"}],"about":[{"href":"https:\/\/www.copealcoy.es\/es\/wp-json\/wp\/v2\/types\/post"}],"author":[{"embeddable":true,"href":"https:\/\/www.copealcoy.es\/es\/wp-json\/wp\/v2\/users\/1"}],"replies":[{"embeddable":true,"href":"https:\/\/www.copealcoy.es\/es\/wp-json\/wp\/v2\/comments?post=85577"}],"version-history":[{"count":0,"href":"https:\/\/www.copealcoy.es\/es\/wp-json\/wp\/v2\/posts\/85577\/revisions"}],"wp:featuredmedia":[{"embeddable":true,"href":"https:\/\/www.copealcoy.es\/es\/wp-json\/wp\/v2\/media\/85525"}],"wp:attachment":[{"href":"https:\/\/www.copealcoy.es\/es\/wp-json\/wp\/v2\/media?parent=85577"}],"wp:term":[{"taxonomy":"category","embeddable":true,"href":"https:\/\/www.copealcoy.es\/es\/wp-json\/wp\/v2\/categories?post=85577"},{"taxonomy":"post_tag","embeddable":true,"href":"https:\/\/www.copealcoy.es\/es\/wp-json\/wp\/v2\/tags?post=85577"}],"curies":[{"name":"wp","href":"https:\/\/api.w.org\/{rel}","templated":true}]}}