{"id":85571,"date":"2022-03-30T15:31:27","date_gmt":"2022-03-30T14:31:27","guid":{"rendered":"https:\/\/www.copealcoy.es\/?p=85571"},"modified":"2022-03-31T06:57:12","modified_gmt":"2022-03-31T05:57:12","slug":"la-procesion-del-silencio-tendra-nuevo-recorrido","status":"publish","type":"post","link":"https:\/\/www.copealcoy.es\/es\/la-procesion-del-silencio-tendra-nuevo-recorrido\/","title":{"rendered":"La Procesi\u00f3n del Silencio tendr\u00e1 nuevo recorrido"},"content":{"rendered":"<p style=\"text-align: justify;\">La <strong>Semana Santa alcoyana<\/strong> estrenar\u00e1 este a\u00f1o <strong>un cambio significativo en cuanto a la Procesi\u00f3n del Silencio se refiere<\/strong>. Este acto tiene lugar cada a\u00f1o <strong>en la noche del Jueves Santo<\/strong>, con gran arraigo en la ciudad, y en el mismo se pueden ver por nuestras calles <strong>los pasos de la Virgen de la Soledad y el Cristo Yacente<\/strong>.<\/p>\n<p style=\"text-align: justify;\">Habitualmente la Procesi\u00f3n del Silencio <strong>parte de la Parroquia de San Vicente y San Antonio<\/strong> recorriendo despu\u00e9s <strong>varias calles de la Zona Alta de la ciudad hasta regresar de nuevo al templo<\/strong> desde donde se ha partido. En esta ocasi\u00f3n la mencionada Parroquia, custodiada por los Franciscanos,<strong> se mantendr\u00e1 como punto de salida de las im\u00e1genes pero el desfile procesional dejar\u00e1 el entorno del Cam\u00ed para discurrir hasta la iglesia de Santa Mar\u00eda<\/strong> &#8220;<em>bajaremos por la calle San Nicol\u00e1s hasta llegar a la Plaza de Espa\u00f1a y de all\u00ed, por Pintor Casanova y la Placeta del Fossar, entraremos en la parroquia. De esta forma las im\u00e1genes pernoctar\u00e1n este templo y ah\u00ed ya estar\u00e1n preparadas para salir al d\u00eda siguiente en la Procesi\u00f3n del Santo Entierro<\/em>&#8220;, manifestaba en COPE ALCOY Don <strong>Jos\u00e9 Lu\u00eds Sanch\u00eds<\/strong>, titular de las parroquias del Centro.<\/p>\n<p style=\"text-align: justify;\">Recordar que la cuenta atr\u00e1s hacia la Semana Santa alcoyana <a href=\"https:\/\/www.copealcoy.es\/alcoy-se-encamina-hacia-la-semana-santa-2022\/\"><span style=\"color: #0000ff;\"><strong>arranc\u00f3 el pasado viernes<\/strong><\/span><\/a> con el <strong>descubrimiento del cartel anunciador<\/strong> en la base del campanario de la iglesia de Santa Mar\u00eda. Tambi\u00e9n, <strong>en San Jorge<\/strong>, tuvo lugar la declamaci\u00f3n del Preg\u00f3n.<\/p>\n","protected":false},"excerpt":{"rendered":"<p>La Semana Santa alcoyana estrenar\u00e1 este a\u00f1o un cambio significativo en cuanto a la Procesi\u00f3n del Silencio se refiere. Este&#8230;<\/p>\n","protected":false},"author":1,"featured_media":20144,"comment_status":"open","ping_status":"open","sticky":false,"template":"","format":"standard","meta":{"footnotes":""},"categories":[97,78,75],"tags":[1494,3983,745,447],"class_list":["post-85571","post","type-post","status-publish","format-standard","has-post-thumbnail","hentry","category-alcoy","category-fiestaycultura","category-noticias","tag-alcoy","tag-procesion-del-silencio","tag-semana-santa","tag-tradiciones"],"yoast_head":"<!-- This site is optimized with the Yoast SEO plugin v27.3 - https:\/\/yoast.com\/product\/yoast-seo-wordpress\/ -->\n<title>La Procesi\u00f3n del Silencio tendr\u00e1 nuevo recorrido - COPE Alcoy<\/title>\n<meta name=\"robots\" content=\"index, follow, max-snippet:-1, max-image-preview:large, max-video-preview:-1\" \/>\n<link rel=\"canonical\" href=\"https:\/\/www.copealcoy.es\/es\/la-procesion-del-silencio-tendra-nuevo-recorrido\/\" \/>\n<meta property=\"og:locale\" content=\"es_ES\" \/>\n<meta property=\"og:type\" content=\"article\" \/>\n<meta property=\"og:title\" content=\"La Procesi\u00f3n del Silencio tendr\u00e1 nuevo recorrido - COPE Alcoy\" \/>\n<meta property=\"og:description\" content=\"La Semana Santa alcoyana estrenar\u00e1 este a\u00f1o un cambio significativo en cuanto a la Procesi\u00f3n del Silencio se refiere. Este...\" \/>\n<meta property=\"og:url\" content=\"https:\/\/www.copealcoy.es\/es\/la-procesion-del-silencio-tendra-nuevo-recorrido\/\" \/>\n<meta property=\"og:site_name\" content=\"COPE Alcoy\" \/>\n<meta property=\"article:published_time\" content=\"2022-03-30T14:31:27+00:00\" \/>\n<meta property=\"article:modified_time\" content=\"2022-03-31T05:57:12+00:00\" \/>\n<meta property=\"og:image\" content=\"https:\/\/www.copealcoy.es\/wp-content\/uploads\/2016\/03\/image1-e1648666217900.jpeg\" \/>\n\t<meta property=\"og:image:width\" content=\"640\" \/>\n\t<meta property=\"og:image:height\" content=\"437\" \/>\n\t<meta property=\"og:image:type\" content=\"image\/jpeg\" \/>\n<meta name=\"author\" content=\"Cope Alcoy\" \/>\n<meta name=\"twitter:label1\" content=\"Escrito por\" \/>\n\t<meta name=\"twitter:data1\" content=\"Cope Alcoy\" \/>\n\t<meta name=\"twitter:label2\" content=\"Tiempo de lectura\" \/>\n\t<meta name=\"twitter:data2\" content=\"2 minutos\" \/>\n<script type=\"application\/ld+json\" class=\"yoast-schema-graph\">{\"@context\":\"https:\\\/\\\/schema.org\",\"@graph\":[{\"@type\":\"Article\",\"@id\":\"https:\\\/\\\/www.copealcoy.es\\\/es\\\/la-procesion-del-silencio-tendra-nuevo-recorrido\\\/#article\",\"isPartOf\":{\"@id\":\"https:\\\/\\\/www.copealcoy.es\\\/es\\\/la-procesion-del-silencio-tendra-nuevo-recorrido\\\/\"},\"author\":{\"name\":\"Cope Alcoy\",\"@id\":\"https:\\\/\\\/www.copealcoy.es\\\/es\\\/#\\\/schema\\\/person\\\/e777c87fa024e57d40170af9df39882c\"},\"headline\":\"La Procesi\u00f3n del Silencio tendr\u00e1 nuevo recorrido\",\"datePublished\":\"2022-03-30T14:31:27+00:00\",\"dateModified\":\"2022-03-31T05:57:12+00:00\",\"mainEntityOfPage\":{\"@id\":\"https:\\\/\\\/www.copealcoy.es\\\/es\\\/la-procesion-del-silencio-tendra-nuevo-recorrido\\\/\"},\"wordCount\":269,\"commentCount\":0,\"image\":{\"@id\":\"https:\\\/\\\/www.copealcoy.es\\\/es\\\/la-procesion-del-silencio-tendra-nuevo-recorrido\\\/#primaryimage\"},\"thumbnailUrl\":\"https:\\\/\\\/www.copealcoy.es\\\/wp-content\\\/uploads\\\/2016\\\/03\\\/image1-e1648666217900.jpeg\",\"keywords\":[\"Alcoy\",\"Procesi\u00f3n del Silencio\",\"Semana Santa\",\"Tradiciones\"],\"articleSection\":[\"Alcoy\",\"Fiesta y Cultura\",\"Noticias\"],\"inLanguage\":\"es\"},{\"@type\":\"WebPage\",\"@id\":\"https:\\\/\\\/www.copealcoy.es\\\/es\\\/la-procesion-del-silencio-tendra-nuevo-recorrido\\\/\",\"url\":\"https:\\\/\\\/www.copealcoy.es\\\/es\\\/la-procesion-del-silencio-tendra-nuevo-recorrido\\\/\",\"name\":\"La Procesi\u00f3n del Silencio tendr\u00e1 nuevo recorrido - COPE Alcoy\",\"isPartOf\":{\"@id\":\"https:\\\/\\\/www.copealcoy.es\\\/es\\\/#website\"},\"primaryImageOfPage\":{\"@id\":\"https:\\\/\\\/www.copealcoy.es\\\/es\\\/la-procesion-del-silencio-tendra-nuevo-recorrido\\\/#primaryimage\"},\"image\":{\"@id\":\"https:\\\/\\\/www.copealcoy.es\\\/es\\\/la-procesion-del-silencio-tendra-nuevo-recorrido\\\/#primaryimage\"},\"thumbnailUrl\":\"https:\\\/\\\/www.copealcoy.es\\\/wp-content\\\/uploads\\\/2016\\\/03\\\/image1-e1648666217900.jpeg\",\"datePublished\":\"2022-03-30T14:31:27+00:00\",\"dateModified\":\"2022-03-31T05:57:12+00:00\",\"author\":{\"@id\":\"https:\\\/\\\/www.copealcoy.es\\\/es\\\/#\\\/schema\\\/person\\\/e777c87fa024e57d40170af9df39882c\"},\"breadcrumb\":{\"@id\":\"https:\\\/\\\/www.copealcoy.es\\\/es\\\/la-procesion-del-silencio-tendra-nuevo-recorrido\\\/#breadcrumb\"},\"inLanguage\":\"es\",\"potentialAction\":[{\"@type\":\"ReadAction\",\"target\":[\"https:\\\/\\\/www.copealcoy.es\\\/es\\\/la-procesion-del-silencio-tendra-nuevo-recorrido\\\/\"]}]},{\"@type\":\"ImageObject\",\"inLanguage\":\"es\",\"@id\":\"https:\\\/\\\/www.copealcoy.es\\\/es\\\/la-procesion-del-silencio-tendra-nuevo-recorrido\\\/#primaryimage\",\"url\":\"https:\\\/\\\/www.copealcoy.es\\\/wp-content\\\/uploads\\\/2016\\\/03\\\/image1-e1648666217900.jpeg\",\"contentUrl\":\"https:\\\/\\\/www.copealcoy.es\\\/wp-content\\\/uploads\\\/2016\\\/03\\\/image1-e1648666217900.jpeg\",\"width\":640,\"height\":437,\"caption\":\"La procesi\u00f3n ha discurrido por las calles de la Zona Alta \\\/ Foto: G. Pascual\"},{\"@type\":\"BreadcrumbList\",\"@id\":\"https:\\\/\\\/www.copealcoy.es\\\/es\\\/la-procesion-del-silencio-tendra-nuevo-recorrido\\\/#breadcrumb\",\"itemListElement\":[{\"@type\":\"ListItem\",\"position\":1,\"name\":\"Portada\",\"item\":\"https:\\\/\\\/www.copealcoy.es\\\/es\\\/\"},{\"@type\":\"ListItem\",\"position\":2,\"name\":\"La Procesi\u00f3n del Silencio tendr\u00e1 nuevo recorrido\"}]},{\"@type\":\"WebSite\",\"@id\":\"https:\\\/\\\/www.copealcoy.es\\\/es\\\/#website\",\"url\":\"https:\\\/\\\/www.copealcoy.es\\\/es\\\/\",\"name\":\"COPE Alcoy\",\"description\":\"Emisora COPE de radio local con emisi\u00f3n online. Pont de Sant Jordi 8-10 03803 Alcoy\",\"potentialAction\":[{\"@type\":\"SearchAction\",\"target\":{\"@type\":\"EntryPoint\",\"urlTemplate\":\"https:\\\/\\\/www.copealcoy.es\\\/es\\\/?s={search_term_string}\"},\"query-input\":{\"@type\":\"PropertyValueSpecification\",\"valueRequired\":true,\"valueName\":\"search_term_string\"}}],\"inLanguage\":\"es\"},{\"@type\":\"Person\",\"@id\":\"https:\\\/\\\/www.copealcoy.es\\\/es\\\/#\\\/schema\\\/person\\\/e777c87fa024e57d40170af9df39882c\",\"name\":\"Cope Alcoy\",\"image\":{\"@type\":\"ImageObject\",\"inLanguage\":\"es\",\"@id\":\"https:\\\/\\\/secure.gravatar.com\\\/avatar\\\/bb65d0283347e303893ba14f0692005417c1e0e690a325a4c5d8bb2b3943ee14?s=96&d=mm&r=g\",\"url\":\"https:\\\/\\\/secure.gravatar.com\\\/avatar\\\/bb65d0283347e303893ba14f0692005417c1e0e690a325a4c5d8bb2b3943ee14?s=96&d=mm&r=g\",\"contentUrl\":\"https:\\\/\\\/secure.gravatar.com\\\/avatar\\\/bb65d0283347e303893ba14f0692005417c1e0e690a325a4c5d8bb2b3943ee14?s=96&d=mm&r=g\",\"caption\":\"Cope Alcoy\"}}]}<\/script>\n<!-- \/ Yoast SEO plugin. -->","yoast_head_json":{"title":"La Procesi\u00f3n del Silencio tendr\u00e1 nuevo recorrido - COPE Alcoy","robots":{"index":"index","follow":"follow","max-snippet":"max-snippet:-1","max-image-preview":"max-image-preview:large","max-video-preview":"max-video-preview:-1"},"canonical":"https:\/\/www.copealcoy.es\/es\/la-procesion-del-silencio-tendra-nuevo-recorrido\/","og_locale":"es_ES","og_type":"article","og_title":"La Procesi\u00f3n del Silencio tendr\u00e1 nuevo recorrido - COPE Alcoy","og_description":"La Semana Santa alcoyana estrenar\u00e1 este a\u00f1o un cambio significativo en cuanto a la Procesi\u00f3n del Silencio se refiere. Este...","og_url":"https:\/\/www.copealcoy.es\/es\/la-procesion-del-silencio-tendra-nuevo-recorrido\/","og_site_name":"COPE Alcoy","article_published_time":"2022-03-30T14:31:27+00:00","article_modified_time":"2022-03-31T05:57:12+00:00","og_image":[{"width":640,"height":437,"url":"https:\/\/www.copealcoy.es\/wp-content\/uploads\/2016\/03\/image1-e1648666217900.jpeg","type":"image\/jpeg"}],"author":"Cope Alcoy","twitter_misc":{"Escrito por":"Cope Alcoy","Tiempo de lectura":"2 minutos"},"schema":{"@context":"https:\/\/schema.org","@graph":[{"@type":"Article","@id":"https:\/\/www.copealcoy.es\/es\/la-procesion-del-silencio-tendra-nuevo-recorrido\/#article","isPartOf":{"@id":"https:\/\/www.copealcoy.es\/es\/la-procesion-del-silencio-tendra-nuevo-recorrido\/"},"author":{"name":"Cope Alcoy","@id":"https:\/\/www.copealcoy.es\/es\/#\/schema\/person\/e777c87fa024e57d40170af9df39882c"},"headline":"La Procesi\u00f3n del Silencio tendr\u00e1 nuevo recorrido","datePublished":"2022-03-30T14:31:27+00:00","dateModified":"2022-03-31T05:57:12+00:00","mainEntityOfPage":{"@id":"https:\/\/www.copealcoy.es\/es\/la-procesion-del-silencio-tendra-nuevo-recorrido\/"},"wordCount":269,"commentCount":0,"image":{"@id":"https:\/\/www.copealcoy.es\/es\/la-procesion-del-silencio-tendra-nuevo-recorrido\/#primaryimage"},"thumbnailUrl":"https:\/\/www.copealcoy.es\/wp-content\/uploads\/2016\/03\/image1-e1648666217900.jpeg","keywords":["Alcoy","Procesi\u00f3n del Silencio","Semana Santa","Tradiciones"],"articleSection":["Alcoy","Fiesta y Cultura","Noticias"],"inLanguage":"es"},{"@type":"WebPage","@id":"https:\/\/www.copealcoy.es\/es\/la-procesion-del-silencio-tendra-nuevo-recorrido\/","url":"https:\/\/www.copealcoy.es\/es\/la-procesion-del-silencio-tendra-nuevo-recorrido\/","name":"La Procesi\u00f3n del Silencio tendr\u00e1 nuevo recorrido - COPE Alcoy","isPartOf":{"@id":"https:\/\/www.copealcoy.es\/es\/#website"},"primaryImageOfPage":{"@id":"https:\/\/www.copealcoy.es\/es\/la-procesion-del-silencio-tendra-nuevo-recorrido\/#primaryimage"},"image":{"@id":"https:\/\/www.copealcoy.es\/es\/la-procesion-del-silencio-tendra-nuevo-recorrido\/#primaryimage"},"thumbnailUrl":"https:\/\/www.copealcoy.es\/wp-content\/uploads\/2016\/03\/image1-e1648666217900.jpeg","datePublished":"2022-03-30T14:31:27+00:00","dateModified":"2022-03-31T05:57:12+00:00","author":{"@id":"https:\/\/www.copealcoy.es\/es\/#\/schema\/person\/e777c87fa024e57d40170af9df39882c"},"breadcrumb":{"@id":"https:\/\/www.copealcoy.es\/es\/la-procesion-del-silencio-tendra-nuevo-recorrido\/#breadcrumb"},"inLanguage":"es","potentialAction":[{"@type":"ReadAction","target":["https:\/\/www.copealcoy.es\/es\/la-procesion-del-silencio-tendra-nuevo-recorrido\/"]}]},{"@type":"ImageObject","inLanguage":"es","@id":"https:\/\/www.copealcoy.es\/es\/la-procesion-del-silencio-tendra-nuevo-recorrido\/#primaryimage","url":"https:\/\/www.copealcoy.es\/wp-content\/uploads\/2016\/03\/image1-e1648666217900.jpeg","contentUrl":"https:\/\/www.copealcoy.es\/wp-content\/uploads\/2016\/03\/image1-e1648666217900.jpeg","width":640,"height":437,"caption":"La procesi\u00f3n ha discurrido por las calles de la Zona Alta \/ Foto: G. Pascual"},{"@type":"BreadcrumbList","@id":"https:\/\/www.copealcoy.es\/es\/la-procesion-del-silencio-tendra-nuevo-recorrido\/#breadcrumb","itemListElement":[{"@type":"ListItem","position":1,"name":"Portada","item":"https:\/\/www.copealcoy.es\/es\/"},{"@type":"ListItem","position":2,"name":"La Procesi\u00f3n del Silencio tendr\u00e1 nuevo recorrido"}]},{"@type":"WebSite","@id":"https:\/\/www.copealcoy.es\/es\/#website","url":"https:\/\/www.copealcoy.es\/es\/","name":"COPE Alcoy","description":"Emisora COPE de radio local con emisi\u00f3n online. Pont de Sant Jordi 8-10 03803 Alcoy","potentialAction":[{"@type":"SearchAction","target":{"@type":"EntryPoint","urlTemplate":"https:\/\/www.copealcoy.es\/es\/?s={search_term_string}"},"query-input":{"@type":"PropertyValueSpecification","valueRequired":true,"valueName":"search_term_string"}}],"inLanguage":"es"},{"@type":"Person","@id":"https:\/\/www.copealcoy.es\/es\/#\/schema\/person\/e777c87fa024e57d40170af9df39882c","name":"Cope Alcoy","image":{"@type":"ImageObject","inLanguage":"es","@id":"https:\/\/secure.gravatar.com\/avatar\/bb65d0283347e303893ba14f0692005417c1e0e690a325a4c5d8bb2b3943ee14?s=96&d=mm&r=g","url":"https:\/\/secure.gravatar.com\/avatar\/bb65d0283347e303893ba14f0692005417c1e0e690a325a4c5d8bb2b3943ee14?s=96&d=mm&r=g","contentUrl":"https:\/\/secure.gravatar.com\/avatar\/bb65d0283347e303893ba14f0692005417c1e0e690a325a4c5d8bb2b3943ee14?s=96&d=mm&r=g","caption":"Cope Alcoy"}}]}},"_links":{"self":[{"href":"https:\/\/www.copealcoy.es\/es\/wp-json\/wp\/v2\/posts\/85571","targetHints":{"allow":["GET"]}}],"collection":[{"href":"https:\/\/www.copealcoy.es\/es\/wp-json\/wp\/v2\/posts"}],"about":[{"href":"https:\/\/www.copealcoy.es\/es\/wp-json\/wp\/v2\/types\/post"}],"author":[{"embeddable":true,"href":"https:\/\/www.copealcoy.es\/es\/wp-json\/wp\/v2\/users\/1"}],"replies":[{"embeddable":true,"href":"https:\/\/www.copealcoy.es\/es\/wp-json\/wp\/v2\/comments?post=85571"}],"version-history":[{"count":0,"href":"https:\/\/www.copealcoy.es\/es\/wp-json\/wp\/v2\/posts\/85571\/revisions"}],"wp:featuredmedia":[{"embeddable":true,"href":"https:\/\/www.copealcoy.es\/es\/wp-json\/wp\/v2\/media\/20144"}],"wp:attachment":[{"href":"https:\/\/www.copealcoy.es\/es\/wp-json\/wp\/v2\/media?parent=85571"}],"wp:term":[{"taxonomy":"category","embeddable":true,"href":"https:\/\/www.copealcoy.es\/es\/wp-json\/wp\/v2\/categories?post=85571"},{"taxonomy":"post_tag","embeddable":true,"href":"https:\/\/www.copealcoy.es\/es\/wp-json\/wp\/v2\/tags?post=85571"}],"curies":[{"name":"wp","href":"https:\/\/api.w.org\/{rel}","templated":true}]}}