{"id":85512,"date":"2022-03-29T15:43:51","date_gmt":"2022-03-29T14:43:51","guid":{"rendered":"https:\/\/www.copealcoy.es\/?p=85512"},"modified":"2022-03-29T19:55:04","modified_gmt":"2022-03-29T18:55:04","slug":"la-peatonalizacion-del-centro-cumple-un-ano","status":"publish","type":"post","link":"https:\/\/www.copealcoy.es\/es\/la-peatonalizacion-del-centro-cumple-un-ano\/","title":{"rendered":"La peatonalizaci\u00f3n del Centro cumple un a\u00f1o"},"content":{"rendered":"<p style=\"text-align: justify;\">Hoy se cumple un a\u00f1o de <strong>la puesta en marcha de la primera fase de la peatonalizaci\u00f3n del Centro de Alcoy<\/strong>. Doce meses despu\u00e9s el Gobierno Local del PSOE<strong> ha hecho un balance positivo del proceso<\/strong> y ha avanzado <strong>algunas de las medidas<\/strong> que se quieren implantar en la ordenanza de cara al verano.<\/p>\n<p style=\"text-align: justify;\">Desde el Ejecutivo han asegurado que la mencionada peatonalizaci\u00f3n<strong> ha contribuido a reducir considerablemente las emisiones contaminantes a la atm\u00f3sfera<\/strong> y han recordado que la segunda fase, en la que <strong>se contempla la liberaci\u00f3n de coches de San Nicol\u00e1s<\/strong>, no se har\u00e1 efectiva hasta que no sea una realidad el aparcamiento disuasorio de La Riba. De igual forma han avanzado que <strong>se estudian cambios en la ordenanza<\/strong> que regula el proceso para que <strong>puedan circular por el Centro<\/strong> veh\u00edculos el\u00e9ctricos:<\/p>\n<audio class=\"wp-audio-shortcode\" id=\"audio-85512-1\" preload=\"none\" style=\"width: 100%;\" controls=\"controls\"><source type=\"audio\/mpeg\" src=\"https:\/\/www.copealcoy.es\/wp-content\/uploads\/2022\/03\/2022.03.29-MARTI\u0301NEZ-PEATONALIZACIO\u0301N-1-MEDIODI\u0301A.mp3?_=1\" \/><a href=\"https:\/\/www.copealcoy.es\/wp-content\/uploads\/2022\/03\/2022.03.29-MARTI\u0301NEZ-PEATONALIZACIO\u0301N-1-MEDIODI\u0301A.mp3\">https:\/\/www.copealcoy.es\/wp-content\/uploads\/2022\/03\/2022.03.29-MARTI\u0301NEZ-PEATONALIZACIO\u0301N-1-MEDIODI\u0301A.mp3<\/a><\/audio>\n<p>&nbsp;<\/p>\n<p style=\"text-align: justify;\">El concejal tambi\u00e9n <strong>ha dado algunas cifras de este primer a\u00f1o<\/strong>. Se han otorgado <strong>2.505 permisos para acceder a \u00e1rea de peatonalizaci\u00f3n<\/strong> de los cuales <strong>1.865 son permanentes y 640 temporales<\/strong>. Adem\u00e1s <strong>se han interpuesto m\u00e1s de tres mil sanciones<\/strong> en lo que llevamos de a\u00f1o, la mayor\u00eda de ellas de personas que reinciden a la hora de incumplir la se\u00f1alizaci\u00f3n. Finalmente ha puesto sobre la mesa que <strong>se han creado 21 actividades<\/strong> econ\u00f3micas en el barrio:<\/p>\n<audio class=\"wp-audio-shortcode\" id=\"audio-85512-2\" preload=\"none\" style=\"width: 100%;\" controls=\"controls\"><source type=\"audio\/mpeg\" src=\"https:\/\/www.copealcoy.es\/wp-content\/uploads\/2022\/03\/2022.03.29-MARTI\u0301NEZ-PEATONALIZACIO\u0301N-2-MEDIODI\u0301A.mp3?_=2\" \/><a href=\"https:\/\/www.copealcoy.es\/wp-content\/uploads\/2022\/03\/2022.03.29-MARTI\u0301NEZ-PEATONALIZACIO\u0301N-2-MEDIODI\u0301A.mp3\">https:\/\/www.copealcoy.es\/wp-content\/uploads\/2022\/03\/2022.03.29-MARTI\u0301NEZ-PEATONALIZACIO\u0301N-2-MEDIODI\u0301A.mp3<\/a><\/audio>\n<p>&nbsp;<\/p>\n<p style=\"text-align: justify;\">Por \u00faltimo Mart\u00ednez <strong>ha reconocido que la peatonalizaci\u00f3n ha incrementado el tr\u00e1fico<\/strong> en puntos como la calle Casablanca. No obstante, ha matizado que las obras que se han hecho en este vial a principios de semana <strong>se deben a que las lluvias han erosionado la arena<\/strong> que compacta los adoquines del firme.<\/p>\n<p><strong><span style=\"color: #0000ff;\">Lo que opinan los comerciantes, vecinos y hosteleros<\/span><\/strong><\/p>\n<p style=\"text-align: justify;\">La mayor\u00eda de los implicados en la zona peatonalizada <strong>creen que la medida ser\u00e1 buena<\/strong> aunque coinciden en se\u00f1alar que al proceso <strong>le quedan todav\u00eda algunos aspectos que perfilar<\/strong>. <strong>Amparo Casabuena<\/strong>, residente en la calle San Nicol\u00e1s, destacaba hoy en COPE ALCOI que con la peatonalizaci\u00f3n <strong>se recupera la vida de barrio<\/strong> para dar m\u00e1s protagonismo a las personas que a los coches:<\/p>\n<audio class=\"wp-audio-shortcode\" id=\"audio-85512-3\" preload=\"none\" style=\"width: 100%;\" controls=\"controls\"><source type=\"audio\/mpeg\" src=\"https:\/\/www.copealcoy.es\/wp-content\/uploads\/2022\/03\/2022.03.29-AMPARO-PEATONALIZACIO\u0301N-MEDIODI\u0301A.mp3?_=3\" \/><a href=\"https:\/\/www.copealcoy.es\/wp-content\/uploads\/2022\/03\/2022.03.29-AMPARO-PEATONALIZACIO\u0301N-MEDIODI\u0301A.mp3\">https:\/\/www.copealcoy.es\/wp-content\/uploads\/2022\/03\/2022.03.29-AMPARO-PEATONALIZACIO\u0301N-MEDIODI\u0301A.mp3<\/a><\/audio>\n<p>&nbsp;<\/p>\n<p style=\"text-align: justify;\">Por su parte<strong> Jos\u00e9 Juan Llinares<\/strong>, al frente de una Peluquer\u00eda en la misma calle, considera que <strong>no se ha tenido en cuenta a los negocios de la zona<\/strong> para dar facilidades a los clientes que quieren acceder a los mismos. Adem\u00e1s cree que el Gobierno Local <strong>no ha consensuado el proyecto<\/strong> con todas las partes afectadas:<\/p>\n<audio class=\"wp-audio-shortcode\" id=\"audio-85512-4\" preload=\"none\" style=\"width: 100%;\" controls=\"controls\"><source type=\"audio\/mpeg\" src=\"https:\/\/www.copealcoy.es\/wp-content\/uploads\/2022\/03\/2022.03.29-JOSE\u0301-JUAN-PEATONALIZACIO\u0301N-MEDIODI\u0301A.mp3?_=4\" \/><a href=\"https:\/\/www.copealcoy.es\/wp-content\/uploads\/2022\/03\/2022.03.29-JOSE\u0301-JUAN-PEATONALIZACIO\u0301N-MEDIODI\u0301A.mp3\">https:\/\/www.copealcoy.es\/wp-content\/uploads\/2022\/03\/2022.03.29-JOSE\u0301-JUAN-PEATONALIZACIO\u0301N-MEDIODI\u0301A.mp3<\/a><\/audio>\n<p>&nbsp;<\/p>\n<p style=\"text-align: justify;\">Finalmente <strong>Fernando Garc\u00eda<\/strong>, hostelero, cree que con el paso del tiempo <strong>se ir\u00e1 mejorando la ordenanza<\/strong> hasta conseguir un proceso de peatonalizaci\u00f3n m\u00e1s completo que har\u00e1 del Centro una zona m\u00e1s amable:<\/p>\n<audio class=\"wp-audio-shortcode\" id=\"audio-85512-5\" preload=\"none\" style=\"width: 100%;\" controls=\"controls\"><source type=\"audio\/mpeg\" src=\"https:\/\/www.copealcoy.es\/wp-content\/uploads\/2022\/03\/2022.03.29-FERNANDO-PEATONALIZACIO\u0301N-MEDIODI\u0301A.mp3?_=5\" \/><a href=\"https:\/\/www.copealcoy.es\/wp-content\/uploads\/2022\/03\/2022.03.29-FERNANDO-PEATONALIZACIO\u0301N-MEDIODI\u0301A.mp3\">https:\/\/www.copealcoy.es\/wp-content\/uploads\/2022\/03\/2022.03.29-FERNANDO-PEATONALIZACIO\u0301N-MEDIODI\u0301A.mp3<\/a><\/audio>\n<p>&nbsp;<\/p>\n<p style=\"text-align: justify;\">Indicar que desde el Gobierno Local <strong>dar\u00e1n a conocer en los pr\u00f3ximos d\u00edas las medidas que se adoptan en la zona<\/strong> para facilitar el acceso de cara a los d\u00edas previos de las Fiestas de Moros y Cristianos.<\/p>\n","protected":false},"excerpt":{"rendered":"<p>Hoy se cumple un a\u00f1o de la puesta en marcha de la primera fase de la peatonalizaci\u00f3n del Centro de&#8230;<\/p>\n","protected":false},"author":1,"featured_media":85525,"comment_status":"open","ping_status":"open","sticky":false,"template":"","format":"standard","meta":{"footnotes":""},"categories":[6909,97,75,125],"tags":[1494,430,295,294,2596],"class_list":["post-85512","post","type-post","status-publish","format-standard","has-post-thumbnail","hentry","category-actualidad","category-alcoy","category-noticias","category-portada","tag-alcoy","tag-balance","tag-centro","tag-peatonalizacion","tag-primer-ano"],"yoast_head":"<!-- This site is optimized with the Yoast SEO plugin v27.3 - https:\/\/yoast.com\/product\/yoast-seo-wordpress\/ -->\n<title>La peatonalizaci\u00f3n del Centro cumple un a\u00f1o - COPE Alcoy<\/title>\n<meta name=\"robots\" content=\"index, follow, max-snippet:-1, max-image-preview:large, max-video-preview:-1\" \/>\n<link rel=\"canonical\" href=\"https:\/\/www.copealcoy.es\/es\/la-peatonalizacion-del-centro-cumple-un-ano\/\" \/>\n<meta property=\"og:locale\" content=\"es_ES\" \/>\n<meta property=\"og:type\" content=\"article\" \/>\n<meta property=\"og:title\" content=\"La peatonalizaci\u00f3n del Centro cumple un a\u00f1o - COPE Alcoy\" \/>\n<meta property=\"og:description\" content=\"Hoy se cumple un a\u00f1o de la puesta en marcha de la primera fase de la peatonalizaci\u00f3n del Centro de...\" \/>\n<meta property=\"og:url\" content=\"https:\/\/www.copealcoy.es\/es\/la-peatonalizacion-del-centro-cumple-un-ano\/\" \/>\n<meta property=\"og:site_name\" content=\"COPE Alcoy\" \/>\n<meta property=\"article:published_time\" content=\"2022-03-29T14:43:51+00:00\" \/>\n<meta property=\"article:modified_time\" content=\"2022-03-29T18:55:04+00:00\" \/>\n<meta property=\"og:image\" content=\"https:\/\/www.copealcoy.es\/wp-content\/uploads\/2022\/03\/119103015_5005197429506401_7070069087167750794_n-980x588-1-e1648567007552.jpg\" \/>\n\t<meta property=\"og:image:width\" content=\"640\" \/>\n\t<meta property=\"og:image:height\" content=\"384\" \/>\n\t<meta property=\"og:image:type\" content=\"image\/jpeg\" \/>\n<meta name=\"author\" content=\"Cope Alcoy\" \/>\n<meta name=\"twitter:label1\" content=\"Escrito por\" \/>\n\t<meta name=\"twitter:data1\" content=\"Cope Alcoy\" \/>\n\t<meta name=\"twitter:label2\" content=\"Tiempo de lectura\" \/>\n\t<meta name=\"twitter:data2\" content=\"3 minutos\" \/>\n<script type=\"application\/ld+json\" class=\"yoast-schema-graph\">{\"@context\":\"https:\\\/\\\/schema.org\",\"@graph\":[{\"@type\":\"Article\",\"@id\":\"https:\\\/\\\/www.copealcoy.es\\\/es\\\/la-peatonalizacion-del-centro-cumple-un-ano\\\/#article\",\"isPartOf\":{\"@id\":\"https:\\\/\\\/www.copealcoy.es\\\/es\\\/la-peatonalizacion-del-centro-cumple-un-ano\\\/\"},\"author\":{\"name\":\"Cope Alcoy\",\"@id\":\"https:\\\/\\\/www.copealcoy.es\\\/es\\\/#\\\/schema\\\/person\\\/e777c87fa024e57d40170af9df39882c\"},\"headline\":\"La peatonalizaci\u00f3n del Centro cumple un a\u00f1o\",\"datePublished\":\"2022-03-29T14:43:51+00:00\",\"dateModified\":\"2022-03-29T18:55:04+00:00\",\"mainEntityOfPage\":{\"@id\":\"https:\\\/\\\/www.copealcoy.es\\\/es\\\/la-peatonalizacion-del-centro-cumple-un-ano\\\/\"},\"wordCount\":579,\"commentCount\":0,\"image\":{\"@id\":\"https:\\\/\\\/www.copealcoy.es\\\/es\\\/la-peatonalizacion-del-centro-cumple-un-ano\\\/#primaryimage\"},\"thumbnailUrl\":\"https:\\\/\\\/www.copealcoy.es\\\/wp-content\\\/uploads\\\/2022\\\/03\\\/119103015_5005197429506401_7070069087167750794_n-980x588-1-e1648567007552.jpg\",\"keywords\":[\"Alcoy\",\"Balance\",\"Centro\",\"Peatonalizaci\u00f3n\",\"primer a\u00f1o\"],\"articleSection\":[\"Actualidad\",\"Alcoy\",\"Noticias\",\"Portada\"],\"inLanguage\":\"es\"},{\"@type\":\"WebPage\",\"@id\":\"https:\\\/\\\/www.copealcoy.es\\\/es\\\/la-peatonalizacion-del-centro-cumple-un-ano\\\/\",\"url\":\"https:\\\/\\\/www.copealcoy.es\\\/es\\\/la-peatonalizacion-del-centro-cumple-un-ano\\\/\",\"name\":\"La peatonalizaci\u00f3n del Centro cumple un a\u00f1o - COPE Alcoy\",\"isPartOf\":{\"@id\":\"https:\\\/\\\/www.copealcoy.es\\\/es\\\/#website\"},\"primaryImageOfPage\":{\"@id\":\"https:\\\/\\\/www.copealcoy.es\\\/es\\\/la-peatonalizacion-del-centro-cumple-un-ano\\\/#primaryimage\"},\"image\":{\"@id\":\"https:\\\/\\\/www.copealcoy.es\\\/es\\\/la-peatonalizacion-del-centro-cumple-un-ano\\\/#primaryimage\"},\"thumbnailUrl\":\"https:\\\/\\\/www.copealcoy.es\\\/wp-content\\\/uploads\\\/2022\\\/03\\\/119103015_5005197429506401_7070069087167750794_n-980x588-1-e1648567007552.jpg\",\"datePublished\":\"2022-03-29T14:43:51+00:00\",\"dateModified\":\"2022-03-29T18:55:04+00:00\",\"author\":{\"@id\":\"https:\\\/\\\/www.copealcoy.es\\\/es\\\/#\\\/schema\\\/person\\\/e777c87fa024e57d40170af9df39882c\"},\"breadcrumb\":{\"@id\":\"https:\\\/\\\/www.copealcoy.es\\\/es\\\/la-peatonalizacion-del-centro-cumple-un-ano\\\/#breadcrumb\"},\"inLanguage\":\"es\",\"potentialAction\":[{\"@type\":\"ReadAction\",\"target\":[\"https:\\\/\\\/www.copealcoy.es\\\/es\\\/la-peatonalizacion-del-centro-cumple-un-ano\\\/\"]}]},{\"@type\":\"ImageObject\",\"inLanguage\":\"es\",\"@id\":\"https:\\\/\\\/www.copealcoy.es\\\/es\\\/la-peatonalizacion-del-centro-cumple-un-ano\\\/#primaryimage\",\"url\":\"https:\\\/\\\/www.copealcoy.es\\\/wp-content\\\/uploads\\\/2022\\\/03\\\/119103015_5005197429506401_7070069087167750794_n-980x588-1-e1648567007552.jpg\",\"contentUrl\":\"https:\\\/\\\/www.copealcoy.es\\\/wp-content\\\/uploads\\\/2022\\\/03\\\/119103015_5005197429506401_7070069087167750794_n-980x588-1-e1648567007552.jpg\",\"width\":640,\"height\":384},{\"@type\":\"BreadcrumbList\",\"@id\":\"https:\\\/\\\/www.copealcoy.es\\\/es\\\/la-peatonalizacion-del-centro-cumple-un-ano\\\/#breadcrumb\",\"itemListElement\":[{\"@type\":\"ListItem\",\"position\":1,\"name\":\"Portada\",\"item\":\"https:\\\/\\\/www.copealcoy.es\\\/es\\\/\"},{\"@type\":\"ListItem\",\"position\":2,\"name\":\"La peatonalizaci\u00f3n del Centro cumple un a\u00f1o\"}]},{\"@type\":\"WebSite\",\"@id\":\"https:\\\/\\\/www.copealcoy.es\\\/es\\\/#website\",\"url\":\"https:\\\/\\\/www.copealcoy.es\\\/es\\\/\",\"name\":\"COPE Alcoy\",\"description\":\"Emisora COPE de radio local con emisi\u00f3n online. Pont de Sant Jordi 8-10 03803 Alcoy\",\"potentialAction\":[{\"@type\":\"SearchAction\",\"target\":{\"@type\":\"EntryPoint\",\"urlTemplate\":\"https:\\\/\\\/www.copealcoy.es\\\/es\\\/?s={search_term_string}\"},\"query-input\":{\"@type\":\"PropertyValueSpecification\",\"valueRequired\":true,\"valueName\":\"search_term_string\"}}],\"inLanguage\":\"es\"},{\"@type\":\"Person\",\"@id\":\"https:\\\/\\\/www.copealcoy.es\\\/es\\\/#\\\/schema\\\/person\\\/e777c87fa024e57d40170af9df39882c\",\"name\":\"Cope Alcoy\",\"image\":{\"@type\":\"ImageObject\",\"inLanguage\":\"es\",\"@id\":\"https:\\\/\\\/secure.gravatar.com\\\/avatar\\\/bb65d0283347e303893ba14f0692005417c1e0e690a325a4c5d8bb2b3943ee14?s=96&d=mm&r=g\",\"url\":\"https:\\\/\\\/secure.gravatar.com\\\/avatar\\\/bb65d0283347e303893ba14f0692005417c1e0e690a325a4c5d8bb2b3943ee14?s=96&d=mm&r=g\",\"contentUrl\":\"https:\\\/\\\/secure.gravatar.com\\\/avatar\\\/bb65d0283347e303893ba14f0692005417c1e0e690a325a4c5d8bb2b3943ee14?s=96&d=mm&r=g\",\"caption\":\"Cope Alcoy\"}}]}<\/script>\n<!-- \/ Yoast SEO plugin. -->","yoast_head_json":{"title":"La peatonalizaci\u00f3n del Centro cumple un a\u00f1o - COPE Alcoy","robots":{"index":"index","follow":"follow","max-snippet":"max-snippet:-1","max-image-preview":"max-image-preview:large","max-video-preview":"max-video-preview:-1"},"canonical":"https:\/\/www.copealcoy.es\/es\/la-peatonalizacion-del-centro-cumple-un-ano\/","og_locale":"es_ES","og_type":"article","og_title":"La peatonalizaci\u00f3n del Centro cumple un a\u00f1o - COPE Alcoy","og_description":"Hoy se cumple un a\u00f1o de la puesta en marcha de la primera fase de la peatonalizaci\u00f3n del Centro de...","og_url":"https:\/\/www.copealcoy.es\/es\/la-peatonalizacion-del-centro-cumple-un-ano\/","og_site_name":"COPE Alcoy","article_published_time":"2022-03-29T14:43:51+00:00","article_modified_time":"2022-03-29T18:55:04+00:00","og_image":[{"width":640,"height":384,"url":"https:\/\/www.copealcoy.es\/wp-content\/uploads\/2022\/03\/119103015_5005197429506401_7070069087167750794_n-980x588-1-e1648567007552.jpg","type":"image\/jpeg"}],"author":"Cope Alcoy","twitter_misc":{"Escrito por":"Cope Alcoy","Tiempo de lectura":"3 minutos"},"schema":{"@context":"https:\/\/schema.org","@graph":[{"@type":"Article","@id":"https:\/\/www.copealcoy.es\/es\/la-peatonalizacion-del-centro-cumple-un-ano\/#article","isPartOf":{"@id":"https:\/\/www.copealcoy.es\/es\/la-peatonalizacion-del-centro-cumple-un-ano\/"},"author":{"name":"Cope Alcoy","@id":"https:\/\/www.copealcoy.es\/es\/#\/schema\/person\/e777c87fa024e57d40170af9df39882c"},"headline":"La peatonalizaci\u00f3n del Centro cumple un a\u00f1o","datePublished":"2022-03-29T14:43:51+00:00","dateModified":"2022-03-29T18:55:04+00:00","mainEntityOfPage":{"@id":"https:\/\/www.copealcoy.es\/es\/la-peatonalizacion-del-centro-cumple-un-ano\/"},"wordCount":579,"commentCount":0,"image":{"@id":"https:\/\/www.copealcoy.es\/es\/la-peatonalizacion-del-centro-cumple-un-ano\/#primaryimage"},"thumbnailUrl":"https:\/\/www.copealcoy.es\/wp-content\/uploads\/2022\/03\/119103015_5005197429506401_7070069087167750794_n-980x588-1-e1648567007552.jpg","keywords":["Alcoy","Balance","Centro","Peatonalizaci\u00f3n","primer a\u00f1o"],"articleSection":["Actualidad","Alcoy","Noticias","Portada"],"inLanguage":"es"},{"@type":"WebPage","@id":"https:\/\/www.copealcoy.es\/es\/la-peatonalizacion-del-centro-cumple-un-ano\/","url":"https:\/\/www.copealcoy.es\/es\/la-peatonalizacion-del-centro-cumple-un-ano\/","name":"La peatonalizaci\u00f3n del Centro cumple un a\u00f1o - COPE Alcoy","isPartOf":{"@id":"https:\/\/www.copealcoy.es\/es\/#website"},"primaryImageOfPage":{"@id":"https:\/\/www.copealcoy.es\/es\/la-peatonalizacion-del-centro-cumple-un-ano\/#primaryimage"},"image":{"@id":"https:\/\/www.copealcoy.es\/es\/la-peatonalizacion-del-centro-cumple-un-ano\/#primaryimage"},"thumbnailUrl":"https:\/\/www.copealcoy.es\/wp-content\/uploads\/2022\/03\/119103015_5005197429506401_7070069087167750794_n-980x588-1-e1648567007552.jpg","datePublished":"2022-03-29T14:43:51+00:00","dateModified":"2022-03-29T18:55:04+00:00","author":{"@id":"https:\/\/www.copealcoy.es\/es\/#\/schema\/person\/e777c87fa024e57d40170af9df39882c"},"breadcrumb":{"@id":"https:\/\/www.copealcoy.es\/es\/la-peatonalizacion-del-centro-cumple-un-ano\/#breadcrumb"},"inLanguage":"es","potentialAction":[{"@type":"ReadAction","target":["https:\/\/www.copealcoy.es\/es\/la-peatonalizacion-del-centro-cumple-un-ano\/"]}]},{"@type":"ImageObject","inLanguage":"es","@id":"https:\/\/www.copealcoy.es\/es\/la-peatonalizacion-del-centro-cumple-un-ano\/#primaryimage","url":"https:\/\/www.copealcoy.es\/wp-content\/uploads\/2022\/03\/119103015_5005197429506401_7070069087167750794_n-980x588-1-e1648567007552.jpg","contentUrl":"https:\/\/www.copealcoy.es\/wp-content\/uploads\/2022\/03\/119103015_5005197429506401_7070069087167750794_n-980x588-1-e1648567007552.jpg","width":640,"height":384},{"@type":"BreadcrumbList","@id":"https:\/\/www.copealcoy.es\/es\/la-peatonalizacion-del-centro-cumple-un-ano\/#breadcrumb","itemListElement":[{"@type":"ListItem","position":1,"name":"Portada","item":"https:\/\/www.copealcoy.es\/es\/"},{"@type":"ListItem","position":2,"name":"La peatonalizaci\u00f3n del Centro cumple un a\u00f1o"}]},{"@type":"WebSite","@id":"https:\/\/www.copealcoy.es\/es\/#website","url":"https:\/\/www.copealcoy.es\/es\/","name":"COPE Alcoy","description":"Emisora COPE de radio local con emisi\u00f3n online. Pont de Sant Jordi 8-10 03803 Alcoy","potentialAction":[{"@type":"SearchAction","target":{"@type":"EntryPoint","urlTemplate":"https:\/\/www.copealcoy.es\/es\/?s={search_term_string}"},"query-input":{"@type":"PropertyValueSpecification","valueRequired":true,"valueName":"search_term_string"}}],"inLanguage":"es"},{"@type":"Person","@id":"https:\/\/www.copealcoy.es\/es\/#\/schema\/person\/e777c87fa024e57d40170af9df39882c","name":"Cope Alcoy","image":{"@type":"ImageObject","inLanguage":"es","@id":"https:\/\/secure.gravatar.com\/avatar\/bb65d0283347e303893ba14f0692005417c1e0e690a325a4c5d8bb2b3943ee14?s=96&d=mm&r=g","url":"https:\/\/secure.gravatar.com\/avatar\/bb65d0283347e303893ba14f0692005417c1e0e690a325a4c5d8bb2b3943ee14?s=96&d=mm&r=g","contentUrl":"https:\/\/secure.gravatar.com\/avatar\/bb65d0283347e303893ba14f0692005417c1e0e690a325a4c5d8bb2b3943ee14?s=96&d=mm&r=g","caption":"Cope Alcoy"}}]}},"_links":{"self":[{"href":"https:\/\/www.copealcoy.es\/es\/wp-json\/wp\/v2\/posts\/85512","targetHints":{"allow":["GET"]}}],"collection":[{"href":"https:\/\/www.copealcoy.es\/es\/wp-json\/wp\/v2\/posts"}],"about":[{"href":"https:\/\/www.copealcoy.es\/es\/wp-json\/wp\/v2\/types\/post"}],"author":[{"embeddable":true,"href":"https:\/\/www.copealcoy.es\/es\/wp-json\/wp\/v2\/users\/1"}],"replies":[{"embeddable":true,"href":"https:\/\/www.copealcoy.es\/es\/wp-json\/wp\/v2\/comments?post=85512"}],"version-history":[{"count":0,"href":"https:\/\/www.copealcoy.es\/es\/wp-json\/wp\/v2\/posts\/85512\/revisions"}],"wp:featuredmedia":[{"embeddable":true,"href":"https:\/\/www.copealcoy.es\/es\/wp-json\/wp\/v2\/media\/85525"}],"wp:attachment":[{"href":"https:\/\/www.copealcoy.es\/es\/wp-json\/wp\/v2\/media?parent=85512"}],"wp:term":[{"taxonomy":"category","embeddable":true,"href":"https:\/\/www.copealcoy.es\/es\/wp-json\/wp\/v2\/categories?post=85512"},{"taxonomy":"post_tag","embeddable":true,"href":"https:\/\/www.copealcoy.es\/es\/wp-json\/wp\/v2\/tags?post=85512"}],"curies":[{"name":"wp","href":"https:\/\/api.w.org\/{rel}","templated":true}]}}