{"id":85406,"date":"2022-03-26T00:19:28","date_gmt":"2022-03-25T23:19:28","guid":{"rendered":"https:\/\/www.copealcoy.es\/?p=85406"},"modified":"2022-03-26T18:49:40","modified_gmt":"2022-03-26T17:49:40","slug":"alcoy-se-encamina-hacia-la-semana-santa-2022","status":"publish","type":"post","link":"https:\/\/www.copealcoy.es\/es\/alcoy-se-encamina-hacia-la-semana-santa-2022\/","title":{"rendered":"Alcoy se encamina hacia la Semana Santa 2022"},"content":{"rendered":"<p style=\"text-align: justify;\">Alcoy <strong>ha iniciado ya el camino hacia la Semana Santa del 2022<\/strong>, unas celebraciones que este a\u00f1o <strong>volver\u00e1n a vivirse en las calles de la ciudad<\/strong> con <strong>las habituales procesiones<\/strong> despu\u00e9s de que en los \u00faltimos dos a\u00f1os la pandemia lo impidiese. Ayer viernes <strong>tuvo lugar el descubrimiento del cartel anunciador<\/strong> a los pies del campanario de la iglesia de Santa Mar\u00eda mientras que en el interior del templo de San Jorge <strong>se efectu\u00f3 el Preg\u00f3n<\/strong>.<\/p>\n<p style=\"text-align: justify;\">En cuanto al cartel, hay que destacar que <strong>ha sido realizado por Santiago Amador Cornago<\/strong> y en el mismo destaca la figura de Jes\u00fas Nazareno sobre la silueta del &#8216;Barranc del Sinc&#8217; en clara referencia a nuestra ciudad. Todo ello se engloba con la presencia de la cruz como elemento de los d\u00edas de pasi\u00f3n y s\u00edmbolo para los cristianos &#8220;<em>he querido hacer algo diferente a lo que estamos acostumbrados a ver y espero que guste a la gente. Adem\u00e1s vemos claramente que la figura de Cristo es la del Nazareno del Gremio de Labradores puesto que en vez de corona de espinas lleva una cuerda<\/em>&#8220;, afirm\u00f3 el creador de la obra esta semana.<\/p>\n<p style=\"text-align: justify;\"><a href=\"https:\/\/www.copealcoy.es\/wp-content\/uploads\/2022\/03\/276132304_7937421312950650_937627073197527054_n.jpg\"><img loading=\"lazy\" decoding=\"async\" class=\"wp-image-85411 size-medium aligncenter\" src=\"https:\/\/www.copealcoy.es\/wp-content\/uploads\/2022\/03\/276132304_7937421312950650_937627073197527054_n-413x455.jpg\" alt=\"\" width=\"413\" height=\"455\" \/><\/a><\/p>\n<p style=\"text-align: justify;\">Seguidamente dentro de la iglesia de San Jorge <strong>se ha realizado el Preg\u00f3n a cargo de Alfredo Santonja<\/strong>. En su alocuci\u00f3n ha hablado de la importancia que tienen los d\u00edas de Semana Santa para los cristianos al mismo tiempo que ha hecho referencia a la gran tradici\u00f3n que envuelve al Gremio de Labradores en nuestra ciudad &#8220;<em>he querido tener muy presente a la entidad a la que pertenezco desde hace tantos a\u00f1os y a la que mantiene viva la devoci\u00f3n hacia el Nazareno<\/em>&#8220;, concluy\u00f3 el pregonero.<\/p>\n<p style=\"text-align: justify;\">La jornada incluy\u00f3 <strong>la bendici\u00f3n de los dioramas con escenas de la pasi\u00f3n en el interior de la iglesia de Santa Mar\u00eda<\/strong>. Se podr\u00e1n visitar <strong>hasta el 16 de abril en horario de misas<\/strong> y los grupos <strong>podr\u00e1n solicitar visitas en el tel\u00e9fono 674 414 758<\/strong>.<\/p>\n","protected":false},"excerpt":{"rendered":"<p>Alcoy ha iniciado ya el camino hacia la Semana Santa del 2022, unas celebraciones que este a\u00f1o volver\u00e1n a vivirse&#8230;<\/p>\n","protected":false},"author":1,"featured_media":85407,"comment_status":"open","ping_status":"open","sticky":false,"template":"","format":"standard","meta":{"footnotes":""},"categories":[97,78,75,125],"tags":[1494,12569,908,11261,1426,12568,745],"class_list":["post-85406","post","type-post","status-publish","format-standard","has-post-thumbnail","hentry","category-alcoy","category-fiestaycultura","category-noticias","category-portada","tag-alcoy","tag-alfredo-santonja","tag-cartel","tag-gremio-labradores","tag-pregon","tag-santi-amador","tag-semana-santa"],"yoast_head":"<!-- This site is optimized with the Yoast SEO plugin v27.3 - https:\/\/yoast.com\/product\/yoast-seo-wordpress\/ -->\n<title>Alcoy se encamina hacia la Semana Santa 2022 - COPE Alcoy<\/title>\n<meta name=\"robots\" content=\"index, follow, max-snippet:-1, max-image-preview:large, max-video-preview:-1\" \/>\n<link rel=\"canonical\" href=\"https:\/\/www.copealcoy.es\/es\/alcoy-se-encamina-hacia-la-semana-santa-2022\/\" \/>\n<meta property=\"og:locale\" content=\"es_ES\" \/>\n<meta property=\"og:type\" content=\"article\" \/>\n<meta property=\"og:title\" content=\"Alcoy se encamina hacia la Semana Santa 2022 - COPE Alcoy\" \/>\n<meta property=\"og:description\" content=\"Alcoy ha iniciado ya el camino hacia la Semana Santa del 2022, unas celebraciones que este a\u00f1o volver\u00e1n a vivirse...\" \/>\n<meta property=\"og:url\" content=\"https:\/\/www.copealcoy.es\/es\/alcoy-se-encamina-hacia-la-semana-santa-2022\/\" \/>\n<meta property=\"og:site_name\" content=\"COPE Alcoy\" \/>\n<meta property=\"article:published_time\" content=\"2022-03-25T23:19:28+00:00\" \/>\n<meta property=\"article:modified_time\" content=\"2022-03-26T17:49:40+00:00\" \/>\n<meta property=\"og:image\" content=\"https:\/\/www.copealcoy.es\/wp-content\/uploads\/2022\/03\/276212306_7937421952950586_4141994091436579630_n.jpg\" \/>\n\t<meta property=\"og:image:width\" content=\"960\" \/>\n\t<meta property=\"og:image:height\" content=\"720\" \/>\n\t<meta property=\"og:image:type\" content=\"image\/jpeg\" \/>\n<meta name=\"author\" content=\"Cope Alcoy\" \/>\n<meta name=\"twitter:label1\" content=\"Escrito por\" \/>\n\t<meta name=\"twitter:data1\" content=\"Cope Alcoy\" \/>\n\t<meta name=\"twitter:label2\" content=\"Tiempo de lectura\" \/>\n\t<meta name=\"twitter:data2\" content=\"2 minutos\" \/>\n<script type=\"application\/ld+json\" class=\"yoast-schema-graph\">{\"@context\":\"https:\\\/\\\/schema.org\",\"@graph\":[{\"@type\":\"Article\",\"@id\":\"https:\\\/\\\/www.copealcoy.es\\\/es\\\/alcoy-se-encamina-hacia-la-semana-santa-2022\\\/#article\",\"isPartOf\":{\"@id\":\"https:\\\/\\\/www.copealcoy.es\\\/es\\\/alcoy-se-encamina-hacia-la-semana-santa-2022\\\/\"},\"author\":{\"name\":\"Cope Alcoy\",\"@id\":\"https:\\\/\\\/www.copealcoy.es\\\/es\\\/#\\\/schema\\\/person\\\/e777c87fa024e57d40170af9df39882c\"},\"headline\":\"Alcoy se encamina hacia la Semana Santa 2022\",\"datePublished\":\"2022-03-25T23:19:28+00:00\",\"dateModified\":\"2022-03-26T17:49:40+00:00\",\"mainEntityOfPage\":{\"@id\":\"https:\\\/\\\/www.copealcoy.es\\\/es\\\/alcoy-se-encamina-hacia-la-semana-santa-2022\\\/\"},\"wordCount\":347,\"commentCount\":0,\"image\":{\"@id\":\"https:\\\/\\\/www.copealcoy.es\\\/es\\\/alcoy-se-encamina-hacia-la-semana-santa-2022\\\/#primaryimage\"},\"thumbnailUrl\":\"https:\\\/\\\/www.copealcoy.es\\\/wp-content\\\/uploads\\\/2022\\\/03\\\/276212306_7937421952950586_4141994091436579630_n.jpg\",\"keywords\":[\"Alcoy\",\"Alfredo Santonja\",\"Cartel\",\"Gremio Labradores\",\"preg\u00f3n\",\"Santi Amador\",\"Semana Santa\"],\"articleSection\":[\"Alcoy\",\"Fiesta y Cultura\",\"Noticias\",\"Portada\"],\"inLanguage\":\"es\"},{\"@type\":\"WebPage\",\"@id\":\"https:\\\/\\\/www.copealcoy.es\\\/es\\\/alcoy-se-encamina-hacia-la-semana-santa-2022\\\/\",\"url\":\"https:\\\/\\\/www.copealcoy.es\\\/es\\\/alcoy-se-encamina-hacia-la-semana-santa-2022\\\/\",\"name\":\"Alcoy se encamina hacia la Semana Santa 2022 - COPE Alcoy\",\"isPartOf\":{\"@id\":\"https:\\\/\\\/www.copealcoy.es\\\/es\\\/#website\"},\"primaryImageOfPage\":{\"@id\":\"https:\\\/\\\/www.copealcoy.es\\\/es\\\/alcoy-se-encamina-hacia-la-semana-santa-2022\\\/#primaryimage\"},\"image\":{\"@id\":\"https:\\\/\\\/www.copealcoy.es\\\/es\\\/alcoy-se-encamina-hacia-la-semana-santa-2022\\\/#primaryimage\"},\"thumbnailUrl\":\"https:\\\/\\\/www.copealcoy.es\\\/wp-content\\\/uploads\\\/2022\\\/03\\\/276212306_7937421952950586_4141994091436579630_n.jpg\",\"datePublished\":\"2022-03-25T23:19:28+00:00\",\"dateModified\":\"2022-03-26T17:49:40+00:00\",\"author\":{\"@id\":\"https:\\\/\\\/www.copealcoy.es\\\/es\\\/#\\\/schema\\\/person\\\/e777c87fa024e57d40170af9df39882c\"},\"breadcrumb\":{\"@id\":\"https:\\\/\\\/www.copealcoy.es\\\/es\\\/alcoy-se-encamina-hacia-la-semana-santa-2022\\\/#breadcrumb\"},\"inLanguage\":\"es\",\"potentialAction\":[{\"@type\":\"ReadAction\",\"target\":[\"https:\\\/\\\/www.copealcoy.es\\\/es\\\/alcoy-se-encamina-hacia-la-semana-santa-2022\\\/\"]}]},{\"@type\":\"ImageObject\",\"inLanguage\":\"es\",\"@id\":\"https:\\\/\\\/www.copealcoy.es\\\/es\\\/alcoy-se-encamina-hacia-la-semana-santa-2022\\\/#primaryimage\",\"url\":\"https:\\\/\\\/www.copealcoy.es\\\/wp-content\\\/uploads\\\/2022\\\/03\\\/276212306_7937421952950586_4141994091436579630_n.jpg\",\"contentUrl\":\"https:\\\/\\\/www.copealcoy.es\\\/wp-content\\\/uploads\\\/2022\\\/03\\\/276212306_7937421952950586_4141994091436579630_n.jpg\",\"width\":960,\"height\":720},{\"@type\":\"BreadcrumbList\",\"@id\":\"https:\\\/\\\/www.copealcoy.es\\\/es\\\/alcoy-se-encamina-hacia-la-semana-santa-2022\\\/#breadcrumb\",\"itemListElement\":[{\"@type\":\"ListItem\",\"position\":1,\"name\":\"Portada\",\"item\":\"https:\\\/\\\/www.copealcoy.es\\\/es\\\/\"},{\"@type\":\"ListItem\",\"position\":2,\"name\":\"Alcoy se encamina hacia la Semana Santa 2022\"}]},{\"@type\":\"WebSite\",\"@id\":\"https:\\\/\\\/www.copealcoy.es\\\/es\\\/#website\",\"url\":\"https:\\\/\\\/www.copealcoy.es\\\/es\\\/\",\"name\":\"COPE Alcoy\",\"description\":\"Emisora COPE de radio local con emisi\u00f3n online. Pont de Sant Jordi 8-10 03803 Alcoy\",\"potentialAction\":[{\"@type\":\"SearchAction\",\"target\":{\"@type\":\"EntryPoint\",\"urlTemplate\":\"https:\\\/\\\/www.copealcoy.es\\\/es\\\/?s={search_term_string}\"},\"query-input\":{\"@type\":\"PropertyValueSpecification\",\"valueRequired\":true,\"valueName\":\"search_term_string\"}}],\"inLanguage\":\"es\"},{\"@type\":\"Person\",\"@id\":\"https:\\\/\\\/www.copealcoy.es\\\/es\\\/#\\\/schema\\\/person\\\/e777c87fa024e57d40170af9df39882c\",\"name\":\"Cope Alcoy\",\"image\":{\"@type\":\"ImageObject\",\"inLanguage\":\"es\",\"@id\":\"https:\\\/\\\/secure.gravatar.com\\\/avatar\\\/bb65d0283347e303893ba14f0692005417c1e0e690a325a4c5d8bb2b3943ee14?s=96&d=mm&r=g\",\"url\":\"https:\\\/\\\/secure.gravatar.com\\\/avatar\\\/bb65d0283347e303893ba14f0692005417c1e0e690a325a4c5d8bb2b3943ee14?s=96&d=mm&r=g\",\"contentUrl\":\"https:\\\/\\\/secure.gravatar.com\\\/avatar\\\/bb65d0283347e303893ba14f0692005417c1e0e690a325a4c5d8bb2b3943ee14?s=96&d=mm&r=g\",\"caption\":\"Cope Alcoy\"}}]}<\/script>\n<!-- \/ Yoast SEO plugin. -->","yoast_head_json":{"title":"Alcoy se encamina hacia la Semana Santa 2022 - COPE Alcoy","robots":{"index":"index","follow":"follow","max-snippet":"max-snippet:-1","max-image-preview":"max-image-preview:large","max-video-preview":"max-video-preview:-1"},"canonical":"https:\/\/www.copealcoy.es\/es\/alcoy-se-encamina-hacia-la-semana-santa-2022\/","og_locale":"es_ES","og_type":"article","og_title":"Alcoy se encamina hacia la Semana Santa 2022 - COPE Alcoy","og_description":"Alcoy ha iniciado ya el camino hacia la Semana Santa del 2022, unas celebraciones que este a\u00f1o volver\u00e1n a vivirse...","og_url":"https:\/\/www.copealcoy.es\/es\/alcoy-se-encamina-hacia-la-semana-santa-2022\/","og_site_name":"COPE Alcoy","article_published_time":"2022-03-25T23:19:28+00:00","article_modified_time":"2022-03-26T17:49:40+00:00","og_image":[{"width":960,"height":720,"url":"https:\/\/www.copealcoy.es\/wp-content\/uploads\/2022\/03\/276212306_7937421952950586_4141994091436579630_n.jpg","type":"image\/jpeg"}],"author":"Cope Alcoy","twitter_misc":{"Escrito por":"Cope Alcoy","Tiempo de lectura":"2 minutos"},"schema":{"@context":"https:\/\/schema.org","@graph":[{"@type":"Article","@id":"https:\/\/www.copealcoy.es\/es\/alcoy-se-encamina-hacia-la-semana-santa-2022\/#article","isPartOf":{"@id":"https:\/\/www.copealcoy.es\/es\/alcoy-se-encamina-hacia-la-semana-santa-2022\/"},"author":{"name":"Cope Alcoy","@id":"https:\/\/www.copealcoy.es\/es\/#\/schema\/person\/e777c87fa024e57d40170af9df39882c"},"headline":"Alcoy se encamina hacia la Semana Santa 2022","datePublished":"2022-03-25T23:19:28+00:00","dateModified":"2022-03-26T17:49:40+00:00","mainEntityOfPage":{"@id":"https:\/\/www.copealcoy.es\/es\/alcoy-se-encamina-hacia-la-semana-santa-2022\/"},"wordCount":347,"commentCount":0,"image":{"@id":"https:\/\/www.copealcoy.es\/es\/alcoy-se-encamina-hacia-la-semana-santa-2022\/#primaryimage"},"thumbnailUrl":"https:\/\/www.copealcoy.es\/wp-content\/uploads\/2022\/03\/276212306_7937421952950586_4141994091436579630_n.jpg","keywords":["Alcoy","Alfredo Santonja","Cartel","Gremio Labradores","preg\u00f3n","Santi Amador","Semana Santa"],"articleSection":["Alcoy","Fiesta y Cultura","Noticias","Portada"],"inLanguage":"es"},{"@type":"WebPage","@id":"https:\/\/www.copealcoy.es\/es\/alcoy-se-encamina-hacia-la-semana-santa-2022\/","url":"https:\/\/www.copealcoy.es\/es\/alcoy-se-encamina-hacia-la-semana-santa-2022\/","name":"Alcoy se encamina hacia la Semana Santa 2022 - COPE Alcoy","isPartOf":{"@id":"https:\/\/www.copealcoy.es\/es\/#website"},"primaryImageOfPage":{"@id":"https:\/\/www.copealcoy.es\/es\/alcoy-se-encamina-hacia-la-semana-santa-2022\/#primaryimage"},"image":{"@id":"https:\/\/www.copealcoy.es\/es\/alcoy-se-encamina-hacia-la-semana-santa-2022\/#primaryimage"},"thumbnailUrl":"https:\/\/www.copealcoy.es\/wp-content\/uploads\/2022\/03\/276212306_7937421952950586_4141994091436579630_n.jpg","datePublished":"2022-03-25T23:19:28+00:00","dateModified":"2022-03-26T17:49:40+00:00","author":{"@id":"https:\/\/www.copealcoy.es\/es\/#\/schema\/person\/e777c87fa024e57d40170af9df39882c"},"breadcrumb":{"@id":"https:\/\/www.copealcoy.es\/es\/alcoy-se-encamina-hacia-la-semana-santa-2022\/#breadcrumb"},"inLanguage":"es","potentialAction":[{"@type":"ReadAction","target":["https:\/\/www.copealcoy.es\/es\/alcoy-se-encamina-hacia-la-semana-santa-2022\/"]}]},{"@type":"ImageObject","inLanguage":"es","@id":"https:\/\/www.copealcoy.es\/es\/alcoy-se-encamina-hacia-la-semana-santa-2022\/#primaryimage","url":"https:\/\/www.copealcoy.es\/wp-content\/uploads\/2022\/03\/276212306_7937421952950586_4141994091436579630_n.jpg","contentUrl":"https:\/\/www.copealcoy.es\/wp-content\/uploads\/2022\/03\/276212306_7937421952950586_4141994091436579630_n.jpg","width":960,"height":720},{"@type":"BreadcrumbList","@id":"https:\/\/www.copealcoy.es\/es\/alcoy-se-encamina-hacia-la-semana-santa-2022\/#breadcrumb","itemListElement":[{"@type":"ListItem","position":1,"name":"Portada","item":"https:\/\/www.copealcoy.es\/es\/"},{"@type":"ListItem","position":2,"name":"Alcoy se encamina hacia la Semana Santa 2022"}]},{"@type":"WebSite","@id":"https:\/\/www.copealcoy.es\/es\/#website","url":"https:\/\/www.copealcoy.es\/es\/","name":"COPE Alcoy","description":"Emisora COPE de radio local con emisi\u00f3n online. Pont de Sant Jordi 8-10 03803 Alcoy","potentialAction":[{"@type":"SearchAction","target":{"@type":"EntryPoint","urlTemplate":"https:\/\/www.copealcoy.es\/es\/?s={search_term_string}"},"query-input":{"@type":"PropertyValueSpecification","valueRequired":true,"valueName":"search_term_string"}}],"inLanguage":"es"},{"@type":"Person","@id":"https:\/\/www.copealcoy.es\/es\/#\/schema\/person\/e777c87fa024e57d40170af9df39882c","name":"Cope Alcoy","image":{"@type":"ImageObject","inLanguage":"es","@id":"https:\/\/secure.gravatar.com\/avatar\/bb65d0283347e303893ba14f0692005417c1e0e690a325a4c5d8bb2b3943ee14?s=96&d=mm&r=g","url":"https:\/\/secure.gravatar.com\/avatar\/bb65d0283347e303893ba14f0692005417c1e0e690a325a4c5d8bb2b3943ee14?s=96&d=mm&r=g","contentUrl":"https:\/\/secure.gravatar.com\/avatar\/bb65d0283347e303893ba14f0692005417c1e0e690a325a4c5d8bb2b3943ee14?s=96&d=mm&r=g","caption":"Cope Alcoy"}}]}},"_links":{"self":[{"href":"https:\/\/www.copealcoy.es\/es\/wp-json\/wp\/v2\/posts\/85406","targetHints":{"allow":["GET"]}}],"collection":[{"href":"https:\/\/www.copealcoy.es\/es\/wp-json\/wp\/v2\/posts"}],"about":[{"href":"https:\/\/www.copealcoy.es\/es\/wp-json\/wp\/v2\/types\/post"}],"author":[{"embeddable":true,"href":"https:\/\/www.copealcoy.es\/es\/wp-json\/wp\/v2\/users\/1"}],"replies":[{"embeddable":true,"href":"https:\/\/www.copealcoy.es\/es\/wp-json\/wp\/v2\/comments?post=85406"}],"version-history":[{"count":0,"href":"https:\/\/www.copealcoy.es\/es\/wp-json\/wp\/v2\/posts\/85406\/revisions"}],"wp:featuredmedia":[{"embeddable":true,"href":"https:\/\/www.copealcoy.es\/es\/wp-json\/wp\/v2\/media\/85407"}],"wp:attachment":[{"href":"https:\/\/www.copealcoy.es\/es\/wp-json\/wp\/v2\/media?parent=85406"}],"wp:term":[{"taxonomy":"category","embeddable":true,"href":"https:\/\/www.copealcoy.es\/es\/wp-json\/wp\/v2\/categories?post=85406"},{"taxonomy":"post_tag","embeddable":true,"href":"https:\/\/www.copealcoy.es\/es\/wp-json\/wp\/v2\/tags?post=85406"}],"curies":[{"name":"wp","href":"https:\/\/api.w.org\/{rel}","templated":true}]}}