{"id":85383,"date":"2022-03-25T16:09:48","date_gmt":"2022-03-25T15:09:48","guid":{"rendered":"https:\/\/www.copealcoy.es\/?p=85383"},"modified":"2022-03-28T10:12:24","modified_gmt":"2022-03-28T09:12:24","slug":"jesus-cees-me-gustaria-terminar-las-pinturas-de-la-ermita","status":"publish","type":"post","link":"https:\/\/www.copealcoy.es\/es\/jesus-cees-me-gustaria-terminar-las-pinturas-de-la-ermita\/","title":{"rendered":"Jes\u00fas Cees: &#8220;me gustar\u00eda terminar las pinturas de la ermita&#8221;"},"content":{"rendered":"<p style=\"text-align: justify;\">La pol\u00e9mica <strong>est\u00e1 servida<\/strong> y en la ciudad<strong> hay opiniones para todos los gustos<\/strong>. Esta semana el peri\u00f3dico <em>Las Provincias <\/em>adelantaba que el <strong>Ayuntamiento de Alcoy estudia abrir expediente contra el pintor Jes\u00fas Cees<\/strong> despu\u00e9s de que este \u00faltimo <strong>pintase el interior de la ermita de San Crist\u00f3bal<\/strong> sin ning\u00fan tipo de permiso.<\/p>\n<p style=\"text-align: justify;\">El artista ha asegurado este viernes en COPE ALCOI que <strong>se siente dolido por esta decisi\u00f3n<\/strong> y ha afirmado que realiz\u00f3 la actuaci\u00f3n<strong> para garantizar la preservaci\u00f3n del interior de un inmueble que actualmente no est\u00e1 abierto al culto<\/strong>. Cees ha se\u00f1alado que <strong>estuvo pintando los murales durante cuatro meses<\/strong> &#8220;<em>cuando termin\u00f3 el confinamiento de la primera ola de la pandemia sub\u00ed y empec\u00e9 a restaurar un cuadro que yo hab\u00eda hecho a\u00f1os atr\u00e1s y que estaba en la ermita bastante deteriorado. Me entraron ganas de continuar, ped\u00ed permiso al Ayuntamiento y me lo denegaron pero la inspiraci\u00f3n era tan fuerte que decid\u00ed continuar<\/em>&#8220;, comenta. De igual forma el pintor remarca que <strong>le gustar\u00eda terminar la obra<\/strong> &#8220;<em>una ca\u00edda me oblig\u00f3 a parar pero me gustar\u00eda seguir en verano as\u00ed que espero que el Ayuntamiento no vaya a m\u00e1s con la pol\u00e9mica y me deje continuar. Les he pedido hasta un andamio pero se que no me lo van a dejar<\/em>&#8220;, ha concluido.<\/p>\n<audio class=\"wp-audio-shortcode\" id=\"audio-85383-1\" preload=\"none\" style=\"width: 100%;\" controls=\"controls\"><source type=\"audio\/mpeg\" src=\"https:\/\/www.copealcoy.es\/wp-content\/uploads\/2022\/03\/JESUS-TALL.mp3?_=1\" \/><a href=\"https:\/\/www.copealcoy.es\/wp-content\/uploads\/2022\/03\/JESUS-TALL.mp3\">https:\/\/www.copealcoy.es\/wp-content\/uploads\/2022\/03\/JESUS-TALL.mp3<\/a><\/audio>\n<p>&nbsp;<\/p>\n<p style=\"text-align: justify;\">Indicar que la ermita de San Crist\u00f3bal <strong>est\u00e1 situada en el entorno del Preventorio<\/strong>, junto a la cruz que corona el monte, y la misma est\u00e1 amparada por la Ley de Patrimonio de la Comunidad Valenciana ya que tiene <strong>la catalogaci\u00f3n de Bien de Relevancia Local<\/strong>. El mal estado en el que se encontraba hace unos a\u00f1os <strong>hab\u00eda obligado a alguno vecinos de la ciudad a iniciar la restauraci\u00f3n con sus propios medios<\/strong> hasta que el Ayuntamiento <a href=\"https:\/\/www.copealcoy.es\/concluye-la-restauracion-de-la-ermita-de-sant-cristofol\/\"><strong><span style=\"color: #0000ff;\">acometi\u00f3 una importante intervenci\u00f3n<\/span><\/strong><\/a> que culmin\u00f3 en 2017.<\/p>\n","protected":false},"excerpt":{"rendered":"<p>La pol\u00e9mica est\u00e1 servida y en la ciudad hay opiniones para todos los gustos. Esta semana el peri\u00f3dico Las Provincias&#8230;<\/p>\n","protected":false},"author":1,"featured_media":85384,"comment_status":"open","ping_status":"open","sticky":false,"template":"","format":"standard","meta":{"footnotes":""},"categories":[97,75,125],"tags":[1494,12577,12576,3835],"class_list":["post-85383","post","type-post","status-publish","format-standard","has-post-thumbnail","hentry","category-alcoy","category-noticias","category-portada","tag-alcoy","tag-ermita-de-san-cristobal","tag-jesus-cees","tag-pinturas"],"yoast_head":"<!-- This site is optimized with the Yoast SEO plugin v27.3 - https:\/\/yoast.com\/product\/yoast-seo-wordpress\/ -->\n<title>Jes\u00fas Cees: &quot;me gustar\u00eda terminar las pinturas de la ermita&quot; - COPE Alcoy<\/title>\n<meta name=\"robots\" content=\"index, follow, max-snippet:-1, max-image-preview:large, max-video-preview:-1\" \/>\n<link rel=\"canonical\" href=\"https:\/\/www.copealcoy.es\/es\/jesus-cees-me-gustaria-terminar-las-pinturas-de-la-ermita\/\" \/>\n<meta property=\"og:locale\" content=\"es_ES\" \/>\n<meta property=\"og:type\" content=\"article\" \/>\n<meta property=\"og:title\" content=\"Jes\u00fas Cees: &quot;me gustar\u00eda terminar las pinturas de la ermita&quot; - COPE Alcoy\" \/>\n<meta property=\"og:description\" content=\"La pol\u00e9mica est\u00e1 servida y en la ciudad hay opiniones para todos los gustos. Esta semana el peri\u00f3dico Las Provincias...\" \/>\n<meta property=\"og:url\" content=\"https:\/\/www.copealcoy.es\/es\/jesus-cees-me-gustaria-terminar-las-pinturas-de-la-ermita\/\" \/>\n<meta property=\"og:site_name\" content=\"COPE Alcoy\" \/>\n<meta property=\"article:published_time\" content=\"2022-03-25T15:09:48+00:00\" \/>\n<meta property=\"article:modified_time\" content=\"2022-03-28T09:12:24+00:00\" \/>\n<meta property=\"og:image\" content=\"https:\/\/www.copealcoy.es\/wp-content\/uploads\/2022\/03\/unnamed-25.jpg\" \/>\n\t<meta property=\"og:image:width\" content=\"828\" \/>\n\t<meta property=\"og:image:height\" content=\"554\" \/>\n\t<meta property=\"og:image:type\" content=\"image\/jpeg\" \/>\n<meta name=\"author\" content=\"Cope Alcoy\" \/>\n<meta name=\"twitter:label1\" content=\"Escrito por\" \/>\n\t<meta name=\"twitter:data1\" content=\"Cope Alcoy\" \/>\n\t<meta name=\"twitter:label2\" content=\"Tiempo de lectura\" \/>\n\t<meta name=\"twitter:data2\" content=\"2 minutos\" \/>\n<script type=\"application\/ld+json\" class=\"yoast-schema-graph\">{\"@context\":\"https:\\\/\\\/schema.org\",\"@graph\":[{\"@type\":\"Article\",\"@id\":\"https:\\\/\\\/www.copealcoy.es\\\/es\\\/jesus-cees-me-gustaria-terminar-las-pinturas-de-la-ermita\\\/#article\",\"isPartOf\":{\"@id\":\"https:\\\/\\\/www.copealcoy.es\\\/es\\\/jesus-cees-me-gustaria-terminar-las-pinturas-de-la-ermita\\\/\"},\"author\":{\"name\":\"Cope Alcoy\",\"@id\":\"https:\\\/\\\/www.copealcoy.es\\\/es\\\/#\\\/schema\\\/person\\\/e777c87fa024e57d40170af9df39882c\"},\"headline\":\"Jes\u00fas Cees: &#8220;me gustar\u00eda terminar las pinturas de la ermita&#8221;\",\"datePublished\":\"2022-03-25T15:09:48+00:00\",\"dateModified\":\"2022-03-28T09:12:24+00:00\",\"mainEntityOfPage\":{\"@id\":\"https:\\\/\\\/www.copealcoy.es\\\/es\\\/jesus-cees-me-gustaria-terminar-las-pinturas-de-la-ermita\\\/\"},\"wordCount\":349,\"commentCount\":0,\"image\":{\"@id\":\"https:\\\/\\\/www.copealcoy.es\\\/es\\\/jesus-cees-me-gustaria-terminar-las-pinturas-de-la-ermita\\\/#primaryimage\"},\"thumbnailUrl\":\"https:\\\/\\\/www.copealcoy.es\\\/wp-content\\\/uploads\\\/2022\\\/03\\\/unnamed-25.jpg\",\"keywords\":[\"Alcoy\",\"ermita de San Crist\u00f3bal\",\"Jes\u00fas Cees\",\"pinturas\"],\"articleSection\":[\"Alcoy\",\"Noticias\",\"Portada\"],\"inLanguage\":\"es\"},{\"@type\":\"WebPage\",\"@id\":\"https:\\\/\\\/www.copealcoy.es\\\/es\\\/jesus-cees-me-gustaria-terminar-las-pinturas-de-la-ermita\\\/\",\"url\":\"https:\\\/\\\/www.copealcoy.es\\\/es\\\/jesus-cees-me-gustaria-terminar-las-pinturas-de-la-ermita\\\/\",\"name\":\"Jes\u00fas Cees: \\\"me gustar\u00eda terminar las pinturas de la ermita\\\" - COPE Alcoy\",\"isPartOf\":{\"@id\":\"https:\\\/\\\/www.copealcoy.es\\\/es\\\/#website\"},\"primaryImageOfPage\":{\"@id\":\"https:\\\/\\\/www.copealcoy.es\\\/es\\\/jesus-cees-me-gustaria-terminar-las-pinturas-de-la-ermita\\\/#primaryimage\"},\"image\":{\"@id\":\"https:\\\/\\\/www.copealcoy.es\\\/es\\\/jesus-cees-me-gustaria-terminar-las-pinturas-de-la-ermita\\\/#primaryimage\"},\"thumbnailUrl\":\"https:\\\/\\\/www.copealcoy.es\\\/wp-content\\\/uploads\\\/2022\\\/03\\\/unnamed-25.jpg\",\"datePublished\":\"2022-03-25T15:09:48+00:00\",\"dateModified\":\"2022-03-28T09:12:24+00:00\",\"author\":{\"@id\":\"https:\\\/\\\/www.copealcoy.es\\\/es\\\/#\\\/schema\\\/person\\\/e777c87fa024e57d40170af9df39882c\"},\"breadcrumb\":{\"@id\":\"https:\\\/\\\/www.copealcoy.es\\\/es\\\/jesus-cees-me-gustaria-terminar-las-pinturas-de-la-ermita\\\/#breadcrumb\"},\"inLanguage\":\"es\",\"potentialAction\":[{\"@type\":\"ReadAction\",\"target\":[\"https:\\\/\\\/www.copealcoy.es\\\/es\\\/jesus-cees-me-gustaria-terminar-las-pinturas-de-la-ermita\\\/\"]}]},{\"@type\":\"ImageObject\",\"inLanguage\":\"es\",\"@id\":\"https:\\\/\\\/www.copealcoy.es\\\/es\\\/jesus-cees-me-gustaria-terminar-las-pinturas-de-la-ermita\\\/#primaryimage\",\"url\":\"https:\\\/\\\/www.copealcoy.es\\\/wp-content\\\/uploads\\\/2022\\\/03\\\/unnamed-25.jpg\",\"contentUrl\":\"https:\\\/\\\/www.copealcoy.es\\\/wp-content\\\/uploads\\\/2022\\\/03\\\/unnamed-25.jpg\",\"width\":828,\"height\":554},{\"@type\":\"BreadcrumbList\",\"@id\":\"https:\\\/\\\/www.copealcoy.es\\\/es\\\/jesus-cees-me-gustaria-terminar-las-pinturas-de-la-ermita\\\/#breadcrumb\",\"itemListElement\":[{\"@type\":\"ListItem\",\"position\":1,\"name\":\"Portada\",\"item\":\"https:\\\/\\\/www.copealcoy.es\\\/es\\\/\"},{\"@type\":\"ListItem\",\"position\":2,\"name\":\"Jes\u00fas Cees: &#8220;me gustar\u00eda terminar las pinturas de la ermita&#8221;\"}]},{\"@type\":\"WebSite\",\"@id\":\"https:\\\/\\\/www.copealcoy.es\\\/es\\\/#website\",\"url\":\"https:\\\/\\\/www.copealcoy.es\\\/es\\\/\",\"name\":\"COPE Alcoy\",\"description\":\"Emisora COPE de radio local con emisi\u00f3n online. Pont de Sant Jordi 8-10 03803 Alcoy\",\"potentialAction\":[{\"@type\":\"SearchAction\",\"target\":{\"@type\":\"EntryPoint\",\"urlTemplate\":\"https:\\\/\\\/www.copealcoy.es\\\/es\\\/?s={search_term_string}\"},\"query-input\":{\"@type\":\"PropertyValueSpecification\",\"valueRequired\":true,\"valueName\":\"search_term_string\"}}],\"inLanguage\":\"es\"},{\"@type\":\"Person\",\"@id\":\"https:\\\/\\\/www.copealcoy.es\\\/es\\\/#\\\/schema\\\/person\\\/e777c87fa024e57d40170af9df39882c\",\"name\":\"Cope Alcoy\",\"image\":{\"@type\":\"ImageObject\",\"inLanguage\":\"es\",\"@id\":\"https:\\\/\\\/secure.gravatar.com\\\/avatar\\\/bb65d0283347e303893ba14f0692005417c1e0e690a325a4c5d8bb2b3943ee14?s=96&d=mm&r=g\",\"url\":\"https:\\\/\\\/secure.gravatar.com\\\/avatar\\\/bb65d0283347e303893ba14f0692005417c1e0e690a325a4c5d8bb2b3943ee14?s=96&d=mm&r=g\",\"contentUrl\":\"https:\\\/\\\/secure.gravatar.com\\\/avatar\\\/bb65d0283347e303893ba14f0692005417c1e0e690a325a4c5d8bb2b3943ee14?s=96&d=mm&r=g\",\"caption\":\"Cope Alcoy\"}}]}<\/script>\n<!-- \/ Yoast SEO plugin. -->","yoast_head_json":{"title":"Jes\u00fas Cees: \"me gustar\u00eda terminar las pinturas de la ermita\" - COPE Alcoy","robots":{"index":"index","follow":"follow","max-snippet":"max-snippet:-1","max-image-preview":"max-image-preview:large","max-video-preview":"max-video-preview:-1"},"canonical":"https:\/\/www.copealcoy.es\/es\/jesus-cees-me-gustaria-terminar-las-pinturas-de-la-ermita\/","og_locale":"es_ES","og_type":"article","og_title":"Jes\u00fas Cees: \"me gustar\u00eda terminar las pinturas de la ermita\" - COPE Alcoy","og_description":"La pol\u00e9mica est\u00e1 servida y en la ciudad hay opiniones para todos los gustos. Esta semana el peri\u00f3dico Las Provincias...","og_url":"https:\/\/www.copealcoy.es\/es\/jesus-cees-me-gustaria-terminar-las-pinturas-de-la-ermita\/","og_site_name":"COPE Alcoy","article_published_time":"2022-03-25T15:09:48+00:00","article_modified_time":"2022-03-28T09:12:24+00:00","og_image":[{"width":828,"height":554,"url":"https:\/\/www.copealcoy.es\/wp-content\/uploads\/2022\/03\/unnamed-25.jpg","type":"image\/jpeg"}],"author":"Cope Alcoy","twitter_misc":{"Escrito por":"Cope Alcoy","Tiempo de lectura":"2 minutos"},"schema":{"@context":"https:\/\/schema.org","@graph":[{"@type":"Article","@id":"https:\/\/www.copealcoy.es\/es\/jesus-cees-me-gustaria-terminar-las-pinturas-de-la-ermita\/#article","isPartOf":{"@id":"https:\/\/www.copealcoy.es\/es\/jesus-cees-me-gustaria-terminar-las-pinturas-de-la-ermita\/"},"author":{"name":"Cope Alcoy","@id":"https:\/\/www.copealcoy.es\/es\/#\/schema\/person\/e777c87fa024e57d40170af9df39882c"},"headline":"Jes\u00fas Cees: &#8220;me gustar\u00eda terminar las pinturas de la ermita&#8221;","datePublished":"2022-03-25T15:09:48+00:00","dateModified":"2022-03-28T09:12:24+00:00","mainEntityOfPage":{"@id":"https:\/\/www.copealcoy.es\/es\/jesus-cees-me-gustaria-terminar-las-pinturas-de-la-ermita\/"},"wordCount":349,"commentCount":0,"image":{"@id":"https:\/\/www.copealcoy.es\/es\/jesus-cees-me-gustaria-terminar-las-pinturas-de-la-ermita\/#primaryimage"},"thumbnailUrl":"https:\/\/www.copealcoy.es\/wp-content\/uploads\/2022\/03\/unnamed-25.jpg","keywords":["Alcoy","ermita de San Crist\u00f3bal","Jes\u00fas Cees","pinturas"],"articleSection":["Alcoy","Noticias","Portada"],"inLanguage":"es"},{"@type":"WebPage","@id":"https:\/\/www.copealcoy.es\/es\/jesus-cees-me-gustaria-terminar-las-pinturas-de-la-ermita\/","url":"https:\/\/www.copealcoy.es\/es\/jesus-cees-me-gustaria-terminar-las-pinturas-de-la-ermita\/","name":"Jes\u00fas Cees: \"me gustar\u00eda terminar las pinturas de la ermita\" - COPE Alcoy","isPartOf":{"@id":"https:\/\/www.copealcoy.es\/es\/#website"},"primaryImageOfPage":{"@id":"https:\/\/www.copealcoy.es\/es\/jesus-cees-me-gustaria-terminar-las-pinturas-de-la-ermita\/#primaryimage"},"image":{"@id":"https:\/\/www.copealcoy.es\/es\/jesus-cees-me-gustaria-terminar-las-pinturas-de-la-ermita\/#primaryimage"},"thumbnailUrl":"https:\/\/www.copealcoy.es\/wp-content\/uploads\/2022\/03\/unnamed-25.jpg","datePublished":"2022-03-25T15:09:48+00:00","dateModified":"2022-03-28T09:12:24+00:00","author":{"@id":"https:\/\/www.copealcoy.es\/es\/#\/schema\/person\/e777c87fa024e57d40170af9df39882c"},"breadcrumb":{"@id":"https:\/\/www.copealcoy.es\/es\/jesus-cees-me-gustaria-terminar-las-pinturas-de-la-ermita\/#breadcrumb"},"inLanguage":"es","potentialAction":[{"@type":"ReadAction","target":["https:\/\/www.copealcoy.es\/es\/jesus-cees-me-gustaria-terminar-las-pinturas-de-la-ermita\/"]}]},{"@type":"ImageObject","inLanguage":"es","@id":"https:\/\/www.copealcoy.es\/es\/jesus-cees-me-gustaria-terminar-las-pinturas-de-la-ermita\/#primaryimage","url":"https:\/\/www.copealcoy.es\/wp-content\/uploads\/2022\/03\/unnamed-25.jpg","contentUrl":"https:\/\/www.copealcoy.es\/wp-content\/uploads\/2022\/03\/unnamed-25.jpg","width":828,"height":554},{"@type":"BreadcrumbList","@id":"https:\/\/www.copealcoy.es\/es\/jesus-cees-me-gustaria-terminar-las-pinturas-de-la-ermita\/#breadcrumb","itemListElement":[{"@type":"ListItem","position":1,"name":"Portada","item":"https:\/\/www.copealcoy.es\/es\/"},{"@type":"ListItem","position":2,"name":"Jes\u00fas Cees: &#8220;me gustar\u00eda terminar las pinturas de la ermita&#8221;"}]},{"@type":"WebSite","@id":"https:\/\/www.copealcoy.es\/es\/#website","url":"https:\/\/www.copealcoy.es\/es\/","name":"COPE Alcoy","description":"Emisora COPE de radio local con emisi\u00f3n online. Pont de Sant Jordi 8-10 03803 Alcoy","potentialAction":[{"@type":"SearchAction","target":{"@type":"EntryPoint","urlTemplate":"https:\/\/www.copealcoy.es\/es\/?s={search_term_string}"},"query-input":{"@type":"PropertyValueSpecification","valueRequired":true,"valueName":"search_term_string"}}],"inLanguage":"es"},{"@type":"Person","@id":"https:\/\/www.copealcoy.es\/es\/#\/schema\/person\/e777c87fa024e57d40170af9df39882c","name":"Cope Alcoy","image":{"@type":"ImageObject","inLanguage":"es","@id":"https:\/\/secure.gravatar.com\/avatar\/bb65d0283347e303893ba14f0692005417c1e0e690a325a4c5d8bb2b3943ee14?s=96&d=mm&r=g","url":"https:\/\/secure.gravatar.com\/avatar\/bb65d0283347e303893ba14f0692005417c1e0e690a325a4c5d8bb2b3943ee14?s=96&d=mm&r=g","contentUrl":"https:\/\/secure.gravatar.com\/avatar\/bb65d0283347e303893ba14f0692005417c1e0e690a325a4c5d8bb2b3943ee14?s=96&d=mm&r=g","caption":"Cope Alcoy"}}]}},"_links":{"self":[{"href":"https:\/\/www.copealcoy.es\/es\/wp-json\/wp\/v2\/posts\/85383","targetHints":{"allow":["GET"]}}],"collection":[{"href":"https:\/\/www.copealcoy.es\/es\/wp-json\/wp\/v2\/posts"}],"about":[{"href":"https:\/\/www.copealcoy.es\/es\/wp-json\/wp\/v2\/types\/post"}],"author":[{"embeddable":true,"href":"https:\/\/www.copealcoy.es\/es\/wp-json\/wp\/v2\/users\/1"}],"replies":[{"embeddable":true,"href":"https:\/\/www.copealcoy.es\/es\/wp-json\/wp\/v2\/comments?post=85383"}],"version-history":[{"count":0,"href":"https:\/\/www.copealcoy.es\/es\/wp-json\/wp\/v2\/posts\/85383\/revisions"}],"wp:featuredmedia":[{"embeddable":true,"href":"https:\/\/www.copealcoy.es\/es\/wp-json\/wp\/v2\/media\/85384"}],"wp:attachment":[{"href":"https:\/\/www.copealcoy.es\/es\/wp-json\/wp\/v2\/media?parent=85383"}],"wp:term":[{"taxonomy":"category","embeddable":true,"href":"https:\/\/www.copealcoy.es\/es\/wp-json\/wp\/v2\/categories?post=85383"},{"taxonomy":"post_tag","embeddable":true,"href":"https:\/\/www.copealcoy.es\/es\/wp-json\/wp\/v2\/tags?post=85383"}],"curies":[{"name":"wp","href":"https:\/\/api.w.org\/{rel}","templated":true}]}}