{"id":85228,"date":"2022-03-22T15:09:34","date_gmt":"2022-03-22T14:09:34","guid":{"rendered":"https:\/\/www.copealcoy.es\/?p=85228"},"modified":"2022-03-22T15:09:34","modified_gmt":"2022-03-22T14:09:34","slug":"la-huelga-de-transporte-y-ucrania-ponen-en-jaque-la-cadena-de-suministro-que-es-y-que-sucederia-si-colapsa","status":"publish","type":"post","link":"https:\/\/www.copealcoy.es\/es\/la-huelga-de-transporte-y-ucrania-ponen-en-jaque-la-cadena-de-suministro-que-es-y-que-sucederia-si-colapsa\/","title":{"rendered":"La huelga de transporte y Ucrania ponen en jaque la cadena de suministro: \u00bfQu\u00e9 es y qu\u00e9 suceder\u00eda si colapsa?"},"content":{"rendered":"<p style=\"text-align: justify;\">La crisis <strong>se agrava<\/strong>. Los\u00a0nueve d\u00edas de paro indefinido en el transporte y los 27 de la guerra de Ucrania\u00a0<strong>ponen en jaque a la\u00a0cadena de suministro espa\u00f1ola<\/strong> cuya cuerda se tensa cada d\u00eda m\u00e1s.<\/p>\n<p style=\"text-align: justify;\">El sector industrial advierte de que <strong>avanzamos hacia una\u00a0parada total<\/strong>.\u00a0No llegan materias primas, no se pueden mandar los productos a los clientes y por tanto la\u00a0cadena de suministros -desde la b\u00fasqueda de materias primas su transformaci\u00f3n y fabricaci\u00f3n, transporte o la entrega al consumidor final-, puede llegar a colapsar.<\/p>\n<p style=\"text-align: justify;\">El fallo de alguno de estos eslabones <strong>est\u00e1 empezando a pasar factura a algunas empresas<\/strong> que <strong>trabajan al l\u00edmite<\/strong> forzando a algunas ante la falta de materias primas.<\/p>\n<p style=\"text-align: justify;\"><span style=\"color: #0000ff;\"><strong>Huelga de transportes <\/strong><\/span><\/p>\n<p style=\"text-align: justify;\">Uno de los golpes a la cadena de suministros es <strong>la\u00a0huelga de transportistas<\/strong>\u00a0que est\u00e1 provocando el\u00a0<strong>desabasteciendo de productos<\/strong> en los supermercados, tiendas y grandes almacenes.<\/p>\n<p style=\"text-align: justify;\">Empresas de alimentaci\u00f3n como\u00a0<strong><span style=\"color: #0000ff;\"><a style=\"color: #0000ff;\" href=\"https:\/\/www.cope.es\/actualidad\/economia\/noticias\/danone-advierte-que-parara-horas-hay-acuerdo-con-los-transportistas-20220322_1983125\">Danone<\/a>\u00a0<\/span><\/strong>ya han advertido de que <strong>en un plazo m\u00e1ximo de 24 horas, se ver\u00e1 abocada a interrumpir su actividad debido a la huelga de transportistas<\/strong>. Otros como el <strong>grupo Lactalis<\/strong> (Puleva, Lauki, RAM, El Ventero o Pr\u00e9sident) han apelado al &#8220;<em>di\u00e1logo y a la negociaci\u00f3n<\/em>&#8221; para &#8220;<em>evitar un mayor\u00a0colapso<\/em>&#8221; en la cadena l\u00e1ctea.<\/p>\n<p style=\"text-align: justify;\">Tambi\u00e9n se ven afectados el <strong>sector de la automoci\u00f3n<\/strong> por la falta de piezas o el de <strong>la construcci\u00f3n<\/strong> ante la ausencia de hormig\u00f3n.<\/p>\n<p style=\"text-align: justify;\">Con estos paros el transporte <strong>reclama medidas urgentes<\/strong> para reducir las consecuencias del imparable incremento del precio de los combustibles. Denuncian que est\u00e1n ahogados, que <strong>la situaci\u00f3n es insostenible<\/strong> y que trabajan a p\u00e9rdidas.<\/p>\n<p style=\"text-align: justify;\"><span style=\"color: #0000ff;\"><strong>Guerra en Ucrania<\/strong><\/span><\/p>\n<p style=\"text-align: justify;\">A los paros del transporte se suma<strong> la guerra de Ucrania<\/strong> que ha ahondado m\u00e1s en esta ruptura de la cadena de suministro. En este caso, <strong>hay sectores econ\u00f3micos muy expuestos<\/strong> como la alimentaci\u00f3n -de cereales como el trigo, el ma\u00edz, el centeno o la cebada- la automoci\u00f3n, la tecnolog\u00eda o la energ\u00eda.<\/p>\n<p style=\"text-align: justify;\"><span style=\"color: #0000ff;\"><strong>Subida de precios <\/strong><\/span><\/p>\n<p style=\"text-align: justify;\">&#8220;<em>Los problemas log\u00edsticos tienden a solucionarse<\/em>&#8220;. As\u00ed lo ha asegurado en COPE <strong>Joaqu\u00edn Azpitarte<\/strong>,\u00a0profesor de Direcci\u00f3n de Operaciones y Log\u00edstica del MBA de UNIR<strong>. <\/strong>Tambi\u00e9n ha incidido en que &#8220;<em>con la escasez, es importante que los precios suban<\/em>&#8220;, porque es &#8220;<em>un incentivo, una llamada a los empresarios<\/em>&#8220;, para<strong> buscar alternativas<\/strong> a lo que pueda estar faltando.<\/p>\n","protected":false},"excerpt":{"rendered":"<p>La crisis se agrava. Los\u00a0nueve d\u00edas de paro indefinido en el transporte y los 27 de la guerra de Ucrania\u00a0ponen&#8230;<\/p>\n","protected":false},"author":1,"featured_media":84929,"comment_status":"open","ping_status":"open","sticky":false,"template":"","format":"standard","meta":{"footnotes":""},"categories":[6909,75,79],"tags":[12559,3416,9469,8069,1014],"class_list":["post-85228","post","type-post","status-publish","format-standard","has-post-thumbnail","hentry","category-actualidad","category-noticias","category-politicayeconomia","tag-consecuencias","tag-huelga","tag-precios","tag-subida","tag-transporte"],"yoast_head":"<!-- This site is optimized with the Yoast SEO plugin v27.3 - https:\/\/yoast.com\/product\/yoast-seo-wordpress\/ -->\n<title>La huelga de transporte y Ucrania ponen en jaque la cadena de suministro: \u00bfQu\u00e9 es y qu\u00e9 suceder\u00eda si colapsa? - COPE Alcoy<\/title>\n<meta name=\"robots\" content=\"index, follow, max-snippet:-1, max-image-preview:large, max-video-preview:-1\" \/>\n<link rel=\"canonical\" href=\"https:\/\/www.copealcoy.es\/es\/la-huelga-de-transporte-y-ucrania-ponen-en-jaque-la-cadena-de-suministro-que-es-y-que-sucederia-si-colapsa\/\" \/>\n<meta property=\"og:locale\" content=\"es_ES\" \/>\n<meta property=\"og:type\" content=\"article\" \/>\n<meta property=\"og:title\" content=\"La huelga de transporte y Ucrania ponen en jaque la cadena de suministro: \u00bfQu\u00e9 es y qu\u00e9 suceder\u00eda si colapsa? - COPE Alcoy\" \/>\n<meta property=\"og:description\" content=\"La crisis se agrava. Los\u00a0nueve d\u00edas de paro indefinido en el transporte y los 27 de la guerra de Ucrania\u00a0ponen...\" \/>\n<meta property=\"og:url\" content=\"https:\/\/www.copealcoy.es\/es\/la-huelga-de-transporte-y-ucrania-ponen-en-jaque-la-cadena-de-suministro-que-es-y-que-sucederia-si-colapsa\/\" \/>\n<meta property=\"og:site_name\" content=\"COPE Alcoy\" \/>\n<meta property=\"article:published_time\" content=\"2022-03-22T14:09:34+00:00\" \/>\n<meta property=\"og:image\" content=\"https:\/\/www.copealcoy.es\/wp-content\/uploads\/2022\/03\/1647220615231.jpg\" \/>\n\t<meta property=\"og:image:width\" content=\"976\" \/>\n\t<meta property=\"og:image:height\" content=\"651\" \/>\n\t<meta property=\"og:image:type\" content=\"image\/jpeg\" \/>\n<meta name=\"author\" content=\"Cope Alcoy\" \/>\n<meta name=\"twitter:label1\" content=\"Escrito por\" \/>\n\t<meta name=\"twitter:data1\" content=\"Cope Alcoy\" \/>\n\t<meta name=\"twitter:label2\" content=\"Tiempo de lectura\" \/>\n\t<meta name=\"twitter:data2\" content=\"2 minutos\" \/>\n<script type=\"application\/ld+json\" class=\"yoast-schema-graph\">{\"@context\":\"https:\\\/\\\/schema.org\",\"@graph\":[{\"@type\":\"Article\",\"@id\":\"https:\\\/\\\/www.copealcoy.es\\\/es\\\/la-huelga-de-transporte-y-ucrania-ponen-en-jaque-la-cadena-de-suministro-que-es-y-que-sucederia-si-colapsa\\\/#article\",\"isPartOf\":{\"@id\":\"https:\\\/\\\/www.copealcoy.es\\\/es\\\/la-huelga-de-transporte-y-ucrania-ponen-en-jaque-la-cadena-de-suministro-que-es-y-que-sucederia-si-colapsa\\\/\"},\"author\":{\"name\":\"Cope Alcoy\",\"@id\":\"https:\\\/\\\/www.copealcoy.es\\\/es\\\/#\\\/schema\\\/person\\\/e777c87fa024e57d40170af9df39882c\"},\"headline\":\"La huelga de transporte y Ucrania ponen en jaque la cadena de suministro: \u00bfQu\u00e9 es y qu\u00e9 suceder\u00eda si colapsa?\",\"datePublished\":\"2022-03-22T14:09:34+00:00\",\"mainEntityOfPage\":{\"@id\":\"https:\\\/\\\/www.copealcoy.es\\\/es\\\/la-huelga-de-transporte-y-ucrania-ponen-en-jaque-la-cadena-de-suministro-que-es-y-que-sucederia-si-colapsa\\\/\"},\"wordCount\":433,\"commentCount\":0,\"image\":{\"@id\":\"https:\\\/\\\/www.copealcoy.es\\\/es\\\/la-huelga-de-transporte-y-ucrania-ponen-en-jaque-la-cadena-de-suministro-que-es-y-que-sucederia-si-colapsa\\\/#primaryimage\"},\"thumbnailUrl\":\"https:\\\/\\\/www.copealcoy.es\\\/wp-content\\\/uploads\\\/2022\\\/03\\\/1647220615231.jpg\",\"keywords\":[\"consecuencias\",\"huelga\",\"precios\",\"subida\",\"Transporte\"],\"articleSection\":[\"Actualidad\",\"Noticias\",\"Pol\u00edtica y Econom\u00eda\"],\"inLanguage\":\"es\"},{\"@type\":\"WebPage\",\"@id\":\"https:\\\/\\\/www.copealcoy.es\\\/es\\\/la-huelga-de-transporte-y-ucrania-ponen-en-jaque-la-cadena-de-suministro-que-es-y-que-sucederia-si-colapsa\\\/\",\"url\":\"https:\\\/\\\/www.copealcoy.es\\\/es\\\/la-huelga-de-transporte-y-ucrania-ponen-en-jaque-la-cadena-de-suministro-que-es-y-que-sucederia-si-colapsa\\\/\",\"name\":\"La huelga de transporte y Ucrania ponen en jaque la cadena de suministro: \u00bfQu\u00e9 es y qu\u00e9 suceder\u00eda si colapsa? - COPE Alcoy\",\"isPartOf\":{\"@id\":\"https:\\\/\\\/www.copealcoy.es\\\/es\\\/#website\"},\"primaryImageOfPage\":{\"@id\":\"https:\\\/\\\/www.copealcoy.es\\\/es\\\/la-huelga-de-transporte-y-ucrania-ponen-en-jaque-la-cadena-de-suministro-que-es-y-que-sucederia-si-colapsa\\\/#primaryimage\"},\"image\":{\"@id\":\"https:\\\/\\\/www.copealcoy.es\\\/es\\\/la-huelga-de-transporte-y-ucrania-ponen-en-jaque-la-cadena-de-suministro-que-es-y-que-sucederia-si-colapsa\\\/#primaryimage\"},\"thumbnailUrl\":\"https:\\\/\\\/www.copealcoy.es\\\/wp-content\\\/uploads\\\/2022\\\/03\\\/1647220615231.jpg\",\"datePublished\":\"2022-03-22T14:09:34+00:00\",\"author\":{\"@id\":\"https:\\\/\\\/www.copealcoy.es\\\/es\\\/#\\\/schema\\\/person\\\/e777c87fa024e57d40170af9df39882c\"},\"breadcrumb\":{\"@id\":\"https:\\\/\\\/www.copealcoy.es\\\/es\\\/la-huelga-de-transporte-y-ucrania-ponen-en-jaque-la-cadena-de-suministro-que-es-y-que-sucederia-si-colapsa\\\/#breadcrumb\"},\"inLanguage\":\"es\",\"potentialAction\":[{\"@type\":\"ReadAction\",\"target\":[\"https:\\\/\\\/www.copealcoy.es\\\/es\\\/la-huelga-de-transporte-y-ucrania-ponen-en-jaque-la-cadena-de-suministro-que-es-y-que-sucederia-si-colapsa\\\/\"]}]},{\"@type\":\"ImageObject\",\"inLanguage\":\"es\",\"@id\":\"https:\\\/\\\/www.copealcoy.es\\\/es\\\/la-huelga-de-transporte-y-ucrania-ponen-en-jaque-la-cadena-de-suministro-que-es-y-que-sucederia-si-colapsa\\\/#primaryimage\",\"url\":\"https:\\\/\\\/www.copealcoy.es\\\/wp-content\\\/uploads\\\/2022\\\/03\\\/1647220615231.jpg\",\"contentUrl\":\"https:\\\/\\\/www.copealcoy.es\\\/wp-content\\\/uploads\\\/2022\\\/03\\\/1647220615231.jpg\",\"width\":976,\"height\":651},{\"@type\":\"BreadcrumbList\",\"@id\":\"https:\\\/\\\/www.copealcoy.es\\\/es\\\/la-huelga-de-transporte-y-ucrania-ponen-en-jaque-la-cadena-de-suministro-que-es-y-que-sucederia-si-colapsa\\\/#breadcrumb\",\"itemListElement\":[{\"@type\":\"ListItem\",\"position\":1,\"name\":\"Portada\",\"item\":\"https:\\\/\\\/www.copealcoy.es\\\/es\\\/\"},{\"@type\":\"ListItem\",\"position\":2,\"name\":\"La huelga de transporte y Ucrania ponen en jaque la cadena de suministro: \u00bfQu\u00e9 es y qu\u00e9 suceder\u00eda si colapsa?\"}]},{\"@type\":\"WebSite\",\"@id\":\"https:\\\/\\\/www.copealcoy.es\\\/es\\\/#website\",\"url\":\"https:\\\/\\\/www.copealcoy.es\\\/es\\\/\",\"name\":\"COPE Alcoy\",\"description\":\"Emisora COPE de radio local con emisi\u00f3n online. Pont de Sant Jordi 8-10 03803 Alcoy\",\"potentialAction\":[{\"@type\":\"SearchAction\",\"target\":{\"@type\":\"EntryPoint\",\"urlTemplate\":\"https:\\\/\\\/www.copealcoy.es\\\/es\\\/?s={search_term_string}\"},\"query-input\":{\"@type\":\"PropertyValueSpecification\",\"valueRequired\":true,\"valueName\":\"search_term_string\"}}],\"inLanguage\":\"es\"},{\"@type\":\"Person\",\"@id\":\"https:\\\/\\\/www.copealcoy.es\\\/es\\\/#\\\/schema\\\/person\\\/e777c87fa024e57d40170af9df39882c\",\"name\":\"Cope Alcoy\",\"image\":{\"@type\":\"ImageObject\",\"inLanguage\":\"es\",\"@id\":\"https:\\\/\\\/secure.gravatar.com\\\/avatar\\\/bb65d0283347e303893ba14f0692005417c1e0e690a325a4c5d8bb2b3943ee14?s=96&d=mm&r=g\",\"url\":\"https:\\\/\\\/secure.gravatar.com\\\/avatar\\\/bb65d0283347e303893ba14f0692005417c1e0e690a325a4c5d8bb2b3943ee14?s=96&d=mm&r=g\",\"contentUrl\":\"https:\\\/\\\/secure.gravatar.com\\\/avatar\\\/bb65d0283347e303893ba14f0692005417c1e0e690a325a4c5d8bb2b3943ee14?s=96&d=mm&r=g\",\"caption\":\"Cope Alcoy\"}}]}<\/script>\n<!-- \/ Yoast SEO plugin. -->","yoast_head_json":{"title":"La huelga de transporte y Ucrania ponen en jaque la cadena de suministro: \u00bfQu\u00e9 es y qu\u00e9 suceder\u00eda si colapsa? - COPE Alcoy","robots":{"index":"index","follow":"follow","max-snippet":"max-snippet:-1","max-image-preview":"max-image-preview:large","max-video-preview":"max-video-preview:-1"},"canonical":"https:\/\/www.copealcoy.es\/es\/la-huelga-de-transporte-y-ucrania-ponen-en-jaque-la-cadena-de-suministro-que-es-y-que-sucederia-si-colapsa\/","og_locale":"es_ES","og_type":"article","og_title":"La huelga de transporte y Ucrania ponen en jaque la cadena de suministro: \u00bfQu\u00e9 es y qu\u00e9 suceder\u00eda si colapsa? - COPE Alcoy","og_description":"La crisis se agrava. Los\u00a0nueve d\u00edas de paro indefinido en el transporte y los 27 de la guerra de Ucrania\u00a0ponen...","og_url":"https:\/\/www.copealcoy.es\/es\/la-huelga-de-transporte-y-ucrania-ponen-en-jaque-la-cadena-de-suministro-que-es-y-que-sucederia-si-colapsa\/","og_site_name":"COPE Alcoy","article_published_time":"2022-03-22T14:09:34+00:00","og_image":[{"width":976,"height":651,"url":"https:\/\/www.copealcoy.es\/wp-content\/uploads\/2022\/03\/1647220615231.jpg","type":"image\/jpeg"}],"author":"Cope Alcoy","twitter_misc":{"Escrito por":"Cope Alcoy","Tiempo de lectura":"2 minutos"},"schema":{"@context":"https:\/\/schema.org","@graph":[{"@type":"Article","@id":"https:\/\/www.copealcoy.es\/es\/la-huelga-de-transporte-y-ucrania-ponen-en-jaque-la-cadena-de-suministro-que-es-y-que-sucederia-si-colapsa\/#article","isPartOf":{"@id":"https:\/\/www.copealcoy.es\/es\/la-huelga-de-transporte-y-ucrania-ponen-en-jaque-la-cadena-de-suministro-que-es-y-que-sucederia-si-colapsa\/"},"author":{"name":"Cope Alcoy","@id":"https:\/\/www.copealcoy.es\/es\/#\/schema\/person\/e777c87fa024e57d40170af9df39882c"},"headline":"La huelga de transporte y Ucrania ponen en jaque la cadena de suministro: \u00bfQu\u00e9 es y qu\u00e9 suceder\u00eda si colapsa?","datePublished":"2022-03-22T14:09:34+00:00","mainEntityOfPage":{"@id":"https:\/\/www.copealcoy.es\/es\/la-huelga-de-transporte-y-ucrania-ponen-en-jaque-la-cadena-de-suministro-que-es-y-que-sucederia-si-colapsa\/"},"wordCount":433,"commentCount":0,"image":{"@id":"https:\/\/www.copealcoy.es\/es\/la-huelga-de-transporte-y-ucrania-ponen-en-jaque-la-cadena-de-suministro-que-es-y-que-sucederia-si-colapsa\/#primaryimage"},"thumbnailUrl":"https:\/\/www.copealcoy.es\/wp-content\/uploads\/2022\/03\/1647220615231.jpg","keywords":["consecuencias","huelga","precios","subida","Transporte"],"articleSection":["Actualidad","Noticias","Pol\u00edtica y Econom\u00eda"],"inLanguage":"es"},{"@type":"WebPage","@id":"https:\/\/www.copealcoy.es\/es\/la-huelga-de-transporte-y-ucrania-ponen-en-jaque-la-cadena-de-suministro-que-es-y-que-sucederia-si-colapsa\/","url":"https:\/\/www.copealcoy.es\/es\/la-huelga-de-transporte-y-ucrania-ponen-en-jaque-la-cadena-de-suministro-que-es-y-que-sucederia-si-colapsa\/","name":"La huelga de transporte y Ucrania ponen en jaque la cadena de suministro: \u00bfQu\u00e9 es y qu\u00e9 suceder\u00eda si colapsa? - COPE Alcoy","isPartOf":{"@id":"https:\/\/www.copealcoy.es\/es\/#website"},"primaryImageOfPage":{"@id":"https:\/\/www.copealcoy.es\/es\/la-huelga-de-transporte-y-ucrania-ponen-en-jaque-la-cadena-de-suministro-que-es-y-que-sucederia-si-colapsa\/#primaryimage"},"image":{"@id":"https:\/\/www.copealcoy.es\/es\/la-huelga-de-transporte-y-ucrania-ponen-en-jaque-la-cadena-de-suministro-que-es-y-que-sucederia-si-colapsa\/#primaryimage"},"thumbnailUrl":"https:\/\/www.copealcoy.es\/wp-content\/uploads\/2022\/03\/1647220615231.jpg","datePublished":"2022-03-22T14:09:34+00:00","author":{"@id":"https:\/\/www.copealcoy.es\/es\/#\/schema\/person\/e777c87fa024e57d40170af9df39882c"},"breadcrumb":{"@id":"https:\/\/www.copealcoy.es\/es\/la-huelga-de-transporte-y-ucrania-ponen-en-jaque-la-cadena-de-suministro-que-es-y-que-sucederia-si-colapsa\/#breadcrumb"},"inLanguage":"es","potentialAction":[{"@type":"ReadAction","target":["https:\/\/www.copealcoy.es\/es\/la-huelga-de-transporte-y-ucrania-ponen-en-jaque-la-cadena-de-suministro-que-es-y-que-sucederia-si-colapsa\/"]}]},{"@type":"ImageObject","inLanguage":"es","@id":"https:\/\/www.copealcoy.es\/es\/la-huelga-de-transporte-y-ucrania-ponen-en-jaque-la-cadena-de-suministro-que-es-y-que-sucederia-si-colapsa\/#primaryimage","url":"https:\/\/www.copealcoy.es\/wp-content\/uploads\/2022\/03\/1647220615231.jpg","contentUrl":"https:\/\/www.copealcoy.es\/wp-content\/uploads\/2022\/03\/1647220615231.jpg","width":976,"height":651},{"@type":"BreadcrumbList","@id":"https:\/\/www.copealcoy.es\/es\/la-huelga-de-transporte-y-ucrania-ponen-en-jaque-la-cadena-de-suministro-que-es-y-que-sucederia-si-colapsa\/#breadcrumb","itemListElement":[{"@type":"ListItem","position":1,"name":"Portada","item":"https:\/\/www.copealcoy.es\/es\/"},{"@type":"ListItem","position":2,"name":"La huelga de transporte y Ucrania ponen en jaque la cadena de suministro: \u00bfQu\u00e9 es y qu\u00e9 suceder\u00eda si colapsa?"}]},{"@type":"WebSite","@id":"https:\/\/www.copealcoy.es\/es\/#website","url":"https:\/\/www.copealcoy.es\/es\/","name":"COPE Alcoy","description":"Emisora COPE de radio local con emisi\u00f3n online. Pont de Sant Jordi 8-10 03803 Alcoy","potentialAction":[{"@type":"SearchAction","target":{"@type":"EntryPoint","urlTemplate":"https:\/\/www.copealcoy.es\/es\/?s={search_term_string}"},"query-input":{"@type":"PropertyValueSpecification","valueRequired":true,"valueName":"search_term_string"}}],"inLanguage":"es"},{"@type":"Person","@id":"https:\/\/www.copealcoy.es\/es\/#\/schema\/person\/e777c87fa024e57d40170af9df39882c","name":"Cope Alcoy","image":{"@type":"ImageObject","inLanguage":"es","@id":"https:\/\/secure.gravatar.com\/avatar\/bb65d0283347e303893ba14f0692005417c1e0e690a325a4c5d8bb2b3943ee14?s=96&d=mm&r=g","url":"https:\/\/secure.gravatar.com\/avatar\/bb65d0283347e303893ba14f0692005417c1e0e690a325a4c5d8bb2b3943ee14?s=96&d=mm&r=g","contentUrl":"https:\/\/secure.gravatar.com\/avatar\/bb65d0283347e303893ba14f0692005417c1e0e690a325a4c5d8bb2b3943ee14?s=96&d=mm&r=g","caption":"Cope Alcoy"}}]}},"_links":{"self":[{"href":"https:\/\/www.copealcoy.es\/es\/wp-json\/wp\/v2\/posts\/85228","targetHints":{"allow":["GET"]}}],"collection":[{"href":"https:\/\/www.copealcoy.es\/es\/wp-json\/wp\/v2\/posts"}],"about":[{"href":"https:\/\/www.copealcoy.es\/es\/wp-json\/wp\/v2\/types\/post"}],"author":[{"embeddable":true,"href":"https:\/\/www.copealcoy.es\/es\/wp-json\/wp\/v2\/users\/1"}],"replies":[{"embeddable":true,"href":"https:\/\/www.copealcoy.es\/es\/wp-json\/wp\/v2\/comments?post=85228"}],"version-history":[{"count":0,"href":"https:\/\/www.copealcoy.es\/es\/wp-json\/wp\/v2\/posts\/85228\/revisions"}],"wp:featuredmedia":[{"embeddable":true,"href":"https:\/\/www.copealcoy.es\/es\/wp-json\/wp\/v2\/media\/84929"}],"wp:attachment":[{"href":"https:\/\/www.copealcoy.es\/es\/wp-json\/wp\/v2\/media?parent=85228"}],"wp:term":[{"taxonomy":"category","embeddable":true,"href":"https:\/\/www.copealcoy.es\/es\/wp-json\/wp\/v2\/categories?post=85228"},{"taxonomy":"post_tag","embeddable":true,"href":"https:\/\/www.copealcoy.es\/es\/wp-json\/wp\/v2\/tags?post=85228"}],"curies":[{"name":"wp","href":"https:\/\/api.w.org\/{rel}","templated":true}]}}