{"id":85196,"date":"2022-03-21T15:23:28","date_gmt":"2022-03-21T14:23:28","guid":{"rendered":"https:\/\/www.copealcoy.es\/?p=85196"},"modified":"2022-03-22T20:54:05","modified_gmt":"2022-03-22T19:54:05","slug":"las-empresas-de-la-comarca-tambien-notan-las-subidas-de-costes","status":"publish","type":"post","link":"https:\/\/www.copealcoy.es\/es\/las-empresas-de-la-comarca-tambien-notan-las-subidas-de-costes\/","title":{"rendered":"Las empresas de la comarca tambi\u00e9n notan las subidas de costes"},"content":{"rendered":"<p style=\"text-align: justify;\">El <strong>sector empresarial de l\u2019Alcoi\u00e0 y el Comtat<\/strong> asegura que<strong> la industria de nuestras comarcas se est\u00e1 viendo tambi\u00e9n afectada por las consecuencias derivadas de la guerra de Ucrania<\/strong>. La patronal asegura que <strong>los incrementos del precio de los carburantes y de la energ\u00eda<\/strong> han llevado a algunas industrias a <strong>tener que parar la producci\u00f3n<\/strong> por no poder afrontar unos costes tan elevados. Esto se ha traducido en <strong>la puesta en marcha de ERES y ERTES que afectan a las plantillas<\/strong> e incluso <strong>a la totalidad de estas<\/strong> en algunas firmas de la zona. As\u00ed lo destacaba este lunes en COPE ALCOY <strong>Nacho G\u00f3mez<\/strong>, Presidente de la Federaci\u00f3n de Empresarios de l&#8217;Alcoi\u00e0-Comtat (FEDAC).<\/p>\n<audio class=\"wp-audio-shortcode\" id=\"audio-85196-1\" preload=\"none\" style=\"width: 100%;\" controls=\"controls\"><source type=\"audio\/mpeg\" src=\"https:\/\/www.copealcoy.es\/wp-content\/uploads\/2022\/03\/2022.03.21-NACHO-GO\u0301MEZ-INDUSTRIA-1-MEDIODI\u0301A.mp3?_=1\" \/><a href=\"https:\/\/www.copealcoy.es\/wp-content\/uploads\/2022\/03\/2022.03.21-NACHO-GO\u0301MEZ-INDUSTRIA-1-MEDIODI\u0301A.mp3\">https:\/\/www.copealcoy.es\/wp-content\/uploads\/2022\/03\/2022.03.21-NACHO-GO\u0301MEZ-INDUSTRIA-1-MEDIODI\u0301A.mp3<\/a><\/audio>\n<p>&nbsp;<\/p>\n<p style=\"text-align: justify;\">Desde FEDAC <strong>se refieren tambi\u00e9n a la medida que anunci\u00f3 el Gobierno Central la pasada semana<\/strong> referida a que <strong>abaratar\u00e1 los costes de la luz, el gas y los carburantes<\/strong> el pr\u00f3ximo 29 de marzo. No obstante, aseguran, que <strong>esto llegar\u00e1 tarde<\/strong> y con unas consecuencias ya muy duras para nuestras empresas:<\/p>\n<audio class=\"wp-audio-shortcode\" id=\"audio-85196-2\" preload=\"none\" style=\"width: 100%;\" controls=\"controls\"><source type=\"audio\/mpeg\" src=\"https:\/\/www.copealcoy.es\/wp-content\/uploads\/2022\/03\/2022.03.21-NACHO-GO\u0301MEZ-INDUSTRIA-2-MEDIODI\u0301A.mp3?_=2\" \/><a href=\"https:\/\/www.copealcoy.es\/wp-content\/uploads\/2022\/03\/2022.03.21-NACHO-GO\u0301MEZ-INDUSTRIA-2-MEDIODI\u0301A.mp3\">https:\/\/www.copealcoy.es\/wp-content\/uploads\/2022\/03\/2022.03.21-NACHO-GO\u0301MEZ-INDUSTRIA-2-MEDIODI\u0301A.mp3<\/a><\/audio>\n<p>&nbsp;<\/p>\n<p style=\"text-align: justify;\">A esta situaci\u00f3n se llega despu\u00e9s de que el tejido empresarial de la zona <strong>comenzase a ver la luz al final del t\u00fanel<\/strong> tras todas las consecuencias econ\u00f3micas que acarre\u00f3 la pandemia del Coronavirus.<\/p>\n","protected":false},"excerpt":{"rendered":"<p>El sector empresarial de l\u2019Alcoi\u00e0 y el Comtat asegura que la industria de nuestras comarcas se est\u00e1 viendo tambi\u00e9n afectada&#8230;<\/p>\n","protected":false},"author":1,"featured_media":69679,"comment_status":"open","ping_status":"open","sticky":false,"template":"","format":"standard","meta":{"footnotes":""},"categories":[6909,75,79],"tags":[482,1494,12556,237,8416,434,382,12557],"class_list":["post-85196","post","type-post","status-publish","format-standard","has-post-thumbnail","hentry","category-actualidad","category-noticias","category-politicayeconomia","tag-alcoia","tag-alcoy","tag-combustibles","tag-comtat","tag-costes","tag-empresas","tag-energia","tag-guerra-de-ucrania"],"yoast_head":"<!-- This site is optimized with the Yoast SEO plugin v27.3 - https:\/\/yoast.com\/product\/yoast-seo-wordpress\/ -->\n<title>Las empresas de la comarca tambi\u00e9n notan las subidas de costes - COPE Alcoy<\/title>\n<meta name=\"robots\" content=\"index, follow, max-snippet:-1, max-image-preview:large, max-video-preview:-1\" \/>\n<link rel=\"canonical\" href=\"https:\/\/www.copealcoy.es\/es\/las-empresas-de-la-comarca-tambien-notan-las-subidas-de-costes\/\" \/>\n<meta property=\"og:locale\" content=\"es_ES\" \/>\n<meta property=\"og:type\" content=\"article\" \/>\n<meta property=\"og:title\" content=\"Las empresas de la comarca tambi\u00e9n notan las subidas de costes - COPE Alcoy\" \/>\n<meta property=\"og:description\" content=\"El sector empresarial de l\u2019Alcoi\u00e0 y el Comtat asegura que la industria de nuestras comarcas se est\u00e1 viendo tambi\u00e9n afectada...\" \/>\n<meta property=\"og:url\" content=\"https:\/\/www.copealcoy.es\/es\/las-empresas-de-la-comarca-tambien-notan-las-subidas-de-costes\/\" \/>\n<meta property=\"og:site_name\" content=\"COPE Alcoy\" \/>\n<meta property=\"article:published_time\" content=\"2022-03-21T14:23:28+00:00\" \/>\n<meta property=\"article:modified_time\" content=\"2022-03-22T19:54:05+00:00\" \/>\n<meta property=\"og:image\" content=\"https:\/\/www.copealcoy.es\/wp-content\/uploads\/2021\/01\/Poli\u0301gono-Alcoy-7-e1639501498886.png\" \/>\n\t<meta property=\"og:image:width\" content=\"640\" \/>\n\t<meta property=\"og:image:height\" content=\"360\" \/>\n\t<meta property=\"og:image:type\" content=\"image\/png\" \/>\n<meta name=\"author\" content=\"Cope Alcoy\" \/>\n<meta name=\"twitter:label1\" content=\"Escrito por\" \/>\n\t<meta name=\"twitter:data1\" content=\"Cope Alcoy\" \/>\n\t<meta name=\"twitter:label2\" content=\"Tiempo de lectura\" \/>\n\t<meta name=\"twitter:data2\" content=\"1 minuto\" \/>\n<script type=\"application\/ld+json\" class=\"yoast-schema-graph\">{\"@context\":\"https:\\\/\\\/schema.org\",\"@graph\":[{\"@type\":\"Article\",\"@id\":\"https:\\\/\\\/www.copealcoy.es\\\/es\\\/las-empresas-de-la-comarca-tambien-notan-las-subidas-de-costes\\\/#article\",\"isPartOf\":{\"@id\":\"https:\\\/\\\/www.copealcoy.es\\\/es\\\/las-empresas-de-la-comarca-tambien-notan-las-subidas-de-costes\\\/\"},\"author\":{\"name\":\"Cope Alcoy\",\"@id\":\"https:\\\/\\\/www.copealcoy.es\\\/es\\\/#\\\/schema\\\/person\\\/e777c87fa024e57d40170af9df39882c\"},\"headline\":\"Las empresas de la comarca tambi\u00e9n notan las subidas de costes\",\"datePublished\":\"2022-03-21T14:23:28+00:00\",\"dateModified\":\"2022-03-22T19:54:05+00:00\",\"mainEntityOfPage\":{\"@id\":\"https:\\\/\\\/www.copealcoy.es\\\/es\\\/las-empresas-de-la-comarca-tambien-notan-las-subidas-de-costes\\\/\"},\"wordCount\":254,\"commentCount\":0,\"image\":{\"@id\":\"https:\\\/\\\/www.copealcoy.es\\\/es\\\/las-empresas-de-la-comarca-tambien-notan-las-subidas-de-costes\\\/#primaryimage\"},\"thumbnailUrl\":\"https:\\\/\\\/www.copealcoy.es\\\/wp-content\\\/uploads\\\/2021\\\/01\\\/Poli\u0301gono-Alcoy-7-e1639501498886.png\",\"keywords\":[\"Alcoi\u00e0\",\"Alcoy\",\"combustibles\",\"Comtat\",\"costes\",\"Empresas\",\"Energ\u00eda\",\"guerra de Ucrania\"],\"articleSection\":[\"Actualidad\",\"Noticias\",\"Pol\u00edtica y Econom\u00eda\"],\"inLanguage\":\"es\"},{\"@type\":\"WebPage\",\"@id\":\"https:\\\/\\\/www.copealcoy.es\\\/es\\\/las-empresas-de-la-comarca-tambien-notan-las-subidas-de-costes\\\/\",\"url\":\"https:\\\/\\\/www.copealcoy.es\\\/es\\\/las-empresas-de-la-comarca-tambien-notan-las-subidas-de-costes\\\/\",\"name\":\"Las empresas de la comarca tambi\u00e9n notan las subidas de costes - COPE Alcoy\",\"isPartOf\":{\"@id\":\"https:\\\/\\\/www.copealcoy.es\\\/es\\\/#website\"},\"primaryImageOfPage\":{\"@id\":\"https:\\\/\\\/www.copealcoy.es\\\/es\\\/las-empresas-de-la-comarca-tambien-notan-las-subidas-de-costes\\\/#primaryimage\"},\"image\":{\"@id\":\"https:\\\/\\\/www.copealcoy.es\\\/es\\\/las-empresas-de-la-comarca-tambien-notan-las-subidas-de-costes\\\/#primaryimage\"},\"thumbnailUrl\":\"https:\\\/\\\/www.copealcoy.es\\\/wp-content\\\/uploads\\\/2021\\\/01\\\/Poli\u0301gono-Alcoy-7-e1639501498886.png\",\"datePublished\":\"2022-03-21T14:23:28+00:00\",\"dateModified\":\"2022-03-22T19:54:05+00:00\",\"author\":{\"@id\":\"https:\\\/\\\/www.copealcoy.es\\\/es\\\/#\\\/schema\\\/person\\\/e777c87fa024e57d40170af9df39882c\"},\"breadcrumb\":{\"@id\":\"https:\\\/\\\/www.copealcoy.es\\\/es\\\/las-empresas-de-la-comarca-tambien-notan-las-subidas-de-costes\\\/#breadcrumb\"},\"inLanguage\":\"es\",\"potentialAction\":[{\"@type\":\"ReadAction\",\"target\":[\"https:\\\/\\\/www.copealcoy.es\\\/es\\\/las-empresas-de-la-comarca-tambien-notan-las-subidas-de-costes\\\/\"]}]},{\"@type\":\"ImageObject\",\"inLanguage\":\"es\",\"@id\":\"https:\\\/\\\/www.copealcoy.es\\\/es\\\/las-empresas-de-la-comarca-tambien-notan-las-subidas-de-costes\\\/#primaryimage\",\"url\":\"https:\\\/\\\/www.copealcoy.es\\\/wp-content\\\/uploads\\\/2021\\\/01\\\/Poli\u0301gono-Alcoy-7-e1639501498886.png\",\"contentUrl\":\"https:\\\/\\\/www.copealcoy.es\\\/wp-content\\\/uploads\\\/2021\\\/01\\\/Poli\u0301gono-Alcoy-7-e1639501498886.png\",\"width\":640,\"height\":360},{\"@type\":\"BreadcrumbList\",\"@id\":\"https:\\\/\\\/www.copealcoy.es\\\/es\\\/las-empresas-de-la-comarca-tambien-notan-las-subidas-de-costes\\\/#breadcrumb\",\"itemListElement\":[{\"@type\":\"ListItem\",\"position\":1,\"name\":\"Portada\",\"item\":\"https:\\\/\\\/www.copealcoy.es\\\/es\\\/\"},{\"@type\":\"ListItem\",\"position\":2,\"name\":\"Las empresas de la comarca tambi\u00e9n notan las subidas de costes\"}]},{\"@type\":\"WebSite\",\"@id\":\"https:\\\/\\\/www.copealcoy.es\\\/es\\\/#website\",\"url\":\"https:\\\/\\\/www.copealcoy.es\\\/es\\\/\",\"name\":\"COPE Alcoy\",\"description\":\"Emisora COPE de radio local con emisi\u00f3n online. Pont de Sant Jordi 8-10 03803 Alcoy\",\"potentialAction\":[{\"@type\":\"SearchAction\",\"target\":{\"@type\":\"EntryPoint\",\"urlTemplate\":\"https:\\\/\\\/www.copealcoy.es\\\/es\\\/?s={search_term_string}\"},\"query-input\":{\"@type\":\"PropertyValueSpecification\",\"valueRequired\":true,\"valueName\":\"search_term_string\"}}],\"inLanguage\":\"es\"},{\"@type\":\"Person\",\"@id\":\"https:\\\/\\\/www.copealcoy.es\\\/es\\\/#\\\/schema\\\/person\\\/e777c87fa024e57d40170af9df39882c\",\"name\":\"Cope Alcoy\",\"image\":{\"@type\":\"ImageObject\",\"inLanguage\":\"es\",\"@id\":\"https:\\\/\\\/secure.gravatar.com\\\/avatar\\\/bb65d0283347e303893ba14f0692005417c1e0e690a325a4c5d8bb2b3943ee14?s=96&d=mm&r=g\",\"url\":\"https:\\\/\\\/secure.gravatar.com\\\/avatar\\\/bb65d0283347e303893ba14f0692005417c1e0e690a325a4c5d8bb2b3943ee14?s=96&d=mm&r=g\",\"contentUrl\":\"https:\\\/\\\/secure.gravatar.com\\\/avatar\\\/bb65d0283347e303893ba14f0692005417c1e0e690a325a4c5d8bb2b3943ee14?s=96&d=mm&r=g\",\"caption\":\"Cope Alcoy\"}}]}<\/script>\n<!-- \/ Yoast SEO plugin. -->","yoast_head_json":{"title":"Las empresas de la comarca tambi\u00e9n notan las subidas de costes - COPE Alcoy","robots":{"index":"index","follow":"follow","max-snippet":"max-snippet:-1","max-image-preview":"max-image-preview:large","max-video-preview":"max-video-preview:-1"},"canonical":"https:\/\/www.copealcoy.es\/es\/las-empresas-de-la-comarca-tambien-notan-las-subidas-de-costes\/","og_locale":"es_ES","og_type":"article","og_title":"Las empresas de la comarca tambi\u00e9n notan las subidas de costes - COPE Alcoy","og_description":"El sector empresarial de l\u2019Alcoi\u00e0 y el Comtat asegura que la industria de nuestras comarcas se est\u00e1 viendo tambi\u00e9n afectada...","og_url":"https:\/\/www.copealcoy.es\/es\/las-empresas-de-la-comarca-tambien-notan-las-subidas-de-costes\/","og_site_name":"COPE Alcoy","article_published_time":"2022-03-21T14:23:28+00:00","article_modified_time":"2022-03-22T19:54:05+00:00","og_image":[{"width":640,"height":360,"url":"https:\/\/www.copealcoy.es\/wp-content\/uploads\/2021\/01\/Poli\u0301gono-Alcoy-7-e1639501498886.png","type":"image\/png"}],"author":"Cope Alcoy","twitter_misc":{"Escrito por":"Cope Alcoy","Tiempo de lectura":"1 minuto"},"schema":{"@context":"https:\/\/schema.org","@graph":[{"@type":"Article","@id":"https:\/\/www.copealcoy.es\/es\/las-empresas-de-la-comarca-tambien-notan-las-subidas-de-costes\/#article","isPartOf":{"@id":"https:\/\/www.copealcoy.es\/es\/las-empresas-de-la-comarca-tambien-notan-las-subidas-de-costes\/"},"author":{"name":"Cope Alcoy","@id":"https:\/\/www.copealcoy.es\/es\/#\/schema\/person\/e777c87fa024e57d40170af9df39882c"},"headline":"Las empresas de la comarca tambi\u00e9n notan las subidas de costes","datePublished":"2022-03-21T14:23:28+00:00","dateModified":"2022-03-22T19:54:05+00:00","mainEntityOfPage":{"@id":"https:\/\/www.copealcoy.es\/es\/las-empresas-de-la-comarca-tambien-notan-las-subidas-de-costes\/"},"wordCount":254,"commentCount":0,"image":{"@id":"https:\/\/www.copealcoy.es\/es\/las-empresas-de-la-comarca-tambien-notan-las-subidas-de-costes\/#primaryimage"},"thumbnailUrl":"https:\/\/www.copealcoy.es\/wp-content\/uploads\/2021\/01\/Poli\u0301gono-Alcoy-7-e1639501498886.png","keywords":["Alcoi\u00e0","Alcoy","combustibles","Comtat","costes","Empresas","Energ\u00eda","guerra de Ucrania"],"articleSection":["Actualidad","Noticias","Pol\u00edtica y Econom\u00eda"],"inLanguage":"es"},{"@type":"WebPage","@id":"https:\/\/www.copealcoy.es\/es\/las-empresas-de-la-comarca-tambien-notan-las-subidas-de-costes\/","url":"https:\/\/www.copealcoy.es\/es\/las-empresas-de-la-comarca-tambien-notan-las-subidas-de-costes\/","name":"Las empresas de la comarca tambi\u00e9n notan las subidas de costes - COPE Alcoy","isPartOf":{"@id":"https:\/\/www.copealcoy.es\/es\/#website"},"primaryImageOfPage":{"@id":"https:\/\/www.copealcoy.es\/es\/las-empresas-de-la-comarca-tambien-notan-las-subidas-de-costes\/#primaryimage"},"image":{"@id":"https:\/\/www.copealcoy.es\/es\/las-empresas-de-la-comarca-tambien-notan-las-subidas-de-costes\/#primaryimage"},"thumbnailUrl":"https:\/\/www.copealcoy.es\/wp-content\/uploads\/2021\/01\/Poli\u0301gono-Alcoy-7-e1639501498886.png","datePublished":"2022-03-21T14:23:28+00:00","dateModified":"2022-03-22T19:54:05+00:00","author":{"@id":"https:\/\/www.copealcoy.es\/es\/#\/schema\/person\/e777c87fa024e57d40170af9df39882c"},"breadcrumb":{"@id":"https:\/\/www.copealcoy.es\/es\/las-empresas-de-la-comarca-tambien-notan-las-subidas-de-costes\/#breadcrumb"},"inLanguage":"es","potentialAction":[{"@type":"ReadAction","target":["https:\/\/www.copealcoy.es\/es\/las-empresas-de-la-comarca-tambien-notan-las-subidas-de-costes\/"]}]},{"@type":"ImageObject","inLanguage":"es","@id":"https:\/\/www.copealcoy.es\/es\/las-empresas-de-la-comarca-tambien-notan-las-subidas-de-costes\/#primaryimage","url":"https:\/\/www.copealcoy.es\/wp-content\/uploads\/2021\/01\/Poli\u0301gono-Alcoy-7-e1639501498886.png","contentUrl":"https:\/\/www.copealcoy.es\/wp-content\/uploads\/2021\/01\/Poli\u0301gono-Alcoy-7-e1639501498886.png","width":640,"height":360},{"@type":"BreadcrumbList","@id":"https:\/\/www.copealcoy.es\/es\/las-empresas-de-la-comarca-tambien-notan-las-subidas-de-costes\/#breadcrumb","itemListElement":[{"@type":"ListItem","position":1,"name":"Portada","item":"https:\/\/www.copealcoy.es\/es\/"},{"@type":"ListItem","position":2,"name":"Las empresas de la comarca tambi\u00e9n notan las subidas de costes"}]},{"@type":"WebSite","@id":"https:\/\/www.copealcoy.es\/es\/#website","url":"https:\/\/www.copealcoy.es\/es\/","name":"COPE Alcoy","description":"Emisora COPE de radio local con emisi\u00f3n online. Pont de Sant Jordi 8-10 03803 Alcoy","potentialAction":[{"@type":"SearchAction","target":{"@type":"EntryPoint","urlTemplate":"https:\/\/www.copealcoy.es\/es\/?s={search_term_string}"},"query-input":{"@type":"PropertyValueSpecification","valueRequired":true,"valueName":"search_term_string"}}],"inLanguage":"es"},{"@type":"Person","@id":"https:\/\/www.copealcoy.es\/es\/#\/schema\/person\/e777c87fa024e57d40170af9df39882c","name":"Cope Alcoy","image":{"@type":"ImageObject","inLanguage":"es","@id":"https:\/\/secure.gravatar.com\/avatar\/bb65d0283347e303893ba14f0692005417c1e0e690a325a4c5d8bb2b3943ee14?s=96&d=mm&r=g","url":"https:\/\/secure.gravatar.com\/avatar\/bb65d0283347e303893ba14f0692005417c1e0e690a325a4c5d8bb2b3943ee14?s=96&d=mm&r=g","contentUrl":"https:\/\/secure.gravatar.com\/avatar\/bb65d0283347e303893ba14f0692005417c1e0e690a325a4c5d8bb2b3943ee14?s=96&d=mm&r=g","caption":"Cope Alcoy"}}]}},"_links":{"self":[{"href":"https:\/\/www.copealcoy.es\/es\/wp-json\/wp\/v2\/posts\/85196","targetHints":{"allow":["GET"]}}],"collection":[{"href":"https:\/\/www.copealcoy.es\/es\/wp-json\/wp\/v2\/posts"}],"about":[{"href":"https:\/\/www.copealcoy.es\/es\/wp-json\/wp\/v2\/types\/post"}],"author":[{"embeddable":true,"href":"https:\/\/www.copealcoy.es\/es\/wp-json\/wp\/v2\/users\/1"}],"replies":[{"embeddable":true,"href":"https:\/\/www.copealcoy.es\/es\/wp-json\/wp\/v2\/comments?post=85196"}],"version-history":[{"count":0,"href":"https:\/\/www.copealcoy.es\/es\/wp-json\/wp\/v2\/posts\/85196\/revisions"}],"wp:featuredmedia":[{"embeddable":true,"href":"https:\/\/www.copealcoy.es\/es\/wp-json\/wp\/v2\/media\/69679"}],"wp:attachment":[{"href":"https:\/\/www.copealcoy.es\/es\/wp-json\/wp\/v2\/media?parent=85196"}],"wp:term":[{"taxonomy":"category","embeddable":true,"href":"https:\/\/www.copealcoy.es\/es\/wp-json\/wp\/v2\/categories?post=85196"},{"taxonomy":"post_tag","embeddable":true,"href":"https:\/\/www.copealcoy.es\/es\/wp-json\/wp\/v2\/tags?post=85196"}],"curies":[{"name":"wp","href":"https:\/\/api.w.org\/{rel}","templated":true}]}}