{"id":85172,"date":"2022-03-20T18:11:14","date_gmt":"2022-03-20T17:11:14","guid":{"rendered":"https:\/\/www.copealcoy.es\/?p=85172"},"modified":"2022-03-20T18:35:53","modified_gmt":"2022-03-20T17:35:53","slug":"el-departament-de-salut-dalcoi-suma-nous-contagis-per-coronavirus","status":"publish","type":"post","link":"https:\/\/www.copealcoy.es\/es\/el-departament-de-salut-dalcoi-suma-nous-contagis-per-coronavirus\/","title":{"rendered":"El Departament de Salut d&#8217;Alcoi suma nous contagis per Coronavirus"},"content":{"rendered":"<p style=\"text-align: justify;\">El <strong>Departament de Salut d&#8217;Alcoi<\/strong> sumava a finals de la tercera setmana de mar\u00e7 <strong>un total de 103 nous contagis per Coronavirus<\/strong> mentre que <strong>la incid\u00e8ncia acumulada baixava als <span class=\"hiddenGrammarError\">316&#8217;71<\/span>\u00a0positius<\/strong>. No obstant aix\u00f2, hem sumat a les nostres comarques <strong>dues noves defuncions<\/strong> <strong>notificades a Ibi i Cocentaina<\/strong>, un fet que<strong> eleva el total de decessos als 458<\/strong> des que comen\u00e7ara la pand\u00e8mia. En aquests moments, segons la informaci\u00f3 facilitada, <strong>tenim 39.593 positius registrats des de l&#8217;inici de la crisi sanit\u00e0ria<\/strong>.<\/p>\n<p style=\"text-align: justify;\">Per localitats, <strong>Alcoi<\/strong> ha sumat 46 nous positius, <strong>Banyeres de Mariola<\/strong> 10, <strong>Onil<\/strong> tamb\u00e9 10, <strong>Muro<\/strong> 9, <strong>Ibi<\/strong> 8, <strong>Cocentaina<\/strong> 4 i <strong>Castalla<\/strong> 4. A les menudes poblacions registren tamb\u00e9 contagis i, per exemple, <strong>Fageca<\/strong> t\u00e9 2 m\u00e9s, <strong>Beniarr\u00e9s<\/strong> 2 i <strong>Benilloba<\/strong> 1.<\/p>\n<p style=\"text-align: justify;\">La <strong>incid\u00e8ncia acumulada<\/strong> a\u00a0<span class=\"hiddenGreenError\">14<\/span>\u00a0dies de la Comunitat Valenciana <strong>ha baixat 21,57 punts des de l&#8217;\u00faltima actualitzaci\u00f3 de dimarts<\/strong>, fins a situar-se aquest divendres en <strong>307,88 casos per 100.000\u00a0habitants<\/strong>. Aquesta dada est\u00e0 per sota dels <strong>445,80 casos de mitjana nacional<\/strong>, segons la darrera actualitzaci\u00f3 del Ministeri de Sanitat.<\/p>\n","protected":false},"excerpt":{"rendered":"<p>El Departament de Salut d&#8217;Alcoi sumava a finals de la tercera setmana de mar\u00e7 un total de 103 nous contagis&#8230;<\/p>\n","protected":false},"author":1,"featured_media":84257,"comment_status":"open","ping_status":"open","sticky":false,"template":"","format":"standard","meta":{"footnotes":""},"categories":[6909,98,75,125],"tags":[482,237,9624,7281,10745,7477],"class_list":["post-85172","post","type-post","status-publish","format-standard","has-post-thumbnail","hentry","category-actualidad","category-comarcas","category-noticias","category-portada","tag-alcoia","tag-comtat","tag-contagis","tag-coronavirus","tag-defuncions","tag-pandemia"],"yoast_head":"<!-- This site is optimized with the Yoast SEO plugin v27.3 - https:\/\/yoast.com\/product\/yoast-seo-wordpress\/ -->\n<title>El Departament de Salut d&#039;Alcoi suma nous contagis per Coronavirus - COPE Alcoy<\/title>\n<meta name=\"robots\" content=\"index, follow, max-snippet:-1, max-image-preview:large, max-video-preview:-1\" \/>\n<link rel=\"canonical\" href=\"https:\/\/www.copealcoy.es\/es\/el-departament-de-salut-dalcoi-suma-nous-contagis-per-coronavirus\/\" \/>\n<meta property=\"og:locale\" content=\"es_ES\" \/>\n<meta property=\"og:type\" content=\"article\" \/>\n<meta property=\"og:title\" content=\"El Departament de Salut d&#039;Alcoi suma nous contagis per Coronavirus - COPE Alcoy\" \/>\n<meta property=\"og:description\" content=\"El Departament de Salut d&#8217;Alcoi sumava a finals de la tercera setmana de mar\u00e7 un total de 103 nous contagis...\" \/>\n<meta property=\"og:url\" content=\"https:\/\/www.copealcoy.es\/es\/el-departament-de-salut-dalcoi-suma-nous-contagis-per-coronavirus\/\" \/>\n<meta property=\"og:site_name\" content=\"COPE Alcoy\" \/>\n<meta property=\"article:published_time\" content=\"2022-03-20T17:11:14+00:00\" \/>\n<meta property=\"article:modified_time\" content=\"2022-03-20T17:35:53+00:00\" \/>\n<meta property=\"og:image\" content=\"https:\/\/www.copealcoy.es\/wp-content\/uploads\/2022\/02\/unnamed-16-scaled-e1645798824971.jpg\" \/>\n\t<meta property=\"og:image:width\" content=\"640\" \/>\n\t<meta property=\"og:image:height\" content=\"371\" \/>\n\t<meta property=\"og:image:type\" content=\"image\/jpeg\" \/>\n<meta name=\"author\" content=\"Cope Alcoy\" \/>\n<meta name=\"twitter:label1\" content=\"Escrito por\" \/>\n\t<meta name=\"twitter:data1\" content=\"Cope Alcoy\" \/>\n\t<meta name=\"twitter:label2\" content=\"Tiempo de lectura\" \/>\n\t<meta name=\"twitter:data2\" content=\"1 minuto\" \/>\n<script type=\"application\/ld+json\" class=\"yoast-schema-graph\">{\"@context\":\"https:\\\/\\\/schema.org\",\"@graph\":[{\"@type\":\"Article\",\"@id\":\"https:\\\/\\\/www.copealcoy.es\\\/es\\\/el-departament-de-salut-dalcoi-suma-nous-contagis-per-coronavirus\\\/#article\",\"isPartOf\":{\"@id\":\"https:\\\/\\\/www.copealcoy.es\\\/es\\\/el-departament-de-salut-dalcoi-suma-nous-contagis-per-coronavirus\\\/\"},\"author\":{\"name\":\"Cope Alcoy\",\"@id\":\"https:\\\/\\\/www.copealcoy.es\\\/es\\\/#\\\/schema\\\/person\\\/e777c87fa024e57d40170af9df39882c\"},\"headline\":\"El Departament de Salut d&#8217;Alcoi suma nous contagis per Coronavirus\",\"datePublished\":\"2022-03-20T17:11:14+00:00\",\"dateModified\":\"2022-03-20T17:35:53+00:00\",\"mainEntityOfPage\":{\"@id\":\"https:\\\/\\\/www.copealcoy.es\\\/es\\\/el-departament-de-salut-dalcoi-suma-nous-contagis-per-coronavirus\\\/\"},\"wordCount\":176,\"commentCount\":0,\"image\":{\"@id\":\"https:\\\/\\\/www.copealcoy.es\\\/es\\\/el-departament-de-salut-dalcoi-suma-nous-contagis-per-coronavirus\\\/#primaryimage\"},\"thumbnailUrl\":\"https:\\\/\\\/www.copealcoy.es\\\/wp-content\\\/uploads\\\/2022\\\/02\\\/unnamed-16-scaled-e1645798824971.jpg\",\"keywords\":[\"Alcoi\u00e0\",\"Comtat\",\"contagis\",\"Coronavirus\",\"defuncions\",\"pandemia\"],\"articleSection\":[\"Actualidad\",\"Comarcas\",\"Noticias\",\"Portada\"],\"inLanguage\":\"es\"},{\"@type\":\"WebPage\",\"@id\":\"https:\\\/\\\/www.copealcoy.es\\\/es\\\/el-departament-de-salut-dalcoi-suma-nous-contagis-per-coronavirus\\\/\",\"url\":\"https:\\\/\\\/www.copealcoy.es\\\/es\\\/el-departament-de-salut-dalcoi-suma-nous-contagis-per-coronavirus\\\/\",\"name\":\"El Departament de Salut d'Alcoi suma nous contagis per Coronavirus - COPE Alcoy\",\"isPartOf\":{\"@id\":\"https:\\\/\\\/www.copealcoy.es\\\/es\\\/#website\"},\"primaryImageOfPage\":{\"@id\":\"https:\\\/\\\/www.copealcoy.es\\\/es\\\/el-departament-de-salut-dalcoi-suma-nous-contagis-per-coronavirus\\\/#primaryimage\"},\"image\":{\"@id\":\"https:\\\/\\\/www.copealcoy.es\\\/es\\\/el-departament-de-salut-dalcoi-suma-nous-contagis-per-coronavirus\\\/#primaryimage\"},\"thumbnailUrl\":\"https:\\\/\\\/www.copealcoy.es\\\/wp-content\\\/uploads\\\/2022\\\/02\\\/unnamed-16-scaled-e1645798824971.jpg\",\"datePublished\":\"2022-03-20T17:11:14+00:00\",\"dateModified\":\"2022-03-20T17:35:53+00:00\",\"author\":{\"@id\":\"https:\\\/\\\/www.copealcoy.es\\\/es\\\/#\\\/schema\\\/person\\\/e777c87fa024e57d40170af9df39882c\"},\"breadcrumb\":{\"@id\":\"https:\\\/\\\/www.copealcoy.es\\\/es\\\/el-departament-de-salut-dalcoi-suma-nous-contagis-per-coronavirus\\\/#breadcrumb\"},\"inLanguage\":\"es\",\"potentialAction\":[{\"@type\":\"ReadAction\",\"target\":[\"https:\\\/\\\/www.copealcoy.es\\\/es\\\/el-departament-de-salut-dalcoi-suma-nous-contagis-per-coronavirus\\\/\"]}]},{\"@type\":\"ImageObject\",\"inLanguage\":\"es\",\"@id\":\"https:\\\/\\\/www.copealcoy.es\\\/es\\\/el-departament-de-salut-dalcoi-suma-nous-contagis-per-coronavirus\\\/#primaryimage\",\"url\":\"https:\\\/\\\/www.copealcoy.es\\\/wp-content\\\/uploads\\\/2022\\\/02\\\/unnamed-16-scaled-e1645798824971.jpg\",\"contentUrl\":\"https:\\\/\\\/www.copealcoy.es\\\/wp-content\\\/uploads\\\/2022\\\/02\\\/unnamed-16-scaled-e1645798824971.jpg\",\"width\":640,\"height\":371},{\"@type\":\"BreadcrumbList\",\"@id\":\"https:\\\/\\\/www.copealcoy.es\\\/es\\\/el-departament-de-salut-dalcoi-suma-nous-contagis-per-coronavirus\\\/#breadcrumb\",\"itemListElement\":[{\"@type\":\"ListItem\",\"position\":1,\"name\":\"Portada\",\"item\":\"https:\\\/\\\/www.copealcoy.es\\\/es\\\/\"},{\"@type\":\"ListItem\",\"position\":2,\"name\":\"El Departament de Salut d&#8217;Alcoi suma nous contagis per Coronavirus\"}]},{\"@type\":\"WebSite\",\"@id\":\"https:\\\/\\\/www.copealcoy.es\\\/es\\\/#website\",\"url\":\"https:\\\/\\\/www.copealcoy.es\\\/es\\\/\",\"name\":\"COPE Alcoy\",\"description\":\"Emisora COPE de radio local con emisi\u00f3n online. Pont de Sant Jordi 8-10 03803 Alcoy\",\"potentialAction\":[{\"@type\":\"SearchAction\",\"target\":{\"@type\":\"EntryPoint\",\"urlTemplate\":\"https:\\\/\\\/www.copealcoy.es\\\/es\\\/?s={search_term_string}\"},\"query-input\":{\"@type\":\"PropertyValueSpecification\",\"valueRequired\":true,\"valueName\":\"search_term_string\"}}],\"inLanguage\":\"es\"},{\"@type\":\"Person\",\"@id\":\"https:\\\/\\\/www.copealcoy.es\\\/es\\\/#\\\/schema\\\/person\\\/e777c87fa024e57d40170af9df39882c\",\"name\":\"Cope Alcoy\",\"image\":{\"@type\":\"ImageObject\",\"inLanguage\":\"es\",\"@id\":\"https:\\\/\\\/secure.gravatar.com\\\/avatar\\\/bb65d0283347e303893ba14f0692005417c1e0e690a325a4c5d8bb2b3943ee14?s=96&d=mm&r=g\",\"url\":\"https:\\\/\\\/secure.gravatar.com\\\/avatar\\\/bb65d0283347e303893ba14f0692005417c1e0e690a325a4c5d8bb2b3943ee14?s=96&d=mm&r=g\",\"contentUrl\":\"https:\\\/\\\/secure.gravatar.com\\\/avatar\\\/bb65d0283347e303893ba14f0692005417c1e0e690a325a4c5d8bb2b3943ee14?s=96&d=mm&r=g\",\"caption\":\"Cope Alcoy\"}}]}<\/script>\n<!-- \/ Yoast SEO plugin. -->","yoast_head_json":{"title":"El Departament de Salut d'Alcoi suma nous contagis per Coronavirus - COPE Alcoy","robots":{"index":"index","follow":"follow","max-snippet":"max-snippet:-1","max-image-preview":"max-image-preview:large","max-video-preview":"max-video-preview:-1"},"canonical":"https:\/\/www.copealcoy.es\/es\/el-departament-de-salut-dalcoi-suma-nous-contagis-per-coronavirus\/","og_locale":"es_ES","og_type":"article","og_title":"El Departament de Salut d'Alcoi suma nous contagis per Coronavirus - COPE Alcoy","og_description":"El Departament de Salut d&#8217;Alcoi sumava a finals de la tercera setmana de mar\u00e7 un total de 103 nous contagis...","og_url":"https:\/\/www.copealcoy.es\/es\/el-departament-de-salut-dalcoi-suma-nous-contagis-per-coronavirus\/","og_site_name":"COPE Alcoy","article_published_time":"2022-03-20T17:11:14+00:00","article_modified_time":"2022-03-20T17:35:53+00:00","og_image":[{"width":640,"height":371,"url":"https:\/\/www.copealcoy.es\/wp-content\/uploads\/2022\/02\/unnamed-16-scaled-e1645798824971.jpg","type":"image\/jpeg"}],"author":"Cope Alcoy","twitter_misc":{"Escrito por":"Cope Alcoy","Tiempo de lectura":"1 minuto"},"schema":{"@context":"https:\/\/schema.org","@graph":[{"@type":"Article","@id":"https:\/\/www.copealcoy.es\/es\/el-departament-de-salut-dalcoi-suma-nous-contagis-per-coronavirus\/#article","isPartOf":{"@id":"https:\/\/www.copealcoy.es\/es\/el-departament-de-salut-dalcoi-suma-nous-contagis-per-coronavirus\/"},"author":{"name":"Cope Alcoy","@id":"https:\/\/www.copealcoy.es\/es\/#\/schema\/person\/e777c87fa024e57d40170af9df39882c"},"headline":"El Departament de Salut d&#8217;Alcoi suma nous contagis per Coronavirus","datePublished":"2022-03-20T17:11:14+00:00","dateModified":"2022-03-20T17:35:53+00:00","mainEntityOfPage":{"@id":"https:\/\/www.copealcoy.es\/es\/el-departament-de-salut-dalcoi-suma-nous-contagis-per-coronavirus\/"},"wordCount":176,"commentCount":0,"image":{"@id":"https:\/\/www.copealcoy.es\/es\/el-departament-de-salut-dalcoi-suma-nous-contagis-per-coronavirus\/#primaryimage"},"thumbnailUrl":"https:\/\/www.copealcoy.es\/wp-content\/uploads\/2022\/02\/unnamed-16-scaled-e1645798824971.jpg","keywords":["Alcoi\u00e0","Comtat","contagis","Coronavirus","defuncions","pandemia"],"articleSection":["Actualidad","Comarcas","Noticias","Portada"],"inLanguage":"es"},{"@type":"WebPage","@id":"https:\/\/www.copealcoy.es\/es\/el-departament-de-salut-dalcoi-suma-nous-contagis-per-coronavirus\/","url":"https:\/\/www.copealcoy.es\/es\/el-departament-de-salut-dalcoi-suma-nous-contagis-per-coronavirus\/","name":"El Departament de Salut d'Alcoi suma nous contagis per Coronavirus - COPE Alcoy","isPartOf":{"@id":"https:\/\/www.copealcoy.es\/es\/#website"},"primaryImageOfPage":{"@id":"https:\/\/www.copealcoy.es\/es\/el-departament-de-salut-dalcoi-suma-nous-contagis-per-coronavirus\/#primaryimage"},"image":{"@id":"https:\/\/www.copealcoy.es\/es\/el-departament-de-salut-dalcoi-suma-nous-contagis-per-coronavirus\/#primaryimage"},"thumbnailUrl":"https:\/\/www.copealcoy.es\/wp-content\/uploads\/2022\/02\/unnamed-16-scaled-e1645798824971.jpg","datePublished":"2022-03-20T17:11:14+00:00","dateModified":"2022-03-20T17:35:53+00:00","author":{"@id":"https:\/\/www.copealcoy.es\/es\/#\/schema\/person\/e777c87fa024e57d40170af9df39882c"},"breadcrumb":{"@id":"https:\/\/www.copealcoy.es\/es\/el-departament-de-salut-dalcoi-suma-nous-contagis-per-coronavirus\/#breadcrumb"},"inLanguage":"es","potentialAction":[{"@type":"ReadAction","target":["https:\/\/www.copealcoy.es\/es\/el-departament-de-salut-dalcoi-suma-nous-contagis-per-coronavirus\/"]}]},{"@type":"ImageObject","inLanguage":"es","@id":"https:\/\/www.copealcoy.es\/es\/el-departament-de-salut-dalcoi-suma-nous-contagis-per-coronavirus\/#primaryimage","url":"https:\/\/www.copealcoy.es\/wp-content\/uploads\/2022\/02\/unnamed-16-scaled-e1645798824971.jpg","contentUrl":"https:\/\/www.copealcoy.es\/wp-content\/uploads\/2022\/02\/unnamed-16-scaled-e1645798824971.jpg","width":640,"height":371},{"@type":"BreadcrumbList","@id":"https:\/\/www.copealcoy.es\/es\/el-departament-de-salut-dalcoi-suma-nous-contagis-per-coronavirus\/#breadcrumb","itemListElement":[{"@type":"ListItem","position":1,"name":"Portada","item":"https:\/\/www.copealcoy.es\/es\/"},{"@type":"ListItem","position":2,"name":"El Departament de Salut d&#8217;Alcoi suma nous contagis per Coronavirus"}]},{"@type":"WebSite","@id":"https:\/\/www.copealcoy.es\/es\/#website","url":"https:\/\/www.copealcoy.es\/es\/","name":"COPE Alcoy","description":"Emisora COPE de radio local con emisi\u00f3n online. Pont de Sant Jordi 8-10 03803 Alcoy","potentialAction":[{"@type":"SearchAction","target":{"@type":"EntryPoint","urlTemplate":"https:\/\/www.copealcoy.es\/es\/?s={search_term_string}"},"query-input":{"@type":"PropertyValueSpecification","valueRequired":true,"valueName":"search_term_string"}}],"inLanguage":"es"},{"@type":"Person","@id":"https:\/\/www.copealcoy.es\/es\/#\/schema\/person\/e777c87fa024e57d40170af9df39882c","name":"Cope Alcoy","image":{"@type":"ImageObject","inLanguage":"es","@id":"https:\/\/secure.gravatar.com\/avatar\/bb65d0283347e303893ba14f0692005417c1e0e690a325a4c5d8bb2b3943ee14?s=96&d=mm&r=g","url":"https:\/\/secure.gravatar.com\/avatar\/bb65d0283347e303893ba14f0692005417c1e0e690a325a4c5d8bb2b3943ee14?s=96&d=mm&r=g","contentUrl":"https:\/\/secure.gravatar.com\/avatar\/bb65d0283347e303893ba14f0692005417c1e0e690a325a4c5d8bb2b3943ee14?s=96&d=mm&r=g","caption":"Cope Alcoy"}}]}},"_links":{"self":[{"href":"https:\/\/www.copealcoy.es\/es\/wp-json\/wp\/v2\/posts\/85172","targetHints":{"allow":["GET"]}}],"collection":[{"href":"https:\/\/www.copealcoy.es\/es\/wp-json\/wp\/v2\/posts"}],"about":[{"href":"https:\/\/www.copealcoy.es\/es\/wp-json\/wp\/v2\/types\/post"}],"author":[{"embeddable":true,"href":"https:\/\/www.copealcoy.es\/es\/wp-json\/wp\/v2\/users\/1"}],"replies":[{"embeddable":true,"href":"https:\/\/www.copealcoy.es\/es\/wp-json\/wp\/v2\/comments?post=85172"}],"version-history":[{"count":0,"href":"https:\/\/www.copealcoy.es\/es\/wp-json\/wp\/v2\/posts\/85172\/revisions"}],"wp:featuredmedia":[{"embeddable":true,"href":"https:\/\/www.copealcoy.es\/es\/wp-json\/wp\/v2\/media\/84257"}],"wp:attachment":[{"href":"https:\/\/www.copealcoy.es\/es\/wp-json\/wp\/v2\/media?parent=85172"}],"wp:term":[{"taxonomy":"category","embeddable":true,"href":"https:\/\/www.copealcoy.es\/es\/wp-json\/wp\/v2\/categories?post=85172"},{"taxonomy":"post_tag","embeddable":true,"href":"https:\/\/www.copealcoy.es\/es\/wp-json\/wp\/v2\/tags?post=85172"}],"curies":[{"name":"wp","href":"https:\/\/api.w.org\/{rel}","templated":true}]}}