{"id":85150,"date":"2022-03-20T07:37:14","date_gmt":"2022-03-20T06:37:14","guid":{"rendered":"https:\/\/www.copealcoy.es\/?p=85150"},"modified":"2022-03-20T16:05:24","modified_gmt":"2022-03-20T15:05:24","slug":"el-ayuntamiento-responde-a-cultura-sobre-las-obras-del-centro","status":"publish","type":"post","link":"https:\/\/www.copealcoy.es\/es\/el-ayuntamiento-responde-a-cultura-sobre-las-obras-del-centro\/","title":{"rendered":"El Ayuntamiento responde a Cultura sobre las obras del Centro"},"content":{"rendered":"<p style=\"text-align: justify;\">El Gobierno Local del PSOE <strong>ha respondido a <a href=\"https:\/\/www.copealcoy.es\/abren-expediente-sancionador-al-ayuntamiento-por-las-obras-del-centro\/\"><span style=\"color: #0000ff;\">las denuncias efectuadas ayer por el Partido Popular<\/span><\/a><\/strong> y ha asegurado que<strong> los departamentos t\u00e9cnicos municipales<\/strong> ya han respondido a <strong>la informaci\u00f3n que le requiere la Conselleria de Cultura<\/strong> sobre las obras ejecutadas en el Centro. En este sentido remarcan que en breve <strong>tendr\u00e1n los informes definitivos que justifiquen las actuaciones desarrolladas<\/strong> y recuerdan que las mismas se han centrado en <strong>la mejora de la accesibilidad y de la fisonom\u00eda de varias calles<\/strong> empleando para ello materiales que no\u00a0afectan a la transcendencia patrimonial de la ciudad.<\/p>\n<p style=\"text-align: justify;\">Desde el Ejecutivo afirman que <strong>se reunieron con representantes de la Conselleria de Cultura<\/strong> y a\u00f1aden que estos les indicaron que para poder llevar a cabo cualquier actuaci\u00f3n en el Centro <strong>es necesario un informe para justificar la trascendencia patrimonial de las obras<\/strong>. Adem\u00e1s apuntan que en ninguna actuaci\u00f3n llevada a cabo en el Centro, desde su declaraci\u00f3n como BIC, se hab\u00eda considerado necesario por parte de los t\u00e9cnicos municipales <strong>pedir ning\u00fan informe a Cultura<\/strong>, y por lo tanto <strong>nunca el Ayuntamiento de Alcoy hab\u00eda solicitado ning\u00fan informe para realizar una obra en el Centro<\/strong> &#8220;<em>nos encontramos ante un nuevo escenario en el que no vamos a poder llevar a cabo muchas acciones en distintos \u00e1mbitos sin los correspondientes informes de Conselleria. Para evitar esto, desde el gobierno municipal vamos a trabajar en varios frentes como la redacci\u00f3n de un Plan especial de protecci\u00f3n del Casco Hist\u00f3rico que resuelva para todos los gobiernos venideros del color pol\u00edtico que sean, la necesidad de actuar en el casco hist\u00f3rico y cumplir todos los condicionantes que su protecci\u00f3n nos determina. Son soluciones complejas pero que permitir\u00e1n que el propio Ayuntamiento sea el encargado de autorizar las actuaciones a realizar<\/em>&#8220;, afirma el Vicealcalde de la ciudad; <strong>Jordi Mart\u00ednez<\/strong>.<\/p>\n<p style=\"text-align: justify;\">Finalmente los socialistas concluyen que <strong>desde la citada declaraci\u00f3n como BIC del Centro de Alcoy<\/strong>, hace m\u00e1s de veinte a\u00f1os, distintos Gobierno Municipales <strong>han actuado en pr\u00e1cticamente todas las calles de la zona<\/strong>. Sentencian, de nuevo, que <strong>nunca los departamentos municipales consideraron que se estaba afectando a la Ley de Patrimonio<\/strong> de la Comunitat Valenciana.<\/p>\n","protected":false},"excerpt":{"rendered":"<p>El Gobierno Local del PSOE ha respondido a las denuncias efectuadas ayer por el Partido Popular y ha asegurado que&#8230;<\/p>\n","protected":false},"author":1,"featured_media":83075,"comment_status":"open","ping_status":"open","sticky":false,"template":"","format":"standard","meta":{"footnotes":""},"categories":[97,75,79,125],"tags":[1494,229,295,561,145,11308],"class_list":["post-85150","post","type-post","status-publish","format-standard","has-post-thumbnail","hentry","category-alcoy","category-noticias","category-politicayeconomia","category-portada","tag-alcoy","tag-ayuntamiento","tag-centro","tag-conselleria","tag-obras","tag-respuesta"],"yoast_head":"<!-- This site is optimized with the Yoast SEO plugin v27.3 - https:\/\/yoast.com\/product\/yoast-seo-wordpress\/ -->\n<title>El Ayuntamiento responde a Cultura sobre las obras del Centro - COPE Alcoy<\/title>\n<meta name=\"robots\" content=\"index, follow, max-snippet:-1, max-image-preview:large, max-video-preview:-1\" \/>\n<link rel=\"canonical\" href=\"https:\/\/www.copealcoy.es\/es\/el-ayuntamiento-responde-a-cultura-sobre-las-obras-del-centro\/\" \/>\n<meta property=\"og:locale\" content=\"es_ES\" \/>\n<meta property=\"og:type\" content=\"article\" \/>\n<meta property=\"og:title\" content=\"El Ayuntamiento responde a Cultura sobre las obras del Centro - COPE Alcoy\" \/>\n<meta property=\"og:description\" content=\"El Gobierno Local del PSOE ha respondido a las denuncias efectuadas ayer por el Partido Popular y ha asegurado que...\" \/>\n<meta property=\"og:url\" content=\"https:\/\/www.copealcoy.es\/es\/el-ayuntamiento-responde-a-cultura-sobre-las-obras-del-centro\/\" \/>\n<meta property=\"og:site_name\" content=\"COPE Alcoy\" \/>\n<meta property=\"article:published_time\" content=\"2022-03-20T06:37:14+00:00\" \/>\n<meta property=\"article:modified_time\" content=\"2022-03-20T15:05:24+00:00\" \/>\n<meta property=\"og:image\" content=\"https:\/\/www.copealcoy.es\/wp-content\/uploads\/2022\/01\/118303739_4916893965003415_7424889328882600007_n.jpg\" \/>\n\t<meta property=\"og:image:width\" content=\"960\" \/>\n\t<meta property=\"og:image:height\" content=\"640\" \/>\n\t<meta property=\"og:image:type\" content=\"image\/jpeg\" \/>\n<meta name=\"author\" content=\"Cope Alcoy\" \/>\n<meta name=\"twitter:label1\" content=\"Escrito por\" \/>\n\t<meta name=\"twitter:data1\" content=\"Cope Alcoy\" \/>\n\t<meta name=\"twitter:label2\" content=\"Tiempo de lectura\" \/>\n\t<meta name=\"twitter:data2\" content=\"2 minutos\" \/>\n<script type=\"application\/ld+json\" class=\"yoast-schema-graph\">{\"@context\":\"https:\\\/\\\/schema.org\",\"@graph\":[{\"@type\":\"Article\",\"@id\":\"https:\\\/\\\/www.copealcoy.es\\\/es\\\/el-ayuntamiento-responde-a-cultura-sobre-las-obras-del-centro\\\/#article\",\"isPartOf\":{\"@id\":\"https:\\\/\\\/www.copealcoy.es\\\/es\\\/el-ayuntamiento-responde-a-cultura-sobre-las-obras-del-centro\\\/\"},\"author\":{\"name\":\"Cope Alcoy\",\"@id\":\"https:\\\/\\\/www.copealcoy.es\\\/es\\\/#\\\/schema\\\/person\\\/e777c87fa024e57d40170af9df39882c\"},\"headline\":\"El Ayuntamiento responde a Cultura sobre las obras del Centro\",\"datePublished\":\"2022-03-20T06:37:14+00:00\",\"dateModified\":\"2022-03-20T15:05:24+00:00\",\"mainEntityOfPage\":{\"@id\":\"https:\\\/\\\/www.copealcoy.es\\\/es\\\/el-ayuntamiento-responde-a-cultura-sobre-las-obras-del-centro\\\/\"},\"wordCount\":390,\"commentCount\":0,\"image\":{\"@id\":\"https:\\\/\\\/www.copealcoy.es\\\/es\\\/el-ayuntamiento-responde-a-cultura-sobre-las-obras-del-centro\\\/#primaryimage\"},\"thumbnailUrl\":\"https:\\\/\\\/www.copealcoy.es\\\/wp-content\\\/uploads\\\/2022\\\/01\\\/118303739_4916893965003415_7424889328882600007_n.jpg\",\"keywords\":[\"Alcoy\",\"Ayuntamiento\",\"Centro\",\"Conseller\u00eda\",\"Obras\",\"respuesta\"],\"articleSection\":[\"Alcoy\",\"Noticias\",\"Pol\u00edtica y Econom\u00eda\",\"Portada\"],\"inLanguage\":\"es\"},{\"@type\":\"WebPage\",\"@id\":\"https:\\\/\\\/www.copealcoy.es\\\/es\\\/el-ayuntamiento-responde-a-cultura-sobre-las-obras-del-centro\\\/\",\"url\":\"https:\\\/\\\/www.copealcoy.es\\\/es\\\/el-ayuntamiento-responde-a-cultura-sobre-las-obras-del-centro\\\/\",\"name\":\"El Ayuntamiento responde a Cultura sobre las obras del Centro - COPE Alcoy\",\"isPartOf\":{\"@id\":\"https:\\\/\\\/www.copealcoy.es\\\/es\\\/#website\"},\"primaryImageOfPage\":{\"@id\":\"https:\\\/\\\/www.copealcoy.es\\\/es\\\/el-ayuntamiento-responde-a-cultura-sobre-las-obras-del-centro\\\/#primaryimage\"},\"image\":{\"@id\":\"https:\\\/\\\/www.copealcoy.es\\\/es\\\/el-ayuntamiento-responde-a-cultura-sobre-las-obras-del-centro\\\/#primaryimage\"},\"thumbnailUrl\":\"https:\\\/\\\/www.copealcoy.es\\\/wp-content\\\/uploads\\\/2022\\\/01\\\/118303739_4916893965003415_7424889328882600007_n.jpg\",\"datePublished\":\"2022-03-20T06:37:14+00:00\",\"dateModified\":\"2022-03-20T15:05:24+00:00\",\"author\":{\"@id\":\"https:\\\/\\\/www.copealcoy.es\\\/es\\\/#\\\/schema\\\/person\\\/e777c87fa024e57d40170af9df39882c\"},\"breadcrumb\":{\"@id\":\"https:\\\/\\\/www.copealcoy.es\\\/es\\\/el-ayuntamiento-responde-a-cultura-sobre-las-obras-del-centro\\\/#breadcrumb\"},\"inLanguage\":\"es\",\"potentialAction\":[{\"@type\":\"ReadAction\",\"target\":[\"https:\\\/\\\/www.copealcoy.es\\\/es\\\/el-ayuntamiento-responde-a-cultura-sobre-las-obras-del-centro\\\/\"]}]},{\"@type\":\"ImageObject\",\"inLanguage\":\"es\",\"@id\":\"https:\\\/\\\/www.copealcoy.es\\\/es\\\/el-ayuntamiento-responde-a-cultura-sobre-las-obras-del-centro\\\/#primaryimage\",\"url\":\"https:\\\/\\\/www.copealcoy.es\\\/wp-content\\\/uploads\\\/2022\\\/01\\\/118303739_4916893965003415_7424889328882600007_n.jpg\",\"contentUrl\":\"https:\\\/\\\/www.copealcoy.es\\\/wp-content\\\/uploads\\\/2022\\\/01\\\/118303739_4916893965003415_7424889328882600007_n.jpg\",\"width\":960,\"height\":640},{\"@type\":\"BreadcrumbList\",\"@id\":\"https:\\\/\\\/www.copealcoy.es\\\/es\\\/el-ayuntamiento-responde-a-cultura-sobre-las-obras-del-centro\\\/#breadcrumb\",\"itemListElement\":[{\"@type\":\"ListItem\",\"position\":1,\"name\":\"Portada\",\"item\":\"https:\\\/\\\/www.copealcoy.es\\\/es\\\/\"},{\"@type\":\"ListItem\",\"position\":2,\"name\":\"El Ayuntamiento responde a Cultura sobre las obras del Centro\"}]},{\"@type\":\"WebSite\",\"@id\":\"https:\\\/\\\/www.copealcoy.es\\\/es\\\/#website\",\"url\":\"https:\\\/\\\/www.copealcoy.es\\\/es\\\/\",\"name\":\"COPE Alcoy\",\"description\":\"Emisora COPE de radio local con emisi\u00f3n online. Pont de Sant Jordi 8-10 03803 Alcoy\",\"potentialAction\":[{\"@type\":\"SearchAction\",\"target\":{\"@type\":\"EntryPoint\",\"urlTemplate\":\"https:\\\/\\\/www.copealcoy.es\\\/es\\\/?s={search_term_string}\"},\"query-input\":{\"@type\":\"PropertyValueSpecification\",\"valueRequired\":true,\"valueName\":\"search_term_string\"}}],\"inLanguage\":\"es\"},{\"@type\":\"Person\",\"@id\":\"https:\\\/\\\/www.copealcoy.es\\\/es\\\/#\\\/schema\\\/person\\\/e777c87fa024e57d40170af9df39882c\",\"name\":\"Cope Alcoy\",\"image\":{\"@type\":\"ImageObject\",\"inLanguage\":\"es\",\"@id\":\"https:\\\/\\\/secure.gravatar.com\\\/avatar\\\/bb65d0283347e303893ba14f0692005417c1e0e690a325a4c5d8bb2b3943ee14?s=96&d=mm&r=g\",\"url\":\"https:\\\/\\\/secure.gravatar.com\\\/avatar\\\/bb65d0283347e303893ba14f0692005417c1e0e690a325a4c5d8bb2b3943ee14?s=96&d=mm&r=g\",\"contentUrl\":\"https:\\\/\\\/secure.gravatar.com\\\/avatar\\\/bb65d0283347e303893ba14f0692005417c1e0e690a325a4c5d8bb2b3943ee14?s=96&d=mm&r=g\",\"caption\":\"Cope Alcoy\"}}]}<\/script>\n<!-- \/ Yoast SEO plugin. -->","yoast_head_json":{"title":"El Ayuntamiento responde a Cultura sobre las obras del Centro - COPE Alcoy","robots":{"index":"index","follow":"follow","max-snippet":"max-snippet:-1","max-image-preview":"max-image-preview:large","max-video-preview":"max-video-preview:-1"},"canonical":"https:\/\/www.copealcoy.es\/es\/el-ayuntamiento-responde-a-cultura-sobre-las-obras-del-centro\/","og_locale":"es_ES","og_type":"article","og_title":"El Ayuntamiento responde a Cultura sobre las obras del Centro - COPE Alcoy","og_description":"El Gobierno Local del PSOE ha respondido a las denuncias efectuadas ayer por el Partido Popular y ha asegurado que...","og_url":"https:\/\/www.copealcoy.es\/es\/el-ayuntamiento-responde-a-cultura-sobre-las-obras-del-centro\/","og_site_name":"COPE Alcoy","article_published_time":"2022-03-20T06:37:14+00:00","article_modified_time":"2022-03-20T15:05:24+00:00","og_image":[{"width":960,"height":640,"url":"https:\/\/www.copealcoy.es\/wp-content\/uploads\/2022\/01\/118303739_4916893965003415_7424889328882600007_n.jpg","type":"image\/jpeg"}],"author":"Cope Alcoy","twitter_misc":{"Escrito por":"Cope Alcoy","Tiempo de lectura":"2 minutos"},"schema":{"@context":"https:\/\/schema.org","@graph":[{"@type":"Article","@id":"https:\/\/www.copealcoy.es\/es\/el-ayuntamiento-responde-a-cultura-sobre-las-obras-del-centro\/#article","isPartOf":{"@id":"https:\/\/www.copealcoy.es\/es\/el-ayuntamiento-responde-a-cultura-sobre-las-obras-del-centro\/"},"author":{"name":"Cope Alcoy","@id":"https:\/\/www.copealcoy.es\/es\/#\/schema\/person\/e777c87fa024e57d40170af9df39882c"},"headline":"El Ayuntamiento responde a Cultura sobre las obras del Centro","datePublished":"2022-03-20T06:37:14+00:00","dateModified":"2022-03-20T15:05:24+00:00","mainEntityOfPage":{"@id":"https:\/\/www.copealcoy.es\/es\/el-ayuntamiento-responde-a-cultura-sobre-las-obras-del-centro\/"},"wordCount":390,"commentCount":0,"image":{"@id":"https:\/\/www.copealcoy.es\/es\/el-ayuntamiento-responde-a-cultura-sobre-las-obras-del-centro\/#primaryimage"},"thumbnailUrl":"https:\/\/www.copealcoy.es\/wp-content\/uploads\/2022\/01\/118303739_4916893965003415_7424889328882600007_n.jpg","keywords":["Alcoy","Ayuntamiento","Centro","Conseller\u00eda","Obras","respuesta"],"articleSection":["Alcoy","Noticias","Pol\u00edtica y Econom\u00eda","Portada"],"inLanguage":"es"},{"@type":"WebPage","@id":"https:\/\/www.copealcoy.es\/es\/el-ayuntamiento-responde-a-cultura-sobre-las-obras-del-centro\/","url":"https:\/\/www.copealcoy.es\/es\/el-ayuntamiento-responde-a-cultura-sobre-las-obras-del-centro\/","name":"El Ayuntamiento responde a Cultura sobre las obras del Centro - COPE Alcoy","isPartOf":{"@id":"https:\/\/www.copealcoy.es\/es\/#website"},"primaryImageOfPage":{"@id":"https:\/\/www.copealcoy.es\/es\/el-ayuntamiento-responde-a-cultura-sobre-las-obras-del-centro\/#primaryimage"},"image":{"@id":"https:\/\/www.copealcoy.es\/es\/el-ayuntamiento-responde-a-cultura-sobre-las-obras-del-centro\/#primaryimage"},"thumbnailUrl":"https:\/\/www.copealcoy.es\/wp-content\/uploads\/2022\/01\/118303739_4916893965003415_7424889328882600007_n.jpg","datePublished":"2022-03-20T06:37:14+00:00","dateModified":"2022-03-20T15:05:24+00:00","author":{"@id":"https:\/\/www.copealcoy.es\/es\/#\/schema\/person\/e777c87fa024e57d40170af9df39882c"},"breadcrumb":{"@id":"https:\/\/www.copealcoy.es\/es\/el-ayuntamiento-responde-a-cultura-sobre-las-obras-del-centro\/#breadcrumb"},"inLanguage":"es","potentialAction":[{"@type":"ReadAction","target":["https:\/\/www.copealcoy.es\/es\/el-ayuntamiento-responde-a-cultura-sobre-las-obras-del-centro\/"]}]},{"@type":"ImageObject","inLanguage":"es","@id":"https:\/\/www.copealcoy.es\/es\/el-ayuntamiento-responde-a-cultura-sobre-las-obras-del-centro\/#primaryimage","url":"https:\/\/www.copealcoy.es\/wp-content\/uploads\/2022\/01\/118303739_4916893965003415_7424889328882600007_n.jpg","contentUrl":"https:\/\/www.copealcoy.es\/wp-content\/uploads\/2022\/01\/118303739_4916893965003415_7424889328882600007_n.jpg","width":960,"height":640},{"@type":"BreadcrumbList","@id":"https:\/\/www.copealcoy.es\/es\/el-ayuntamiento-responde-a-cultura-sobre-las-obras-del-centro\/#breadcrumb","itemListElement":[{"@type":"ListItem","position":1,"name":"Portada","item":"https:\/\/www.copealcoy.es\/es\/"},{"@type":"ListItem","position":2,"name":"El Ayuntamiento responde a Cultura sobre las obras del Centro"}]},{"@type":"WebSite","@id":"https:\/\/www.copealcoy.es\/es\/#website","url":"https:\/\/www.copealcoy.es\/es\/","name":"COPE Alcoy","description":"Emisora COPE de radio local con emisi\u00f3n online. Pont de Sant Jordi 8-10 03803 Alcoy","potentialAction":[{"@type":"SearchAction","target":{"@type":"EntryPoint","urlTemplate":"https:\/\/www.copealcoy.es\/es\/?s={search_term_string}"},"query-input":{"@type":"PropertyValueSpecification","valueRequired":true,"valueName":"search_term_string"}}],"inLanguage":"es"},{"@type":"Person","@id":"https:\/\/www.copealcoy.es\/es\/#\/schema\/person\/e777c87fa024e57d40170af9df39882c","name":"Cope Alcoy","image":{"@type":"ImageObject","inLanguage":"es","@id":"https:\/\/secure.gravatar.com\/avatar\/bb65d0283347e303893ba14f0692005417c1e0e690a325a4c5d8bb2b3943ee14?s=96&d=mm&r=g","url":"https:\/\/secure.gravatar.com\/avatar\/bb65d0283347e303893ba14f0692005417c1e0e690a325a4c5d8bb2b3943ee14?s=96&d=mm&r=g","contentUrl":"https:\/\/secure.gravatar.com\/avatar\/bb65d0283347e303893ba14f0692005417c1e0e690a325a4c5d8bb2b3943ee14?s=96&d=mm&r=g","caption":"Cope Alcoy"}}]}},"_links":{"self":[{"href":"https:\/\/www.copealcoy.es\/es\/wp-json\/wp\/v2\/posts\/85150","targetHints":{"allow":["GET"]}}],"collection":[{"href":"https:\/\/www.copealcoy.es\/es\/wp-json\/wp\/v2\/posts"}],"about":[{"href":"https:\/\/www.copealcoy.es\/es\/wp-json\/wp\/v2\/types\/post"}],"author":[{"embeddable":true,"href":"https:\/\/www.copealcoy.es\/es\/wp-json\/wp\/v2\/users\/1"}],"replies":[{"embeddable":true,"href":"https:\/\/www.copealcoy.es\/es\/wp-json\/wp\/v2\/comments?post=85150"}],"version-history":[{"count":0,"href":"https:\/\/www.copealcoy.es\/es\/wp-json\/wp\/v2\/posts\/85150\/revisions"}],"wp:featuredmedia":[{"embeddable":true,"href":"https:\/\/www.copealcoy.es\/es\/wp-json\/wp\/v2\/media\/83075"}],"wp:attachment":[{"href":"https:\/\/www.copealcoy.es\/es\/wp-json\/wp\/v2\/media?parent=85150"}],"wp:term":[{"taxonomy":"category","embeddable":true,"href":"https:\/\/www.copealcoy.es\/es\/wp-json\/wp\/v2\/categories?post=85150"},{"taxonomy":"post_tag","embeddable":true,"href":"https:\/\/www.copealcoy.es\/es\/wp-json\/wp\/v2\/tags?post=85150"}],"curies":[{"name":"wp","href":"https:\/\/api.w.org\/{rel}","templated":true}]}}